{"id":680564,"date":"2024-01-16T18:20:12","date_gmt":"2024-01-16T14:20:12","guid":{"rendered":"https:\/\/arantv.az\/?p=680564"},"modified":"2024-01-16T18:20:12","modified_gmt":"2024-01-16T14:20:12","slug":"m%c9%99kt%c9%99bl%c9%99rd%c9%99-d%c9%99rsl%c9%99r-0900-da-baslaya-bil%c9%99r-aciqlama","status":"publish","type":"post","link":"https:\/\/arantv.az\/?p=680564","title":{"rendered":"M\u0259kt\u0259bl\u0259rd\u0259 d\u0259rsl\u0259r 09:00-da ba\u015flaya bil\u0259r? &#8211; A\u00c7IQLAMA"},"content":{"rendered":"<p><a title=\"xeberler son xeberler 2024\" href=\"https:\/\/big.az\/\" target=\"_blank\" rel=\"noopener\">X\u0259b\u0259r<\/a>\u00a0verdiyimiz kimi, Milli M\u0259clisin deputat\u0131 Tahir Rzayev bildirib ki, saatlar\u0131n 1 saat ir\u0259li \u00e7\u0259kilm\u0259si is\u0259 h\u0259qiq\u0259t\u0259n d\u0259, m\u00fc\u0259yy\u0259n \u00e7\u0259tinlikl\u0259r yarad\u0131r. X\u00fcsusil\u0259, a\u015fa\u011f\u0131 sinif \u015fagirdl\u0259r \u00fc\u00e7\u00fcn m\u00fc\u0259yy\u0259n probleml\u0259r t\u00f6r\u0259dir. Deputat t\u0259klif edib ki, d\u0259rsl\u0259rin saat 08:00-d\u0259 yox, 09:00-da ba\u015flamas\u0131n\u0131 t\u0259klif edib. B\u0259s d\u0259rsl\u0259r 09:00-da ba\u015flaya bil\u0259r? D\u0259rsl\u0259rin s\u00f6z\u00fcged\u0259n saatda ba\u015flamas\u0131 \u015fagirdl\u0259r\u0259 nec\u0259 t\u0259sir ed\u0259c\u0259k?<\/p>\n<p>M\u00f6vzu il\u0259 ba\u011fl\u0131 t\u0259hsil m\u0259s\u0259l\u0259l\u0259ri \u00fczr\u0259 ekspert El\u015f\u0259n Qafarov\u00a0<a title=\"en son xeberler 2024\" href=\"https:\/\/sonxeber.az\/\" target=\"_blank\" rel=\"noopener\">Sonxeber.az<\/a>-a a\u00e7\u0131qlama verib. O, bildirib ki, h\u0259r bir m\u0259kt\u0259bd\u0259 d\u0259rsl\u0259rin saat\u0131n\u0131n ba\u015flanmas\u0131, t\u0259n\u0259ff\u00fcs m\u00fcdd\u0259ti, n\u00f6vb\u0259l\u0259rin m\u00fc\u0259yy\u0259n edilm\u0259si m\u0259kt\u0259bin i\u015f rejimidir:<\/p>\n<p>&#8220;M\u0259kt\u0259bin pedaqoji \u015furas\u0131nda, ali idar\u0259etm\u0259 orqan\u0131nda q\u0259bul edilir v\u0259 m\u0259kt\u0259b direktorunun \u0259mri il\u0259 t\u0259sdiq olunur. \u00d6lk\u0259mizd\u0259 \u015f\u0259rait\u0259 g\u00f6r\u0259, eyni zamanda Nazirl\u0259r Kabinetinin 3 avqust 2012-ci il tarixli 171 sayl\u0131 &#8220;\u015eagird yerl\u0259ri v\u0259 sanitar gigiyenik normativl\u0259ri&#8221; adlar\u0131 q\u0259rara uy\u011fun olaraq d\u0259rsl\u0259r saat 8-d\u0259 ba\u015flay\u0131r. Amma k\u0259nd v\u0259 q\u0259s\u0259b\u0259l\u0259rd\u0259 is\u0259 \u015fagirdin ya\u015fay\u0131\u015f yerinin m\u0259kt\u0259b\u0259 uzaql\u0131\u011f\u0131 v\u0259 k\u0259nd-q\u0259s\u0259b\u0259l\u0259rin infrastrukturunu n\u0259z\u0259r\u0259 alaraq \u015f\u0259h\u0259r saat 8:30-da ba\u015flanmas\u0131 t\u00f6vsiyy\u0259 olunur. \u0130nternat tipli m\u0259kt\u0259bl\u0259rd\u0259 is\u0259 yat\u0131l\u0131 oldu\u011fu \u00fc\u00e7\u00fcn s\u0259h\u0259r 9:00 da ba\u015flanmas\u0131 uy\u011fun g\u00f6r\u00fcl\u00fcr&#8221;.<\/p>\n<p>Ekspertin s\u00f6zl\u0259rin\u0259 g\u00f6r\u0259, ist\u0259nil\u0259n halda m\u0259kt\u0259bin t\u0259dris prosesi yaxud ba\u015flanma saat\u0131 pedaqoji \u015furan\u0131n q\u0259rar\u0131 il\u0259 v\u0259 direktorunun \u0259mri il\u0259 r\u0259smil\u0259\u015fir:<\/p>\n<p>&#8220;Amma 171 sayl\u0131 q\u0259rara uy\u011fun olaraq d\u0259rsl\u0259rin ba\u015flanmas\u0131 m\u0259kt\u0259bin \u015f\u0259raiti yaxud internat tipli olmas\u0131 n\u0259z\u0259r\u0259 al\u0131n\u0131r. \u018fvv\u0259ll\u0259r \u00f6lk\u0259mizd\u0259 yay rejimi v\u0259 q\u0131\u015f rejimi t\u0259tbiq olundu\u011fu \u00fc\u00e7\u00fcn, x\u00fcsusil\u0259 yanvar-mart aylar\u0131nda s\u0259h\u0259r saatlar\u0131 8-d\u0259n qaranl\u0131q oldu\u011fu \u00fc\u00e7\u00fcn, hava a\u00e7\u0131lmad\u0131\u011f\u0131na g\u00f6r\u0259 m\u00fc\u0259yy\u0259n \u00e7\u0259tinlikl\u0259r aradan qalx\u0131rd\u0131. Son ill\u0259rd\u0259 saatlar\u0131n vaxt\u0131 g\u00f6r\u00fcnm\u0259diyin\u0259 g\u00f6r\u0259, r\u0259smi olaraq q\u0131\u015f rejimin\u0259 v\u0259 yay rejimin\u0259 vaxt bax\u0131m\u0131ndan ke\u00e7m\u0259diyimiz\u0259 g\u00f6r\u0259 bir ne\u00e7\u0259 ay \u015fagirdl\u0259rin daha tez d\u0259rs\u0259 getm\u0259si m\u00fc\u015fahid\u0259 olunur. \u00c7\u0259tinlikl\u0259r ona g\u00f6r\u0259 yarana bilir&#8221;.<\/p>\n","protected":false},"excerpt":{"rendered":"<p>X\u0259b\u0259r\u00a0verdiyimiz kimi, Milli M\u0259clisin deputat\u0131 Tahir Rzayev bildirib ki, saatlar\u0131n 1 saat ir\u0259li \u00e7\u0259kilm\u0259si is\u0259 h\u0259qiq\u0259t\u0259n d\u0259, m\u00fc\u0259yy\u0259n \u00e7\u0259tinlikl\u0259r yarad\u0131r. X\u00fcsusil\u0259, a\u015fa\u011f\u0131 sinif \u015fagirdl\u0259r \u00fc\u00e7\u00fcn m\u00fc\u0259yy\u0259n probleml\u0259r t\u00f6r\u0259dir. Deputat t\u0259klif edib ki, d\u0259rsl\u0259rin saat 08:00-d\u0259 yox, 09:00-da ba\u015flamas\u0131n\u0131 t\u0259klif edib. B\u0259s d\u0259rsl\u0259r 09:00-da ba\u015flaya bil\u0259r? D\u0259rsl\u0259rin s\u00f6z\u00fcged\u0259n saatda ba\u015flamas\u0131 \u015fagirdl\u0259r\u0259 nec\u0259 t\u0259sir ed\u0259c\u0259k? M\u00f6vzu il\u0259 ba\u011fl\u0131 t\u0259hsil m\u0259s\u0259l\u0259l\u0259ri \u00fczr\u0259 ekspert El\u015f\u0259n Qafarov\u00a0Sonxeber.az-a a\u00e7\u0131qlama verib. O, bildirib ki, h\u0259r bir m\u0259kt\u0259bd\u0259 d\u0259rsl\u0259rin saat\u0131n\u0131n ba\u015flanmas\u0131, t\u0259n\u0259ff\u00fcs m\u00fcdd\u0259ti, n\u00f6vb\u0259l\u0259rin m\u00fc\u0259yy\u0259n edilm\u0259si m\u0259kt\u0259bin i\u015f rejimidir: &#8220;M\u0259kt\u0259bin pedaqoji \u015furas\u0131nda, ali idar\u0259etm\u0259 orqan\u0131nda q\u0259bul edilir v\u0259&hellip;<\/p>\n","protected":false},"author":2,"featured_media":680565,"comment_status":"closed","ping_status":"closed","sticky":false,"template":"","format":"standard","meta":{"om_disable_all_campaigns":false,"_monsterinsights_skip_tracking":false,"_monsterinsights_sitenote_active":false,"_monsterinsights_sitenote_note":"","_monsterinsights_sitenote_category":0},"categories":[23],"tags":[],"aioseo_notices":[],"gutentor_comment":0,"rttpg_featured_image_url":{"full":["https:\/\/arantv.az\/wp-content\/uploads\/2024\/01\/aiqlama.jpg",649,365,false],"landscape":["https:\/\/arantv.az\/wp-content\/uploads\/2024\/01\/aiqlama.jpg",649,365,false],"portraits":["https:\/\/arantv.az\/wp-content\/uploads\/2024\/01\/aiqlama.jpg",649,365,false],"thumbnail":["https:\/\/arantv.az\/wp-content\/uploads\/2024\/01\/aiqlama-500x280.jpg",500,280,true],"medium":["https:\/\/arantv.az\/wp-content\/uploads\/2024\/01\/aiqlama.jpg",649,365,false],"large":["https:\/\/arantv.az\/wp-content\/uploads\/2024\/01\/aiqlama.jpg",640,360,false],"1536x1536":["https:\/\/arantv.az\/wp-content\/uploads\/2024\/01\/aiqlama.jpg",649,365,false],"2048x2048":["https:\/\/arantv.az\/wp-content\/uploads\/2024\/01\/aiqlama.jpg",649,365,false],"post-thumbnail":["https:\/\/arantv.az\/wp-content\/uploads\/2024\/01\/aiqlama-240x172.jpg",240,172,true],"advps-thumb-one":["https:\/\/arantv.az\/wp-content\/uploads\/2024\/01\/aiqlama.jpg",649,365,false]},"rttpg_author":{"display_name":"V\u00fcsal Rafiqo\u011flu","author_link":"https:\/\/arantv.az\/?author=2"},"rttpg_comment":0,"rttpg_category":"<a href=\"https:\/\/arantv.az\/?cat=23\" rel=\"category\">T\u0259hsil<\/a>","rttpg_excerpt":"X\u0259b\u0259r\u00a0verdiyimiz kimi, Milli M\u0259clisin deputat\u0131 Tahir Rzayev bildirib ki, saatlar\u0131n 1 saat ir\u0259li \u00e7\u0259kilm\u0259si is\u0259 h\u0259qiq\u0259t\u0259n d\u0259, m\u00fc\u0259yy\u0259n \u00e7\u0259tinlikl\u0259r yarad\u0131r. X\u00fcsusil\u0259, a\u015fa\u011f\u0131 sinif \u015fagirdl\u0259r \u00fc\u00e7\u00fcn m\u00fc\u0259yy\u0259n probleml\u0259r t\u00f6r\u0259dir. Deputat t\u0259klif edib ki, d\u0259rsl\u0259rin saat 08:00-d\u0259 yox, 09:00-da ba\u015flamas\u0131n\u0131 t\u0259klif edib. B\u0259s d\u0259rsl\u0259r 09:00-da ba\u015flaya bil\u0259r? D\u0259rsl\u0259rin s\u00f6z\u00fcged\u0259n saatda ba\u015flamas\u0131 \u015fagirdl\u0259r\u0259 nec\u0259 t\u0259sir ed\u0259c\u0259k? M\u00f6vzu il\u0259&hellip;","_links":{"self":[{"href":"https:\/\/arantv.az\/index.php?rest_route=\/wp\/v2\/posts\/680564"}],"collection":[{"href":"https:\/\/arantv.az\/index.php?rest_route=\/wp\/v2\/posts"}],"about":[{"href":"https:\/\/arantv.az\/index.php?rest_route=\/wp\/v2\/types\/post"}],"author":[{"embeddable":true,"href":"https:\/\/arantv.az\/index.php?rest_route=\/wp\/v2\/users\/2"}],"replies":[{"embeddable":true,"href":"https:\/\/arantv.az\/index.php?rest_route=%2Fwp%2Fv2%2Fcomments&post=680564"}],"version-history":[{"count":0,"href":"https:\/\/arantv.az\/index.php?rest_route=\/wp\/v2\/posts\/680564\/revisions"}],"wp:featuredmedia":[{"embeddable":true,"href":"https:\/\/arantv.az\/index.php?rest_route=\/wp\/v2\/media\/680565"}],"wp:attachment":[{"href":"https:\/\/arantv.az\/index.php?rest_route=%2Fwp%2Fv2%2Fmedia&parent=680564"}],"wp:term":[{"taxonomy":"category","embeddable":true,"href":"https:\/\/arantv.az\/index.php?rest_route=%2Fwp%2Fv2%2Fcategories&post=680564"},{"taxonomy":"post_tag","embeddable":true,"href":"https:\/\/arantv.az\/index.php?rest_route=%2Fwp%2Fv2%2Ftags&post=680564"}],"curies":[{"name":"wp","href":"https:\/\/api.w.org\/{rel}","templated":true}]}}