{"id":680741,"date":"2024-01-17T12:36:51","date_gmt":"2024-01-17T08:36:51","guid":{"rendered":"https:\/\/arantv.az\/?p=680741"},"modified":"2024-01-17T12:36:51","modified_gmt":"2024-01-17T08:36:51","slug":"zakir-h%c9%99s%c9%99nov-qirgizistan-t%c9%99r%c9%99fin%c9%99-bassagligi-verdi","status":"publish","type":"post","link":"https:\/\/arantv.az\/?p=680741","title":{"rendered":"Zakir H\u0259s\u0259nov Q\u0131r\u011f\u0131z\u0131stan t\u0259r\u0259fin\u0259 ba\u015fsa\u011fl\u0131\u011f\u0131 verdi"},"content":{"rendered":"<p>Az\u0259rbaycan Respublikas\u0131n\u0131n m\u00fcdafi\u0259 naziri general-polkovnik Zakir H\u0259s\u0259nov cari ilin 17 yanvar tarixind\u0259, t\u0259lim-m\u0259\u015fq u\u00e7u\u015flar\u0131 zaman\u0131 \u201cM\u0130-8\u201d h\u0259rbi helikopterinin q\u0259zaya u\u011framas\u0131 il\u0259 ba\u011fl\u0131 Q\u0131r\u011f\u0131z Respublikas\u0131n\u0131n m\u00fcdafi\u0259 naziri general-leytenant Bakt\u0131bek Bekbolotova ba\u015fsa\u011fl\u0131\u011f\u0131 \u00fcnvanlay\u0131b.<\/p>\n<p>&nbsp;<\/p>\n<p>Bu bar\u0259d\u0259 M\u00fcdafi\u0259 Nazirliyi m\u0259lumat yay\u0131b.<\/p>\n<p>&nbsp;<\/p>\n<p>Qeyd ed\u0259k ki, ilkin x\u0259b\u0259r\u0259 g\u00f6r\u0259, hadis\u0259 zaman\u0131 bir n\u0259f\u0259r h\u0259lak olub, s\u0259kkiz n\u0259f\u0259r x\u0259sar\u0259t al\u0131b.<\/p>\n","protected":false},"excerpt":{"rendered":"<p>Az\u0259rbaycan Respublikas\u0131n\u0131n m\u00fcdafi\u0259 naziri general-polkovnik Zakir H\u0259s\u0259nov cari ilin 17 yanvar tarixind\u0259, t\u0259lim-m\u0259\u015fq u\u00e7u\u015flar\u0131 zaman\u0131 \u201cM\u0130-8\u201d h\u0259rbi helikopterinin q\u0259zaya u\u011framas\u0131 il\u0259 ba\u011fl\u0131 Q\u0131r\u011f\u0131z Respublikas\u0131n\u0131n m\u00fcdafi\u0259 naziri general-leytenant Bakt\u0131bek Bekbolotova ba\u015fsa\u011fl\u0131\u011f\u0131 \u00fcnvanlay\u0131b. &nbsp; Bu bar\u0259d\u0259 M\u00fcdafi\u0259 Nazirliyi m\u0259lumat yay\u0131b. &nbsp; Qeyd ed\u0259k ki, ilkin x\u0259b\u0259r\u0259 g\u00f6r\u0259, hadis\u0259 zaman\u0131 bir n\u0259f\u0259r h\u0259lak olub, s\u0259kkiz n\u0259f\u0259r x\u0259sar\u0259t al\u0131b.<\/p>\n","protected":false},"author":2,"featured_media":680742,"comment_status":"closed","ping_status":"closed","sticky":false,"template":"","format":"standard","meta":{"om_disable_all_campaigns":false,"_monsterinsights_skip_tracking":false,"_monsterinsights_sitenote_active":false,"_monsterinsights_sitenote_note":"","_monsterinsights_sitenote_category":0},"categories":[10],"tags":[],"aioseo_notices":[],"gutentor_comment":0,"rttpg_featured_image_url":{"full":["https:\/\/arantv.az\/wp-content\/uploads\/2024\/01\/ee5cf63a99c61928909b91aa8a7b12ad.jpg",620,437,false],"landscape":["https:\/\/arantv.az\/wp-content\/uploads\/2024\/01\/ee5cf63a99c61928909b91aa8a7b12ad.jpg",620,437,false],"portraits":["https:\/\/arantv.az\/wp-content\/uploads\/2024\/01\/ee5cf63a99c61928909b91aa8a7b12ad.jpg",620,437,false],"thumbnail":["https:\/\/arantv.az\/wp-content\/uploads\/2024\/01\/ee5cf63a99c61928909b91aa8a7b12ad-500x280.jpg",500,280,true],"medium":["https:\/\/arantv.az\/wp-content\/uploads\/2024\/01\/ee5cf63a99c61928909b91aa8a7b12ad-518x365.jpg",518,365,true],"large":["https:\/\/arantv.az\/wp-content\/uploads\/2024\/01\/ee5cf63a99c61928909b91aa8a7b12ad.jpg",620,437,false],"1536x1536":["https:\/\/arantv.az\/wp-content\/uploads\/2024\/01\/ee5cf63a99c61928909b91aa8a7b12ad.jpg",620,437,false],"2048x2048":["https:\/\/arantv.az\/wp-content\/uploads\/2024\/01\/ee5cf63a99c61928909b91aa8a7b12ad.jpg",620,437,false],"post-thumbnail":["https:\/\/arantv.az\/wp-content\/uploads\/2024\/01\/ee5cf63a99c61928909b91aa8a7b12ad-240x172.jpg",240,172,true],"advps-thumb-one":["https:\/\/arantv.az\/wp-content\/uploads\/2024\/01\/ee5cf63a99c61928909b91aa8a7b12ad.jpg",620,437,false]},"rttpg_author":{"display_name":"V\u00fcsal Rafiqo\u011flu","author_link":"https:\/\/arantv.az\/?author=2"},"rttpg_comment":0,"rttpg_category":"<a href=\"https:\/\/arantv.az\/?cat=10\" rel=\"category\">C\u0259bh\u0259d\u0259n X\u0259b\u0259r<\/a>","rttpg_excerpt":"Az\u0259rbaycan Respublikas\u0131n\u0131n m\u00fcdafi\u0259 naziri general-polkovnik Zakir H\u0259s\u0259nov cari ilin 17 yanvar tarixind\u0259, t\u0259lim-m\u0259\u015fq u\u00e7u\u015flar\u0131 zaman\u0131 \u201cM\u0130-8\u201d h\u0259rbi helikopterinin q\u0259zaya u\u011framas\u0131 il\u0259 ba\u011fl\u0131 Q\u0131r\u011f\u0131z Respublikas\u0131n\u0131n m\u00fcdafi\u0259 naziri general-leytenant Bakt\u0131bek Bekbolotova ba\u015fsa\u011fl\u0131\u011f\u0131 \u00fcnvanlay\u0131b. &nbsp; Bu bar\u0259d\u0259 M\u00fcdafi\u0259 Nazirliyi m\u0259lumat yay\u0131b. &nbsp; Qeyd ed\u0259k ki, ilkin x\u0259b\u0259r\u0259 g\u00f6r\u0259, hadis\u0259 zaman\u0131 bir n\u0259f\u0259r h\u0259lak olub, s\u0259kkiz n\u0259f\u0259r x\u0259sar\u0259t al\u0131b.","_links":{"self":[{"href":"https:\/\/arantv.az\/index.php?rest_route=\/wp\/v2\/posts\/680741"}],"collection":[{"href":"https:\/\/arantv.az\/index.php?rest_route=\/wp\/v2\/posts"}],"about":[{"href":"https:\/\/arantv.az\/index.php?rest_route=\/wp\/v2\/types\/post"}],"author":[{"embeddable":true,"href":"https:\/\/arantv.az\/index.php?rest_route=\/wp\/v2\/users\/2"}],"replies":[{"embeddable":true,"href":"https:\/\/arantv.az\/index.php?rest_route=%2Fwp%2Fv2%2Fcomments&post=680741"}],"version-history":[{"count":0,"href":"https:\/\/arantv.az\/index.php?rest_route=\/wp\/v2\/posts\/680741\/revisions"}],"wp:featuredmedia":[{"embeddable":true,"href":"https:\/\/arantv.az\/index.php?rest_route=\/wp\/v2\/media\/680742"}],"wp:attachment":[{"href":"https:\/\/arantv.az\/index.php?rest_route=%2Fwp%2Fv2%2Fmedia&parent=680741"}],"wp:term":[{"taxonomy":"category","embeddable":true,"href":"https:\/\/arantv.az\/index.php?rest_route=%2Fwp%2Fv2%2Fcategories&post=680741"},{"taxonomy":"post_tag","embeddable":true,"href":"https:\/\/arantv.az\/index.php?rest_route=%2Fwp%2Fv2%2Ftags&post=680741"}],"curies":[{"name":"wp","href":"https:\/\/api.w.org\/{rel}","templated":true}]}}