{"id":680787,"date":"2024-01-17T17:46:20","date_gmt":"2024-01-17T13:46:20","guid":{"rendered":"https:\/\/arantv.az\/?p=680787"},"modified":"2024-01-17T17:46:20","modified_gmt":"2024-01-17T13:46:20","slug":"ai-bulaniq-suda-baliq-tutmaga-calisir-brusselin-ikili-standartlari-s%c9%99ngimir-s%c9%99rh-foto","status":"publish","type":"post","link":"https:\/\/arantv.az\/?p=680787","title":{"rendered":"A\u0130 \u201cbulan\u0131q suda bal\u0131q tutma\u011fa \u00e7al\u0131\u015f\u0131r\u201d: Br\u00fcsselin ikili standartlar\u0131 s\u0259ngimir &#8211; \u015e\u018fRH + FOTO"},"content":{"rendered":"<p>Avropa \u0130ttifaq\u0131 (A\u0130) \u00f6z\u00fcn\u00fcn ritorikas\u0131nda ikili standartlar\u0131 \u0259sas tutma\u011fa davam edir. B\u0259li, m\u0259hz \u0259sas tutma\u011fa. M\u0259s\u0259l\u0259 ondan ibar\u0259tdir ki, bu qurumun davran\u0131\u015flar\u0131, A\u0130 r\u0259smil\u0259rinin s\u0259sl\u0259ndirdikl\u0259ri b\u0259yanatlar he\u00e7 d\u0259 obyektiv deyil. M\u0259s\u0259l\u0259n, yanvar\u0131n 16-da Avropa \u0130ttifaq\u0131n\u0131n Bak\u0131dak\u0131 n\u00fcmay\u0259nd\u0259liyinin r\u0259hb\u0259ri, s\u0259fir Peter Mixalko \u00f6z\u00fcn\u00fcn \u201cX\u201d hesab\u0131nda Az\u0259rbaycana qar\u015f\u0131 \u0259sass\u0131z iddia il\u0259 \u00e7\u0131x\u0131\u015f edib. O, Az\u0259rbaycan m\u0259hk\u0259m\u0259 sistemini h\u0259d\u0259f alaraq h\u0259bs edil\u0259nl\u0259r\u0259 qar\u015f\u0131 kobud davran\u0131ld\u0131\u011f\u0131n\u0131 bildirib.<\/p>\n<p>Az\u0259rbaycan Xarici \u0130\u015fl\u0259r Nazirliyinin M\u0259tbuat Xidm\u0259ti \u0130dar\u0259sinin r\u0259hb\u0259ri Ayxan Hac\u0131zad\u0259 bu iddiaya cavab ver\u0259r\u0259k vur\u011fulay\u0131b ki, \u00f6lk\u0259nin m\u0259hk\u0259m\u0259 sistemi \u0259n yax\u015f\u0131 beyn\u0259lxalq t\u0259cr\u00fcb\u0259l\u0259r \u0259sas\u0131nda qurulub v\u0259 ona m\u00fcdaxil\u0259 q\u0259buledilm\u0259zdir: \u201cBu iddia h\u0259m \u0259sass\u0131z, h\u0259m d\u0259 m\u0259suliyy\u0259tsizdir! Yax\u015f\u0131 olard\u0131 ki, s\u0259fir Avropa \u0130ttifaq\u0131n\u0131n b\u0259zi \u00f6lk\u0259l\u0259rinin m\u0259hk\u0259m\u0259 sisteml\u0259rind\u0259 \u0259dal\u0259tin olmamas\u0131 v\u0259 pis r\u0259ftara diqq\u0259t yetirsin\u201d.<\/p>\n<p>Sual yaran\u0131r, A\u0130 niy\u0259 \u00f6z probleml\u0259ri il\u0259 m\u0259\u015f\u011ful olmur? M\u0259g\u0259r, Avropa \u00f6lk\u0259l\u0259rind\u0259, o c\u00fcml\u0259d\u0259n Almaniya v\u0259 Fransada polis zorak\u0131l\u0131\u011f\u0131 bar\u0259d\u0259 az e\u015fitmi\u015f, oxumu\u015fuq? Avropa \u00f6lk\u0259l\u0259rinin bir \u00e7oxunda dinc etirazlar v\u0259h\u015fic\u0259sin\u0259 da\u011f\u0131d\u0131l\u0131r. Yada salaq, 2023-c\u00fc ilin sentyabr\u0131nda Fransan\u0131n paytaxt\u0131 Parisd\u0259 polis zorak\u0131l\u0131\u011f\u0131na, irq\u00e7iliy\u0259 qar\u015f\u0131 geni\u015f n\u00fcmayi\u015fl\u0259r ke\u00e7irildi. H\u0259min vaxt 30 min\u0259 yax\u0131n insan k\u00fc\u00e7\u0259l\u0259r\u0259 \u00e7\u0131xm\u0131\u015fd\u0131. Daha \u0259vv\u0259l, 2020-ci ild\u0259 d\u0259 Fransada ox\u015far hadis\u0259l\u0259r olmu\u015fdu.<\/p>\n<p><img src=\"https:\/\/cdn.oxu.az\/uploads\/W1siZiIsIjIwMjQvMDEvMTcvMTYvMTYvMTcvMzgwZmQ2YzUtMmJlYy00YmQ0LTk4ZGQtNGRhZWMwNGEyN2MxLzRmZmJmNTA4LWZlZDAtM2IwYS1iM2QzLTI0NjViZjg4NGU1ZS5qcGciXSxbInAiLCJlbmNvZGUiLCJqcGciLCItcXVhbGl0eSA4MCJdLFsicCIsInRodW1iIiwiNTkweDU5MFx1MDAzZSJdXQ?sha=aaf409ed01af0d24\" alt=\"\" \/><\/p>\n<p>Bundan ba\u015fqa, h\u0259min Avropa \u00f6lk\u0259l\u0259rind\u0259 islamofobik meyill\u0259r getdikc\u0259 g\u00fccl\u0259nir. Demokratiyadan d\u0259m vuran d\u00f6vl\u0259tl\u0259r \u00f6z \u00f6lk\u0259l\u0259rind\u0259 sanki insan azadl\u0131qlar\u0131na qar\u015f\u0131 m\u00fcbariz\u0259 apar\u0131rlar. Almaniyada irq\u00e7ilik v\u0259 ksenofobiyan\u0131n son ill\u0259rd\u0259 g\u00fccl\u0259nm\u0259si \u00f6z\u00fcn\u00fc g\u00f6st\u0259rir. H\u0259l\u0259 2013-c\u00fc ilin yaz\u0131nda, y\u0259ni 10 il \u0259vv\u0259l Almaniyada 2500 evd\u0259 apar\u0131lan sor\u011fu x\u00fcsus\u0259n d\u0259 \u00f6lk\u0259nin \u015e\u0259rq vilay\u0259tl\u0259rind\u0259 irq\u00e7iliyin v\u0259 miqrantlara m\u0259nfi m\u00fcnasib\u0259tin d\u0259rinl\u0259\u015fdiyini t\u0259sdiq edib. Bel\u0259 ki, r\u0259yi soru\u015fulanlar\u0131n 36 faizi \u201cxaricil\u0259rin yegan\u0259 m\u0259qs\u0259di m\u00f6vcud sosial t\u0259minat sistemind\u0259n faydalanmaqd\u0131r\u201d fikri il\u0259 xeyli d\u0259r\u0259c\u0259d\u0259, yaxud tamamil\u0259 raz\u0131 oldu\u011funu bildirib. \u0130\u015ftirak\u00e7\u0131lar\u0131n 33 faizi is\u0259 \u201ci\u015f yerl\u0259ri azald\u0131qda xaricil\u0259r \u00f6z \u00f6lk\u0259l\u0259rin\u0259 geri g\u00f6nd\u0259rilm\u0259lidirl\u0259r\u201d ideyas\u0131n\u0131 d\u0259st\u0259kl\u0259yib. Respondentl\u0259rin 11 faiz\u0259 q\u0259d\u0259ri is\u0259 \u201cnasional sosializmin m\u00fcsb\u0259t t\u0259r\u0259fl\u0259ri d\u0259 var idi\u201d fikri il\u0259 xeyli d\u0259r\u0259c\u0259d\u0259, yaxud tam \u015f\u0259kild\u0259 raz\u0131la\u015f\u0131b.<\/p>\n<p>Apar\u0131lan sor\u011fular Almaniyada ksenofobiyan\u0131n t\u0259hl\u00fck\u0259li h\u0259dd\u0259 oldu\u011funu g\u00f6st\u0259rib. Qeyd olundu\u011fu kimi, t\u0259hl\u00fck\u0259li meyill\u0259r \u00f6lk\u0259nin \u015e\u0259rqind\u0259 daha s\u00fcr\u0259tl\u0259 geni\u015fl\u0259nir v\u0259 m\u0259lumatlara g\u00f6r\u0259, haz\u0131rda \u015e\u0259rqi Almaniya g\u0259ncl\u0259rinin irq\u00e7ilik s\u0259viyy\u0259si bir vaxtlar Hitlerin nasional-sosialist rejimind\u0259 b\u00f6y\u00fcy\u0259n Q\u0259rbi Almaniyan\u0131n yetkin v\u0259t\u0259nda\u015flar\u0131n\u0131n irq\u00e7ilik d\u0259r\u0259c\u0259sin\u0259 \u00e7at\u0131b. Almaniyan\u0131n Leypsiq Universitetinin t\u0259dqiqatlar\u0131 da t\u0259sdiq edib ki, bu \u00f6lk\u0259d\u0259 ksenofobiya artmaqda davam edir.<\/p>\n<p>M\u0259lumdur ki, Almaniyada irq\u00e7ilik v\u0259 neonasizmin yenid\u0259n dir\u00e7\u0259lm\u0259si beyn\u0259lxalq ictimaiyy\u0259tin narahatl\u0131\u011f\u0131na s\u0259b\u0259b olur v\u0259 bu, \u00f6z\u00fcn\u00fc BMT-d\u0259 ke\u00e7iril\u0259n dinl\u0259m\u0259l\u0259rd\u0259 d\u0259 ayd\u0131n \u015f\u0259kild\u0259 g\u00f6st\u0259rib. Almaniyada insan haqlar\u0131n\u0131n v\u0259ziyy\u0259ti son d\u00f6vrl\u0259rd\u0259 d\u00fcnya miqyas\u0131nda 2009-cu ild\u0259 BMT-nin \u0130nsan Haqlar\u0131 \u015euras\u0131n\u0131n iclas\u0131nda m\u00fczakir\u0259 olunub.<\/p>\n<p><img src=\"https:\/\/cdn.oxu.az\/uploads\/W1siZiIsIjIwMjQvMDEvMTcvMTYvMTYvMTcvOWMzZGIzN2YtYWZkMi00MjJlLWE4M2UtYjRjYWEwYTBiNDY5L2M4NmMwYTI1LTEyZTAtMzEwNS04MWMxLWYyZDUzMjQyZWYzMS5qcGciXSxbInAiLCJlbmNvZGUiLCJqcGciLCItcXVhbGl0eSA4MCJdLFsicCIsInRodW1iIiwiNTkweDU5MFx1MDAzZSJdXQ?sha=36be08c43c52ffbd\" alt=\"\" \/><\/p>\n<p>Do\u011frudanm\u0131, Avropan\u0131n \u00f6z\u00fcnd\u0259n x\u0259b\u0259ri yoxdur?<\/p>\n<p>Bu azm\u0131\u015f kimi, A\u0130-nin xarici siyas\u0259t m\u0259s\u0259l\u0259l\u0259ri \u00fczr\u0259 m\u0259tbuat katibi Piter Stano da yanvar\u0131n 16-da m\u0259hz ikili standartlara uy\u011fun g\u0259l\u0259n b\u0259yanat s\u0259sl\u0259ndirdi. O s\u00f6yl\u0259di ki, A\u0130 Erm\u0259nistan\u0131n \u0259razi b\u00fct\u00f6vl\u00fcy\u00fcn\u00fcn pozulmas\u0131n\u0131n q\u0259buledilm\u0259z oldu\u011funa dair Az\u0259rbaycana ayd\u0131n siqnallar g\u00f6nd\u0259rir. P.Stanonun s\u00f6zl\u0259rin\u0259 g\u00f6r\u0259, bu, A\u0130 il\u0259 Az\u0259rbaycan aras\u0131ndak\u0131 m\u00fcnasib\u0259tl\u0259r\u0259 t\u0259sir ed\u0259c\u0259k. Bundan sonra is\u0259 o, s\u00fclh prosesini d\u0259st\u0259kl\u0259dikl\u0259rini v\u0259 t\u0259r\u0259fl\u0259rl\u0259 i\u015fl\u0259dikl\u0259rini diqq\u0259t\u0259 \u00e7atd\u0131r\u0131b.<\/p>\n<p>Birincisi, Az\u0259rbaycan b\u00fct\u00fcn d\u00f6vl\u0259tl\u0259rin, o c\u00fcml\u0259d\u0259n Erm\u0259nistan\u0131n \u0259razi b\u00fct\u00f6vl\u00fcy\u00fcn\u0259 h\u00f6rm\u0259tl\u0259 yana\u015f\u0131r. R\u0259smi Bak\u0131 bunu d\u0259f\u0259l\u0259rl\u0259, m\u00fcxt\u0259lif s\u0259viyy\u0259l\u0259rd\u0259 b\u0259yan edib.<\/p>\n<p>\u0130kincisi, nec\u0259 olur ki, otuz il \u0259rzind\u0259 Az\u0259rbaycan torpaqlar\u0131n\u0131n Erm\u0259nistan\u0131n i\u015f\u011fal\u0131 alt\u0131nda olmas\u0131na, tarixi abid\u0259l\u0259rimizin da\u011f\u0131d\u0131lmas\u0131na, etnik t\u0259mizl\u0259m\u0259 siyas\u0259tin\u0259 he\u00e7 bir s\u0259s \u00e7\u0131xarmayan A\u0130 indi \u201cq\u0131\u015f yuxusundan oyan\u0131r?!\u201d.<\/p>\n<p>\u00dc\u00e7\u00fcnc\u00fcs\u00fc, art\u0131q Erm\u0259nistan da bildirib ki, ikit\u0259r\u0259fli t\u0259maslar daha s\u0259m\u0259r\u0259li ola bil\u0259r. Bel\u0259 olan halda A\u0130 niy\u0259 h\u0259l\u0259 d\u0259 prosesl\u0259r\u0259 m\u00fcdaxil\u0259 etm\u0259kd\u0259n \u0259l \u00e7\u0259kmir?<\/p>\n<p>B\u00fct\u00fcn bunlar\u0131n, o c\u00fcml\u0259d\u0259n Az\u0259rbaycana qar\u015f\u0131 q\u0259r\u0259zin, ikili standartlar\u0131n m\u0259qs\u0259di ayd\u0131nd\u0131r: C\u0259nubi Qafqazda \u201csular\u0131 buland\u0131rmaq\u201d. H\u0259l\u0259 bu azm\u0131\u015f kimi, A\u0130 h\u0259m d\u0259 \u201cbulan\u0131q suda bal\u0131q tutma\u011fa \u00e7al\u0131\u015f\u0131r\u201d.<\/p>\n<p><img src=\"https:\/\/cdn.oxu.az\/uploads\/W1siZiIsIjIwMjQvMDEvMTcvMTYvMTYvMTgvMDgyZjY3NmQtMjRkMi00ZDBhLWIzZGItYTVkNGY3Zjg2NzE4LzczY2ViNTc2LTY2NWItMzk5Zi04MWQ0LWI3N2Q2OGNhYWRiNy5qcGciXSxbInAiLCJlbmNvZGUiLCJqcGciLCItcXVhbGl0eSA4MCJdLFsicCIsInRodW1iIiwiNTkweDU5MFx1MDAzZSJdXQ?sha=863fc8f317ce60fd\" alt=\"\" \/><\/p>\n<p>N\u0259z\u0259r\u0259 almaq laz\u0131md\u0131r ki, Az\u0259rbaycanda bu c\u00fcr q\u0259r\u0259zli m\u00f6vqel\u0259r\u0259 qar\u015f\u0131 immunitet yaran\u0131b. Bundan sonra veril\u0259n q\u0259r\u0259zli a\u00e7\u0131qlamalar r\u0259smi Bak\u0131n\u0131n xarici siyas\u0259t kursuna t\u0259sir etm\u0259z. Amma A\u0130 itir\u0259r. \u00c7\u00fcnki bu c\u00fcr m\u00f6vqe A\u0130 il\u0259 regionun apar\u0131c\u0131 aktoru olan Az\u0259rbaycan aras\u0131ndak\u0131 m\u00fcnasib\u0259tl\u0259rin inki\u015faf\u0131na fayda vermir, \u0259ksin\u0259, g\u0259rginlik yarad\u0131r. Bu is\u0259 A\u0130-nin regional maraqlar\u0131n\u0131n t\u0259min olunmas\u0131na \u0259ng\u0259l yarad\u0131r.<\/p>\n<p>P.Stanonun a\u00e7\u0131qlamas\u0131nda diqq\u0259t \u00e7\u0259k\u0259n \u0259sas m\u0259qamlardan biri A\u0130 il\u0259 Az\u0259rbaycan aras\u0131nda m\u00fcnasib\u0259tl\u0259rin perspektivi il\u0259 ba\u011fl\u0131d\u0131r. A\u0130 r\u0259smisi sanki Az\u0259rbaycan\u0131 t\u0259hdid edir, Bak\u0131n\u0131 m\u00fcnasib\u0259tl\u0259rin pozulaca\u011f\u0131 il\u0259 qorxudur. \u018flb\u0259tt\u0259, A\u0130 il\u0259 \u0259laq\u0259l\u0259rin inki\u015faf\u0131 Az\u0259rbaycan \u00fc\u00e7\u00fcn arzuolunand\u0131r. Amma qar\u015f\u0131 t\u0259r\u0259f unutmamal\u0131d\u0131r ki, bu, onlar\u0131n \u00f6z\u00fc \u00fc\u00e7\u00fcn d\u0259 \u0259h\u0259miyy\u0259tlidir. X\u00fcsusil\u0259, ikit\u0259r\u0259fli \u0259laq\u0259l\u0259rd\u0259ki enerji sah\u0259sind\u0259ki t\u0259r\u0259fda\u015fl\u0131\u011f\u0131 unutmaq olmaz. A\u0130 Erm\u0259nistana g\u00f6r\u0259 Az\u0259rbaycanla m\u00fcnasib\u0259tl\u0259ri pozma\u011fa haz\u0131rd\u0131rsa, buyursun.<\/p>\n<p>Bir d\u0259 ki, q\u0259r\u0259zli b\u0259yanatlar s\u0259sl\u0259ndir\u0259n, qeyri-obyektiv a\u00e7\u0131qlamalar ver\u0259n A\u0130-nin sonra s\u00fclhd\u0259n dan\u0131\u015fmas\u0131 he\u00e7 d\u0259 s\u0259mimilik \u0259lam\u0259ti deyil, \u0259ksin\u0259, riyakarl\u0131qd\u0131r. \u018fg\u0259r A\u0130 s\u00fclhd\u0259 s\u0259mimidirs\u0259, onda q\u0259r\u0259zd\u0259n, ikili standartlardan uzaq olmal\u0131d\u0131r. \u018fks halda, n\u0259y\u0259s\u0259 nail ola bilm\u0259y\u0259c\u0259k.<\/p>\n<p><strong>\u201cReport\u201d \u0130nformasiya Agentliyi \u00a0<\/strong><\/p>\n","protected":false},"excerpt":{"rendered":"<p>Avropa \u0130ttifaq\u0131 (A\u0130) \u00f6z\u00fcn\u00fcn ritorikas\u0131nda ikili standartlar\u0131 \u0259sas tutma\u011fa davam edir. B\u0259li, m\u0259hz \u0259sas tutma\u011fa. M\u0259s\u0259l\u0259 ondan ibar\u0259tdir ki, bu qurumun davran\u0131\u015flar\u0131, A\u0130 r\u0259smil\u0259rinin s\u0259sl\u0259ndirdikl\u0259ri b\u0259yanatlar he\u00e7 d\u0259 obyektiv deyil. M\u0259s\u0259l\u0259n, yanvar\u0131n 16-da Avropa \u0130ttifaq\u0131n\u0131n Bak\u0131dak\u0131 n\u00fcmay\u0259nd\u0259liyinin r\u0259hb\u0259ri, s\u0259fir Peter Mixalko \u00f6z\u00fcn\u00fcn \u201cX\u201d hesab\u0131nda Az\u0259rbaycana qar\u015f\u0131 \u0259sass\u0131z iddia il\u0259 \u00e7\u0131x\u0131\u015f edib. O, Az\u0259rbaycan m\u0259hk\u0259m\u0259 sistemini h\u0259d\u0259f alaraq h\u0259bs edil\u0259nl\u0259r\u0259 qar\u015f\u0131 kobud davran\u0131ld\u0131\u011f\u0131n\u0131 bildirib. Az\u0259rbaycan Xarici \u0130\u015fl\u0259r Nazirliyinin M\u0259tbuat Xidm\u0259ti \u0130dar\u0259sinin r\u0259hb\u0259ri Ayxan Hac\u0131zad\u0259 bu iddiaya cavab ver\u0259r\u0259k vur\u011fulay\u0131b ki, \u00f6lk\u0259nin m\u0259hk\u0259m\u0259 sistemi \u0259n yax\u015f\u0131 beyn\u0259lxalq t\u0259cr\u00fcb\u0259l\u0259r \u0259sas\u0131nda qurulub v\u0259 ona&hellip;<\/p>\n","protected":false},"author":2,"featured_media":680788,"comment_status":"closed","ping_status":"closed","sticky":false,"template":"","format":"standard","meta":{"om_disable_all_campaigns":false,"_monsterinsights_skip_tracking":false,"_monsterinsights_sitenote_active":false,"_monsterinsights_sitenote_note":"","_monsterinsights_sitenote_category":0},"categories":[4],"tags":[],"aioseo_notices":[],"gutentor_comment":0,"rttpg_featured_image_url":{"full":["https:\/\/arantv.az\/wp-content\/uploads\/2024\/01\/f3457ac5-740e-3d32-a292-39f7107d5016_850.jpg",620,413,false],"landscape":["https:\/\/arantv.az\/wp-content\/uploads\/2024\/01\/f3457ac5-740e-3d32-a292-39f7107d5016_850.jpg",620,413,false],"portraits":["https:\/\/arantv.az\/wp-content\/uploads\/2024\/01\/f3457ac5-740e-3d32-a292-39f7107d5016_850.jpg",620,413,false],"thumbnail":["https:\/\/arantv.az\/wp-content\/uploads\/2024\/01\/f3457ac5-740e-3d32-a292-39f7107d5016_850-500x280.jpg",500,280,true],"medium":["https:\/\/arantv.az\/wp-content\/uploads\/2024\/01\/f3457ac5-740e-3d32-a292-39f7107d5016_850-548x365.jpg",548,365,true],"large":["https:\/\/arantv.az\/wp-content\/uploads\/2024\/01\/f3457ac5-740e-3d32-a292-39f7107d5016_850.jpg",620,413,false],"1536x1536":["https:\/\/arantv.az\/wp-content\/uploads\/2024\/01\/f3457ac5-740e-3d32-a292-39f7107d5016_850.jpg",620,413,false],"2048x2048":["https:\/\/arantv.az\/wp-content\/uploads\/2024\/01\/f3457ac5-740e-3d32-a292-39f7107d5016_850.jpg",620,413,false],"post-thumbnail":["https:\/\/arantv.az\/wp-content\/uploads\/2024\/01\/f3457ac5-740e-3d32-a292-39f7107d5016_850-240x172.jpg",240,172,true],"advps-thumb-one":["https:\/\/arantv.az\/wp-content\/uploads\/2024\/01\/f3457ac5-740e-3d32-a292-39f7107d5016_850.jpg",620,413,false]},"rttpg_author":{"display_name":"V\u00fcsal Rafiqo\u011flu","author_link":"https:\/\/arantv.az\/?author=2"},"rttpg_comment":0,"rttpg_category":"<a href=\"https:\/\/arantv.az\/?cat=4\" rel=\"category\">Siyas\u0259t<\/a>","rttpg_excerpt":"Avropa \u0130ttifaq\u0131 (A\u0130) \u00f6z\u00fcn\u00fcn ritorikas\u0131nda ikili standartlar\u0131 \u0259sas tutma\u011fa davam edir. B\u0259li, m\u0259hz \u0259sas tutma\u011fa. M\u0259s\u0259l\u0259 ondan ibar\u0259tdir ki, bu qurumun davran\u0131\u015flar\u0131, A\u0130 r\u0259smil\u0259rinin s\u0259sl\u0259ndirdikl\u0259ri b\u0259yanatlar he\u00e7 d\u0259 obyektiv deyil. M\u0259s\u0259l\u0259n, yanvar\u0131n 16-da Avropa \u0130ttifaq\u0131n\u0131n Bak\u0131dak\u0131 n\u00fcmay\u0259nd\u0259liyinin r\u0259hb\u0259ri, s\u0259fir Peter Mixalko \u00f6z\u00fcn\u00fcn \u201cX\u201d hesab\u0131nda Az\u0259rbaycana qar\u015f\u0131 \u0259sass\u0131z iddia il\u0259 \u00e7\u0131x\u0131\u015f edib. O, Az\u0259rbaycan m\u0259hk\u0259m\u0259 sistemini&hellip;","_links":{"self":[{"href":"https:\/\/arantv.az\/index.php?rest_route=\/wp\/v2\/posts\/680787"}],"collection":[{"href":"https:\/\/arantv.az\/index.php?rest_route=\/wp\/v2\/posts"}],"about":[{"href":"https:\/\/arantv.az\/index.php?rest_route=\/wp\/v2\/types\/post"}],"author":[{"embeddable":true,"href":"https:\/\/arantv.az\/index.php?rest_route=\/wp\/v2\/users\/2"}],"replies":[{"embeddable":true,"href":"https:\/\/arantv.az\/index.php?rest_route=%2Fwp%2Fv2%2Fcomments&post=680787"}],"version-history":[{"count":0,"href":"https:\/\/arantv.az\/index.php?rest_route=\/wp\/v2\/posts\/680787\/revisions"}],"wp:featuredmedia":[{"embeddable":true,"href":"https:\/\/arantv.az\/index.php?rest_route=\/wp\/v2\/media\/680788"}],"wp:attachment":[{"href":"https:\/\/arantv.az\/index.php?rest_route=%2Fwp%2Fv2%2Fmedia&parent=680787"}],"wp:term":[{"taxonomy":"category","embeddable":true,"href":"https:\/\/arantv.az\/index.php?rest_route=%2Fwp%2Fv2%2Fcategories&post=680787"},{"taxonomy":"post_tag","embeddable":true,"href":"https:\/\/arantv.az\/index.php?rest_route=%2Fwp%2Fv2%2Ftags&post=680787"}],"curies":[{"name":"wp","href":"https:\/\/api.w.org\/{rel}","templated":true}]}}