{"id":680789,"date":"2024-01-17T17:47:05","date_gmt":"2024-01-17T13:47:05","guid":{"rendered":"https:\/\/arantv.az\/?p=680789"},"modified":"2024-01-17T17:47:05","modified_gmt":"2024-01-17T13:47:05","slug":"mikayil-cabbarov-davos-iqtisadi-forumu-c%c9%99rciv%c9%99sind%c9%99-gorusl%c9%99r-kecirir-yenil%c9%99nib-foto","status":"publish","type":"post","link":"https:\/\/arantv.az\/?p=680789","title":{"rendered":"Mikay\u0131l Cabbarov Davos \u0130qtisadi Forumu \u00e7\u0259r\u00e7iv\u0259sind\u0259 g\u00f6r\u00fc\u015fl\u0259r ke\u00e7irir &#8211; YEN\u0130L\u018fN\u0130B + FOTO"},"content":{"rendered":"<p>\u0130qtisadiyyat naziri Mikay\u0131l Cabbarov Davos \u0130qtisadi Forumu \u00e7\u0259r\u00e7iv\u0259sind\u0259 Vestas Wind Systems A\/S\u201d \u015firk\u0259tinin vitse-prezidenti Morten Dirholm il\u0259 g\u00f6r\u00fc\u015f\u00fcb.<\/p>\n<p>Bununla ba\u011fl\u0131 Mikay\u0131l Cabbarov \u00f6z \u201cFacebook\u201d hesab\u0131ndak\u0131 payla\u015f\u0131m\u0131nda qeyd edib.<\/p>\n<p>\u201cMorten Dirholm il\u0259 dayan\u0131ql\u0131 enerji m\u0259nb\u0259l\u0259rind\u0259n s\u0259m\u0259r\u0259li istifad\u0259nin iqlim d\u0259yi\u015fiklikl\u0259ri \u015f\u0259raitind\u0259 \u0259h\u0259miyy\u0259tinin artd\u0131\u011f\u0131n\u0131 vur\u011fulad\u0131q, \u00f6lk\u0259mizd\u0259 h\u0259yata ke\u00e7iril\u0259n alternativ enerji layih\u0259l\u0259ri, ya\u015f\u0131l texnologiyalar\u0131n t\u0259tbiqi v\u0259 k\u00fcl\u0259k enerjisind\u0259n istifad\u0259 istiqam\u0259tind\u0259 \u015firk\u0259tl\u0259 \u0259m\u0259kda\u015fl\u0131q imkanlar\u0131n\u0131 m\u00fczakir\u0259 etdik\u201d, &#8211; iqtisadiyyat naziri bildirib.<\/p>\n<div><iframe loading=\"lazy\" src=\"https:\/\/www.facebook.com\/plugins\/post.php?href=https%3A%2F%2Fwww.facebook.com%2FJabbarovMikayil%2Fposts%2Fpfbid02vDMBpHTsusKcL47X5pdtc7LXw1sSiH7HGj1NGxybiaoZ6ocz5wQX774fJMjCMjxfl&amp;show_text=true&amp;width=500\" width=\"500\" height=\"250\" frameborder=\"0\" scrolling=\"no\" allowfullscreen=\"allowfullscreen\" data-mce-fragment=\"1\"><\/iframe><\/div>\n<p><strong>16:41<\/strong><\/p>\n<p>\u0130qtisadiyyat naziri Mikay\u0131l Cabbarov Davos \u0130qtisadi Forumu \u00e7\u0259r\u00e7iv\u0259sind\u0259 \u201cTikTok\u201d \u015firk\u0259tinin vitse-prezidenti Helena Ler\u015f il\u0259 g\u00f6r\u00fc\u015f\u00fcb.<\/p>\n<p>Bu bar\u0259d\u0259 Mikay\u0131l Cabbarov \u00f6z \u201cX\u201d hesab\u0131ndak\u0131 payla\u015f\u0131m\u0131nda qeyd edib.<\/p>\n<p>G\u00f6r\u00fc\u015fd\u0259 Az\u0259rbaycanda startap ekosisteminin inki\u015faf\u0131 istiqam\u0259tind\u0259 g\u00f6r\u00fcl\u0259n i\u015fl\u0259r, \u201cTikTok Startap Akademiyas\u0131\u201dn\u0131n f\u0259aliyy\u0259ti, sosial platformalar\u0131n biznesin potensial\u0131n\u0131n t\u0259qdim edilm\u0259si \u00fc\u00e7\u00fcn \u0259h\u0259miyy\u0259ti v\u0259 \u0259m\u0259kda\u015fl\u0131q imkanlar\u0131 bar\u0259d\u0259 fikir m\u00fcbadil\u0259si apar\u0131l\u0131b.<\/p>\n<div>\n<div class=\"twitter-tweet twitter-tweet-rendered\"><iframe id=\"twitter-widget-0\" class=\"\" title=\"X Post\" src=\"https:\/\/platform.twitter.com\/embed\/Tweet.html?creatorScreenName=oxuaz&amp;dnt=false&amp;embedId=twitter-widget-0&amp;features=eyJ0ZndfdGltZWxpbmVfbGlzdCI6eyJidWNrZXQiOltdLCJ2ZXJzaW9uIjpudWxsfSwidGZ3X2ZvbGxvd2VyX2NvdW50X3N1bnNldCI6eyJidWNrZXQiOnRydWUsInZlcnNpb24iOm51bGx9LCJ0ZndfdHdlZXRfZWRpdF9iYWNrZW5kIjp7ImJ1Y2tldCI6Im9uIiwidmVyc2lvbiI6bnVsbH0sInRmd19yZWZzcmNfc2Vzc2lvbiI6eyJidWNrZXQiOiJvbiIsInZlcnNpb24iOm51bGx9LCJ0ZndfZm9zbnJfc29mdF9pbnRlcnZlbnRpb25zX2VuYWJsZWQiOnsiYnVja2V0Ijoib24iLCJ2ZXJzaW9uIjpudWxsfSwidGZ3X21peGVkX21lZGlhXzE1ODk3Ijp7ImJ1Y2tldCI6InRyZWF0bWVudCIsInZlcnNpb24iOm51bGx9LCJ0ZndfZXhwZXJpbWVudHNfY29va2llX2V4cGlyYXRpb24iOnsiYnVja2V0IjoxMjA5NjAwLCJ2ZXJzaW9uIjpudWxsfSwidGZ3X3Nob3dfYmlyZHdhdGNoX3Bpdm90c19lbmFibGVkIjp7ImJ1Y2tldCI6Im9uIiwidmVyc2lvbiI6bnVsbH0sInRmd19kdXBsaWNhdGVfc2NyaWJlc190b19zZXR0aW5ncyI6eyJidWNrZXQiOiJvbiIsInZlcnNpb24iOm51bGx9LCJ0ZndfdXNlX3Byb2ZpbGVfaW1hZ2Vfc2hhcGVfZW5hYmxlZCI6eyJidWNrZXQiOiJvbiIsInZlcnNpb24iOm51bGx9LCJ0ZndfdmlkZW9faGxzX2R5bmFtaWNfbWFuaWZlc3RzXzE1MDgyIjp7ImJ1Y2tldCI6InRydWVfYml0cmF0ZSIsInZlcnNpb24iOm51bGx9LCJ0ZndfbGVnYWN5X3RpbWVsaW5lX3N1bnNldCI6eyJidWNrZXQiOnRydWUsInZlcnNpb24iOm51bGx9LCJ0ZndfdHdlZXRfZWRpdF9mcm9udGVuZCI6eyJidWNrZXQiOiJvbiIsInZlcnNpb24iOm51bGx9fQ%3D%3D&amp;frame=false&amp;hideCard=false&amp;hideThread=false&amp;id=1747593104322937240&amp;lang=en&amp;origin=https%3A%2F%2Foxu.az%2Fpolitics%2F827598&amp;sessionId=85c31adca53be626ef9fd5af9eafd6a6f8806b74&amp;siteScreenName=oxuaz&amp;theme=light&amp;widgetsVersion=2615f7e52b7e0%3A1702314776716&amp;width=550px\" frameborder=\"0\" scrolling=\"no\" allowfullscreen=\"allowfullscreen\" data-tweet-id=\"1747593104322937240\" data-mce-fragment=\"1\"><\/iframe><\/div>\n<\/div>\n<p><strong>15:03<\/strong><\/p>\n<p>\u0130qtisadiyyat naziri Mikay\u0131l Cabbarov Davos \u0130qtisadi Forumu \u00e7\u0259r\u00e7iv\u0259sind\u0259 Avropa Yenid\u0259nqurma v\u0259 \u0130nki\u015faf Bank\u0131n\u0131n (AY\u0130B) birinci vitse-prezidenti Yurgen Riqterink il\u0259 g\u00f6r\u00fc\u015f\u00fcb.<\/p>\n<p>Bu bar\u0259d\u0259 Mikay\u0131l Cabbarov \u00f6z \u201cX\u201d hesab\u0131ndak\u0131 payla\u015f\u0131m\u0131nda qeyd edib.<\/p>\n<p>G\u00f6r\u00fc\u015fd\u0259 AY\u0130B &#8211; Az\u0259rbaycan \u0259m\u0259kda\u015fl\u0131\u011f\u0131n\u0131n b\u0259rpa olunan enerji sah\u0259sind\u0259 geni\u015fl\u0259ndirilm\u0259sinin \u0259h\u0259miyy\u0259ti, \u00f6lk\u0259mizin beyn\u0259lxalq t\u0259\u015f\u0259bb\u00fcsl\u0259rd\u0259 f\u0259al t\u0259msil\u00e7iliyi v\u0259 COP29 t\u0259dbirinin \u00f6lk\u0259mizd\u0259 ke\u00e7irilm\u0259sinin perspektivl\u0259ri vur\u011fulan\u0131b. AY\u0130B-in bu istiqam\u0259td\u0259 Az\u0259rbaycana d\u0259st\u0259yi ifad\u0259 olunub.<\/p>\n<div>\n<div class=\"twitter-tweet twitter-tweet-rendered\"><iframe id=\"twitter-widget-1\" class=\"\" title=\"X Post\" src=\"https:\/\/platform.twitter.com\/embed\/Tweet.html?creatorScreenName=oxuaz&amp;dnt=false&amp;embedId=twitter-widget-1&amp;features=eyJ0ZndfdGltZWxpbmVfbGlzdCI6eyJidWNrZXQiOltdLCJ2ZXJzaW9uIjpudWxsfSwidGZ3X2ZvbGxvd2VyX2NvdW50X3N1bnNldCI6eyJidWNrZXQiOnRydWUsInZlcnNpb24iOm51bGx9LCJ0ZndfdHdlZXRfZWRpdF9iYWNrZW5kIjp7ImJ1Y2tldCI6Im9uIiwidmVyc2lvbiI6bnVsbH0sInRmd19yZWZzcmNfc2Vzc2lvbiI6eyJidWNrZXQiOiJvbiIsInZlcnNpb24iOm51bGx9LCJ0ZndfZm9zbnJfc29mdF9pbnRlcnZlbnRpb25zX2VuYWJsZWQiOnsiYnVja2V0Ijoib24iLCJ2ZXJzaW9uIjpudWxsfSwidGZ3X21peGVkX21lZGlhXzE1ODk3Ijp7ImJ1Y2tldCI6InRyZWF0bWVudCIsInZlcnNpb24iOm51bGx9LCJ0ZndfZXhwZXJpbWVudHNfY29va2llX2V4cGlyYXRpb24iOnsiYnVja2V0IjoxMjA5NjAwLCJ2ZXJzaW9uIjpudWxsfSwidGZ3X3Nob3dfYmlyZHdhdGNoX3Bpdm90c19lbmFibGVkIjp7ImJ1Y2tldCI6Im9uIiwidmVyc2lvbiI6bnVsbH0sInRmd19kdXBsaWNhdGVfc2NyaWJlc190b19zZXR0aW5ncyI6eyJidWNrZXQiOiJvbiIsInZlcnNpb24iOm51bGx9LCJ0ZndfdXNlX3Byb2ZpbGVfaW1hZ2Vfc2hhcGVfZW5hYmxlZCI6eyJidWNrZXQiOiJvbiIsInZlcnNpb24iOm51bGx9LCJ0ZndfdmlkZW9faGxzX2R5bmFtaWNfbWFuaWZlc3RzXzE1MDgyIjp7ImJ1Y2tldCI6InRydWVfYml0cmF0ZSIsInZlcnNpb24iOm51bGx9LCJ0ZndfbGVnYWN5X3RpbWVsaW5lX3N1bnNldCI6eyJidWNrZXQiOnRydWUsInZlcnNpb24iOm51bGx9LCJ0ZndfdHdlZXRfZWRpdF9mcm9udGVuZCI6eyJidWNrZXQiOiJvbiIsInZlcnNpb24iOm51bGx9fQ%3D%3D&amp;frame=false&amp;hideCard=false&amp;hideThread=false&amp;id=1747574177610060256&amp;lang=en&amp;origin=https%3A%2F%2Foxu.az%2Fpolitics%2F827598&amp;sessionId=85c31adca53be626ef9fd5af9eafd6a6f8806b74&amp;siteScreenName=oxuaz&amp;theme=light&amp;widgetsVersion=2615f7e52b7e0%3A1702314776716&amp;width=550px\" frameborder=\"0\" scrolling=\"no\" allowfullscreen=\"allowfullscreen\" data-tweet-id=\"1747574177610060256\" data-mce-fragment=\"1\"><\/iframe><\/div>\n<\/div>\n<p><strong>14:15<\/strong><\/p>\n<p>\u0130qtisadiyyat naziri Mikay\u0131l Cabbarov Davos \u0130qtisadi Forumu \u00e7\u0259r\u00e7iv\u0259sind\u0259 Birl\u0259\u015fmi\u015f \u018fr\u0259b \u018fmirlikl\u0259rinin iqtisadiyyat naziri, Az\u0259rbaycan-B\u018f\u018f Birg\u0259 H\u00f6kum\u0259tl\u0259raras\u0131 Komissiyas\u0131n\u0131n h\u0259ms\u0259dri Abdulla bin Tuq \u018fl Marri il\u0259 g\u00f6r\u00fc\u015f\u00fcb.<\/p>\n<p>Bu bar\u0259d\u0259\u00a0Mikay\u0131l Cabbarov \u00f6z \u201cX\u201d hesab\u0131ndak\u0131 payla\u015f\u0131m\u0131nda qeyd edib.<\/p>\n<p>Bildirilib ki, g\u00f6r\u00fc\u015fd\u0259 \u00f6lk\u0259l\u0259rimiz aras\u0131nda m\u00fcnasib\u0259tl\u0259rin y\u00fcks\u0259k s\u0259viyy\u0259d\u0259 oldu\u011funu m\u0259mnunluqla vur\u011fulan\u0131b v\u0259 iqtisadi t\u0259r\u0259fda\u015fl\u0131\u011f\u0131n g\u00fcnd\u0259liyind\u0259 olan m\u0259s\u0259l\u0259l\u0259r n\u0259z\u0259rd\u0259n ke\u00e7irilib:<\/p>\n<p>&#8211; Az\u0259rbaycan-B\u018f\u018f Birg\u0259 H\u00f6kum\u0259tl\u0259raras\u0131 Komissiyas\u0131n\u0131n 9-cu iclas\u0131na haz\u0131rl\u0131q;<\/p>\n<p>&#8211; Ticar\u0259t d\u00f6vriyy\u0259sinin art\u0131m\u0131 v\u0259 biznes \u0259laq\u0259l\u0259rinin inki\u015faf\u0131 istiqam\u0259tind\u0259 t\u0259\u015f\u0259bb\u00fcsl\u0259r;<\/p>\n<p>&#8211; COP29 \u00e7\u0259r\u00e7iv\u0259sind\u0259 \u0259m\u0259kda\u015fl\u0131q;<\/p>\n<p>&#8211; Dayan\u0131ql\u0131 enerji m\u0259nb\u0259l\u0259rind\u0259n istifad\u0259y\u0259 ke\u00e7id sah\u0259sind\u0259 birg\u0259 layih\u0259l\u0259rin perspektivl\u0259ri.<\/p>\n<div>\n<div class=\"twitter-tweet twitter-tweet-rendered\"><iframe id=\"twitter-widget-2\" class=\"\" title=\"X Post\" src=\"https:\/\/platform.twitter.com\/embed\/Tweet.html?creatorScreenName=oxuaz&amp;dnt=false&amp;embedId=twitter-widget-2&amp;features=eyJ0ZndfdGltZWxpbmVfbGlzdCI6eyJidWNrZXQiOltdLCJ2ZXJzaW9uIjpudWxsfSwidGZ3X2ZvbGxvd2VyX2NvdW50X3N1bnNldCI6eyJidWNrZXQiOnRydWUsInZlcnNpb24iOm51bGx9LCJ0ZndfdHdlZXRfZWRpdF9iYWNrZW5kIjp7ImJ1Y2tldCI6Im9uIiwidmVyc2lvbiI6bnVsbH0sInRmd19yZWZzcmNfc2Vzc2lvbiI6eyJidWNrZXQiOiJvbiIsInZlcnNpb24iOm51bGx9LCJ0ZndfZm9zbnJfc29mdF9pbnRlcnZlbnRpb25zX2VuYWJsZWQiOnsiYnVja2V0Ijoib24iLCJ2ZXJzaW9uIjpudWxsfSwidGZ3X21peGVkX21lZGlhXzE1ODk3Ijp7ImJ1Y2tldCI6InRyZWF0bWVudCIsInZlcnNpb24iOm51bGx9LCJ0ZndfZXhwZXJpbWVudHNfY29va2llX2V4cGlyYXRpb24iOnsiYnVja2V0IjoxMjA5NjAwLCJ2ZXJzaW9uIjpudWxsfSwidGZ3X3Nob3dfYmlyZHdhdGNoX3Bpdm90c19lbmFibGVkIjp7ImJ1Y2tldCI6Im9uIiwidmVyc2lvbiI6bnVsbH0sInRmd19kdXBsaWNhdGVfc2NyaWJlc190b19zZXR0aW5ncyI6eyJidWNrZXQiOiJvbiIsInZlcnNpb24iOm51bGx9LCJ0ZndfdXNlX3Byb2ZpbGVfaW1hZ2Vfc2hhcGVfZW5hYmxlZCI6eyJidWNrZXQiOiJvbiIsInZlcnNpb24iOm51bGx9LCJ0ZndfdmlkZW9faGxzX2R5bmFtaWNfbWFuaWZlc3RzXzE1MDgyIjp7ImJ1Y2tldCI6InRydWVfYml0cmF0ZSIsInZlcnNpb24iOm51bGx9LCJ0ZndfbGVnYWN5X3RpbWVsaW5lX3N1bnNldCI6eyJidWNrZXQiOnRydWUsInZlcnNpb24iOm51bGx9LCJ0ZndfdHdlZXRfZWRpdF9mcm9udGVuZCI6eyJidWNrZXQiOiJvbiIsInZlcnNpb24iOm51bGx9fQ%3D%3D&amp;frame=false&amp;hideCard=false&amp;hideThread=false&amp;id=1747562193808199758&amp;lang=en&amp;origin=https%3A%2F%2Foxu.az%2Fpolitics%2F827598&amp;sessionId=85c31adca53be626ef9fd5af9eafd6a6f8806b74&amp;siteScreenName=oxuaz&amp;theme=light&amp;widgetsVersion=2615f7e52b7e0%3A1702314776716&amp;width=550px\" frameborder=\"0\" scrolling=\"no\" allowfullscreen=\"allowfullscreen\" data-tweet-id=\"1747562193808199758\" data-mce-fragment=\"1\"><\/iframe><\/div>\n<\/div>\n<p><strong>13:01<\/strong><\/p>\n<p>\u0130qtisadiyyat naziri Mikay\u0131l Cabbarov Davos \u0130qtisadi Forumu \u00e7\u0259r\u00e7iv\u0259sind\u0259 Finlandiyan\u0131n xarici i\u015fl\u0259r naziri Elina Valtonen il\u0259 g\u00f6r\u00fc\u015f\u00fcb.<\/p>\n<p>Bununla ba\u011fl\u0131 Mikay\u0131l Cabbarov \u00f6z \u201cFacebook\u201d hesab\u0131ndak\u0131 payla\u015f\u0131m\u0131nda qeyd edib.<\/p>\n<p>\u201cFinlandiyan\u0131n xarici i\u015fl\u0259r naziri Elina Valtonen il\u0259 \u00f6lk\u0259l\u0259rimiz aras\u0131nda m\u00fcnasib\u0259tl\u0259rin prioritet istiqam\u0259tl\u0259ri, regional iqtisadi \u0259m\u0259kda\u015fl\u0131\u011f\u0131 g\u00fccl\u0259ndirm\u0259k \u00fc\u00e7\u00fcn yaranm\u0131\u015f yeni imkanlar v\u0259 ikit\u0259r\u0259fli \u0259laq\u0259l\u0259rin perspektivl\u0259ri bar\u0259d\u0259 fikirl\u0259rimizi b\u00f6l\u00fc\u015fd\u00fck\u201d, &#8211; iqtisadiyyat naziri bildirib.<\/p>\n<div><iframe loading=\"lazy\" src=\"https:\/\/www.facebook.com\/plugins\/post.php?href=https%3A%2F%2Fwww.facebook.com%2FJabbarovMikayil%2Fposts%2Fpfbid0Ns7MY49B5fLHZ89nYw35H7qFecMvkGzLfgEvrYfnVu7sGPRaK6qXPkt8WPFgkucZl&amp;show_text=true&amp;width=500\" width=\"500\" height=\"253\" frameborder=\"0\" scrolling=\"no\" allowfullscreen=\"allowfullscreen\" data-mce-fragment=\"1\"><\/iframe><\/div>\n<p><strong>12:23<\/strong><\/p>\n<p>\u0130qtisadiyyat naziri Mikay\u0131l Cabbarov Davos \u0130qtisadi Forumu \u00e7\u0259r\u00e7iv\u0259sind\u0259 \u201cCarlsberg Group\u201d \u015firk\u0259tinin ba\u015f icra\u00e7\u0131 direktoru Yakob Orup-Andersen il\u0259 g\u00f6r\u00fc\u015f\u00fcb.<\/p>\n<p>Bununla ba\u011fl\u0131 Mikay\u0131l Cabbarov \u00f6z \u201cFacebook\u201d hesab\u0131ndak\u0131 payla\u015f\u0131m\u0131nda qeyd edib.<\/p>\n<p>\u201cDavos \u0130qtisadi Forumu \u00e7\u0259r\u00e7iv\u0259sind\u0259 \u201cCarlsberg Group\u201d \u015firk\u0259tinin ba\u015f icra\u00e7\u0131 direktoru Yakob Orup-Andersen il\u0259 \u015firk\u0259tin Az\u0259rbaycandak\u0131 u\u011furlu f\u0259aliyy\u0259ti v\u0259 \u00f6lk\u0259mizd\u0259 apar\u0131lan iqtisadi islahatlar\u0131n biznes m\u00fchitin\u0259 m\u00fcsb\u0259t t\u0259siri bar\u0259d\u0259 dan\u0131\u015fd\u0131q. \u015eirk\u0259t t\u0259r\u0259find\u0259n \u00f6lk\u0259mizd\u0259 istehsal\u0131n lokalla\u015fd\u0131r\u0131lmas\u0131 sah\u0259sind\u0259 g\u00f6r\u00fcl\u0259n i\u015fl\u0259ri v\u0259 yeni \u0259m\u0259kda\u015fl\u0131q imkanlar\u0131n\u0131 d\u0259y\u0259rl\u0259ndirdik\u201d, &#8211; iqtisadiyyat naziri bildirib.<\/p>\n<div><iframe loading=\"lazy\" src=\"https:\/\/www.facebook.com\/plugins\/post.php?href=https%3A%2F%2Fwww.facebook.com%2FJabbarovMikayil%2Fposts%2Fpfbid02esqDSKWSW9QzLuDduPDTqLrGc9NgDskza4z2YR3AU6jKwH3adLKR7wotCw1RWNeSl&amp;show_text=true&amp;width=500\" width=\"500\" height=\"250\" frameborder=\"0\" scrolling=\"no\" allowfullscreen=\"allowfullscreen\" data-mce-fragment=\"1\"><\/iframe><\/div>\n<p><strong>09:37<\/strong><\/p>\n<p>\u0130qtisadiyyat naziri Mikay\u0131l Cabbarov Davos \u0130qtisadi Forumu \u00e7\u0259r\u00e7iv\u0259sind\u0259 Beyn\u0259lxalq Standartla\u015fd\u0131rma T\u0259\u015fkilat\u0131n\u0131n (ISO) ba\u015f katibi Serxio Muxika il\u0259 g\u00f6r\u00fc\u015f\u00fcb.<\/p>\n<p>Bununla ba\u011fl\u0131 Mikay\u0131l Cabbarov \u00f6z \u201cFacebook\u201d hesab\u0131ndak\u0131 payla\u015f\u0131m\u0131nda qeyd edib.<\/p>\n<p>\u201cDavos \u0130qtisadi Forumu \u00e7\u0259r\u00e7iv\u0259sind\u0259 Beyn\u0259lxalq Standartla\u015fd\u0131rma T\u0259\u015fkilat\u0131n\u0131n (ISO) ba\u015f katibi Serxio Muxika il\u0259 qlobal \u00e7a\u011f\u0131r\u0131\u015flara adekvat h\u0259ll\u0259ri t\u0259min ed\u0259n standartlar\u0131n t\u0259tbiqi, \u00f6lk\u0259mizd\u0259 y\u00fcks\u0259k keyfiyy\u0259tli ekoloji m\u00fchitin d\u0259st\u0259kl\u0259nm\u0259si \u00fczr\u0259 t\u0259\u015f\u0259bb\u00fcsl\u0259r,<\/p>\n<p>Az\u0259rbaycanda ke\u00e7iril\u0259c\u0259k COP29 t\u0259dbiri \u00e7\u0259r\u00e7iv\u0259sind\u0259 \u0259m\u0259kda\u015fl\u0131q v\u0259 beyn\u0259lxalq standartlar ictimaiyy\u0259ti \u00fc\u00e7\u00fcn etibarl\u0131 proqram\u0131n haz\u0131rlanmas\u0131 \u00fczr\u0259 t\u0259r\u0259fda\u015f t\u0259\u015fkilatlarla i\u015fbirliyi bar\u0259d\u0259 m\u00fczakir\u0259l\u0259r apard\u0131q\u201d, &#8211; iqtisadiyyat naziri bildirib.<\/p>\n<div><iframe loading=\"lazy\" src=\"https:\/\/www.facebook.com\/plugins\/post.php?href=https%3A%2F%2Fwww.facebook.com%2FJabbarovMikayil%2Fposts%2Fpfbid0372m4bNn1ZJuKsQk2oQneGpecLm8EWPQnry4LjyadGB2NnH78JTL3esKBqX7RUgncl&amp;show_text=true&amp;width=500\" width=\"500\" height=\"607\" frameborder=\"0\" scrolling=\"no\" allowfullscreen=\"allowfullscreen\" data-mce-fragment=\"1\"><\/iframe><\/div>\n<p><strong>09:07<\/strong><\/p>\n<p>\u201cDavos \u0130qtisadi Forumu \u00e7\u0259r\u00e7iv\u0259sind\u0259 \u201cJapan Tobacco International\u201d \u015firk\u0259tinin prezidenti v\u0259 ba\u015f icra\u00e7\u0131 direktoru Eddi Pirard v\u0259 beyn\u0259lxalq \u0259laq\u0259l\u0259r \u00fczr\u0259 direktoru Ana Velykovi\u00e7 il\u0259 g\u00f6r\u00fc\u015fd\u0259 \u015firk\u0259tin \u00f6lk\u0259mizl\u0259 ikit\u0259r\u0259fli \u0259m\u0259kda\u015fl\u0131\u011f\u0131 bar\u0259d\u0259 dan\u0131\u015fd\u0131q\u201d.<\/p>\n<p>Bu bar\u0259d\u0259 iqtisadiyyat naziri Mikay\u0131l Cabbarov \u00f6z \u201cX\u201d hesab\u0131ndak\u0131 payla\u015f\u0131m\u0131nda qeyd edib.<\/p>\n<p>Bildirilib ki, g\u00f6r\u00fc\u015fd\u0259 Az\u0259rbaycan\u0131n COP29 t\u0259dbirin\u0259 ev sahibliyi \u00e7\u0259r\u00e7iv\u0259sind\u0259 n\u0259z\u0259rd\u0259 tutulmu\u015f i\u015fl\u0259r, h\u0259m\u00e7inin \u00f6z\u0259l sektorun COP29-un f\u0259aliyy\u0259tin\u0259 c\u0259lb olunmas\u0131 bar\u0259d\u0259 fikir m\u00fcbadil\u0259si apar\u0131l\u0131b.<\/p>\n<div>\n<div class=\"twitter-tweet twitter-tweet-rendered\"><iframe id=\"twitter-widget-3\" class=\"\" title=\"X Post\" src=\"https:\/\/platform.twitter.com\/embed\/Tweet.html?creatorScreenName=oxuaz&amp;dnt=false&amp;embedId=twitter-widget-3&amp;features=eyJ0ZndfdGltZWxpbmVfbGlzdCI6eyJidWNrZXQiOltdLCJ2ZXJzaW9uIjpudWxsfSwidGZ3X2ZvbGxvd2VyX2NvdW50X3N1bnNldCI6eyJidWNrZXQiOnRydWUsInZlcnNpb24iOm51bGx9LCJ0ZndfdHdlZXRfZWRpdF9iYWNrZW5kIjp7ImJ1Y2tldCI6Im9uIiwidmVyc2lvbiI6bnVsbH0sInRmd19yZWZzcmNfc2Vzc2lvbiI6eyJidWNrZXQiOiJvbiIsInZlcnNpb24iOm51bGx9LCJ0ZndfZm9zbnJfc29mdF9pbnRlcnZlbnRpb25zX2VuYWJsZWQiOnsiYnVja2V0Ijoib24iLCJ2ZXJzaW9uIjpudWxsfSwidGZ3X21peGVkX21lZGlhXzE1ODk3Ijp7ImJ1Y2tldCI6InRyZWF0bWVudCIsInZlcnNpb24iOm51bGx9LCJ0ZndfZXhwZXJpbWVudHNfY29va2llX2V4cGlyYXRpb24iOnsiYnVja2V0IjoxMjA5NjAwLCJ2ZXJzaW9uIjpudWxsfSwidGZ3X3Nob3dfYmlyZHdhdGNoX3Bpdm90c19lbmFibGVkIjp7ImJ1Y2tldCI6Im9uIiwidmVyc2lvbiI6bnVsbH0sInRmd19kdXBsaWNhdGVfc2NyaWJlc190b19zZXR0aW5ncyI6eyJidWNrZXQiOiJvbiIsInZlcnNpb24iOm51bGx9LCJ0ZndfdXNlX3Byb2ZpbGVfaW1hZ2Vfc2hhcGVfZW5hYmxlZCI6eyJidWNrZXQiOiJvbiIsInZlcnNpb24iOm51bGx9LCJ0ZndfdmlkZW9faGxzX2R5bmFtaWNfbWFuaWZlc3RzXzE1MDgyIjp7ImJ1Y2tldCI6InRydWVfYml0cmF0ZSIsInZlcnNpb24iOm51bGx9LCJ0ZndfbGVnYWN5X3RpbWVsaW5lX3N1bnNldCI6eyJidWNrZXQiOnRydWUsInZlcnNpb24iOm51bGx9LCJ0ZndfdHdlZXRfZWRpdF9mcm9udGVuZCI6eyJidWNrZXQiOiJvbiIsInZlcnNpb24iOm51bGx9fQ%3D%3D&amp;frame=false&amp;hideCard=false&amp;hideThread=false&amp;id=1747498057808191612&amp;lang=en&amp;origin=https%3A%2F%2Foxu.az%2Fpolitics%2F827598&amp;sessionId=85c31adca53be626ef9fd5af9eafd6a6f8806b74&amp;siteScreenName=oxuaz&amp;theme=light&amp;widgetsVersion=2615f7e52b7e0%3A1702314776716&amp;width=550px\" frameborder=\"0\" scrolling=\"no\" allowfullscreen=\"allowfullscreen\" data-tweet-id=\"1747498057808191612\" data-mce-fragment=\"1\"><\/iframe><\/div>\n<\/div>\n<p>&nbsp;<\/p>\n","protected":false},"excerpt":{"rendered":"<p>\u0130qtisadiyyat naziri Mikay\u0131l Cabbarov Davos \u0130qtisadi Forumu \u00e7\u0259r\u00e7iv\u0259sind\u0259 Vestas Wind Systems A\/S\u201d \u015firk\u0259tinin vitse-prezidenti Morten Dirholm il\u0259 g\u00f6r\u00fc\u015f\u00fcb. Bununla ba\u011fl\u0131 Mikay\u0131l Cabbarov \u00f6z \u201cFacebook\u201d hesab\u0131ndak\u0131 payla\u015f\u0131m\u0131nda qeyd edib. \u201cMorten Dirholm il\u0259 dayan\u0131ql\u0131 enerji m\u0259nb\u0259l\u0259rind\u0259n s\u0259m\u0259r\u0259li istifad\u0259nin iqlim d\u0259yi\u015fiklikl\u0259ri \u015f\u0259raitind\u0259 \u0259h\u0259miyy\u0259tinin artd\u0131\u011f\u0131n\u0131 vur\u011fulad\u0131q, \u00f6lk\u0259mizd\u0259 h\u0259yata ke\u00e7iril\u0259n alternativ enerji layih\u0259l\u0259ri, ya\u015f\u0131l texnologiyalar\u0131n t\u0259tbiqi v\u0259 k\u00fcl\u0259k enerjisind\u0259n istifad\u0259 istiqam\u0259tind\u0259 \u015firk\u0259tl\u0259 \u0259m\u0259kda\u015fl\u0131q imkanlar\u0131n\u0131 m\u00fczakir\u0259 etdik\u201d, &#8211; iqtisadiyyat naziri bildirib. 16:41 \u0130qtisadiyyat naziri Mikay\u0131l Cabbarov Davos \u0130qtisadi Forumu \u00e7\u0259r\u00e7iv\u0259sind\u0259 \u201cTikTok\u201d \u015firk\u0259tinin vitse-prezidenti Helena Ler\u015f il\u0259 g\u00f6r\u00fc\u015f\u00fcb. Bu bar\u0259d\u0259 Mikay\u0131l Cabbarov \u00f6z \u201cX\u201d hesab\u0131ndak\u0131 payla\u015f\u0131m\u0131nda qeyd&hellip;<\/p>\n","protected":false},"author":2,"featured_media":680792,"comment_status":"closed","ping_status":"closed","sticky":false,"template":"","format":"standard","meta":{"om_disable_all_campaigns":false,"_monsterinsights_skip_tracking":false,"_monsterinsights_sitenote_active":false,"_monsterinsights_sitenote_note":"","_monsterinsights_sitenote_category":0},"categories":[4],"tags":[],"aioseo_notices":[],"gutentor_comment":0,"rttpg_featured_image_url":{"full":["https:\/\/arantv.az\/wp-content\/uploads\/2024\/01\/7aa5a793-78d6-4b12-b5d7-75506ff8d9a4-2.jpg",620,413,false],"landscape":["https:\/\/arantv.az\/wp-content\/uploads\/2024\/01\/7aa5a793-78d6-4b12-b5d7-75506ff8d9a4-2.jpg",620,413,false],"portraits":["https:\/\/arantv.az\/wp-content\/uploads\/2024\/01\/7aa5a793-78d6-4b12-b5d7-75506ff8d9a4-2.jpg",620,413,false],"thumbnail":["https:\/\/arantv.az\/wp-content\/uploads\/2024\/01\/7aa5a793-78d6-4b12-b5d7-75506ff8d9a4-2-500x280.jpg",500,280,true],"medium":["https:\/\/arantv.az\/wp-content\/uploads\/2024\/01\/7aa5a793-78d6-4b12-b5d7-75506ff8d9a4-2-548x365.jpg",548,365,true],"large":["https:\/\/arantv.az\/wp-content\/uploads\/2024\/01\/7aa5a793-78d6-4b12-b5d7-75506ff8d9a4-2.jpg",620,413,false],"1536x1536":["https:\/\/arantv.az\/wp-content\/uploads\/2024\/01\/7aa5a793-78d6-4b12-b5d7-75506ff8d9a4-2.jpg",620,413,false],"2048x2048":["https:\/\/arantv.az\/wp-content\/uploads\/2024\/01\/7aa5a793-78d6-4b12-b5d7-75506ff8d9a4-2.jpg",620,413,false],"post-thumbnail":["https:\/\/arantv.az\/wp-content\/uploads\/2024\/01\/7aa5a793-78d6-4b12-b5d7-75506ff8d9a4-2-240x172.jpg",240,172,true],"advps-thumb-one":["https:\/\/arantv.az\/wp-content\/uploads\/2024\/01\/7aa5a793-78d6-4b12-b5d7-75506ff8d9a4-2.jpg",620,413,false]},"rttpg_author":{"display_name":"V\u00fcsal Rafiqo\u011flu","author_link":"https:\/\/arantv.az\/?author=2"},"rttpg_comment":0,"rttpg_category":"<a href=\"https:\/\/arantv.az\/?cat=4\" rel=\"category\">Siyas\u0259t<\/a>","rttpg_excerpt":"\u0130qtisadiyyat naziri Mikay\u0131l Cabbarov Davos \u0130qtisadi Forumu \u00e7\u0259r\u00e7iv\u0259sind\u0259 Vestas Wind Systems A\/S\u201d \u015firk\u0259tinin vitse-prezidenti Morten Dirholm il\u0259 g\u00f6r\u00fc\u015f\u00fcb. Bununla ba\u011fl\u0131 Mikay\u0131l Cabbarov \u00f6z \u201cFacebook\u201d hesab\u0131ndak\u0131 payla\u015f\u0131m\u0131nda qeyd edib. \u201cMorten Dirholm il\u0259 dayan\u0131ql\u0131 enerji m\u0259nb\u0259l\u0259rind\u0259n s\u0259m\u0259r\u0259li istifad\u0259nin iqlim d\u0259yi\u015fiklikl\u0259ri \u015f\u0259raitind\u0259 \u0259h\u0259miyy\u0259tinin artd\u0131\u011f\u0131n\u0131 vur\u011fulad\u0131q, \u00f6lk\u0259mizd\u0259 h\u0259yata ke\u00e7iril\u0259n alternativ enerji layih\u0259l\u0259ri, ya\u015f\u0131l texnologiyalar\u0131n t\u0259tbiqi v\u0259 k\u00fcl\u0259k enerjisind\u0259n istifad\u0259&hellip;","_links":{"self":[{"href":"https:\/\/arantv.az\/index.php?rest_route=\/wp\/v2\/posts\/680789"}],"collection":[{"href":"https:\/\/arantv.az\/index.php?rest_route=\/wp\/v2\/posts"}],"about":[{"href":"https:\/\/arantv.az\/index.php?rest_route=\/wp\/v2\/types\/post"}],"author":[{"embeddable":true,"href":"https:\/\/arantv.az\/index.php?rest_route=\/wp\/v2\/users\/2"}],"replies":[{"embeddable":true,"href":"https:\/\/arantv.az\/index.php?rest_route=%2Fwp%2Fv2%2Fcomments&post=680789"}],"version-history":[{"count":0,"href":"https:\/\/arantv.az\/index.php?rest_route=\/wp\/v2\/posts\/680789\/revisions"}],"wp:featuredmedia":[{"embeddable":true,"href":"https:\/\/arantv.az\/index.php?rest_route=\/wp\/v2\/media\/680792"}],"wp:attachment":[{"href":"https:\/\/arantv.az\/index.php?rest_route=%2Fwp%2Fv2%2Fmedia&parent=680789"}],"wp:term":[{"taxonomy":"category","embeddable":true,"href":"https:\/\/arantv.az\/index.php?rest_route=%2Fwp%2Fv2%2Fcategories&post=680789"},{"taxonomy":"post_tag","embeddable":true,"href":"https:\/\/arantv.az\/index.php?rest_route=%2Fwp%2Fv2%2Ftags&post=680789"}],"curies":[{"name":"wp","href":"https:\/\/api.w.org\/{rel}","templated":true}]}}