{"id":680798,"date":"2024-01-17T17:48:13","date_gmt":"2024-01-17T13:48:13","guid":{"rendered":"https:\/\/arantv.az\/?p=680798"},"modified":"2024-01-17T17:48:13","modified_gmt":"2024-01-17T13:48:13","slug":"fransa-senatinin-az%c9%99rbaycana-qarsi-q%c9%99bul-etdiyi-q%c9%99tnam%c9%99-kagiz-parcasidir-r%c9%99y-foto","status":"publish","type":"post","link":"https:\/\/arantv.az\/?p=680798","title":{"rendered":"\u201cFransa Senat\u0131n\u0131n Az\u0259rbaycana qar\u015f\u0131 q\u0259bul etdiyi q\u0259tnam\u0259 ka\u011f\u0131z par\u00e7as\u0131d\u0131r\u201d &#8211; R\u018fY + FOTO"},"content":{"rendered":"<p>Milli M\u0259clisin deputat\u0131 Az\u0259r Badamov Fransa Senat\u0131n\u0131n Az\u0259rbaycana qar\u015f\u0131 q\u0259bul etdiyi q\u0259tnam\u0259nin \u00f6z divarlar\u0131ndan k\u0259nara \u00e7\u0131xmayaca\u011f\u0131n\u0131 bildirib.<\/p>\n<p>O, \u201cReport\u201da a\u00e7\u0131qlamas\u0131nda deyib ki, Fransa d\u00f6vl\u0259ti erm\u0259nil\u0259rin \u0259lind\u0259 al\u0259t\u0259 \u00e7evrilib:<\/p>\n<p>\u201cOna g\u00f6r\u0259 d\u0259, erm\u0259nil\u0259rin xo\u015funa g\u0259lm\u0259k \u00fc\u00e7\u00fcn erm\u0259nid\u0259n \u00e7ox erm\u0259nilik ed\u0259r\u0259k Az\u0259rbaycana qar\u015f\u0131 q\u0259tnam\u0259l\u0259r q\u0259bul edir, q\u0259r\u0259zli fikirl\u0259r s\u00f6yl\u0259yir, Nat\u0259van\u0131n abid\u0259sin\u0259 qa\u015f\u0131 vandall\u0131q edir. \u00d6z tarixi m\u00fcst\u0259ml\u0259k\u0259\u00e7ilik, q\u0131r\u011f\u0131nlar, insanlar\u0131n istismar\u0131 v\u0259 islamofob siyas\u0259ti il\u0259 z\u0259ngin olan bu d\u00f6vl\u0259tin Az\u0259rbaycanla ba\u011fl\u0131 h\u0259r hans\u0131 bir q\u0259tnam\u0259 q\u0259bul etm\u0259y\u0259 \u00fcmumiyy\u0259tl\u0259 haqq\u0131 yoxdur. Fransa Senat\u0131 \u0259vv\u0259ll\u0259r d\u0259 Az\u0259rbaycana qar\u015f\u0131 q\u0259r\u0259zli q\u0259tnam\u0259l\u0259r q\u0259bul edib. Amma onlar\u0131n q\u0259bul etdikl\u0259ri q\u0259tnam\u0259l\u0259r bizim \u00fc\u00e7\u00fcn laz\u0131ms\u0131z bir ka\u011f\u0131z par\u00e7as\u0131ndan ba\u015fqa bir \u015fey olmay\u0131b. \u00c7\u00fcnki bu d\u00f6vl\u0259tin ba\u015f\u0131nda dayananlar ciddi \u015f\u0259xsl\u0259r deyill\u0259r. O c\u00fcml\u0259d\u0259n onlar\u0131n q\u0259bul etdikl\u0259ri ka\u011f\u0131z par\u00e7alar\u0131 da ancaq el\u0259 Senat\u0131n divarlar\u0131 aras\u0131ndan k\u0259nara \u00e7\u0131xmayacaq\u201d.<\/p>\n<p>A.Badamov xat\u0131rlad\u0131b ki, q\u0259tnam\u0259d\u0259 \u201cErm\u0259nistan Respublikas\u0131n\u0131n \u0259razi b\u00fct\u00f6vl\u00fcy\u00fc\u201d h\u0259m\u00e7inin Erm\u0259nistana m\u00fcdafi\u0259 qabiliyy\u0259tini art\u0131rmas\u0131, \u0259razi b\u00fct\u00f6vl\u00fcy\u00fcn\u0259 qar\u015f\u0131 t\u0259hdidl\u0259rin qar\u015f\u0131s\u0131n\u0131 ala bilm\u0259si \u00fc\u00e7\u00fcn z\u0259ruri vasit\u0259l\u0259r, o c\u00fcml\u0259d\u0259n h\u0259rbi d\u0259st\u0259k verilm\u0259sin\u0259 \u00e7a\u011f\u0131r\u0131r:<\/p>\n<p>\u201cBu g\u00fcn Erm\u0259nistan Az\u0259rbaycan\u0131n 8 k\u0259ndini i\u015f\u011fal alt\u0131nda saxlay\u0131r. Az\u0259rbaycan Ordusu is\u0259 \u015f\u0259rti s\u0259rh\u0259d hesab olunan \u0259razid\u0259 m\u00f6hk\u0259ml\u0259nib. \u018fg\u0259r Fransa Az\u0259rbaycan Ordusunun Erm\u0259nistan \u0259razisind\u0259 oldu\u011funu hesab edirs\u0259, bunu m\u00fc\u0259yy\u0259nl\u0259\u015fdirm\u0259k \u00fc\u00e7\u00fcn \u00e7\u0259tinlik yoxdur. Bunun \u00fc\u00e7\u00fcn Cenevr\u0259d\u0259 arxivd\u0259 saxlan\u0131lan Az\u0259rbaycan Xalq C\u00fcmhuriyy\u0259tinin v\u0259 Erm\u0259nistan\u0131n sovetl\u0259r t\u0259rkibin\u0259 daxil oldu\u011fu vaxtda hans\u0131 \u0259razil\u0259r\u0259 malik olmas\u0131n\u0131 g\u00f6st\u0259r\u0259n x\u0259rit\u0259l\u0259ri a\u00e7\u0131b yax\u015f\u0131 baxs\u0131nlar. Ke\u00e7mi\u015f m\u00fctt\u0259fiq respublikalar sovetl\u0259rin t\u0259rkibin\u0259 hans\u0131 \u0259razil\u0259rl\u0259 daxil olublarsa, sovetl\u0259r da\u011f\u0131landan sonra da h\u0259min \u0259razil\u0259rl\u0259 ayr\u0131lmal\u0131d\u0131rlar\u201d.<\/p>\n<p>&nbsp;<\/p>\n<div class=\"gallery\">\n<div class=\"gallery-i\"><img src=\"https:\/\/cdn.oxu.az\/uploads\/W1siZiIsIjIwMjQvMDEvMTcvMTUvNTUvMzQvZjhhZGQwNDEtMTU5MC00YWIyLWFhYTEtMjVlMjcwODE0YzI5LzdjYWFjODJmLTY1NWUtMzE3Yi05YmQxLTg4OTY1YTE1MGM3NS5qcGciXSxbInAiLCJlbmNvZGUiLCJqcGciLCItcXVhbGl0eSA4MCJdLFsicCIsInRodW1iIiwiNTkweDU5MFx1MDAzZSJdXQ?sha=7c095803d3e87875\" alt=\"\" \/><\/p>\n<div class=\"gallery-i-caption\"><\/div>\n<\/div>\n<\/div>\n<p>Milli M\u0259clisin deputat\u0131 vur\u011fulay\u0131b ki, q\u0259tnam\u0259ni haz\u0131rlayan senatorlar Az\u0259rbaycan\u0131n \u00f6t\u0259n il sentyabr\u0131n 19-20-d\u0259 Qaraba\u011fda h\u0259yata ke\u00e7irdiyi h\u0259rbi \u0259m\u0259liyyat\u0131n \u201chumanitar faci\u0259 v\u0259 \u0259sl etnik t\u0259mizl\u0259m\u0259\u201d il\u0259 n\u0259tic\u0259l\u0259ndiyini, Az\u0259rbaycan\u0131n Qaraba\u011fda erm\u0259ni m\u0259d\u0259ni irsini m\u0259hv etm\u0259y\u0259 \u00e7al\u0131\u015fd\u0131\u011f\u0131n\u0131 qeyd edirl\u0259r:<\/p>\n<p>\u201cFransa senatorlar\u0131 yax\u015f\u0131 bilirl\u0259r ki, Qaraba\u011fdan \u00e7\u0131xan erm\u0259nil\u0259r\u0259 qar\u015f\u0131 he\u00e7 bir etnik t\u0259mizl\u0259nm\u0259 apar\u0131lmay\u0131b. Onlar k\u00f6n\u00fcll\u00fc \u015f\u0259kild\u0259 \u0259razil\u0259rimizi t\u0259rk edibl\u0259r v\u0259 Az\u0259rbaycan\u0131n v\u0259t\u0259nda\u015fl\u0131\u011f\u0131n\u0131 q\u0259bul edib ya\u015famaq t\u0259klifl\u0259rin\u0259 m\u0259h\u0259l qoymadan gedibl\u0259r. O c\u00fcml\u0259d\u0259n BMT missiyas\u0131 iki d\u0259f\u0259 Qaraba\u011fa s\u0259f\u0259r ed\u0259r\u0259k etnik t\u0259mizl\u0259m\u0259 il\u0259 ba\u011fl\u0131 h\u0259r hans\u0131 bir fakt\u0131n m\u00fc\u0259yy\u0259n olunmad\u0131\u011f\u0131n\u0131 qeyd edib. \u018fsl etnik t\u0259mizl\u0259m\u0259 is\u0259 1988-ci ild\u0259 Erm\u0259nistanda ya\u015fayan 300 min az\u0259rbaycanl\u0131ya qar\u015f\u0131 t\u00f6r\u0259dilib. Onlar g\u00fcc yolu il\u0259 \u00f6z ata yurdlar\u0131ndan deportasiya olunublar. Eyni zamanda \u00f6t\u0259n \u0259srin 90-c\u0131 ill\u0259rinin \u0259vv\u0259ll\u0259rind\u0259 Qaraba\u011f torpaqlar\u0131n\u0131 i\u015f\u011fal ed\u0259rk\u0259n dinc insanlara qar\u015f\u0131 soyq\u0131r\u0131mlar t\u00f6r\u0259d\u0259n, onlar\u0131n milli-m\u0259d\u0259ni, dini d\u0259y\u0259rl\u0259rini m\u0259hv ed\u0259r\u0259k t\u0259hqir ed\u0259n Erm\u0259nistan olub. Az\u0259rbaycanl\u0131lara qar\u015f\u0131 bu soyq\u0131r\u0131mlar v\u0259 etnik t\u0259mizl\u0259m\u0259l\u0259r h\u0259yata ke\u00e7iril\u0259nd\u0259 frans\u0131zlar\u0131n g\u00f6zl\u0259ri kor idi, g\u00f6rm\u00fcrd\u00fcl\u0259r? Bu g\u00fcn Q\u0259rbi Az\u0259rbaycanda, \u0130r\u0259vanda az\u0259rbaycanl\u0131lara m\u0259xsus m\u0259d\u0259ni irsin m\u0259hv edilm\u0259si v\u0259 tarixin saxtala\u015fd\u0131r\u0131lmas\u0131n\u0131 fransal\u0131 senatorlar g\u00f6rm\u00fcrl\u0259r? T\u0259bii ki, h\u0259r \u015feyi g\u00f6r\u00fcrl\u0259r, sad\u0259c\u0259 onlar m\u00fcs\u0259lmanlar\u0131 \u0259zm\u0259y\u0259 \u00f6yr\u0259\u015fibl\u0259r. Amma Az\u0259rbaycan\u0131 dig\u0259rl\u0259ri il\u0259 eynil\u0259\u015fdirm\u0259sinl\u0259r. Bu g\u00fcn Az\u0259rbaycan d\u00f6vl\u0259ti \u00f6z \u0259dal\u0259tli m\u00f6vqeyini m\u00fcdafi\u0259 ed\u0259 bil\u0259n \u00f6lk\u0259dir v\u0259 \u00f6lk\u0259miz\u0259 qar\u015f\u0131 h\u0259yata ke\u00e7iril\u0259n h\u0259r bir t\u0259xribata ciddi cavab\u0131m\u0131z olacaq\u201d.<\/p>\n<p>A.Badamov qeyd edib ki, Fransa Senat\u0131n\u0131n yanvar\u0131n 17-si Az\u0259rbaycan\u0131n \u00f6t\u0259n ilin sentyabr ay\u0131nda Qaraba\u011fda ke\u00e7irdiyi \u0259m\u0259liyyat\u0131 pisl\u0259y\u0259n, Az\u0259rbaycan r\u0259smil\u0259rin\u0259 qar\u015f\u0131 Avropa \u0130ttifaq\u0131 s\u0259viyy\u0259sind\u0259 sanksiyalara \u00e7a\u011f\u0131ran q\u0259tnam\u0259 layih\u0259sini s\u0259sverm\u0259y\u0259 \u00e7\u0131xaraca\u011f\u0131 g\u00f6zl\u0259nilir:<\/p>\n<p>\u201cFransan\u0131n bu add\u0131m\u0131 da ondan \u0259vv\u0259lki h\u0259r\u0259k\u0259tl\u0259ri kimi iflasa u\u011frayacaq. Fransa bundan \u0259vv\u0259l d\u0259 5 d\u0259f\u0259 BMT T\u015e-d\u0259 Az\u0259rbaycana qar\u015f\u0131 q\u0259tnam\u0259l\u0259r q\u0259bul edilm\u0259si il\u0259 ba\u011fl\u0131 m\u0259s\u0259l\u0259ni g\u00fcnd\u0259liy\u0259 \u00e7\u0131xarm\u0131\u015fd\u0131. Amma h\u0259r d\u0259f\u0259 biab\u0131rcas\u0131na m\u0259s\u0259l\u0259ni geri \u00e7\u0259km\u0259y\u0259 m\u0259cbur olmu\u015fdu. Ona g\u00f6r\u0259 d\u0259 Avropa \u0130ttifaq\u0131na \u00e7\u0131xar\u0131lacaq m\u0259s\u0259l\u0259 d\u0259 ayaq tutub yerim\u0259y\u0259c\u0259k. Bu g\u00fcn Avropa \u0130ttifaq\u0131na daxil olan 9 \u00f6lk\u0259 il\u0259 Az\u0259rbaycan\u0131n ikit\u0259r\u0259fli strateji \u0259m\u0259kda\u015fl\u0131q haqq\u0131nda m\u00fcqavil\u0259l\u0259ri var. O c\u00fcml\u0259d\u0259n Az\u0259rbaycan qaz\u0131 Avropa \u0130ttifaq\u0131n\u0131n enerji t\u0259hl\u00fck\u0259sizliyinin t\u0259minat\u0131nda h\u0259yati rol oynay\u0131r. Bu bax\u0131mdan Fransan\u0131n Az\u0259rbaycana qar\u015f\u0131 olan \u00e7irkin niyy\u0259tl\u0259ri onlar\u0131n yaln\u0131z \u00f6z \u00fcr\u0259kl\u0259rind\u0259 qalacaq. Fransa Senat\u0131 \u00f6zl\u0259rinin q\u0259bul etdikl\u0259ri ka\u011f\u0131z par\u00e7alar\u0131n\u0131n d\u0259y\u0259rsiz oldu\u011funu \u00f6zl\u0259ri d\u0259 bilirl\u0259r. Bu, sad\u0259c\u0259 onlar\u0131n Az\u0259rbaycana qar\u015f\u0131 q\u0259r\u0259zinin v\u0259 d\u00fc\u015fm\u0259n\u00e7iliyinin ifad\u0259sinin bir formas\u0131 oldu\u011funu hesab edir\u0259m. Fransa Senat\u0131 Az\u0259rbaycanla bir m\u0259s\u0259l\u0259ni m\u00fczakir\u0259 ed\u0259nd\u0259 sad\u0259c\u0259 \u00e7evrilib \u00f6z ke\u00e7mi\u015fin\u0259 baxs\u0131n v\u0259 sonra q\u0259tnam\u0259l\u0259r q\u0259bul etsin\u201d.<\/p>\n<p>Qeyd ed\u0259k ki, Fransa Senat\u0131 h\u00f6kum\u0259tin Az\u0259rbaycana qar\u015f\u0131 sanksiya t\u0259tbiq etm\u0259si \u00fc\u00e7\u00fcn q\u0259tnam\u0259 q\u0259bul edib.<\/p>\n","protected":false},"excerpt":{"rendered":"<p>Milli M\u0259clisin deputat\u0131 Az\u0259r Badamov Fransa Senat\u0131n\u0131n Az\u0259rbaycana qar\u015f\u0131 q\u0259bul etdiyi q\u0259tnam\u0259nin \u00f6z divarlar\u0131ndan k\u0259nara \u00e7\u0131xmayaca\u011f\u0131n\u0131 bildirib. O, \u201cReport\u201da a\u00e7\u0131qlamas\u0131nda deyib ki, Fransa d\u00f6vl\u0259ti erm\u0259nil\u0259rin \u0259lind\u0259 al\u0259t\u0259 \u00e7evrilib: \u201cOna g\u00f6r\u0259 d\u0259, erm\u0259nil\u0259rin xo\u015funa g\u0259lm\u0259k \u00fc\u00e7\u00fcn erm\u0259nid\u0259n \u00e7ox erm\u0259nilik ed\u0259r\u0259k Az\u0259rbaycana qar\u015f\u0131 q\u0259tnam\u0259l\u0259r q\u0259bul edir, q\u0259r\u0259zli fikirl\u0259r s\u00f6yl\u0259yir, Nat\u0259van\u0131n abid\u0259sin\u0259 qa\u015f\u0131 vandall\u0131q edir. \u00d6z tarixi m\u00fcst\u0259ml\u0259k\u0259\u00e7ilik, q\u0131r\u011f\u0131nlar, insanlar\u0131n istismar\u0131 v\u0259 islamofob siyas\u0259ti il\u0259 z\u0259ngin olan bu d\u00f6vl\u0259tin Az\u0259rbaycanla ba\u011fl\u0131 h\u0259r hans\u0131 bir q\u0259tnam\u0259 q\u0259bul etm\u0259y\u0259 \u00fcmumiyy\u0259tl\u0259 haqq\u0131 yoxdur. Fransa Senat\u0131 \u0259vv\u0259ll\u0259r d\u0259 Az\u0259rbaycana qar\u015f\u0131 q\u0259r\u0259zli q\u0259tnam\u0259l\u0259r q\u0259bul edib. Amma onlar\u0131n q\u0259bul&hellip;<\/p>\n","protected":false},"author":2,"featured_media":680799,"comment_status":"closed","ping_status":"closed","sticky":false,"template":"","format":"standard","meta":{"om_disable_all_campaigns":false,"_monsterinsights_skip_tracking":false,"_monsterinsights_sitenote_active":false,"_monsterinsights_sitenote_note":"","_monsterinsights_sitenote_category":0},"categories":[4],"tags":[],"aioseo_notices":[],"gutentor_comment":0,"rttpg_featured_image_url":{"full":["https:\/\/arantv.az\/wp-content\/uploads\/2024\/01\/26dff485-0cfe-333b-8069-a0ce1c26f9b7_850.jpg",620,413,false],"landscape":["https:\/\/arantv.az\/wp-content\/uploads\/2024\/01\/26dff485-0cfe-333b-8069-a0ce1c26f9b7_850.jpg",620,413,false],"portraits":["https:\/\/arantv.az\/wp-content\/uploads\/2024\/01\/26dff485-0cfe-333b-8069-a0ce1c26f9b7_850.jpg",620,413,false],"thumbnail":["https:\/\/arantv.az\/wp-content\/uploads\/2024\/01\/26dff485-0cfe-333b-8069-a0ce1c26f9b7_850-500x280.jpg",500,280,true],"medium":["https:\/\/arantv.az\/wp-content\/uploads\/2024\/01\/26dff485-0cfe-333b-8069-a0ce1c26f9b7_850-548x365.jpg",548,365,true],"large":["https:\/\/arantv.az\/wp-content\/uploads\/2024\/01\/26dff485-0cfe-333b-8069-a0ce1c26f9b7_850.jpg",620,413,false],"1536x1536":["https:\/\/arantv.az\/wp-content\/uploads\/2024\/01\/26dff485-0cfe-333b-8069-a0ce1c26f9b7_850.jpg",620,413,false],"2048x2048":["https:\/\/arantv.az\/wp-content\/uploads\/2024\/01\/26dff485-0cfe-333b-8069-a0ce1c26f9b7_850.jpg",620,413,false],"post-thumbnail":["https:\/\/arantv.az\/wp-content\/uploads\/2024\/01\/26dff485-0cfe-333b-8069-a0ce1c26f9b7_850-240x172.jpg",240,172,true],"advps-thumb-one":["https:\/\/arantv.az\/wp-content\/uploads\/2024\/01\/26dff485-0cfe-333b-8069-a0ce1c26f9b7_850.jpg",620,413,false]},"rttpg_author":{"display_name":"V\u00fcsal Rafiqo\u011flu","author_link":"https:\/\/arantv.az\/?author=2"},"rttpg_comment":0,"rttpg_category":"<a href=\"https:\/\/arantv.az\/?cat=4\" rel=\"category\">Siyas\u0259t<\/a>","rttpg_excerpt":"Milli M\u0259clisin deputat\u0131 Az\u0259r Badamov Fransa Senat\u0131n\u0131n Az\u0259rbaycana qar\u015f\u0131 q\u0259bul etdiyi q\u0259tnam\u0259nin \u00f6z divarlar\u0131ndan k\u0259nara \u00e7\u0131xmayaca\u011f\u0131n\u0131 bildirib. O, \u201cReport\u201da a\u00e7\u0131qlamas\u0131nda deyib ki, Fransa d\u00f6vl\u0259ti erm\u0259nil\u0259rin \u0259lind\u0259 al\u0259t\u0259 \u00e7evrilib: \u201cOna g\u00f6r\u0259 d\u0259, erm\u0259nil\u0259rin xo\u015funa g\u0259lm\u0259k \u00fc\u00e7\u00fcn erm\u0259nid\u0259n \u00e7ox erm\u0259nilik ed\u0259r\u0259k Az\u0259rbaycana qar\u015f\u0131 q\u0259tnam\u0259l\u0259r q\u0259bul edir, q\u0259r\u0259zli fikirl\u0259r s\u00f6yl\u0259yir, Nat\u0259van\u0131n abid\u0259sin\u0259 qa\u015f\u0131 vandall\u0131q edir. \u00d6z tarixi m\u00fcst\u0259ml\u0259k\u0259\u00e7ilik,&hellip;","_links":{"self":[{"href":"https:\/\/arantv.az\/index.php?rest_route=\/wp\/v2\/posts\/680798"}],"collection":[{"href":"https:\/\/arantv.az\/index.php?rest_route=\/wp\/v2\/posts"}],"about":[{"href":"https:\/\/arantv.az\/index.php?rest_route=\/wp\/v2\/types\/post"}],"author":[{"embeddable":true,"href":"https:\/\/arantv.az\/index.php?rest_route=\/wp\/v2\/users\/2"}],"replies":[{"embeddable":true,"href":"https:\/\/arantv.az\/index.php?rest_route=%2Fwp%2Fv2%2Fcomments&post=680798"}],"version-history":[{"count":0,"href":"https:\/\/arantv.az\/index.php?rest_route=\/wp\/v2\/posts\/680798\/revisions"}],"wp:featuredmedia":[{"embeddable":true,"href":"https:\/\/arantv.az\/index.php?rest_route=\/wp\/v2\/media\/680799"}],"wp:attachment":[{"href":"https:\/\/arantv.az\/index.php?rest_route=%2Fwp%2Fv2%2Fmedia&parent=680798"}],"wp:term":[{"taxonomy":"category","embeddable":true,"href":"https:\/\/arantv.az\/index.php?rest_route=%2Fwp%2Fv2%2Fcategories&post=680798"},{"taxonomy":"post_tag","embeddable":true,"href":"https:\/\/arantv.az\/index.php?rest_route=%2Fwp%2Fv2%2Ftags&post=680798"}],"curies":[{"name":"wp","href":"https:\/\/api.w.org\/{rel}","templated":true}]}}