{"id":680809,"date":"2024-01-17T17:50:31","date_gmt":"2024-01-17T13:50:31","guid":{"rendered":"https:\/\/arantv.az\/?p=680809"},"modified":"2024-01-17T17:50:31","modified_gmt":"2024-01-17T13:50:31","slug":"s%c9%99hiyy%c9%99-nazirliyi-aptekl%c9%99rd%c9%99n-elektron-reseptsiz-d%c9%99rman-almaq-mumkun-olmayacaq","status":"publish","type":"post","link":"https:\/\/arantv.az\/?p=680809","title":{"rendered":"S\u0259hiyy\u0259 Nazirliyi: \u201cAptekl\u0259rd\u0259n elektron reseptsiz d\u0259rman almaq m\u00fcmk\u00fcn olmayacaq\u201d"},"content":{"rendered":"<p>S\u0259hiyy\u0259 Nazirliyinin S\u0259hiyy\u0259nin \u0130nformasiyala\u015fd\u0131r\u0131lmas\u0131 M\u0259rk\u0259zinin \u015f\u00f6b\u0259 m\u00fcdiri K\u0259but\u0259r M\u00f6vs\u00fcml\u00fc bundan sonra aptekl\u0259rd\u0259n elektron reseptsiz d\u0259rman \u0259ld\u0259 etm\u0259yin m\u00fcmk\u00fcn olmayaca\u011f\u0131n\u0131 bildirib.<\/p>\n<p>\u201cReport\u201dun m\u0259lumat\u0131na g\u00f6r\u0259, nazirlik r\u0259smisi deyib ki, elektron reseptd\u0259 yaln\u0131z Tarif \u015euras\u0131n\u0131n t\u0259sdiql\u0259diyi v\u0259 d\u00f6vl\u0259t qeydiyyat\u0131na al\u0131nan d\u0259rman vasit\u0259l\u0259ri qeyd olunacaq.<\/p>\n<p>Onun s\u00f6zl\u0259rin\u0259 g\u00f6r\u0259, elektron resept m\u0259s\u0259l\u0259si d\u00f6vl\u0259t t\u0259r\u0259find\u0259n pulsuz d\u0259rmanlarla t\u0259min olunan m\u00fc\u0259yy\u0259n kateqoriyadan olan v\u0259t\u0259nda\u015flara \u015famil edilm\u0259y\u0259c\u0259k:<\/p>\n<p>\u201cB\u0259zi pasiyentl\u0259r \u00fc\u00e7\u00fcn veril\u0259n reseptl\u0259rd\u0259 2 v\u0259 ya 3 m\u00f6h\u00fcr t\u0259l\u0259b olunur. Bu, elektron reseptd\u0259 d\u0259 saxlan\u0131l\u0131b. Bundan ba\u015fqa, elektron reseptd\u0259 firma d\u0259rmanlar\u0131n\u0131n v\u0259 ya bioloji aktiv qida madd\u0259l\u0259rinin yaz\u0131lmas\u0131 m\u00fcmk\u00fcn olmayacaq\u201d.<\/p>\n<p>Nazirlik r\u0259smisi elektron reseptl\u0259 d\u0259rman al\u0131nmas\u0131 qaydas\u0131na da ayd\u0131nl\u0131q g\u0259tirib:<\/p>\n<p>\u201cMisal olaraq reseptd\u0259 yaz\u0131lan d\u0259rman say\u0131 10 \u0259d\u0259ddir, lakin m\u00fcraci\u0259t etdiyi aptekd\u0259 yaln\u0131z 5 \u0259d\u0259d qal\u0131b. Onda aptekd\u0259 olan q\u0259d\u0259r al\u0131n\u0131r, amma elektron resept aktiv qalacaq v\u0259 v\u0259t\u0259nda\u015f ba\u015fqa \u0259cza\u00e7\u0131l\u0131q m\u00fc\u0259ssis\u0259sin\u0259 m\u00fcraci\u0259t edib d\u0259rman vasit\u0259l\u0259rini ala bil\u0259c\u0259k. Y\u0259ni qalan d\u0259rman say\u0131na g\u00f6r\u0259 yenid\u0259n resept yaz\u0131lmas\u0131na ehtiyac olmayacaq. Onu da n\u0259z\u0259r\u0259 alaq ki, resept oxunu\u015fu \u0259cza\u00e7\u0131lar \u00fc\u00e7\u00fcn m\u00fc\u0259yy\u0259n \u00e7\u0259tinlik yarad\u0131rd\u0131, elektron resept sisteminin t\u0259\u015fkili il\u0259 bu problem arandan qald\u0131r\u0131lm\u0131\u015f oldu\u201d.<\/p>\n","protected":false},"excerpt":{"rendered":"<p>S\u0259hiyy\u0259 Nazirliyinin S\u0259hiyy\u0259nin \u0130nformasiyala\u015fd\u0131r\u0131lmas\u0131 M\u0259rk\u0259zinin \u015f\u00f6b\u0259 m\u00fcdiri K\u0259but\u0259r M\u00f6vs\u00fcml\u00fc bundan sonra aptekl\u0259rd\u0259n elektron reseptsiz d\u0259rman \u0259ld\u0259 etm\u0259yin m\u00fcmk\u00fcn olmayaca\u011f\u0131n\u0131 bildirib. \u201cReport\u201dun m\u0259lumat\u0131na g\u00f6r\u0259, nazirlik r\u0259smisi deyib ki, elektron reseptd\u0259 yaln\u0131z Tarif \u015euras\u0131n\u0131n t\u0259sdiql\u0259diyi v\u0259 d\u00f6vl\u0259t qeydiyyat\u0131na al\u0131nan d\u0259rman vasit\u0259l\u0259ri qeyd olunacaq. Onun s\u00f6zl\u0259rin\u0259 g\u00f6r\u0259, elektron resept m\u0259s\u0259l\u0259si d\u00f6vl\u0259t t\u0259r\u0259find\u0259n pulsuz d\u0259rmanlarla t\u0259min olunan m\u00fc\u0259yy\u0259n kateqoriyadan olan v\u0259t\u0259nda\u015flara \u015famil edilm\u0259y\u0259c\u0259k: \u201cB\u0259zi pasiyentl\u0259r \u00fc\u00e7\u00fcn veril\u0259n reseptl\u0259rd\u0259 2 v\u0259 ya 3 m\u00f6h\u00fcr t\u0259l\u0259b olunur. Bu, elektron reseptd\u0259 d\u0259 saxlan\u0131l\u0131b. Bundan ba\u015fqa, elektron reseptd\u0259 firma d\u0259rmanlar\u0131n\u0131n v\u0259 ya bioloji aktiv qida madd\u0259l\u0259rinin yaz\u0131lmas\u0131 m\u00fcmk\u00fcn&hellip;<\/p>\n","protected":false},"author":2,"featured_media":680812,"comment_status":"closed","ping_status":"closed","sticky":false,"template":"","format":"standard","meta":{"om_disable_all_campaigns":false,"_monsterinsights_skip_tracking":false,"_monsterinsights_sitenote_active":false,"_monsterinsights_sitenote_note":"","_monsterinsights_sitenote_category":0},"categories":[1],"tags":[],"aioseo_notices":[],"gutentor_comment":0,"rttpg_featured_image_url":{"full":["https:\/\/arantv.az\/wp-content\/uploads\/2024\/01\/7309605b-91b5-3fbd-96b8-73f3efa175ac_850.jpg",620,413,false],"landscape":["https:\/\/arantv.az\/wp-content\/uploads\/2024\/01\/7309605b-91b5-3fbd-96b8-73f3efa175ac_850.jpg",620,413,false],"portraits":["https:\/\/arantv.az\/wp-content\/uploads\/2024\/01\/7309605b-91b5-3fbd-96b8-73f3efa175ac_850.jpg",620,413,false],"thumbnail":["https:\/\/arantv.az\/wp-content\/uploads\/2024\/01\/7309605b-91b5-3fbd-96b8-73f3efa175ac_850-500x280.jpg",500,280,true],"medium":["https:\/\/arantv.az\/wp-content\/uploads\/2024\/01\/7309605b-91b5-3fbd-96b8-73f3efa175ac_850-548x365.jpg",548,365,true],"large":["https:\/\/arantv.az\/wp-content\/uploads\/2024\/01\/7309605b-91b5-3fbd-96b8-73f3efa175ac_850.jpg",620,413,false],"1536x1536":["https:\/\/arantv.az\/wp-content\/uploads\/2024\/01\/7309605b-91b5-3fbd-96b8-73f3efa175ac_850.jpg",620,413,false],"2048x2048":["https:\/\/arantv.az\/wp-content\/uploads\/2024\/01\/7309605b-91b5-3fbd-96b8-73f3efa175ac_850.jpg",620,413,false],"post-thumbnail":["https:\/\/arantv.az\/wp-content\/uploads\/2024\/01\/7309605b-91b5-3fbd-96b8-73f3efa175ac_850-240x172.jpg",240,172,true],"advps-thumb-one":["https:\/\/arantv.az\/wp-content\/uploads\/2024\/01\/7309605b-91b5-3fbd-96b8-73f3efa175ac_850.jpg",620,413,false]},"rttpg_author":{"display_name":"V\u00fcsal Rafiqo\u011flu","author_link":"https:\/\/arantv.az\/?author=2"},"rttpg_comment":0,"rttpg_category":"<a href=\"https:\/\/arantv.az\/?cat=1\" rel=\"category\">C\u0259miyy\u0259t<\/a>","rttpg_excerpt":"S\u0259hiyy\u0259 Nazirliyinin S\u0259hiyy\u0259nin \u0130nformasiyala\u015fd\u0131r\u0131lmas\u0131 M\u0259rk\u0259zinin \u015f\u00f6b\u0259 m\u00fcdiri K\u0259but\u0259r M\u00f6vs\u00fcml\u00fc bundan sonra aptekl\u0259rd\u0259n elektron reseptsiz d\u0259rman \u0259ld\u0259 etm\u0259yin m\u00fcmk\u00fcn olmayaca\u011f\u0131n\u0131 bildirib. \u201cReport\u201dun m\u0259lumat\u0131na g\u00f6r\u0259, nazirlik r\u0259smisi deyib ki, elektron reseptd\u0259 yaln\u0131z Tarif \u015euras\u0131n\u0131n t\u0259sdiql\u0259diyi v\u0259 d\u00f6vl\u0259t qeydiyyat\u0131na al\u0131nan d\u0259rman vasit\u0259l\u0259ri qeyd olunacaq. Onun s\u00f6zl\u0259rin\u0259 g\u00f6r\u0259, elektron resept m\u0259s\u0259l\u0259si d\u00f6vl\u0259t t\u0259r\u0259find\u0259n pulsuz d\u0259rmanlarla t\u0259min olunan m\u00fc\u0259yy\u0259n kateqoriyadan&hellip;","_links":{"self":[{"href":"https:\/\/arantv.az\/index.php?rest_route=\/wp\/v2\/posts\/680809"}],"collection":[{"href":"https:\/\/arantv.az\/index.php?rest_route=\/wp\/v2\/posts"}],"about":[{"href":"https:\/\/arantv.az\/index.php?rest_route=\/wp\/v2\/types\/post"}],"author":[{"embeddable":true,"href":"https:\/\/arantv.az\/index.php?rest_route=\/wp\/v2\/users\/2"}],"replies":[{"embeddable":true,"href":"https:\/\/arantv.az\/index.php?rest_route=%2Fwp%2Fv2%2Fcomments&post=680809"}],"version-history":[{"count":0,"href":"https:\/\/arantv.az\/index.php?rest_route=\/wp\/v2\/posts\/680809\/revisions"}],"wp:featuredmedia":[{"embeddable":true,"href":"https:\/\/arantv.az\/index.php?rest_route=\/wp\/v2\/media\/680812"}],"wp:attachment":[{"href":"https:\/\/arantv.az\/index.php?rest_route=%2Fwp%2Fv2%2Fmedia&parent=680809"}],"wp:term":[{"taxonomy":"category","embeddable":true,"href":"https:\/\/arantv.az\/index.php?rest_route=%2Fwp%2Fv2%2Fcategories&post=680809"},{"taxonomy":"post_tag","embeddable":true,"href":"https:\/\/arantv.az\/index.php?rest_route=%2Fwp%2Fv2%2Ftags&post=680809"}],"curies":[{"name":"wp","href":"https:\/\/api.w.org\/{rel}","templated":true}]}}