{"id":680811,"date":"2024-01-17T17:53:02","date_gmt":"2024-01-17T13:53:02","guid":{"rendered":"https:\/\/arantv.az\/?p=680811"},"modified":"2024-01-17T17:53:02","modified_gmt":"2024-01-17T13:53:02","slug":"ilham-%c9%99liyevd%c9%99n-s%c9%99m%c9%99d-seyidovla-bagli-s%c9%99r%c9%99ncam","status":"publish","type":"post","link":"https:\/\/arantv.az\/?p=680811","title":{"rendered":"\u0130lham \u018fliyevd\u0259n S\u0259m\u0259d Seyidovla ba\u011fl\u0131 S\u018fR\u018fNCAM"},"content":{"rendered":"<p>Prezident\u00a0<strong>\u0130lham \u018fliyev<\/strong>\u00a0S\u0259m\u0259d \u0130smay\u0131l o\u011flu Seyidovun \u201c\u015e\u00f6hr\u0259t\u201d ordeni il\u0259 t\u0259ltif edilm\u0259si haqq\u0131nda S\u0259r\u0259ncam imzalay\u0131b.<\/p>\n<p>Bununla ba\u011fl\u0131\u00a0<a href=\"https:\/\/president.az\/az\/articles\/view\/63126\" target=\"_blank\" rel=\"noopener\"><strong>President.az<\/strong><\/a>\u00a0m\u0259lumat yay\u0131b.<\/p>\n<p>S\u0259r\u0259ncama \u0259sas\u0259n, S.Seyidov Az\u0259rbaycan Respublikas\u0131n\u0131n ictimai-siyasi h\u0259yat\u0131nda s\u0259m\u0259r\u0259li f\u0259aliyy\u0259tin\u0259 g\u00f6r\u0259 t\u0259ltif olunub.<\/p>\n","protected":false},"excerpt":{"rendered":"<p>Prezident\u00a0\u0130lham \u018fliyev\u00a0S\u0259m\u0259d \u0130smay\u0131l o\u011flu Seyidovun \u201c\u015e\u00f6hr\u0259t\u201d ordeni il\u0259 t\u0259ltif edilm\u0259si haqq\u0131nda S\u0259r\u0259ncam imzalay\u0131b. Bununla ba\u011fl\u0131\u00a0President.az\u00a0m\u0259lumat yay\u0131b. S\u0259r\u0259ncama \u0259sas\u0259n, S.Seyidov Az\u0259rbaycan Respublikas\u0131n\u0131n ictimai-siyasi h\u0259yat\u0131nda s\u0259m\u0259r\u0259li f\u0259aliyy\u0259tin\u0259 g\u00f6r\u0259 t\u0259ltif olunub.<\/p>\n","protected":false},"author":2,"featured_media":680822,"comment_status":"closed","ping_status":"closed","sticky":false,"template":"","format":"standard","meta":{"om_disable_all_campaigns":false,"_monsterinsights_skip_tracking":false,"_monsterinsights_sitenote_active":false,"_monsterinsights_sitenote_note":"","_monsterinsights_sitenote_category":0},"categories":[4],"tags":[],"aioseo_notices":[],"gutentor_comment":0,"rttpg_featured_image_url":{"full":["https:\/\/arantv.az\/wp-content\/uploads\/2024\/01\/1700896529_semed33.jpg",620,375,false],"landscape":["https:\/\/arantv.az\/wp-content\/uploads\/2024\/01\/1700896529_semed33.jpg",620,375,false],"portraits":["https:\/\/arantv.az\/wp-content\/uploads\/2024\/01\/1700896529_semed33.jpg",620,375,false],"thumbnail":["https:\/\/arantv.az\/wp-content\/uploads\/2024\/01\/1700896529_semed33-500x280.jpg",500,280,true],"medium":["https:\/\/arantv.az\/wp-content\/uploads\/2024\/01\/1700896529_semed33-603x365.jpg",603,365,true],"large":["https:\/\/arantv.az\/wp-content\/uploads\/2024\/01\/1700896529_semed33.jpg",620,375,false],"1536x1536":["https:\/\/arantv.az\/wp-content\/uploads\/2024\/01\/1700896529_semed33.jpg",620,375,false],"2048x2048":["https:\/\/arantv.az\/wp-content\/uploads\/2024\/01\/1700896529_semed33.jpg",620,375,false],"post-thumbnail":["https:\/\/arantv.az\/wp-content\/uploads\/2024\/01\/1700896529_semed33-240x172.jpg",240,172,true],"advps-thumb-one":["https:\/\/arantv.az\/wp-content\/uploads\/2024\/01\/1700896529_semed33.jpg",620,375,false]},"rttpg_author":{"display_name":"V\u00fcsal Rafiqo\u011flu","author_link":"https:\/\/arantv.az\/?author=2"},"rttpg_comment":0,"rttpg_category":"<a href=\"https:\/\/arantv.az\/?cat=4\" rel=\"category\">Siyas\u0259t<\/a>","rttpg_excerpt":"Prezident\u00a0\u0130lham \u018fliyev\u00a0S\u0259m\u0259d \u0130smay\u0131l o\u011flu Seyidovun \u201c\u015e\u00f6hr\u0259t\u201d ordeni il\u0259 t\u0259ltif edilm\u0259si haqq\u0131nda S\u0259r\u0259ncam imzalay\u0131b. Bununla ba\u011fl\u0131\u00a0President.az\u00a0m\u0259lumat yay\u0131b. S\u0259r\u0259ncama \u0259sas\u0259n, S.Seyidov Az\u0259rbaycan Respublikas\u0131n\u0131n ictimai-siyasi h\u0259yat\u0131nda s\u0259m\u0259r\u0259li f\u0259aliyy\u0259tin\u0259 g\u00f6r\u0259 t\u0259ltif olunub.","_links":{"self":[{"href":"https:\/\/arantv.az\/index.php?rest_route=\/wp\/v2\/posts\/680811"}],"collection":[{"href":"https:\/\/arantv.az\/index.php?rest_route=\/wp\/v2\/posts"}],"about":[{"href":"https:\/\/arantv.az\/index.php?rest_route=\/wp\/v2\/types\/post"}],"author":[{"embeddable":true,"href":"https:\/\/arantv.az\/index.php?rest_route=\/wp\/v2\/users\/2"}],"replies":[{"embeddable":true,"href":"https:\/\/arantv.az\/index.php?rest_route=%2Fwp%2Fv2%2Fcomments&post=680811"}],"version-history":[{"count":0,"href":"https:\/\/arantv.az\/index.php?rest_route=\/wp\/v2\/posts\/680811\/revisions"}],"wp:featuredmedia":[{"embeddable":true,"href":"https:\/\/arantv.az\/index.php?rest_route=\/wp\/v2\/media\/680822"}],"wp:attachment":[{"href":"https:\/\/arantv.az\/index.php?rest_route=%2Fwp%2Fv2%2Fmedia&parent=680811"}],"wp:term":[{"taxonomy":"category","embeddable":true,"href":"https:\/\/arantv.az\/index.php?rest_route=%2Fwp%2Fv2%2Fcategories&post=680811"},{"taxonomy":"post_tag","embeddable":true,"href":"https:\/\/arantv.az\/index.php?rest_route=%2Fwp%2Fv2%2Ftags&post=680811"}],"curies":[{"name":"wp","href":"https:\/\/api.w.org\/{rel}","templated":true}]}}