{"id":680814,"date":"2024-01-17T17:51:21","date_gmt":"2024-01-17T13:51:21","guid":{"rendered":"https:\/\/arantv.az\/?p=680814"},"modified":"2024-01-17T17:51:21","modified_gmt":"2024-01-17T13:51:21","slug":"iranin-iraq-v%c9%99-pakistana-hucumu-proksil%c9%99rd%c9%99n-diqq%c9%99ti-yayindirmaq-c%c9%99hdi-s%c9%99rh-foto","status":"publish","type":"post","link":"https:\/\/arantv.az\/?p=680814","title":{"rendered":"\u0130ran\u0131n \u0130raq v\u0259 Pakistana h\u00fccumu: Proksil\u0259rd\u0259n diqq\u0259ti yay\u0131nd\u0131rmaq c\u0259hdi &#8211; \u015e\u018fRH + FOTO"},"content":{"rendered":"<p>\u0130ran son g\u00fcnl\u0259r qon\u015fu d\u00f6vl\u0259tl\u0259rin \u0259razil\u0259rini raket at\u0259\u015fin\u0259 tutmaqla g\u00fcnd\u0259liy\u0259 g\u0259lib. Yanvar\u0131n 15-d\u0259n 16-na ke\u00e7\u0259n gec\u0259 \u00f6lk\u0259nin \u0130nqilab Ke\u015fik\u00e7il\u0259ri Korpusu (SEPAH) \u0130raq\u0131n \u015fimal\u0131na, Suriyaya, yanvar\u0131n 17-d\u0259 is\u0259 Pakistana dron v\u0259 raketl\u0259rl\u0259 z\u0259rb\u0259l\u0259r endirib.<\/p>\n<p>Tehran\u0131n yayd\u0131\u011f\u0131 r\u0259smi a\u00e7\u0131qlamaya \u0259sas\u0259n, SEPAH Suriya v\u0259 \u0130raq \u0259razisind\u0259 terror\u00e7ular\u0131n m\u0259rk\u0259zl\u0259rini vurub. Ancaq \u0130ran\u0131n ali dini r\u0259hb\u0259ri ay\u0259tullah Seyid \u018fli Xameneinin iddias\u0131na \u0259sas\u0259n, \u0130raq\u0131n \u015fimal\u0131ndak\u0131 \u018frbil \u015f\u0259h\u0259rind\u0259 \u201cMossad\u201d\u0131n (\u0130srailin m\u0259xfi k\u0259\u015ffiyyat orqan\u0131 &#8211; red.) q\u0259rargah\u0131n\u0131 vurublar. Tehranda h\u0259min h\u00fccuma h\u0259sr olunan bannerd\u0259 yaz\u0131l\u0131b: \u201cAllah\u0131n izni il\u0259 s\u0259rt cavab. Biz kafirl\u0259rd\u0259n intiqam alaca\u011f\u0131q\u201d.<\/p>\n<p>\u0130raq r\u0259smil\u0259ri bunu \u00f6lk\u0259nin suverenliyin\u0259 t\u0259cav\u00fcz kimi qiym\u0259tl\u0259ndiribl\u0259r. \u015eimaldak\u0131 h\u00f6kum\u0259tin ke\u00e7mi\u015f ba\u015f\u00e7\u0131s\u0131, K\u00fcrd\u00fcstan Demokratik Respublikas\u0131n\u0131n (KDR) lideri M\u0259sud B\u0259rzani \u0130ran\u0131n raket z\u0259rb\u0259l\u0259rini \u201cqorxaq h\u00fccum\u201d adland\u0131r\u0131b. O bu h\u00fccumu h\u0259m d\u0259 \u0130raq\u0131n K\u00fcrd\u00fcstan b\u00f6lg\u0259sinin suverenliyinin pozulmas\u0131 kimi qiym\u0259tl\u0259ndirib. B\u00f6lg\u0259nin T\u0259hl\u00fck\u0259sizlik \u015euras\u0131 bildirib ki, bu hadis\u0259 r\u0259smi Ba\u011fdadla Tehran aras\u0131nda t\u0259hl\u00fck\u0259sizlik \u00fczr\u0259 raz\u0131la\u015fman\u0131n pozulmas\u0131d\u0131r.<\/p>\n<p><img src=\"https:\/\/cdn.oxu.az\/uploads\/W1siZiIsIjIwMjQvMDEvMTcvMTMvNTQvMDUvNzRlM2U4NWItZWZmZC00MTZmLTgzM2YtNGExNWNhYzBhOGE3LzViMDliMjUyLTdlZjktMzM5Ni05NDI4LThjMDQ1MjdkYjc0MC5qcGciXSxbInAiLCJlbmNvZGUiLCJqcGciLCItcXVhbGl0eSA4MCJdLFsicCIsInRodW1iIiwiNTkweDU5MFx1MDAzZSJdXQ?sha=56176bda0960de2e\" alt=\"\" \/><\/p>\n<p>\u0130raq Xarici \u0130\u015fl\u0259r Nazirliyi Tehrandak\u0131 s\u0259fir Nasir Abdel Mohseni m\u0259sl\u0259h\u0259tl\u0259\u015fm\u0259 \u00fc\u00e7\u00fcn geri \u00e7a\u011f\u0131r\u0131b, \u0130ran\u0131n Ba\u011fdaddak\u0131 m\u00fcv\u0259qq\u0259ti i\u015fl\u0259r v\u0259kili Abu \u0259l-Fadl \u018fziziy\u0259 etiraz notas\u0131 t\u0259qdim olunub. \u0130raq r\u0259smil\u0259rinin a\u00e7\u0131qlamas\u0131na \u0259sas\u0259n, raket h\u00fccumu n\u0259tic\u0259sind\u0259 d\u00f6rd n\u0259f\u0259r \u00f6l\u00fcb, alt\u0131 n\u0259f\u0259r yaralan\u0131b. Ba\u011fdad \u0130ran\u0131n \u201cMossad\u201d\u0131n q\u0259rargah\u0131 il\u0259 ba\u011fl\u0131 iddias\u0131n\u0131 da t\u0259kzib edib.<\/p>\n<p>AB\u015e D\u00f6vl\u0259t Departamenti hadis\u0259 il\u0259 ba\u011fl\u0131 a\u00e7\u0131qlamas\u0131nda h\u00fccumlar\u0131 \u015fidd\u0259tl\u0259 q\u0131nay\u0131b.<\/p>\n<p>\u0130ran \u0130slam \u0130nqilab\u0131 Ke\u015fik\u00e7il\u0259ri Qvardiyas\u0131 iddia edib ki, Pakistan\u0131n B\u0259lucistan \u0259yal\u0259tinin K\u00fchi-S\u0259bz \u0259razisind\u0259 \u201cCey\u015f \u0259l-\u018fdl\u201d qrupla\u015fmas\u0131n\u0131n q\u0259rargahlar\u0131na z\u0259rb\u0259l\u0259r endirib. \u0130slamabaddan yay\u0131lan a\u00e7\u0131qlamaya g\u00f6r\u0259, bu h\u00fccum n\u0259tic\u0259sind\u0259 iki u\u015faq \u00f6l\u00fcb.<\/p>\n<p>Pakistan\u0131n Xarici \u0130\u015fl\u0259r Nazirliyi s\u0259rh\u0259dd\u0259ki insidentl\u0259 \u0259laq\u0259dar \u0130ran\u0131n m\u00fcv\u0259qq\u0259ti i\u015fl\u0259r v\u0259kilini \u00e7a\u011f\u0131raraq ona etiraz\u0131n\u0131 bildirib. Davosda \u0130ran\u0131n xarici i\u015fl\u0259r naziri H\u00fcseyn \u018fmir-Abdullahian Pakistan\u0131n m\u00fcv\u0259qq\u0259ti ba\u015f naziri \u018fnvar-\u00fcl-Haq Kakarla g\u00f6r\u00fc\u015f\u0259r\u0259k v\u0259ziyy\u0259ti m\u00fczakir\u0259 edib&#8230;<\/p>\n<p><img src=\"https:\/\/cdn.oxu.az\/uploads\/W1siZiIsIjIwMjQvMDEvMTcvMTMvNTQvMDUvMDg2NmY3ZjAtMWVlZC00N2NkLTg0ZjAtOTMwOThkMjRlMzVhL1doYXRzQXBwIEltYWdlIDIwMjQtMDEtMTcgYXQgMTMuNTMuMjYuanBlZyJdLFsicCIsImVuY29kZSIsImpwZyIsIi1xdWFsaXR5IDgwIl0sWyJwIiwidGh1bWIiLCI1OTB4NTkwXHUwMDNlIl1d?sha=38435115eef3505a\" alt=\"\" \/><\/p>\n<p>Yax\u0131n \u015e\u0259rqd\u0259 ba\u015f ver\u0259n silahl\u0131 toqqu\u015fmalarda t\u0259r\u0259fl\u0259rd\u0259n biri olaraq \u0130ran\u0131n ad\u0131 hallan\u0131r. O, H\u018fMAS-\u0131n \u0130srail\u0259 qar\u015f\u0131 m\u00fcharib\u0259sini, Y\u0259m\u0259nd\u0259 husil\u0259rin Q\u0131rm\u0131z\u0131 d\u0259nizd\u0259 pirat f\u0259aliyy\u0259tini, Livanda \u201cHizbullah\u201d\u0131n \u0130srail\u0259 qar\u015f\u0131 h\u00fccumlar\u0131n\u0131 d\u0259st\u0259kl\u0259yir, onlara yard\u0131mlar edir. M\u0259s\u0259l\u0259n, ay\u0259tullah Seyid \u018fli Xamenei husil\u0259ri h\u00fccumu davam etdirm\u0259y\u0259 \u00e7a\u011f\u0131r\u0131b.<\/p>\n<p>\u0130ran bel\u0259 bir \u015f\u0259raitd\u0259 \u00f6z\u00fc \u00fc\u00e7\u00fcn daha iki c\u0259bh\u0259ni niy\u0259 a\u00e7\u0131r? Bu add\u0131mlar\u0131 atmaq \u00fc\u00e7\u00fcn Tehran\u0131n \u0259lind\u0259 h\u00fcquqi \u0259sas var? Bu, perspektivd\u0259 \u0130rana hans\u0131 hadis\u0259l\u0259ri v\u0259d ed\u0259 bil\u0259r?<\/p>\n<p>Yanvar\u0131n 3-d\u0259 SEPAH-\u0131n Q\u00fcds qolunun ke\u00e7mi\u015f komandan\u0131 general Qas\u0131m S\u00fcleymaninin \u00f6ld\u00fcr\u00fclm\u0259sinin d\u00f6rd\u00fcnc\u00fc ild\u00f6n\u00fcm\u00fcnd\u0259 Kermanda d\u0259fn olundu\u011fu q\u0259biristanl\u0131\u011fa ged\u0259n yolda iki ayr\u0131-ayr\u0131 yerd\u0259 t\u00f6r\u0259dil\u0259n partlay\u0131\u015f n\u0259tic\u0259sind\u0259 103 n\u0259f\u0259r \u00f6lm\u00fc\u015f, 221 n\u0259f\u0259r is\u0259 yaralanm\u0131\u015fd\u0131. Tehran iddia edir ki, bu h\u00fccumu xarici q\u00fcvv\u0259l\u0259r t\u00f6r\u0259dibl\u0259r. Hadis\u0259 il\u0259 \u0259laq\u0259dar 30-a yax\u0131n \u015f\u00fcbh\u0259li saxlan\u0131l\u0131b. Bu h\u00fccumdan sonra \u0130ran q\u0259rb istiqam\u0259td\u0259 qo\u015funlar\u0131 c\u0259ml\u0259yib. H\u0259tta h\u0259min vaxt Tehran \u018ffqan\u0131standa \u0259m\u0259liyyat ke\u00e7ir\u0259c\u0259yini d\u0259 b\u0259yan etmi\u015fdi. Bu \u00f6lk\u0259nin \u0259razisind\u0259 antiterror f\u0259aliyy\u0259ti ad\u0131 alt\u0131nda t\u0259dbirl\u0259r ke\u00e7irm\u0259sini m\u00fcmk\u00fcn saymaq olar. \u201cTaliban\u201d h\u00f6kum\u0259tini z\u0259if, \u00f6lk\u0259y\u0259 tam n\u0259zar\u0259t etm\u0259k imkan\u0131n\u0131n olmad\u0131\u011f\u0131n\u0131 \u0259sas g\u0259tir\u0259r\u0259k bu add\u0131m\u0131 ata bil\u0259rdi. Ancaq g\u00f6r\u00fcn\u00fcr, \u018ffqan\u0131stana indiki v\u0259ziyy\u0259td\u0259 h\u00fccum etm\u0259yi Yax\u0131n \u015e\u0259rqd\u0259ki hadis\u0259l\u0259rl\u0259 \u0259laq\u0259dar t\u0259xir\u0259 sal\u0131b.<\/p>\n<p><img src=\"https:\/\/cdn.oxu.az\/uploads\/W1siZiIsIjIwMjQvMDEvMTcvMTMvNTQvMDUvMDk1OTZkNTAtYjIyZi00NTdhLWI3MGItZDEyMGU4NmQ5NDQzL2I2MTE0NGRkLWQzNTktMzkzMy04ZTYzLTUwMDhjMjQwMjU2ZS5qcGciXSxbInAiLCJlbmNvZGUiLCJqcGciLCItcXVhbGl0eSA4MCJdLFsicCIsInRodW1iIiwiNTkweDU5MFx1MDAzZSJdXQ?sha=848abb2e2f73f5e3\" alt=\"\" \/><\/p>\n<p>Pakistan, \u018ffqan\u0131stan v\u0259 \u0130ran\u0131n s\u0259rh\u0259dyan\u0131 \u0259razil\u0259rind\u0259 b\u0259luclar ya\u015fay\u0131rlar. Bu etnik qrup \u0130randa m\u0259zh\u0259b f\u0259rqi, etnik m\u0259nsubiyy\u0259tin\u0259 g\u00f6r\u0259 daim diskriminasiyaya m\u0259ruz qal\u0131r. \u0130ran\u0131n Sistan v\u0259 B\u0259lucistan \u0259yal\u0259tinin m\u0259rk\u0259zi Zahidan \u015f\u0259h\u0259rinin imam c\u00fcm\u0259si M\u00f6vl\u0259vi \u018fbd\u00fcl-H\u0259midin c\u00fcm\u0259 namaz\u0131 x\u00fctb\u0259l\u0259rind\u0259 Tehran rejimi t\u0259nqid edilir. Bir qayda olaraq b\u00f6lg\u0259d\u0259 h\u0259r c\u00fcm\u0259 g\u00fcn\u00fc \u0130ran hakimiyy\u0259tin\u0259 qar\u015f\u0131 etiraz aksiyalar\u0131 ke\u00e7irilir. Tehran hakimiyy\u0259ti bu \u0259yal\u0259ti daim t\u0259zyiq v\u0259 n\u0259zar\u0259td\u0259 saxlay\u0131r. Regionda elan edilm\u0259mi\u015f f\u00f6vq\u0259lad\u0259 h\u0259rbi-polis rejimi m\u00f6vcuddur. Kerman hadis\u0259l\u0259rind\u0259n sonra v\u0259ziyy\u0259t daha da a\u011f\u0131rla\u015f\u0131b.<\/p>\n<p>Bel\u0259likl\u0259, Tehran\u0131n Pakistan \u0259razisini vurmas\u0131n\u0131n a\u015fa\u011f\u0131dak\u0131 s\u0259b\u0259bl\u0259ri ola bil\u0259r:<\/p>\n<p>&#8211; \u00fc\u00e7 \u00f6lk\u0259 \u0259razisind\u0259ki ictimai-siyasi f\u0259al b\u0259luclar\u0131 qorxutmaq;<\/p>\n<p>&#8211; Pakistan\u0131n \u0259razisind\u0259 bel\u0259, silahl\u0131 b\u0259luclara h\u00fccum etm\u0259k iqtidar\u0131nda oldu\u011funu n\u00fcmayi\u015f etdirm\u0259k;<\/p>\n<p>&#8211; R\u0259smi \u0130slamabad husil\u0259r\u0259 qar\u015f\u0131 \u0259m\u0259liyyatlarda i\u015ftirak etm\u0259diyini bildirib. Bununla bel\u0259, Tehran r\u0259smi \u0130slamabad\u0131 bu h\u00fccumla x\u0259b\u0259rdar edir;<\/p>\n<p>&#8211; \u0130ran hakimiyy\u0259ti Pakistandan \u00e7\u0259kinm\u0259diyini, onun suverenliyini poza bil\u0259c\u0259yini g\u00f6st\u0259rir;<\/p>\n<p>&#8211; Tehran rejimi bununla regionda maraqlar\u0131 olan d\u00f6vl\u0259tl\u0259r\u0259 d\u0259 x\u0259b\u0259rdarl\u0131q edir;<\/p>\n<p>&#8211; Pakistan hakimiyy\u0259ti \u018ffqan\u0131standa terror\u00e7ular\u0131n f\u0259aliyy\u0259tind\u0259n narahatl\u0131\u011f\u0131n\u0131 gizl\u0259tmir. Bu, o dem\u0259kdir ki, \u0130slamabadla \u201cTaliban\u201d h\u00f6kum\u0259ti aras\u0131nda m\u00fc\u0259yy\u0259n ziddiyy\u0259tl\u0259r var. Tehran hakimiyy\u0259ti bu m\u00fcnasib\u0259td\u0259n yararlanaraq \u201cTaliban\u201da da \u00f6z g\u00fcc\u00fcn\u00fc g\u00f6st\u0259rir;<\/p>\n<p>&#8211; \u0130ran hakimiyy\u0259ti beyn\u0259lxalq h\u00fcququ tan\u0131m\u0131r v\u0259 s.<\/p>\n<p><img src=\"https:\/\/cdn.oxu.az\/uploads\/W1siZiIsIjIwMjQvMDEvMTcvMTMvNTQvMDUvMTIxZjEwZjQtNjk0Ni00NTZmLWI4ZWUtY2RmM2JiNjVmMTk1L2UyYzJjNzljLTBkZjctM2Y5Ni04ODViLTI0OTYzNDVmMTYxOS5qcGVnIl0sWyJwIiwiZW5jb2RlIiwianBnIiwiLXF1YWxpdHkgODAiXSxbInAiLCJ0aHVtYiIsIjU5MHg1OTBcdTAwM2UiXV0?sha=be67fcda7f984294\" alt=\"\" \/><\/p>\n<p>\u00d6t\u0259n ilin yay\u0131nda Ba\u011fdadla Tehran aras\u0131nda t\u0259hl\u00fck\u0259sizlikl\u0259 ba\u011fl\u0131 raz\u0131l\u0131q \u0259ld\u0259 edilib. H\u0259min raz\u0131la\u015fmaya \u0259sas\u0259n, \u0130raq \u0259razisind\u0259 \u0130rana qar\u015f\u0131 f\u0259aliyy\u0259t g\u00f6st\u0259r\u0259n silahl\u0131 qrupla\u015fmalar s\u0259rh\u0259dyan\u0131 \u0259razil\u0259rd\u0259n \u00e7\u0131xar\u0131l\u0131blar. R\u0259smi Ba\u011fdad bununla ba\u011fl\u0131 Tehran qar\u015f\u0131s\u0131nda \u00f6hd\u0259lik g\u00f6t\u00fcr\u00fcb. \u0130ran bildirmi\u015fdi ki, \u00f6lk\u0259nin \u0259razisi terror\u00e7u qrupla\u015fmalar t\u0259r\u0259find\u0259n t\u0259hdid edil\u0259c\u0259yi halda at\u0259\u015f a\u00e7acaq. \u0130raq\u0131n \u015fimal\u0131nda k\u00fcrd etnik qrupuna muxtariyy\u0259t verilib. Onlar de-fakto \u018frbili b\u00f6lg\u0259nin m\u0259rk\u0259zi say\u0131rlar. Bu, Ba\u011fdaddan sonra \u0130raq\u0131n ikinci \u015f\u0259h\u0259ridir. \u0130raq \u201cMossad\u201d\u0131n ad\u0131n\u0131 halland\u0131rsa da, ehtimal etm\u0259k olar ki, Tehran hakimiyy\u0259ti bununla h\u0259m d\u0259 \u0130rana silahl\u0131 h\u00fccumlar etmi\u015f \u201cPejak\u201d, \u201cKomil\u0259&#8221;, \u0130ran K\u00fcrd\u00fcstan Partiyas\u0131n\u0131 da h\u0259d\u0259l\u0259yib.<\/p>\n<p>Tehran \u0130raqla m\u00fcharib\u0259d\u0259n sonra s\u00fclh m\u00fcqavil\u0259si imzalamay\u0131b. T\u0259r\u0259fl\u0259r aras\u0131nda at\u0259\u015fk\u0259s\u0259 dair raz\u0131l\u0131q \u0259ld\u0259 olunub. Bununla bel\u0259, qar\u015f\u0131l\u0131ql\u0131 olaraq bir-birinin \u0259razi b\u00fct\u00f6vl\u00fcy\u00fc v\u0259 suverenliyi tan\u0131n\u0131r. Ancaq \u0130raqda \u0130rana qar\u0131 silahl\u0131 qrupla\u015fmalar\u0131n f\u0259aliyy\u0259ti probleml\u0259r yarad\u0131r. Eyni zamanda, S\u0259ddam H\u00fcseyn hakimiyy\u0259ti devrildikd\u0259n sonra Tehran \u0130raq\u0131n daxili i\u015fl\u0259rin\u0259 m\u00fcdaxil\u0259 edir. Bu \u00f6lk\u0259 \u0259razisind\u0259ki \u201cH\u0259\u015fdi-\u015e\u0259bi\u201d, \u201c\u0130raq islam m\u00fcqavim\u0259t h\u0259r\u0259kat\u0131\u201d kimi silahl\u0131 qrupla\u015fmalar bir qayda olaraq \u0130ran hakimiyy\u0259tin\u0259 ba\u011fl\u0131 say\u0131l\u0131r. Bu bax\u0131mdan, \u0130raq \u0259razisinin \u0130ran t\u0259r\u0259find\u0259n vurulmas\u0131 v\u0259 onun \u00f6lk\u0259nin daxili i\u015fl\u0259rin\u0259 qar\u0131\u015fmas\u0131 qanunsuzdur. Y\u0259ni bu h\u0259r\u0259k\u0259t beyn\u0259lxalq normalara uy\u011fun deyil.<\/p>\n<p><img src=\"https:\/\/cdn.oxu.az\/uploads\/W1siZiIsIjIwMjQvMDEvMTcvMTMvNTQvMDQvZDdiMWY0MzktNmM3Yy00OTVlLWFhOTItMzgzMDhlNGY1MzBjLzg5MjRiMWY2LWFmY2QtMzU3YS1iZDExLTM0NzBkNjE2NjY1Yy5qcGciXSxbInAiLCJlbmNvZGUiLCJqcGciLCItcXVhbGl0eSA4MCJdLFsicCIsInRodW1iIiwiNTkweDU5MFx1MDAzZSJdXQ?sha=55d7dfd6fde0ff88\" alt=\"\" \/><\/p>\n<p>Pakistana g\u0259ldikd\u0259 is\u0259 \u0130ran onunla \u00e7ox yax\u0131n olub. H\u0259tta Hindistana qar\u015f\u0131 K\u0259\u015fmir m\u00fcharib\u0259sind\u0259 \u0130ran Pakistana yard\u0131m edib v\u0259 s. Odur ki, Tehran\u0131n Pakistan \u0259razisin\u0259 z\u0259rb\u0259 endirm\u0259si m\u00fcnasib\u0259tl\u0259rin pozulmas\u0131na v\u0259 ya g\u0259rginl\u0259\u015fm\u0259sin\u0259 s\u0259b\u0259b ola bil\u0259r.<\/p>\n<p>Ehtimal etm\u0259k olar ki, \u0130raqdak\u0131 anti-\u0130ran qruplar\u0131n f\u0259all\u0131\u011f\u0131 artacaq. Bu, silahl\u0131 h\u00fccumlarla t\u0259zah\u00fcr etm\u0259s\u0259 d\u0259, \u0130randa yeni etiraz aksiyalar\u0131n\u0131n ke\u00e7irilm\u0259si il\u0259 m\u00fc\u015fayi\u0259t oluna bil\u0259r. \u0130ki \u00f6lk\u0259y\u0259 h\u0259ml\u0259 Tehran\u0131n beyn\u0259lxalq miqyasda da sanksiyalara m\u0259ruz qalaca\u011f\u0131n\u0131 dem\u0259y\u0259 \u0259sas verir.<\/p>\n<p>Habel\u0259, SEPAH-\u0131n bel\u0259 arxay\u0131nl\u0131qla \u0130raq v\u0259 Pakistan \u0259razisini vurmas\u0131 onun terror\u00e7u silahl\u0131 qrupla\u015fma olaraq tan\u0131nmas\u0131n\u0131 da tezl\u0259\u015fdir\u0259 bil\u0259r.<\/p>\n<p>Bel\u0259likl\u0259, \u0130ran H\u018fMAS-\u0131, husil\u0259ri, \u201cHizbullah\u201d\u0131 g\u00f6zl\u0259nil\u0259n z\u0259rb\u0259l\u0259rd\u0259n yay\u0131nd\u0131rmaq m\u0259qs\u0259di il\u0259 diqq\u0259ti \u00f6z \u00fcz\u0259rin\u0259 \u00e7\u0259kir. O, bununla h\u0259m d\u0259 ba\u015fqa proksi q\u00fcvv\u0259l\u0259rin\u0259 ismar\u0131\u015f g\u00f6nd\u0259rir.<\/p>\n<p><strong>\u201cReport\u201d \u0130nformasiya Agentliyi<\/strong><\/p>\n","protected":false},"excerpt":{"rendered":"<p>\u0130ran son g\u00fcnl\u0259r qon\u015fu d\u00f6vl\u0259tl\u0259rin \u0259razil\u0259rini raket at\u0259\u015fin\u0259 tutmaqla g\u00fcnd\u0259liy\u0259 g\u0259lib. Yanvar\u0131n 15-d\u0259n 16-na ke\u00e7\u0259n gec\u0259 \u00f6lk\u0259nin \u0130nqilab Ke\u015fik\u00e7il\u0259ri Korpusu (SEPAH) \u0130raq\u0131n \u015fimal\u0131na, Suriyaya, yanvar\u0131n 17-d\u0259 is\u0259 Pakistana dron v\u0259 raketl\u0259rl\u0259 z\u0259rb\u0259l\u0259r endirib. Tehran\u0131n yayd\u0131\u011f\u0131 r\u0259smi a\u00e7\u0131qlamaya \u0259sas\u0259n, SEPAH Suriya v\u0259 \u0130raq \u0259razisind\u0259 terror\u00e7ular\u0131n m\u0259rk\u0259zl\u0259rini vurub. Ancaq \u0130ran\u0131n ali dini r\u0259hb\u0259ri ay\u0259tullah Seyid \u018fli Xameneinin iddias\u0131na \u0259sas\u0259n, \u0130raq\u0131n \u015fimal\u0131ndak\u0131 \u018frbil \u015f\u0259h\u0259rind\u0259 \u201cMossad\u201d\u0131n (\u0130srailin m\u0259xfi k\u0259\u015ffiyyat orqan\u0131 &#8211; red.) q\u0259rargah\u0131n\u0131 vurublar. Tehranda h\u0259min h\u00fccuma h\u0259sr olunan bannerd\u0259 yaz\u0131l\u0131b: \u201cAllah\u0131n izni il\u0259 s\u0259rt cavab. Biz kafirl\u0259rd\u0259n intiqam alaca\u011f\u0131q\u201d. \u0130raq r\u0259smil\u0259ri bunu \u00f6lk\u0259nin&hellip;<\/p>\n","protected":false},"author":2,"featured_media":680815,"comment_status":"closed","ping_status":"closed","sticky":false,"template":"","format":"standard","meta":{"om_disable_all_campaigns":false,"_monsterinsights_skip_tracking":false,"_monsterinsights_sitenote_active":false,"_monsterinsights_sitenote_note":"","_monsterinsights_sitenote_category":0},"categories":[4],"tags":[],"aioseo_notices":[],"gutentor_comment":0,"rttpg_featured_image_url":{"full":["https:\/\/arantv.az\/wp-content\/uploads\/2024\/01\/583ea2fe-d78c-3e6f-aa48-1b6763bc48ee_850.jpg",620,413,false],"landscape":["https:\/\/arantv.az\/wp-content\/uploads\/2024\/01\/583ea2fe-d78c-3e6f-aa48-1b6763bc48ee_850.jpg",620,413,false],"portraits":["https:\/\/arantv.az\/wp-content\/uploads\/2024\/01\/583ea2fe-d78c-3e6f-aa48-1b6763bc48ee_850.jpg",620,413,false],"thumbnail":["https:\/\/arantv.az\/wp-content\/uploads\/2024\/01\/583ea2fe-d78c-3e6f-aa48-1b6763bc48ee_850-500x280.jpg",500,280,true],"medium":["https:\/\/arantv.az\/wp-content\/uploads\/2024\/01\/583ea2fe-d78c-3e6f-aa48-1b6763bc48ee_850-548x365.jpg",548,365,true],"large":["https:\/\/arantv.az\/wp-content\/uploads\/2024\/01\/583ea2fe-d78c-3e6f-aa48-1b6763bc48ee_850.jpg",620,413,false],"1536x1536":["https:\/\/arantv.az\/wp-content\/uploads\/2024\/01\/583ea2fe-d78c-3e6f-aa48-1b6763bc48ee_850.jpg",620,413,false],"2048x2048":["https:\/\/arantv.az\/wp-content\/uploads\/2024\/01\/583ea2fe-d78c-3e6f-aa48-1b6763bc48ee_850.jpg",620,413,false],"post-thumbnail":["https:\/\/arantv.az\/wp-content\/uploads\/2024\/01\/583ea2fe-d78c-3e6f-aa48-1b6763bc48ee_850-240x172.jpg",240,172,true],"advps-thumb-one":["https:\/\/arantv.az\/wp-content\/uploads\/2024\/01\/583ea2fe-d78c-3e6f-aa48-1b6763bc48ee_850.jpg",620,413,false]},"rttpg_author":{"display_name":"V\u00fcsal Rafiqo\u011flu","author_link":"https:\/\/arantv.az\/?author=2"},"rttpg_comment":0,"rttpg_category":"<a href=\"https:\/\/arantv.az\/?cat=4\" rel=\"category\">Siyas\u0259t<\/a>","rttpg_excerpt":"\u0130ran son g\u00fcnl\u0259r qon\u015fu d\u00f6vl\u0259tl\u0259rin \u0259razil\u0259rini raket at\u0259\u015fin\u0259 tutmaqla g\u00fcnd\u0259liy\u0259 g\u0259lib. Yanvar\u0131n 15-d\u0259n 16-na ke\u00e7\u0259n gec\u0259 \u00f6lk\u0259nin \u0130nqilab Ke\u015fik\u00e7il\u0259ri Korpusu (SEPAH) \u0130raq\u0131n \u015fimal\u0131na, Suriyaya, yanvar\u0131n 17-d\u0259 is\u0259 Pakistana dron v\u0259 raketl\u0259rl\u0259 z\u0259rb\u0259l\u0259r endirib. Tehran\u0131n yayd\u0131\u011f\u0131 r\u0259smi a\u00e7\u0131qlamaya \u0259sas\u0259n, SEPAH Suriya v\u0259 \u0130raq \u0259razisind\u0259 terror\u00e7ular\u0131n m\u0259rk\u0259zl\u0259rini vurub. Ancaq \u0130ran\u0131n ali dini r\u0259hb\u0259ri ay\u0259tullah Seyid \u018fli Xameneinin&hellip;","_links":{"self":[{"href":"https:\/\/arantv.az\/index.php?rest_route=\/wp\/v2\/posts\/680814"}],"collection":[{"href":"https:\/\/arantv.az\/index.php?rest_route=\/wp\/v2\/posts"}],"about":[{"href":"https:\/\/arantv.az\/index.php?rest_route=\/wp\/v2\/types\/post"}],"author":[{"embeddable":true,"href":"https:\/\/arantv.az\/index.php?rest_route=\/wp\/v2\/users\/2"}],"replies":[{"embeddable":true,"href":"https:\/\/arantv.az\/index.php?rest_route=%2Fwp%2Fv2%2Fcomments&post=680814"}],"version-history":[{"count":0,"href":"https:\/\/arantv.az\/index.php?rest_route=\/wp\/v2\/posts\/680814\/revisions"}],"wp:featuredmedia":[{"embeddable":true,"href":"https:\/\/arantv.az\/index.php?rest_route=\/wp\/v2\/media\/680815"}],"wp:attachment":[{"href":"https:\/\/arantv.az\/index.php?rest_route=%2Fwp%2Fv2%2Fmedia&parent=680814"}],"wp:term":[{"taxonomy":"category","embeddable":true,"href":"https:\/\/arantv.az\/index.php?rest_route=%2Fwp%2Fv2%2Fcategories&post=680814"},{"taxonomy":"post_tag","embeddable":true,"href":"https:\/\/arantv.az\/index.php?rest_route=%2Fwp%2Fv2%2Ftags&post=680814"}],"curies":[{"name":"wp","href":"https:\/\/api.w.org\/{rel}","templated":true}]}}