{"id":680838,"date":"2024-01-17T17:56:40","date_gmt":"2024-01-17T13:56:40","guid":{"rendered":"https:\/\/arantv.az\/?p=680838"},"modified":"2024-01-17T17:56:40","modified_gmt":"2024-01-17T13:56:40","slug":"xank%c9%99ndid%c9%99-tarixi-gun%c9%99-hazirliq-isl%c9%99ri-n%c9%99-yerd%c9%99dir-video","status":"publish","type":"post","link":"https:\/\/arantv.az\/?p=680838","title":{"rendered":"Xank\u0259ndid\u0259 tarixi g\u00fcn\u0259 haz\u0131rl\u0131q i\u015fl\u0259ri n\u0259 yerd\u0259dir? &#8211; V\u0130DEO"},"content":{"rendered":"<p>Qaraba\u011fda prezident se\u00e7kisin\u0259 haz\u0131rl\u0131q gedir.<\/p>\n<p>\u0130\u015f\u011faldan azad olunan Suqovu\u015fan, A\u011fd\u0259r\u0259, K\u0259lb\u0259c\u0259r, A\u011fdam, Xocal\u0131, Xank\u0259ndi, \u015eu\u015fa, La\u00e7\u0131n, Qubadl\u0131, Z\u0259ngilan, C\u0259bray\u0131l v\u0259 F\u00fczuli rayonlar\u0131nda n\u00f6vb\u0259d\u0259nk\u0259nar prezident se\u00e7kisin\u0259 haz\u0131rl\u0131q i\u015fl\u0259ri, dem\u0259k olar ki, yekunla\u015f\u0131b.<\/p>\n<p>N\u00f6vb\u0259d\u0259nk\u0259nar prezident se\u00e7kisin\u0259 g\u00f6r\u0259 se\u00e7ki m\u0259nt\u0259q\u0259l\u0259ri art\u0131q tam haz\u0131rd\u0131r. Bel\u0259 ki. se\u00e7icil\u0259r fevral\u0131n 7-d\u0259 bu m\u0259nt\u0259q\u0259l\u0259r\u0259 \u00fcz tutaraq, \u00f6z s\u0259sverm\u0259 h\u00fcquqlar\u0131ndan istifad\u0259 ed\u0259 bil\u0259c\u0259kl\u0259r.<\/p>\n<p>H\u0259m\u00e7inin bu \u0259razil\u0259rd\u0259 s\u0259hh\u0259tind\u0259 m\u00fc\u0259yy\u0259n probleml\u0259r olan v\u0259 se\u00e7kid\u0259 i\u015ftirak etm\u0259k ist\u0259y\u0259n \u015f\u0259xsl\u0259rin evin\u0259 s\u0259yyar se\u00e7ki qutusu apar\u0131lacaq.<\/p>\n<div><iframe loading=\"lazy\" title=\"YouTube video player\" src=\"https:\/\/www.youtube.com\/embed\/rEp-xJidwGU?si=Z35oQCb3Ml2BhZZI\" width=\"560\" height=\"315\" frameborder=\"0\" allowfullscreen=\"allowfullscreen\" data-mce-fragment=\"1\"><\/iframe><\/div>\n<p>&nbsp;<\/p>\n","protected":false},"excerpt":{"rendered":"<p>Qaraba\u011fda prezident se\u00e7kisin\u0259 haz\u0131rl\u0131q gedir. \u0130\u015f\u011faldan azad olunan Suqovu\u015fan, A\u011fd\u0259r\u0259, K\u0259lb\u0259c\u0259r, A\u011fdam, Xocal\u0131, Xank\u0259ndi, \u015eu\u015fa, La\u00e7\u0131n, Qubadl\u0131, Z\u0259ngilan, C\u0259bray\u0131l v\u0259 F\u00fczuli rayonlar\u0131nda n\u00f6vb\u0259d\u0259nk\u0259nar prezident se\u00e7kisin\u0259 haz\u0131rl\u0131q i\u015fl\u0259ri, dem\u0259k olar ki, yekunla\u015f\u0131b. N\u00f6vb\u0259d\u0259nk\u0259nar prezident se\u00e7kisin\u0259 g\u00f6r\u0259 se\u00e7ki m\u0259nt\u0259q\u0259l\u0259ri art\u0131q tam haz\u0131rd\u0131r. Bel\u0259 ki. se\u00e7icil\u0259r fevral\u0131n 7-d\u0259 bu m\u0259nt\u0259q\u0259l\u0259r\u0259 \u00fcz tutaraq, \u00f6z s\u0259sverm\u0259 h\u00fcquqlar\u0131ndan istifad\u0259 ed\u0259 bil\u0259c\u0259kl\u0259r. H\u0259m\u00e7inin bu \u0259razil\u0259rd\u0259 s\u0259hh\u0259tind\u0259 m\u00fc\u0259yy\u0259n probleml\u0259r olan v\u0259 se\u00e7kid\u0259 i\u015ftirak etm\u0259k ist\u0259y\u0259n \u015f\u0259xsl\u0259rin evin\u0259 s\u0259yyar se\u00e7ki qutusu apar\u0131lacaq. &nbsp;<\/p>\n","protected":false},"author":2,"featured_media":680673,"comment_status":"closed","ping_status":"closed","sticky":false,"template":"","format":"standard","meta":{"om_disable_all_campaigns":false,"_monsterinsights_skip_tracking":false,"_monsterinsights_sitenote_active":false,"_monsterinsights_sitenote_note":"","_monsterinsights_sitenote_category":0},"categories":[4],"tags":[],"aioseo_notices":[],"gutentor_comment":0,"rttpg_featured_image_url":{"full":["https:\/\/arantv.az\/wp-content\/uploads\/2024\/01\/interpress_5bed4b014550f729083c5df80f5be93b_wufyenz9m2bjpa3ltgxq-3.jpg",620,413,false],"landscape":["https:\/\/arantv.az\/wp-content\/uploads\/2024\/01\/interpress_5bed4b014550f729083c5df80f5be93b_wufyenz9m2bjpa3ltgxq-3.jpg",620,413,false],"portraits":["https:\/\/arantv.az\/wp-content\/uploads\/2024\/01\/interpress_5bed4b014550f729083c5df80f5be93b_wufyenz9m2bjpa3ltgxq-3.jpg",620,413,false],"thumbnail":["https:\/\/arantv.az\/wp-content\/uploads\/2024\/01\/interpress_5bed4b014550f729083c5df80f5be93b_wufyenz9m2bjpa3ltgxq-3-500x280.jpg",500,280,true],"medium":["https:\/\/arantv.az\/wp-content\/uploads\/2024\/01\/interpress_5bed4b014550f729083c5df80f5be93b_wufyenz9m2bjpa3ltgxq-3-548x365.jpg",548,365,true],"large":["https:\/\/arantv.az\/wp-content\/uploads\/2024\/01\/interpress_5bed4b014550f729083c5df80f5be93b_wufyenz9m2bjpa3ltgxq-3.jpg",620,413,false],"1536x1536":["https:\/\/arantv.az\/wp-content\/uploads\/2024\/01\/interpress_5bed4b014550f729083c5df80f5be93b_wufyenz9m2bjpa3ltgxq-3.jpg",620,413,false],"2048x2048":["https:\/\/arantv.az\/wp-content\/uploads\/2024\/01\/interpress_5bed4b014550f729083c5df80f5be93b_wufyenz9m2bjpa3ltgxq-3.jpg",620,413,false],"post-thumbnail":["https:\/\/arantv.az\/wp-content\/uploads\/2024\/01\/interpress_5bed4b014550f729083c5df80f5be93b_wufyenz9m2bjpa3ltgxq-3-240x172.jpg",240,172,true],"advps-thumb-one":["https:\/\/arantv.az\/wp-content\/uploads\/2024\/01\/interpress_5bed4b014550f729083c5df80f5be93b_wufyenz9m2bjpa3ltgxq-3.jpg",620,413,false]},"rttpg_author":{"display_name":"V\u00fcsal Rafiqo\u011flu","author_link":"https:\/\/arantv.az\/?author=2"},"rttpg_comment":0,"rttpg_category":"<a href=\"https:\/\/arantv.az\/?cat=4\" rel=\"category\">Siyas\u0259t<\/a>","rttpg_excerpt":"Qaraba\u011fda prezident se\u00e7kisin\u0259 haz\u0131rl\u0131q gedir. \u0130\u015f\u011faldan azad olunan Suqovu\u015fan, A\u011fd\u0259r\u0259, K\u0259lb\u0259c\u0259r, A\u011fdam, Xocal\u0131, Xank\u0259ndi, \u015eu\u015fa, La\u00e7\u0131n, Qubadl\u0131, Z\u0259ngilan, C\u0259bray\u0131l v\u0259 F\u00fczuli rayonlar\u0131nda n\u00f6vb\u0259d\u0259nk\u0259nar prezident se\u00e7kisin\u0259 haz\u0131rl\u0131q i\u015fl\u0259ri, dem\u0259k olar ki, yekunla\u015f\u0131b. N\u00f6vb\u0259d\u0259nk\u0259nar prezident se\u00e7kisin\u0259 g\u00f6r\u0259 se\u00e7ki m\u0259nt\u0259q\u0259l\u0259ri art\u0131q tam haz\u0131rd\u0131r. Bel\u0259 ki. se\u00e7icil\u0259r fevral\u0131n 7-d\u0259 bu m\u0259nt\u0259q\u0259l\u0259r\u0259 \u00fcz tutaraq, \u00f6z s\u0259sverm\u0259 h\u00fcquqlar\u0131ndan istifad\u0259 ed\u0259 bil\u0259c\u0259kl\u0259r.&hellip;","_links":{"self":[{"href":"https:\/\/arantv.az\/index.php?rest_route=\/wp\/v2\/posts\/680838"}],"collection":[{"href":"https:\/\/arantv.az\/index.php?rest_route=\/wp\/v2\/posts"}],"about":[{"href":"https:\/\/arantv.az\/index.php?rest_route=\/wp\/v2\/types\/post"}],"author":[{"embeddable":true,"href":"https:\/\/arantv.az\/index.php?rest_route=\/wp\/v2\/users\/2"}],"replies":[{"embeddable":true,"href":"https:\/\/arantv.az\/index.php?rest_route=%2Fwp%2Fv2%2Fcomments&post=680838"}],"version-history":[{"count":0,"href":"https:\/\/arantv.az\/index.php?rest_route=\/wp\/v2\/posts\/680838\/revisions"}],"wp:featuredmedia":[{"embeddable":true,"href":"https:\/\/arantv.az\/index.php?rest_route=\/wp\/v2\/media\/680673"}],"wp:attachment":[{"href":"https:\/\/arantv.az\/index.php?rest_route=%2Fwp%2Fv2%2Fmedia&parent=680838"}],"wp:term":[{"taxonomy":"category","embeddable":true,"href":"https:\/\/arantv.az\/index.php?rest_route=%2Fwp%2Fv2%2Fcategories&post=680838"},{"taxonomy":"post_tag","embeddable":true,"href":"https:\/\/arantv.az\/index.php?rest_route=%2Fwp%2Fv2%2Ftags&post=680838"}],"curies":[{"name":"wp","href":"https:\/\/api.w.org\/{rel}","templated":true}]}}