{"id":680844,"date":"2024-01-17T17:57:51","date_gmt":"2024-01-17T13:57:51","guid":{"rendered":"https:\/\/arantv.az\/?p=680844"},"modified":"2024-01-17T17:57:51","modified_gmt":"2024-01-17T13:57:51","slug":"fransanin-az%c9%99rbaycana-qarsi-sanksiya-sousu-parisin-qafqaz-siyas%c9%99tinin-iflas-gost%c9%99ricisidir-r%c9%99y-foto","status":"publish","type":"post","link":"https:\/\/arantv.az\/?p=680844","title":{"rendered":"Fransan\u0131n Az\u0259rbaycana qar\u015f\u0131 sanksiya \u015fousu Parisin Qafqaz siyas\u0259tinin iflas g\u00f6st\u0259ricisidir &#8211; R\u018fY + FOTO"},"content":{"rendered":"<p>Fransa Senat\u0131nda Az\u0259rbaycana qar\u015f\u0131 sanksiyalar\u0131n t\u0259tbiqini n\u0259z\u0259rd\u0259 tutan q\u0259tnam\u0259 layih\u0259si he\u00e7 bir \u0259h\u0259miyy\u0259tli siyasi-h\u00fcquqi n\u0259tic\u0259 do\u011fura bilm\u0259z, \u0259ksin\u0259, bu ka\u011f\u0131z par\u00e7as\u0131 Parisin Qafqaz siyas\u0259tinin iflas\u0131n\u0131n g\u00f6st\u0259ricisidir.<\/p>\n<p>Bunu \u201cReport\u201da a\u00e7\u0131qlamas\u0131nda Milli M\u0259clisin deputat\u0131 B\u0259hruz M\u0259h\u0259rr\u0259mov deyib.<\/p>\n<p>&nbsp;<\/p>\n<div class=\"gallery\">\n<div class=\"gallery-i\"><img src=\"https:\/\/cdn.oxu.az\/uploads\/W1siZiIsIjIwMjQvMDEvMTcvMTIvMzMvMTUvMGUzZmQyYWQtNzJjMC00NWFiLWFiZmQtY2ViNzA2NTdjOTFiLzY0ZjVjMDc3NzFhYTI2NGY1YzA3NzcxYWEzMTY5MzgyNzE5MWQ5MThkMWNjNzRlNDlhMDQwYWFjNGM1ZmE3ODhkMGM3LmpwZyJdLFsicCIsImVuY29kZSIsImpwZyIsIi1xdWFsaXR5IDgwIl0sWyJwIiwidGh1bWIiLCI1OTB4NTkwXHUwMDNlIl1d?sha=30c0241812fdff9f\" alt=\"\" \/><\/p>\n<div class=\"gallery-i-caption\"><\/div>\n<\/div>\n<\/div>\n<p>Onun s\u00f6zl\u0259rin\u0259 g\u00f6r\u0259, Fransan\u0131n isterikas\u0131 Parisin Bak\u0131 qar\u015f\u0131s\u0131nda n\u0259 q\u0259d\u0259r aciz qald\u0131\u011f\u0131n\u0131, art\u0131q sa\u011flam v\u0259 s\u0259batl\u0131 q\u0259rar ver\u0259 bilm\u0259y\u0259r\u0259k, h\u0259tta \u00f6z\u00fcn\u0259 z\u0259r\u0259r vurma\u011fa ba\u015flad\u0131\u011f\u0131n\u0131 n\u00fcmayi\u015f etdirir.<\/p>\n<p>\u201cSirr deyil ki, Fransan\u0131n Az\u0259rbaycanla ticar\u0259t d\u00f6vriyy\u0259si Erm\u0259nistan v\u0259 G\u00fcrc\u00fcstanla birg\u0259 d\u00f6vriyy\u0259sind\u0259n xeyli \u00e7oxdur. Bu m\u0259nada, Parisin m\u00fcmk\u00fcn\u00a0\u201csanksiyas\u0131\u201d ilk n\u00f6vb\u0259d\u0259 el\u0259 \u00f6z\u00fcn\u00fcn maraqlar\u0131na z\u0259rb\u0259dir v\u0259 Makron Az\u0259rbaycan\u0131 yox, m\u0259hz Fransan\u0131n C\u0259nubi Qafqazdak\u0131 ticari m\u0259nafel\u0259rini h\u0259d\u0259f\u0259 alm\u0131\u015f olur. Dig\u0259r t\u0259r\u0259fd\u0259n, \u0259g\u0259r iqtisadi \u0259laq\u0259l\u0259ri ehtiva ed\u0259n sanksiyalardan s\u00f6hb\u0259t gedirs\u0259, sirr deyil ki, Parisin Orta Asiyaya artan mara\u011f\u0131, x\u00fcsus\u0259n, Qazax\u0131stan\u0131n yaln\u0131z yer\u00fcst\u00fc n\u0259qliyyatla da\u015f\u0131na bil\u0259n uran ehtiyatlar\u0131n\u0131n n\u0259qli m\u0259s\u0259l\u0259sind\u0259 Fransa \u00fc\u00e7\u00fcn Az\u0259rbaycan a\u00e7ar \u00f6lk\u0259dir. Son d\u00f6vrl\u0259r Fransa siyas\u0259ti \u00fc\u00e7\u00fcn \u0259n\u0259n\u0259vi hal alan bu m\u00fcdrik olmayan davran\u0131\u015f, Makron rejimi v\u0259 Senat\u0131n\u0131n s\u0259bats\u0131z gedi\u015fl\u0259ri ucbat\u0131ndan \u0259slind\u0259 el\u0259 Parisin \u00f6z\u00fcn\u00fcn \u00e7\u0131x\u0131lmaz v\u0259ziyy\u0259t\u0259 d\u00fc\u015f\u0259c\u0259yi\u00a0indid\u0259n \u015f\u00fcbh\u0259 do\u011furmur.<\/p>\n<p>Bu g\u00fcn Fransan\u0131n m\u00f6vcud olmayan separat\u00e7\u0131 bir rejimin ad\u0131n\u0131 r\u0259smi s\u0259n\u0259dl\u0259r\u0259 salmas\u0131, d\u00f6vl\u0259tl\u0259rin \u0259razi b\u00fct\u00f6vl\u00fcy\u00fc v\u0259 s\u0259rh\u0259d toxunulmazl\u0131\u011f\u0131 prinsipl\u0259ri ba\u015fda olmaqla, beyn\u0259lxalq h\u00fcquqa a\u00e7\u0131q h\u00f6rm\u0259tsizlikdir. H\u0259tta Erm\u0259nistan\u0131n \u00f6z\u00fcn\u00fcn Az\u0259rbaycan\u0131n yaratd\u0131\u011f\u0131 yeni reall\u0131qla bar\u0131\u015fmas\u0131, s\u00fclh prosesin\u0259 dair m\u00fczakir\u0259 s\u0259n\u0259dl\u0259rind\u0259 Qaraba\u011f\u0131n ad\u0131n\u0131n \u00e7\u0259kilm\u0259m\u0259si, \u00fcmumiyy\u0259tl\u0259, Qaraba\u011f adl\u0131 bir problemin qalmad\u0131\u011f\u0131n\u0131 etiraf etm\u0259si hal\u0131nda Fransan\u0131n bu v\u0259ziyy\u0259tl\u0259 bar\u0131\u015fmamas\u0131 sad\u0259c\u0259 absurddur\u201d, &#8211; deputat qeyd edib.<\/p>\n<p>Onun fikrinc\u0259, Fransa bu kimi add\u0131mlarla Erm\u0259nistan v\u0259 Az\u0259rbaycan aras\u0131nda s\u00fclh perspektivl\u0259rin\u0259 k\u00f6lg\u0259 salmaqla \u00f6z\u00fcn\u00fcn beyn\u0259lxalq h\u00fcquq d\u00fc\u015fm\u0259ni &#8211; militar neoimperialist simas\u0131n\u0131 bir daha if\u015fa edir: \u201cAmma d\u0259yi\u015fm\u0259y\u0259n bir reall\u0131q var, ist\u0259r Erm\u0259nistan\u0131n havadar\u0131 kimi d\u00f6y\u00fc\u015f meydan\u0131nda, ist\u0259r BMT T\u0259hl\u00fck\u0259sizlik \u015euras\u0131 ba\u015fda olmaqla, qlobal siyasi platformalarda, ist\u0259r casus \u015f\u0259b\u0259k\u0259sinin if\u015fas\u0131 fonunda t\u0259hl\u00fck\u0259sizlik m\u00fcst\u0259visind\u0259 oldu\u011fu kimi, Fransan\u0131n sanksiya \u015fousu da fiaskoya m\u0259hkumdur v\u0259 \u00f6z\u00fcn\u00fcn sonuncu aktivl\u0259rini x\u0259rcl\u0259y\u0259n Parisin geri add\u0131m ataca\u011f\u0131 m\u00fcdd\u0259t uzaqda deyil\u201d.<\/p>\n<p>Qeyd ed\u0259k ki, Fransa Senat\u0131 h\u00f6kum\u0259tin Az\u0259rbaycana qar\u015f\u0131 sanksiya t\u0259tbiq etm\u0259si \u00fc\u00e7\u00fcn q\u0259tnam\u0259 q\u0259bul edib.<\/p>\n","protected":false},"excerpt":{"rendered":"<p>Fransa Senat\u0131nda Az\u0259rbaycana qar\u015f\u0131 sanksiyalar\u0131n t\u0259tbiqini n\u0259z\u0259rd\u0259 tutan q\u0259tnam\u0259 layih\u0259si he\u00e7 bir \u0259h\u0259miyy\u0259tli siyasi-h\u00fcquqi n\u0259tic\u0259 do\u011fura bilm\u0259z, \u0259ksin\u0259, bu ka\u011f\u0131z par\u00e7as\u0131 Parisin Qafqaz siyas\u0259tinin iflas\u0131n\u0131n g\u00f6st\u0259ricisidir. Bunu \u201cReport\u201da a\u00e7\u0131qlamas\u0131nda Milli M\u0259clisin deputat\u0131 B\u0259hruz M\u0259h\u0259rr\u0259mov deyib. &nbsp; Onun s\u00f6zl\u0259rin\u0259 g\u00f6r\u0259, Fransan\u0131n isterikas\u0131 Parisin Bak\u0131 qar\u015f\u0131s\u0131nda n\u0259 q\u0259d\u0259r aciz qald\u0131\u011f\u0131n\u0131, art\u0131q sa\u011flam v\u0259 s\u0259batl\u0131 q\u0259rar ver\u0259 bilm\u0259y\u0259r\u0259k, h\u0259tta \u00f6z\u00fcn\u0259 z\u0259r\u0259r vurma\u011fa ba\u015flad\u0131\u011f\u0131n\u0131 n\u00fcmayi\u015f etdirir. \u201cSirr deyil ki, Fransan\u0131n Az\u0259rbaycanla ticar\u0259t d\u00f6vriyy\u0259si Erm\u0259nistan v\u0259 G\u00fcrc\u00fcstanla birg\u0259 d\u00f6vriyy\u0259sind\u0259n xeyli \u00e7oxdur. Bu m\u0259nada, Parisin m\u00fcmk\u00fcn\u00a0\u201csanksiyas\u0131\u201d ilk n\u00f6vb\u0259d\u0259 el\u0259 \u00f6z\u00fcn\u00fcn maraqlar\u0131na z\u0259rb\u0259dir v\u0259 Makron Az\u0259rbaycan\u0131 yox,&hellip;<\/p>\n","protected":false},"author":2,"featured_media":680845,"comment_status":"closed","ping_status":"closed","sticky":false,"template":"","format":"standard","meta":{"om_disable_all_campaigns":false,"_monsterinsights_skip_tracking":false,"_monsterinsights_sitenote_active":false,"_monsterinsights_sitenote_note":"","_monsterinsights_sitenote_category":0},"categories":[4],"tags":[],"aioseo_notices":[],"gutentor_comment":0,"rttpg_featured_image_url":{"full":["https:\/\/arantv.az\/wp-content\/uploads\/2024\/01\/a09cf1c6-f5cf-3909-bb55-d783cefeeed0_850.jpg",620,413,false],"landscape":["https:\/\/arantv.az\/wp-content\/uploads\/2024\/01\/a09cf1c6-f5cf-3909-bb55-d783cefeeed0_850.jpg",620,413,false],"portraits":["https:\/\/arantv.az\/wp-content\/uploads\/2024\/01\/a09cf1c6-f5cf-3909-bb55-d783cefeeed0_850.jpg",620,413,false],"thumbnail":["https:\/\/arantv.az\/wp-content\/uploads\/2024\/01\/a09cf1c6-f5cf-3909-bb55-d783cefeeed0_850-500x280.jpg",500,280,true],"medium":["https:\/\/arantv.az\/wp-content\/uploads\/2024\/01\/a09cf1c6-f5cf-3909-bb55-d783cefeeed0_850-548x365.jpg",548,365,true],"large":["https:\/\/arantv.az\/wp-content\/uploads\/2024\/01\/a09cf1c6-f5cf-3909-bb55-d783cefeeed0_850.jpg",620,413,false],"1536x1536":["https:\/\/arantv.az\/wp-content\/uploads\/2024\/01\/a09cf1c6-f5cf-3909-bb55-d783cefeeed0_850.jpg",620,413,false],"2048x2048":["https:\/\/arantv.az\/wp-content\/uploads\/2024\/01\/a09cf1c6-f5cf-3909-bb55-d783cefeeed0_850.jpg",620,413,false],"post-thumbnail":["https:\/\/arantv.az\/wp-content\/uploads\/2024\/01\/a09cf1c6-f5cf-3909-bb55-d783cefeeed0_850-240x172.jpg",240,172,true],"advps-thumb-one":["https:\/\/arantv.az\/wp-content\/uploads\/2024\/01\/a09cf1c6-f5cf-3909-bb55-d783cefeeed0_850.jpg",620,413,false]},"rttpg_author":{"display_name":"V\u00fcsal Rafiqo\u011flu","author_link":"https:\/\/arantv.az\/?author=2"},"rttpg_comment":0,"rttpg_category":"<a href=\"https:\/\/arantv.az\/?cat=4\" rel=\"category\">Siyas\u0259t<\/a>","rttpg_excerpt":"Fransa Senat\u0131nda Az\u0259rbaycana qar\u015f\u0131 sanksiyalar\u0131n t\u0259tbiqini n\u0259z\u0259rd\u0259 tutan q\u0259tnam\u0259 layih\u0259si he\u00e7 bir \u0259h\u0259miyy\u0259tli siyasi-h\u00fcquqi n\u0259tic\u0259 do\u011fura bilm\u0259z, \u0259ksin\u0259, bu ka\u011f\u0131z par\u00e7as\u0131 Parisin Qafqaz siyas\u0259tinin iflas\u0131n\u0131n g\u00f6st\u0259ricisidir. Bunu \u201cReport\u201da a\u00e7\u0131qlamas\u0131nda Milli M\u0259clisin deputat\u0131 B\u0259hruz M\u0259h\u0259rr\u0259mov deyib. &nbsp; Onun s\u00f6zl\u0259rin\u0259 g\u00f6r\u0259, Fransan\u0131n isterikas\u0131 Parisin Bak\u0131 qar\u015f\u0131s\u0131nda n\u0259 q\u0259d\u0259r aciz qald\u0131\u011f\u0131n\u0131, art\u0131q sa\u011flam v\u0259 s\u0259batl\u0131 q\u0259rar ver\u0259 bilm\u0259y\u0259r\u0259k,&hellip;","_links":{"self":[{"href":"https:\/\/arantv.az\/index.php?rest_route=\/wp\/v2\/posts\/680844"}],"collection":[{"href":"https:\/\/arantv.az\/index.php?rest_route=\/wp\/v2\/posts"}],"about":[{"href":"https:\/\/arantv.az\/index.php?rest_route=\/wp\/v2\/types\/post"}],"author":[{"embeddable":true,"href":"https:\/\/arantv.az\/index.php?rest_route=\/wp\/v2\/users\/2"}],"replies":[{"embeddable":true,"href":"https:\/\/arantv.az\/index.php?rest_route=%2Fwp%2Fv2%2Fcomments&post=680844"}],"version-history":[{"count":0,"href":"https:\/\/arantv.az\/index.php?rest_route=\/wp\/v2\/posts\/680844\/revisions"}],"wp:featuredmedia":[{"embeddable":true,"href":"https:\/\/arantv.az\/index.php?rest_route=\/wp\/v2\/media\/680845"}],"wp:attachment":[{"href":"https:\/\/arantv.az\/index.php?rest_route=%2Fwp%2Fv2%2Fmedia&parent=680844"}],"wp:term":[{"taxonomy":"category","embeddable":true,"href":"https:\/\/arantv.az\/index.php?rest_route=%2Fwp%2Fv2%2Fcategories&post=680844"},{"taxonomy":"post_tag","embeddable":true,"href":"https:\/\/arantv.az\/index.php?rest_route=%2Fwp%2Fv2%2Ftags&post=680844"}],"curies":[{"name":"wp","href":"https:\/\/api.w.org\/{rel}","templated":true}]}}