{"id":680867,"date":"2024-01-17T18:10:53","date_gmt":"2024-01-17T14:10:53","guid":{"rendered":"https:\/\/arantv.az\/?p=680867"},"modified":"2024-01-17T18:10:53","modified_gmt":"2024-01-17T14:10:53","slug":"cixarisi-olmayan-m%c9%99nzill%c9%99rl%c9%99-bagli-vacib-x%c9%99b%c9%99r-video","status":"publish","type":"post","link":"https:\/\/arantv.az\/?p=680867","title":{"rendered":"\u00c7\u0131xar\u0131\u015f\u0131 olmayan m\u0259nzill\u0259rl\u0259 ba\u011fl\u0131 VAC\u0130B X\u018fB\u018fR &#8211; V\u0130DEO"},"content":{"rendered":"<article class=\"news\">\n<div class=\"news-inner\">\n<p>Bak\u0131da v\u0259 Ab\u015feron yar\u0131madas\u0131nda in\u015fa edil\u0259n b\u0259zi binalardak\u0131 m\u0259nzill\u0259r\u0259 \u00e7\u0131xar\u0131\u015f verilm\u0259y\u0259 bil\u0259r.<\/p>\n<p>Ekspertl\u0259r hesab edirl\u0259r ki, paytaxt \u0259razisind\u0259ki b\u0259zi binalarda ya\u015fay\u0131\u015f olsa da? onlar istismara q\u0259bul edilm\u0259yib.<\/p>\n<p>H\u0259min binalar\u0131n istismara q\u0259bul edilm\u0259m\u0259sinin s\u0259b\u0259bi t\u0259hl\u00fck\u0259sizlikl\u0259 ba\u011fl\u0131d\u0131r.<\/p>\n<p>\u018fmlak eksperti Elnur F\u0259rz\u0259liyev \u201cAzTV\u201dy\u0259 bildirib ki, \u00e7\u0131xar\u0131\u015flar\u0131n verilm\u0259m\u0259sinin \u0259sas s\u0259b\u0259bi binalar\u0131n tikintisi zaman\u0131 al\u0131nan icaz\u0259l\u0259rl\u0259 ba\u011fl\u0131d\u0131r.<\/p>\n<p>\u018ftrafl\u0131 videos\u00fcjetd\u0259:<\/p>\n<div><iframe loading=\"lazy\" title=\"YouTube video player\" src=\"https:\/\/www.youtube.com\/embed\/OOAIvevo8wo?si=cwSgsmWa6jiGZ2QR\" width=\"560\" height=\"315\" frameborder=\"0\" allowfullscreen=\"allowfullscreen\" data-mce-fragment=\"1\"><\/iframe><\/div>\n<\/div>\n<\/article>\n","protected":false},"excerpt":{"rendered":"<p>Bak\u0131da v\u0259 Ab\u015feron yar\u0131madas\u0131nda in\u015fa edil\u0259n b\u0259zi binalardak\u0131 m\u0259nzill\u0259r\u0259 \u00e7\u0131xar\u0131\u015f verilm\u0259y\u0259 bil\u0259r. Ekspertl\u0259r hesab edirl\u0259r ki, paytaxt \u0259razisind\u0259ki b\u0259zi binalarda ya\u015fay\u0131\u015f olsa da? onlar istismara q\u0259bul edilm\u0259yib. H\u0259min binalar\u0131n istismara q\u0259bul edilm\u0259m\u0259sinin s\u0259b\u0259bi t\u0259hl\u00fck\u0259sizlikl\u0259 ba\u011fl\u0131d\u0131r. \u018fmlak eksperti Elnur F\u0259rz\u0259liyev \u201cAzTV\u201dy\u0259 bildirib ki, \u00e7\u0131xar\u0131\u015flar\u0131n verilm\u0259m\u0259sinin \u0259sas s\u0259b\u0259bi binalar\u0131n tikintisi zaman\u0131 al\u0131nan icaz\u0259l\u0259rl\u0259 ba\u011fl\u0131d\u0131r. \u018ftrafl\u0131 videos\u00fcjetd\u0259:<\/p>\n","protected":false},"author":2,"featured_media":680868,"comment_status":"closed","ping_status":"closed","sticky":false,"template":"","format":"standard","meta":{"om_disable_all_campaigns":false,"_monsterinsights_skip_tracking":false,"_monsterinsights_sitenote_active":false,"_monsterinsights_sitenote_note":"","_monsterinsights_sitenote_category":0},"categories":[1],"tags":[],"aioseo_notices":[],"gutentor_comment":0,"rttpg_featured_image_url":{"full":["https:\/\/arantv.az\/wp-content\/uploads\/2024\/01\/FotoJet-2023-12-31T185939.930.jpg",620,413,false],"landscape":["https:\/\/arantv.az\/wp-content\/uploads\/2024\/01\/FotoJet-2023-12-31T185939.930.jpg",620,413,false],"portraits":["https:\/\/arantv.az\/wp-content\/uploads\/2024\/01\/FotoJet-2023-12-31T185939.930.jpg",620,413,false],"thumbnail":["https:\/\/arantv.az\/wp-content\/uploads\/2024\/01\/FotoJet-2023-12-31T185939.930-500x280.jpg",500,280,true],"medium":["https:\/\/arantv.az\/wp-content\/uploads\/2024\/01\/FotoJet-2023-12-31T185939.930-548x365.jpg",548,365,true],"large":["https:\/\/arantv.az\/wp-content\/uploads\/2024\/01\/FotoJet-2023-12-31T185939.930.jpg",620,413,false],"1536x1536":["https:\/\/arantv.az\/wp-content\/uploads\/2024\/01\/FotoJet-2023-12-31T185939.930.jpg",620,413,false],"2048x2048":["https:\/\/arantv.az\/wp-content\/uploads\/2024\/01\/FotoJet-2023-12-31T185939.930.jpg",620,413,false],"post-thumbnail":["https:\/\/arantv.az\/wp-content\/uploads\/2024\/01\/FotoJet-2023-12-31T185939.930-240x172.jpg",240,172,true],"advps-thumb-one":["https:\/\/arantv.az\/wp-content\/uploads\/2024\/01\/FotoJet-2023-12-31T185939.930.jpg",620,413,false]},"rttpg_author":{"display_name":"V\u00fcsal Rafiqo\u011flu","author_link":"https:\/\/arantv.az\/?author=2"},"rttpg_comment":0,"rttpg_category":"<a href=\"https:\/\/arantv.az\/?cat=1\" rel=\"category\">C\u0259miyy\u0259t<\/a>","rttpg_excerpt":"Bak\u0131da v\u0259 Ab\u015feron yar\u0131madas\u0131nda in\u015fa edil\u0259n b\u0259zi binalardak\u0131 m\u0259nzill\u0259r\u0259 \u00e7\u0131xar\u0131\u015f verilm\u0259y\u0259 bil\u0259r. Ekspertl\u0259r hesab edirl\u0259r ki, paytaxt \u0259razisind\u0259ki b\u0259zi binalarda ya\u015fay\u0131\u015f olsa da? onlar istismara q\u0259bul edilm\u0259yib. H\u0259min binalar\u0131n istismara q\u0259bul edilm\u0259m\u0259sinin s\u0259b\u0259bi t\u0259hl\u00fck\u0259sizlikl\u0259 ba\u011fl\u0131d\u0131r. \u018fmlak eksperti Elnur F\u0259rz\u0259liyev \u201cAzTV\u201dy\u0259 bildirib ki, \u00e7\u0131xar\u0131\u015flar\u0131n verilm\u0259m\u0259sinin \u0259sas s\u0259b\u0259bi binalar\u0131n tikintisi zaman\u0131 al\u0131nan icaz\u0259l\u0259rl\u0259 ba\u011fl\u0131d\u0131r. \u018ftrafl\u0131 videos\u00fcjetd\u0259:","_links":{"self":[{"href":"https:\/\/arantv.az\/index.php?rest_route=\/wp\/v2\/posts\/680867"}],"collection":[{"href":"https:\/\/arantv.az\/index.php?rest_route=\/wp\/v2\/posts"}],"about":[{"href":"https:\/\/arantv.az\/index.php?rest_route=\/wp\/v2\/types\/post"}],"author":[{"embeddable":true,"href":"https:\/\/arantv.az\/index.php?rest_route=\/wp\/v2\/users\/2"}],"replies":[{"embeddable":true,"href":"https:\/\/arantv.az\/index.php?rest_route=%2Fwp%2Fv2%2Fcomments&post=680867"}],"version-history":[{"count":0,"href":"https:\/\/arantv.az\/index.php?rest_route=\/wp\/v2\/posts\/680867\/revisions"}],"wp:featuredmedia":[{"embeddable":true,"href":"https:\/\/arantv.az\/index.php?rest_route=\/wp\/v2\/media\/680868"}],"wp:attachment":[{"href":"https:\/\/arantv.az\/index.php?rest_route=%2Fwp%2Fv2%2Fmedia&parent=680867"}],"wp:term":[{"taxonomy":"category","embeddable":true,"href":"https:\/\/arantv.az\/index.php?rest_route=%2Fwp%2Fv2%2Fcategories&post=680867"},{"taxonomy":"post_tag","embeddable":true,"href":"https:\/\/arantv.az\/index.php?rest_route=%2Fwp%2Fv2%2Ftags&post=680867"}],"curies":[{"name":"wp","href":"https:\/\/api.w.org\/{rel}","templated":true}]}}