{"id":680870,"date":"2024-01-17T20:21:17","date_gmt":"2024-01-17T16:21:17","guid":{"rendered":"https:\/\/arantv.az\/?p=680870"},"modified":"2024-01-17T20:21:17","modified_gmt":"2024-01-17T16:21:17","slug":"m%c9%99n-niy%c9%99-secimimi-2008-ci-ild%c9%99-etdim","status":"publish","type":"post","link":"https:\/\/arantv.az\/?p=680870","title":{"rendered":"M\u0259n niy\u0259 se\u00e7imimi 2008-ci ild\u0259 etdim?"},"content":{"rendered":"<p>C\u0259nab \u0130lham \u018fliyev ilk d\u0259f\u0259 2003-c\u00fc ild\u0259 prezidentliy\u0259 namiz\u0259d olanda m\u0259nim 16 ya\u015f\u0131m yenic\u0259 tamam olmu\u015fdu. H\u0259l\u0259 s\u0259s verm\u0259k h\u00fcququm yox idi. 2008-ci ild\u0259 ilk d\u0259f\u0259 se\u00e7kil\u0259rd\u0259 i\u015ftirak ed\u0259nd\u0259 art\u0131q 21 ya\u015f\u0131m var idi. Az\u0259rbaycan Pedaqoji Universitetinin sonuncu kursunda t\u0259hsil al\u0131rd\u0131m. Prezident se\u00e7kil\u0259rind\u0259 c\u0259nab \u0130lham \u018fliyev namiz\u0259dliyini yenind\u0259n ir\u0259li s\u00fcrm\u00fc\u015fd\u00fc. Xalq\u0131m\u0131z n\u00f6vb\u0259ti 5 ild\u0259 d\u0259 Prezident kimi \u0130lham \u018fliyevi g\u00f6rm\u0259k ist\u0259yirdi. M\u0259n d\u0259 bir v\u0259t\u0259nda\u015f kimi \u00f6z h\u00fcququmdan istifad\u0259 ed\u0259r\u0259k, c\u0259nab \u0130lham \u018fliyev\u0259 s\u0259s verdim, se\u00e7imi bird\u0259f\u0259lik etdim. S\u0259b\u0259bi? \u0130ndi is\u0259 g\u00f6rd\u00fckl\u0259rimi, e\u015fdikl\u0259rimi siz oxucular\u0131mla b\u00f6l\u00fc\u015fm\u0259k ist\u0259yir\u0259m.<br \/>\nM\u0259n Qaraba\u011fda &#8211; B\u0259rd\u0259 rayonunda do\u011fulub boya-ba\u015fa \u00e7atm\u0131\u015fam. A\u011fdam rayonu i\u015f\u011fal olunduqdan sonra B\u0259rd\u0259 Qaraba\u011f y\u00fck\u00fcn\u00fc \u00e7iynind\u0259 da\u015f\u0131ma\u011fa ba\u015flad\u0131, minl\u0259rl\u0259 m\u0259cburi k\u00f6\u00e7k\u00fcn\u00fc qoynuna ald\u0131. O a\u011f\u0131r g\u00fcnl\u0259rd\u0259 h\u0259mya\u015f\u0131dlar\u0131m kimi m\u0259n d\u0259 ya\u015fam\u0131\u015fam v\u0259 \u0259n \u00e7ox yadda\u015f\u0131mda qalan a\u011f\u0131r silah s\u0259sl\u0259ri idi.<br \/>\nTorpaqlar\u0131m\u0131z i\u015f\u011fal olunanda 6 ya\u015f\u0131m tamam olmu\u015fdu. T\u0259bii ki, ba\u015f ver\u0259nl\u0259ri tam d\u0259rk ed\u0259 bilm\u0259zdim. G\u0259lin ona g\u00f6r\u0259 d\u0259 \u00f6t\u0259n tariximiz\u0259 bir yerd\u0259 n\u0259z\u0259r salaq, xalq\u0131m\u0131z ke\u00e7diyi \u00e7\u0259tin g\u00fcnl\u0259ri xat\u0131rlayaq. 1993-c\u00fc il V\u0259t\u0259nimiz \u00fc\u00e7\u00fcn \u00e7ox a\u011f\u0131r il idi &#8211; bir t\u0259r\u0259fd\u0259n torpaqlar\u0131m\u0131z i\u015f\u011fal olunurdu, dig\u0259r t\u0259r\u0259fd\u0259n Az\u0259rbaycan m\u00fcst\u0259qilliyini itirm\u0259k t\u0259hl\u00fck\u0259si il\u0259 \u00fcz-\u00fcz\u0259 qalm\u0131\u015fd\u0131. M\u00fcharib\u0259 \u00f6z\u00fc il\u0259 b\u00f6y\u00fck b\u0259db\u0259xtlik g\u0259tirmi\u015fdi. Anlar\u0131n g\u00f6zl\u0259rind\u0259n axan g\u00f6z ya\u015flar\u0131 il\u0259 b\u0259rab\u0259r atalar\u0131n \u00e7iynind\u0259 da\u015f\u0131nan \u015f\u0259hid tabutuna kimi. K\u00fc\u00e7\u0259l\u0259rd\u0259 evini, m\u00fclk\u00fcn\u00fc, ail\u0259sini itir\u0259n insanlarlara b\u0259rab\u0259r gec\u0259d\u0259n s\u0259h\u0259r\u0259 kimi \u00e7\u00f6r\u0259k n\u00f6vb\u0259sind\u0259 soyuqda dayanan valdeyinl\u0259r kimi. \u015eam i\u015f\u0131\u011f\u0131nda d\u0259rsl\u0259rini oxuyan u\u015faqlardan tutmu\u015f \u00fcmidsiz n\u0259n\u0259l\u0259r\u0259, g\u00f6z\u00fcnd\u0259 k\u0259d\u0259r babalara q\u0259d\u0259r, \u0259mr\u0259 tabe olmayan silahl\u0131 \u0259sg\u0259rl\u0259rd\u0259n tutmu\u015f q\u0131z\u0131nmaq \u00fc\u00e7\u00fcn odunsuz sobalar\u0131n \u0259traf\u0131na y\u0131\u011f\u0131lan u\u015faqlara q\u0259d\u0259r&#8230;<br \/>\nAmma h\u0259r qaranl\u0131q gec\u0259nin bir i\u015f\u0131ql\u0131 s\u0259h\u0259ri d\u0259 var imi\u015f. Xalq\u0131m\u0131z\u0131n birliyi, d\u00f6z\u00fcml\u00fcy\u00fc \u00f6z s\u00f6z\u00fcn\u00fc dedi. Xalq\u0131n t\u0259l\u0259bi yerin\u0259 yetdi. Ulu \u00d6nd\u0259r dahi \u015f\u0259xsiyy\u0259t Heyd\u0259r \u018fliyev 1993-c\u00fc ild\u0259 ikinci d\u0259f\u0259 hakimiyy\u0259t\u0259 g\u0259ldi. D\u00fc\u015fm\u0259nin s\u00fcr\u0259tli h\u00fccumlar\u0131n\u0131n qar\u015f\u0131s\u0131 al\u0131nd\u0131. C\u0259bh\u0259d\u0259 u\u011furlu d\u00f6y\u00fc\u015f \u0259m\u0259liyyat\u0131 ke\u00e7irildi. 20-d\u0259n \u00e7ox ya\u015fay\u0131\u015f m\u0259nt\u0259q\u0259miz i\u015f\u011faldan azad olundu. Az\u0259rbaycan d\u00f6vl\u0259ti yenind\u0259n quruldu. \u00d6lk\u0259d\u0259 sabitlik \u0259minamanl\u0131q yarad\u0131ld\u0131. Ordu quruculu\u011funa ba\u015fland\u0131. \u00d6lk\u0259miz s\u00fcr\u0259tli inki\u015faf tempin\u0259 q\u0259d\u0259m qoydu. Az\u0259rbaycan d\u00fcny\u0259vi d\u00f6vl\u0259t\u0259 \u00e7evirildi. Amma \u00f6lk\u0259mizin \u00e7i\u00e7\u0259kl\u0259n\u0259n d\u00f6vr\u00fcnd\u0259 xalq\u0131m\u0131za a\u011f\u0131r itki \u00fcz verdi &#8211; Ulu \u00d6nd\u0259r dahi \u015f\u0259xsiyy\u0259t Heyd\u0259r \u018fliyev d\u00fcnyas\u0131n\u0131 d\u0259yi\u015fdi. B\u00f6y\u00fck itki olsa da xalq\u0131m\u0131z sars\u0131lmad\u0131, Ulu \u00d6nd\u0259rin davam\u00e7\u0131s\u0131 c\u0259nab \u0130lham \u018fliyevi d\u00f6vl\u0259t ba\u015f\u00e7\u0131s\u0131 se\u00e7di.<br \/>\nB\u0259s \u00f6t\u0259n 20 ild\u0259 Prezident \u0130lham \u018fliyevin r\u0259hb\u0259rliyi alt\u0131nda hans\u0131 yenilikl\u0259r oldu? G\u0259lin bir yerd\u0259 n\u0259z\u0259r yetir\u0259k. \u00d6lk\u0259d\u0259 t\u0259hsil\u0259 qay\u011f\u0131, g\u0259ncl\u0259r\u0259 diqq\u0259t, b\u00f6y\u00fck quruculuq-abadl\u0131q, m\u00fcasir g\u00fccl\u00fc ordu, d\u00fcny\u0259vi d\u00f6vl\u0259t, 44 g\u00fcn\u0259 q\u0259l\u0259b\u0259, onun d\u00f6vunund\u0259 yeti\u015f\u0259n v\u0259 can\u0131n\u0131 V\u0259t\u0259n \u00fc\u00e7\u00fcn f\u0259da ver\u0259n g\u0259ncl\u0259r, Xank\u0259ndid\u0259 q\u0259l\u0259b\u0259 parad\u0131, Az\u0259rbaycan\u0131n \u0259razi b\u00fct\u00f6vl\u00fcy\u00fcn\u00fcn tam b\u0259rpas\u0131, erm\u0259nisiz Qaraba\u011f\u0131m\u0131z&#8230; B\u00fct\u00fcn bunlar\u0131 biz\u0259 ya\u015fadan Ulu \u00d6nd\u0259r, \u00f6lm\u0259z \u015f\u0259xsiyy\u0259t Heyd\u0259r \u018fliyevin davamc\u0131s\u0131 Al\u0131 Ba\u015f Komandan \u0130lham \u018fliyevin bizl\u0259r \u00fc\u00e7\u00fcn etdikl\u0259rinin az hiss\u0259sidir. \u0130ndi bildiniz m\u0259n \u00f6z se\u00e7imimi 2008-ci ild\u0259 niy\u0259 etmi\u015fdim? \u018flav\u0259 izaha ehtiyac qalmad\u0131. Bilir\u0259m ki, m\u0259n t\u0259k deyil\u0259m, minl\u0259rl\u0259 g\u0259nc \u00f6z se\u00e7imini m\u0259nim kimi 2008-ci ild\u0259 edib. Qal\u0131r onu s\u0259n\u0259d \u00fcz\u0259rind\u0259 qeyd etm\u0259k.<br \/>\nZ\u00f6vqiyy\u0259 Nam\u0259tq\u0131z\u0131<br \/>\n\u015eu\u015fa rayon Mal\u0131b\u0259yli k\u0259nd 1 n\u00f6mr\u0259li tam orta m\u0259kt\u0259bin t\u0259lim-t\u0259rbiy\u0259 i\u015fl\u0259ri \u00fczr\u0259 direktor m\u00fcavini<\/p>\n","protected":false},"excerpt":{"rendered":"<p>C\u0259nab \u0130lham \u018fliyev ilk d\u0259f\u0259 2003-c\u00fc ild\u0259 prezidentliy\u0259 namiz\u0259d olanda m\u0259nim 16 ya\u015f\u0131m yenic\u0259 tamam olmu\u015fdu. H\u0259l\u0259 s\u0259s verm\u0259k h\u00fcququm yox idi. 2008-ci ild\u0259 ilk d\u0259f\u0259 se\u00e7kil\u0259rd\u0259 i\u015ftirak ed\u0259nd\u0259 art\u0131q 21 ya\u015f\u0131m var idi. Az\u0259rbaycan Pedaqoji Universitetinin sonuncu kursunda t\u0259hsil al\u0131rd\u0131m. Prezident se\u00e7kil\u0259rind\u0259 c\u0259nab \u0130lham \u018fliyev namiz\u0259dliyini yenind\u0259n ir\u0259li s\u00fcrm\u00fc\u015fd\u00fc. Xalq\u0131m\u0131z n\u00f6vb\u0259ti 5 ild\u0259 d\u0259 Prezident kimi \u0130lham \u018fliyevi g\u00f6rm\u0259k ist\u0259yirdi. M\u0259n d\u0259 bir v\u0259t\u0259nda\u015f kimi \u00f6z h\u00fcququmdan istifad\u0259 ed\u0259r\u0259k, c\u0259nab \u0130lham \u018fliyev\u0259 s\u0259s verdim, se\u00e7imi bird\u0259f\u0259lik etdim. S\u0259b\u0259bi? \u0130ndi is\u0259 g\u00f6rd\u00fckl\u0259rimi, e\u015fdikl\u0259rimi siz oxucular\u0131mla b\u00f6l\u00fc\u015fm\u0259k ist\u0259yir\u0259m. M\u0259n Qaraba\u011fda &#8211;&hellip;<\/p>\n","protected":false},"author":2,"featured_media":680875,"comment_status":"closed","ping_status":"closed","sticky":false,"template":"","format":"standard","meta":{"om_disable_all_campaigns":false,"_monsterinsights_skip_tracking":false,"_monsterinsights_sitenote_active":false,"_monsterinsights_sitenote_note":"","_monsterinsights_sitenote_category":0},"categories":[1],"tags":[],"aioseo_notices":[],"gutentor_comment":0,"rttpg_featured_image_url":{"full":["https:\/\/arantv.az\/wp-content\/uploads\/2024\/01\/d8deb644-8829-433e-8a6e-2ab9c0dc095f.jpg",720,720,false],"landscape":["https:\/\/arantv.az\/wp-content\/uploads\/2024\/01\/d8deb644-8829-433e-8a6e-2ab9c0dc095f.jpg",720,720,false],"portraits":["https:\/\/arantv.az\/wp-content\/uploads\/2024\/01\/d8deb644-8829-433e-8a6e-2ab9c0dc095f.jpg",720,720,false],"thumbnail":["https:\/\/arantv.az\/wp-content\/uploads\/2024\/01\/d8deb644-8829-433e-8a6e-2ab9c0dc095f-500x280.jpg",500,280,true],"medium":["https:\/\/arantv.az\/wp-content\/uploads\/2024\/01\/d8deb644-8829-433e-8a6e-2ab9c0dc095f-365x365.jpg",365,365,true],"large":["https:\/\/arantv.az\/wp-content\/uploads\/2024\/01\/d8deb644-8829-433e-8a6e-2ab9c0dc095f.jpg",640,640,false],"1536x1536":["https:\/\/arantv.az\/wp-content\/uploads\/2024\/01\/d8deb644-8829-433e-8a6e-2ab9c0dc095f.jpg",720,720,false],"2048x2048":["https:\/\/arantv.az\/wp-content\/uploads\/2024\/01\/d8deb644-8829-433e-8a6e-2ab9c0dc095f.jpg",720,720,false],"post-thumbnail":["https:\/\/arantv.az\/wp-content\/uploads\/2024\/01\/d8deb644-8829-433e-8a6e-2ab9c0dc095f-240x172.jpg",240,172,true],"advps-thumb-one":["https:\/\/arantv.az\/wp-content\/uploads\/2024\/01\/d8deb644-8829-433e-8a6e-2ab9c0dc095f-720x620.jpg",720,620,true]},"rttpg_author":{"display_name":"V\u00fcsal Rafiqo\u011flu","author_link":"https:\/\/arantv.az\/?author=2"},"rttpg_comment":0,"rttpg_category":"<a href=\"https:\/\/arantv.az\/?cat=1\" rel=\"category\">C\u0259miyy\u0259t<\/a>","rttpg_excerpt":"C\u0259nab \u0130lham \u018fliyev ilk d\u0259f\u0259 2003-c\u00fc ild\u0259 prezidentliy\u0259 namiz\u0259d olanda m\u0259nim 16 ya\u015f\u0131m yenic\u0259 tamam olmu\u015fdu. H\u0259l\u0259 s\u0259s verm\u0259k h\u00fcququm yox idi. 2008-ci ild\u0259 ilk d\u0259f\u0259 se\u00e7kil\u0259rd\u0259 i\u015ftirak ed\u0259nd\u0259 art\u0131q 21 ya\u015f\u0131m var idi. Az\u0259rbaycan Pedaqoji Universitetinin sonuncu kursunda t\u0259hsil al\u0131rd\u0131m. Prezident se\u00e7kil\u0259rind\u0259 c\u0259nab \u0130lham \u018fliyev namiz\u0259dliyini yenind\u0259n ir\u0259li s\u00fcrm\u00fc\u015fd\u00fc. Xalq\u0131m\u0131z n\u00f6vb\u0259ti 5 ild\u0259 d\u0259&hellip;","_links":{"self":[{"href":"https:\/\/arantv.az\/index.php?rest_route=\/wp\/v2\/posts\/680870"}],"collection":[{"href":"https:\/\/arantv.az\/index.php?rest_route=\/wp\/v2\/posts"}],"about":[{"href":"https:\/\/arantv.az\/index.php?rest_route=\/wp\/v2\/types\/post"}],"author":[{"embeddable":true,"href":"https:\/\/arantv.az\/index.php?rest_route=\/wp\/v2\/users\/2"}],"replies":[{"embeddable":true,"href":"https:\/\/arantv.az\/index.php?rest_route=%2Fwp%2Fv2%2Fcomments&post=680870"}],"version-history":[{"count":0,"href":"https:\/\/arantv.az\/index.php?rest_route=\/wp\/v2\/posts\/680870\/revisions"}],"wp:featuredmedia":[{"embeddable":true,"href":"https:\/\/arantv.az\/index.php?rest_route=\/wp\/v2\/media\/680875"}],"wp:attachment":[{"href":"https:\/\/arantv.az\/index.php?rest_route=%2Fwp%2Fv2%2Fmedia&parent=680870"}],"wp:term":[{"taxonomy":"category","embeddable":true,"href":"https:\/\/arantv.az\/index.php?rest_route=%2Fwp%2Fv2%2Fcategories&post=680870"},{"taxonomy":"post_tag","embeddable":true,"href":"https:\/\/arantv.az\/index.php?rest_route=%2Fwp%2Fv2%2Ftags&post=680870"}],"curies":[{"name":"wp","href":"https:\/\/api.w.org\/{rel}","templated":true}]}}