{"id":680878,"date":"2024-01-17T20:22:32","date_gmt":"2024-01-17T16:22:32","guid":{"rendered":"https:\/\/arantv.az\/?p=680878"},"modified":"2024-01-17T20:22:32","modified_gmt":"2024-01-17T16:22:32","slug":"rusiya-xin-erm%c9%99nistan-az%c9%99rbaycan-nizamlanmasi-uzr%c9%99-uct%c9%99r%c9%99fli-isin-b%c9%99rpasina-cagirib","status":"publish","type":"post","link":"https:\/\/arantv.az\/?p=680878","title":{"rendered":"Rusiya X\u0130N Erm\u0259nistan-Az\u0259rbaycan nizamlanmas\u0131 \u00fczr\u0259 \u00fc\u00e7t\u0259r\u0259fli i\u015fin b\u0259rpas\u0131na \u00e7a\u011f\u0131r\u0131b"},"content":{"rendered":"<p>Rusiya Federasiyas\u0131 xarici i\u015fl\u0259r nazirinin m\u00fcavini Mixail Qaluzin v\u0259 Erm\u0259nistan\u0131n Moskvadak\u0131 s\u0259firi Vaqar\u015fak Arutyunyan Erm\u0259nistan-Az\u0259rbaycan m\u00fcnasib\u0259tl\u0259rinin normalla\u015fmas\u0131 m\u0259s\u0259l\u0259sini m\u00fczakir\u0259 edibl\u0259r.<\/p>\n<p>Nazir m\u00fcavini nizamlanma \u00fczr\u0259 \u00fc\u00e7t\u0259r\u0259fli i\u015fin tez bir zamanda b\u0259rpa olunmas\u0131n\u0131n vacibliyini vur\u011fulay\u0131b.<\/p>\n<p>\u201cS\u00f6hb\u0259t zaman\u0131 Erm\u0259nistan-Az\u0259rbaycan m\u00fcnasib\u0259tl\u0259rinin normalla\u015fmas\u0131 prosesind\u0259ki v\u0259ziyy\u0259t \u0259trafl\u0131 m\u00fczakir\u0259 edilib. Qaluzin Rusiya, Az\u0259rbaycan v\u0259 Erm\u0259nistan liderl\u0259ri aras\u0131nda imzalanm\u0131\u015f sazi\u015fl\u0259r toplusu \u0259sas\u0131nda bu sah\u0259d\u0259 \u00fc\u00e7t\u0259r\u0259fli i\u015fin tezlikl\u0259 b\u0259rpas\u0131n\u0131n t\u0259cili z\u0259ruriliyini vur\u011fulay\u0131b\u201d, &#8211; g\u00f6r\u00fc\u015f\u00fcn yekunlar\u0131 il\u0259 ba\u011fl\u0131 Rusiya Xarici \u0130\u015fl\u0259r Nazirliyinin sayt\u0131nda d\u0259rc olunan x\u0259b\u0259rd\u0259 deyilir.<\/p>\n<p>Bildirilir ki, g\u00f6r\u00fc\u015f Erm\u0259nistan s\u0259firinin xahi\u015fi il\u0259 ba\u015f tutub.<\/p>\n","protected":false},"excerpt":{"rendered":"<p>Rusiya Federasiyas\u0131 xarici i\u015fl\u0259r nazirinin m\u00fcavini Mixail Qaluzin v\u0259 Erm\u0259nistan\u0131n Moskvadak\u0131 s\u0259firi Vaqar\u015fak Arutyunyan Erm\u0259nistan-Az\u0259rbaycan m\u00fcnasib\u0259tl\u0259rinin normalla\u015fmas\u0131 m\u0259s\u0259l\u0259sini m\u00fczakir\u0259 edibl\u0259r. Nazir m\u00fcavini nizamlanma \u00fczr\u0259 \u00fc\u00e7t\u0259r\u0259fli i\u015fin tez bir zamanda b\u0259rpa olunmas\u0131n\u0131n vacibliyini vur\u011fulay\u0131b. \u201cS\u00f6hb\u0259t zaman\u0131 Erm\u0259nistan-Az\u0259rbaycan m\u00fcnasib\u0259tl\u0259rinin normalla\u015fmas\u0131 prosesind\u0259ki v\u0259ziyy\u0259t \u0259trafl\u0131 m\u00fczakir\u0259 edilib. Qaluzin Rusiya, Az\u0259rbaycan v\u0259 Erm\u0259nistan liderl\u0259ri aras\u0131nda imzalanm\u0131\u015f sazi\u015fl\u0259r toplusu \u0259sas\u0131nda bu sah\u0259d\u0259 \u00fc\u00e7t\u0259r\u0259fli i\u015fin tezlikl\u0259 b\u0259rpas\u0131n\u0131n t\u0259cili z\u0259ruriliyini vur\u011fulay\u0131b\u201d, &#8211; g\u00f6r\u00fc\u015f\u00fcn yekunlar\u0131 il\u0259 ba\u011fl\u0131 Rusiya Xarici \u0130\u015fl\u0259r Nazirliyinin sayt\u0131nda d\u0259rc olunan x\u0259b\u0259rd\u0259 deyilir. Bildirilir ki, g\u00f6r\u00fc\u015f Erm\u0259nistan s\u0259firinin xahi\u015fi il\u0259 ba\u015f tutub.<\/p>\n","protected":false},"author":2,"featured_media":680879,"comment_status":"closed","ping_status":"closed","sticky":false,"template":"","format":"standard","meta":{"om_disable_all_campaigns":false,"_monsterinsights_skip_tracking":false,"_monsterinsights_sitenote_active":false,"_monsterinsights_sitenote_note":"","_monsterinsights_sitenote_category":0},"categories":[4],"tags":[],"aioseo_notices":[],"gutentor_comment":0,"rttpg_featured_image_url":{"full":["https:\/\/arantv.az\/wp-content\/uploads\/2024\/01\/414381753_904865761082424_7242020147821502182_n.jpg",620,413,false],"landscape":["https:\/\/arantv.az\/wp-content\/uploads\/2024\/01\/414381753_904865761082424_7242020147821502182_n.jpg",620,413,false],"portraits":["https:\/\/arantv.az\/wp-content\/uploads\/2024\/01\/414381753_904865761082424_7242020147821502182_n.jpg",620,413,false],"thumbnail":["https:\/\/arantv.az\/wp-content\/uploads\/2024\/01\/414381753_904865761082424_7242020147821502182_n-500x280.jpg",500,280,true],"medium":["https:\/\/arantv.az\/wp-content\/uploads\/2024\/01\/414381753_904865761082424_7242020147821502182_n-548x365.jpg",548,365,true],"large":["https:\/\/arantv.az\/wp-content\/uploads\/2024\/01\/414381753_904865761082424_7242020147821502182_n.jpg",620,413,false],"1536x1536":["https:\/\/arantv.az\/wp-content\/uploads\/2024\/01\/414381753_904865761082424_7242020147821502182_n.jpg",620,413,false],"2048x2048":["https:\/\/arantv.az\/wp-content\/uploads\/2024\/01\/414381753_904865761082424_7242020147821502182_n.jpg",620,413,false],"post-thumbnail":["https:\/\/arantv.az\/wp-content\/uploads\/2024\/01\/414381753_904865761082424_7242020147821502182_n-240x172.jpg",240,172,true],"advps-thumb-one":["https:\/\/arantv.az\/wp-content\/uploads\/2024\/01\/414381753_904865761082424_7242020147821502182_n.jpg",620,413,false]},"rttpg_author":{"display_name":"V\u00fcsal Rafiqo\u011flu","author_link":"https:\/\/arantv.az\/?author=2"},"rttpg_comment":0,"rttpg_category":"<a href=\"https:\/\/arantv.az\/?cat=4\" rel=\"category\">Siyas\u0259t<\/a>","rttpg_excerpt":"Rusiya Federasiyas\u0131 xarici i\u015fl\u0259r nazirinin m\u00fcavini Mixail Qaluzin v\u0259 Erm\u0259nistan\u0131n Moskvadak\u0131 s\u0259firi Vaqar\u015fak Arutyunyan Erm\u0259nistan-Az\u0259rbaycan m\u00fcnasib\u0259tl\u0259rinin normalla\u015fmas\u0131 m\u0259s\u0259l\u0259sini m\u00fczakir\u0259 edibl\u0259r. Nazir m\u00fcavini nizamlanma \u00fczr\u0259 \u00fc\u00e7t\u0259r\u0259fli i\u015fin tez bir zamanda b\u0259rpa olunmas\u0131n\u0131n vacibliyini vur\u011fulay\u0131b. \u201cS\u00f6hb\u0259t zaman\u0131 Erm\u0259nistan-Az\u0259rbaycan m\u00fcnasib\u0259tl\u0259rinin normalla\u015fmas\u0131 prosesind\u0259ki v\u0259ziyy\u0259t \u0259trafl\u0131 m\u00fczakir\u0259 edilib. Qaluzin Rusiya, Az\u0259rbaycan v\u0259 Erm\u0259nistan liderl\u0259ri aras\u0131nda imzalanm\u0131\u015f sazi\u015fl\u0259r toplusu \u0259sas\u0131nda bu&hellip;","_links":{"self":[{"href":"https:\/\/arantv.az\/index.php?rest_route=\/wp\/v2\/posts\/680878"}],"collection":[{"href":"https:\/\/arantv.az\/index.php?rest_route=\/wp\/v2\/posts"}],"about":[{"href":"https:\/\/arantv.az\/index.php?rest_route=\/wp\/v2\/types\/post"}],"author":[{"embeddable":true,"href":"https:\/\/arantv.az\/index.php?rest_route=\/wp\/v2\/users\/2"}],"replies":[{"embeddable":true,"href":"https:\/\/arantv.az\/index.php?rest_route=%2Fwp%2Fv2%2Fcomments&post=680878"}],"version-history":[{"count":0,"href":"https:\/\/arantv.az\/index.php?rest_route=\/wp\/v2\/posts\/680878\/revisions"}],"wp:featuredmedia":[{"embeddable":true,"href":"https:\/\/arantv.az\/index.php?rest_route=\/wp\/v2\/media\/680879"}],"wp:attachment":[{"href":"https:\/\/arantv.az\/index.php?rest_route=%2Fwp%2Fv2%2Fmedia&parent=680878"}],"wp:term":[{"taxonomy":"category","embeddable":true,"href":"https:\/\/arantv.az\/index.php?rest_route=%2Fwp%2Fv2%2Fcategories&post=680878"},{"taxonomy":"post_tag","embeddable":true,"href":"https:\/\/arantv.az\/index.php?rest_route=%2Fwp%2Fv2%2Ftags&post=680878"}],"curies":[{"name":"wp","href":"https:\/\/api.w.org\/{rel}","templated":true}]}}