{"id":680881,"date":"2024-01-17T20:23:08","date_gmt":"2024-01-17T16:23:08","guid":{"rendered":"https:\/\/arantv.az\/?p=680881"},"modified":"2024-01-17T20:23:08","modified_gmt":"2024-01-17T16:23:08","slug":"avropa-ittifaqinin-bakidaki-numay%c9%99nd%c9%99si-%c9%99ndaz%c9%99ni-asir-s%c9%99rh","status":"publish","type":"post","link":"https:\/\/arantv.az\/?p=680881","title":{"rendered":"Avropa \u0130ttifaq\u0131n\u0131n Bak\u0131dak\u0131 n\u00fcmay\u0259nd\u0259si \u0259ndaz\u0259ni a\u015f\u0131r &#8211; \u015e\u018fRH"},"content":{"rendered":"<p>Avropa \u0130ttifaq\u0131 Az\u0259rbaycana qar\u015f\u0131 iki\u00fczl\u00fc deyil, art\u0131q \u00e7ox\u00fczl\u00fc m\u00fcnasib\u0259t g\u00f6st\u0259rir. Bu d\u0259f\u0259 Avropa \u0130ttifaq\u0131n\u0131n Az\u0259rbaycandak\u0131 n\u00fcmay\u0259nd\u0259si Peter Mixalko, bel\u0259 dem\u0259k m\u00fcmk\u00fcnd\u00fcrs\u0259, \u0259ndaz\u0259ni a\u015f\u0131b.<\/p>\n<p>O, Az\u0259rbaycanda istintaq alt\u0131nda olan b\u0259zi \u015f\u0259xsl\u0259rin\u00a0m\u00fcdafi\u0259sin\u0259 qalx\u0131b. Ancaq o, n\u0259z\u0259r\u0259 almay\u0131b ki, h\u0259min \u015f\u0259xsl\u0259rin saxlan\u0131lmas\u0131\u00a0jurnalistika f\u0259aliyy\u0259ti il\u0259 deyil, qanun pozuntular\u0131 il\u0259\u00a0ba\u011fl\u0131 olub.<\/p>\n<p>\u00dcst\u0259g\u0259l, o, h\u0259r k\u0259sin l\u0259yaq\u0259t v\u0259 h\u00f6rm\u0259tl\u0259 r\u0259ftar olunmaq h\u00fcququnun oldu\u011funu bildirib. Bu, Az\u0259rbaycana qar\u015f\u0131 diplomatik-siyasi v\u0259 m\u0259n\u0259vi s\u0259rh\u0259dl\u0259ri ke\u00e7m\u0259k n\u00fcmun\u0259sidir.<\/p>\n<p>C\u0259nab Mixalko unudur ki, Az\u0259rbaycan h\u00fcquqi d\u00f6vl\u0259tdir v\u0259 istintaq da qanun \u00e7\u0259r\u00e7iv\u0259sind\u0259 apar\u0131l\u0131r. Qanun \u00e7\u0259r\u00e7iv\u0259sind\u0259dirs\u0259, dem\u0259li ittiham olunan \u015f\u0259xsl\u0259rin d\u0259 l\u0259yaq\u0259tl\u0259rin\u0259, h\u00fcquqlar\u0131na h\u00f6rm\u0259tl\u0259 yana\u015f\u0131l\u0131r.<\/p>\n<p>Az\u0259rbaycan Xarici \u0130\u015fl\u0259r Nazirliyinin (X\u0130N) s\u00f6z\u00e7\u00fcs\u00fc Ayxan Hac\u0131zad\u0259 \u00f6lk\u0259nin m\u0259hk\u0259m\u0259 sisteminin \u0259n yax\u015f\u0131 beyn\u0259lxalq t\u0259cr\u00fcb\u0259l\u0259r \u0259sas\u0131nda quruldu\u011funu v\u0259 ona m\u00fcdaxil\u0259nin q\u0259buledilm\u0259z oldu\u011funu bildirib.<\/p>\n<p>Bu bar\u0259d\u0259 Ayxan Hac\u0131zad\u0259 \u201cX\u201d hesab\u0131nda yaz\u0131b.<\/p>\n<p>\u201cBu iddia h\u0259m \u0259sass\u0131z, h\u0259m d\u0259 m\u0259suliyy\u0259tsizdir! Yax\u015f\u0131 olard\u0131 ki, s\u0259fir Avropa \u0130ttifaq\u0131n\u0131n b\u0259zi \u00f6lk\u0259l\u0259rinin m\u0259hk\u0259m\u0259 sisteml\u0259rind\u0259 \u0259dal\u0259tin olmamas\u0131 v\u0259 pis r\u0259ftara diqq\u0259t yetirsin\u201d, &#8211; dey\u0259 o bildirib.<\/p>\n<p>H\u0259qiq\u0259t\u0259n d\u0259, Mixalko yax\u015f\u0131 olar ki, Avropa \u0130ttifaq\u0131n\u0131n \u00f6z daxilind\u0259ki probleml\u0259r\u0259 baxs\u0131n v\u0259 onlar\u0131n h\u0259lli \u00fc\u00e7\u00fcn t\u0259klifl\u0259r versin. Bilirik, g\u00f6z\u00fcn\u00fc yumub, a\u011fz\u0131n\u0131 a\u00e7maq Avropa \u0130ttifaq\u0131 diplomatlar\u0131n\u0131n ad\u0259tidir. X\u00fcsusil\u0259 d\u0259 Az\u0259rbaycana qar\u015f\u0131. Lakin unutmaq olmaz ki, Az\u0259rbaycan regionda \u00f6z \u015f\u0259rtl\u0259rini dikt\u0259 ed\u0259n \u0259dal\u0259tli g\u00fccd\u00fcr. Bu g\u00fcc\u00fc hans\u0131sa b\u00f6htan, \u015f\u0259r aparat\u0131 il\u0259 y\u0131xmaq t\u0259bii ki, qeyri-m\u00fcmk\u00fcnd\u00fcr.<\/p>\n<p>Avropa \u0130ttifaq\u0131n\u0131n daxilin\u0259 g\u0259linc\u0259, o, polis zorak\u0131l\u0131\u011f\u0131, islamofobiya v\u0259 insan h\u00fcquqlar\u0131n\u0131n pozulmas\u0131 hallar\u0131 il\u0259 qaynay\u0131r.<\/p>\n<p>N\u00fcmayi\u015fl\u0259r v\u0259h\u015fic\u0259sin\u0259 da\u011f\u0131d\u0131l\u0131r v\u0259 insanlar\u0131n l\u0259yaq\u0259ti al\u00e7ald\u0131l\u0131r.<\/p>\n<p>Mixalko n\u0259d\u0259ns\u0259 bu bar\u0259d\u0259 susma\u011fa \u00fcst\u00fcnl\u00fck verir. Amma yaddan \u00e7\u0131xar\u0131r ki, \u015f\u0259r\u0259 \u0259dal\u0259tl\u0259 cavab verm\u0259k Az\u0259rbaycan\u0131n prinsipidir. Bu d\u0259f\u0259 c\u0259nab Mixalko bu prinsipin alt\u0131nda \u0259zildi.<\/p>\n","protected":false},"excerpt":{"rendered":"<p>Avropa \u0130ttifaq\u0131 Az\u0259rbaycana qar\u015f\u0131 iki\u00fczl\u00fc deyil, art\u0131q \u00e7ox\u00fczl\u00fc m\u00fcnasib\u0259t g\u00f6st\u0259rir. Bu d\u0259f\u0259 Avropa \u0130ttifaq\u0131n\u0131n Az\u0259rbaycandak\u0131 n\u00fcmay\u0259nd\u0259si Peter Mixalko, bel\u0259 dem\u0259k m\u00fcmk\u00fcnd\u00fcrs\u0259, \u0259ndaz\u0259ni a\u015f\u0131b. O, Az\u0259rbaycanda istintaq alt\u0131nda olan b\u0259zi \u015f\u0259xsl\u0259rin\u00a0m\u00fcdafi\u0259sin\u0259 qalx\u0131b. Ancaq o, n\u0259z\u0259r\u0259 almay\u0131b ki, h\u0259min \u015f\u0259xsl\u0259rin saxlan\u0131lmas\u0131\u00a0jurnalistika f\u0259aliyy\u0259ti il\u0259 deyil, qanun pozuntular\u0131 il\u0259\u00a0ba\u011fl\u0131 olub. \u00dcst\u0259g\u0259l, o, h\u0259r k\u0259sin l\u0259yaq\u0259t v\u0259 h\u00f6rm\u0259tl\u0259 r\u0259ftar olunmaq h\u00fcququnun oldu\u011funu bildirib. Bu, Az\u0259rbaycana qar\u015f\u0131 diplomatik-siyasi v\u0259 m\u0259n\u0259vi s\u0259rh\u0259dl\u0259ri ke\u00e7m\u0259k n\u00fcmun\u0259sidir. C\u0259nab Mixalko unudur ki, Az\u0259rbaycan h\u00fcquqi d\u00f6vl\u0259tdir v\u0259 istintaq da qanun \u00e7\u0259r\u00e7iv\u0259sind\u0259 apar\u0131l\u0131r. Qanun \u00e7\u0259r\u00e7iv\u0259sind\u0259dirs\u0259, dem\u0259li ittiham olunan \u015f\u0259xsl\u0259rin d\u0259 l\u0259yaq\u0259tl\u0259rin\u0259, h\u00fcquqlar\u0131na h\u00f6rm\u0259tl\u0259&hellip;<\/p>\n","protected":false},"author":2,"featured_media":680882,"comment_status":"closed","ping_status":"closed","sticky":false,"template":"","format":"standard","meta":{"om_disable_all_campaigns":false,"_monsterinsights_skip_tracking":false,"_monsterinsights_sitenote_active":false,"_monsterinsights_sitenote_note":"","_monsterinsights_sitenote_category":0},"categories":[4],"tags":[],"aioseo_notices":[],"gutentor_comment":0,"rttpg_featured_image_url":{"full":["https:\/\/arantv.az\/wp-content\/uploads\/2024\/01\/FotoJet-1-10.jpg",620,413,false],"landscape":["https:\/\/arantv.az\/wp-content\/uploads\/2024\/01\/FotoJet-1-10.jpg",620,413,false],"portraits":["https:\/\/arantv.az\/wp-content\/uploads\/2024\/01\/FotoJet-1-10.jpg",620,413,false],"thumbnail":["https:\/\/arantv.az\/wp-content\/uploads\/2024\/01\/FotoJet-1-10-500x280.jpg",500,280,true],"medium":["https:\/\/arantv.az\/wp-content\/uploads\/2024\/01\/FotoJet-1-10-548x365.jpg",548,365,true],"large":["https:\/\/arantv.az\/wp-content\/uploads\/2024\/01\/FotoJet-1-10.jpg",620,413,false],"1536x1536":["https:\/\/arantv.az\/wp-content\/uploads\/2024\/01\/FotoJet-1-10.jpg",620,413,false],"2048x2048":["https:\/\/arantv.az\/wp-content\/uploads\/2024\/01\/FotoJet-1-10.jpg",620,413,false],"post-thumbnail":["https:\/\/arantv.az\/wp-content\/uploads\/2024\/01\/FotoJet-1-10-240x172.jpg",240,172,true],"advps-thumb-one":["https:\/\/arantv.az\/wp-content\/uploads\/2024\/01\/FotoJet-1-10.jpg",620,413,false]},"rttpg_author":{"display_name":"V\u00fcsal Rafiqo\u011flu","author_link":"https:\/\/arantv.az\/?author=2"},"rttpg_comment":0,"rttpg_category":"<a href=\"https:\/\/arantv.az\/?cat=4\" rel=\"category\">Siyas\u0259t<\/a>","rttpg_excerpt":"Avropa \u0130ttifaq\u0131 Az\u0259rbaycana qar\u015f\u0131 iki\u00fczl\u00fc deyil, art\u0131q \u00e7ox\u00fczl\u00fc m\u00fcnasib\u0259t g\u00f6st\u0259rir. Bu d\u0259f\u0259 Avropa \u0130ttifaq\u0131n\u0131n Az\u0259rbaycandak\u0131 n\u00fcmay\u0259nd\u0259si Peter Mixalko, bel\u0259 dem\u0259k m\u00fcmk\u00fcnd\u00fcrs\u0259, \u0259ndaz\u0259ni a\u015f\u0131b. O, Az\u0259rbaycanda istintaq alt\u0131nda olan b\u0259zi \u015f\u0259xsl\u0259rin\u00a0m\u00fcdafi\u0259sin\u0259 qalx\u0131b. Ancaq o, n\u0259z\u0259r\u0259 almay\u0131b ki, h\u0259min \u015f\u0259xsl\u0259rin saxlan\u0131lmas\u0131\u00a0jurnalistika f\u0259aliyy\u0259ti il\u0259 deyil, qanun pozuntular\u0131 il\u0259\u00a0ba\u011fl\u0131 olub. \u00dcst\u0259g\u0259l, o, h\u0259r k\u0259sin l\u0259yaq\u0259t v\u0259 h\u00f6rm\u0259tl\u0259 r\u0259ftar olunmaq&hellip;","_links":{"self":[{"href":"https:\/\/arantv.az\/index.php?rest_route=\/wp\/v2\/posts\/680881"}],"collection":[{"href":"https:\/\/arantv.az\/index.php?rest_route=\/wp\/v2\/posts"}],"about":[{"href":"https:\/\/arantv.az\/index.php?rest_route=\/wp\/v2\/types\/post"}],"author":[{"embeddable":true,"href":"https:\/\/arantv.az\/index.php?rest_route=\/wp\/v2\/users\/2"}],"replies":[{"embeddable":true,"href":"https:\/\/arantv.az\/index.php?rest_route=%2Fwp%2Fv2%2Fcomments&post=680881"}],"version-history":[{"count":0,"href":"https:\/\/arantv.az\/index.php?rest_route=\/wp\/v2\/posts\/680881\/revisions"}],"wp:featuredmedia":[{"embeddable":true,"href":"https:\/\/arantv.az\/index.php?rest_route=\/wp\/v2\/media\/680882"}],"wp:attachment":[{"href":"https:\/\/arantv.az\/index.php?rest_route=%2Fwp%2Fv2%2Fmedia&parent=680881"}],"wp:term":[{"taxonomy":"category","embeddable":true,"href":"https:\/\/arantv.az\/index.php?rest_route=%2Fwp%2Fv2%2Fcategories&post=680881"},{"taxonomy":"post_tag","embeddable":true,"href":"https:\/\/arantv.az\/index.php?rest_route=%2Fwp%2Fv2%2Ftags&post=680881"}],"curies":[{"name":"wp","href":"https:\/\/api.w.org\/{rel}","templated":true}]}}