{"id":680890,"date":"2024-01-17T20:25:44","date_gmt":"2024-01-17T16:25:44","guid":{"rendered":"https:\/\/arantv.az\/?p=680890"},"modified":"2024-01-17T20:25:44","modified_gmt":"2024-01-17T16:25:44","slug":"rusiya-dovl%c9%99t-dumasi-az%c9%99rbaycanda-keciril%c9%99c%c9%99k-prezident-seckisin%c9%99-musahid%c9%99cil%c9%99r-gond%c9%99r%c9%99c%c9%99k","status":"publish","type":"post","link":"https:\/\/arantv.az\/?p=680890","title":{"rendered":"Rusiya D\u00f6vl\u0259t Dumas\u0131 Az\u0259rbaycanda ke\u00e7iril\u0259c\u0259k prezident se\u00e7kisin\u0259 m\u00fc\u015fahid\u0259\u00e7il\u0259r g\u00f6nd\u0259r\u0259c\u0259k"},"content":{"rendered":"<p>Rusiya D\u00f6vl\u0259t Dumas\u0131 Az\u0259rbaycanda ke\u00e7iril\u0259c\u0259k n\u00f6vb\u0259d\u0259nk\u0259nar prezident se\u00e7kisinin monitorinqind\u0259 i\u015ftirak etm\u0259k \u00fc\u00e7\u00fcn n\u00fcmay\u0259nd\u0259 hey\u0259ti g\u00f6nd\u0259r\u0259c\u0259k.<\/p>\n<p>Bu bar\u0259d\u0259 Duman\u0131n MDB i\u015fl\u0259ri, Avrasiya inteqrasiyas\u0131 v\u0259 h\u0259mv\u0259t\u0259nl\u0259rl\u0259 \u0259laq\u0259l\u0259r komit\u0259sinin r\u0259hb\u0259ri Leonid Kala\u015fnikov m\u0259lumat verib.<\/p>\n<p>O\u00a0bildirib ki, art\u0131q m\u00fcvafiq q\u0259rar t\u0259sdiql\u0259nib.<\/p>\n<p>M\u0259nb\u0259: TASS<\/p>\n","protected":false},"excerpt":{"rendered":"<p>Rusiya D\u00f6vl\u0259t Dumas\u0131 Az\u0259rbaycanda ke\u00e7iril\u0259c\u0259k n\u00f6vb\u0259d\u0259nk\u0259nar prezident se\u00e7kisinin monitorinqind\u0259 i\u015ftirak etm\u0259k \u00fc\u00e7\u00fcn n\u00fcmay\u0259nd\u0259 hey\u0259ti g\u00f6nd\u0259r\u0259c\u0259k. Bu bar\u0259d\u0259 Duman\u0131n MDB i\u015fl\u0259ri, Avrasiya inteqrasiyas\u0131 v\u0259 h\u0259mv\u0259t\u0259nl\u0259rl\u0259 \u0259laq\u0259l\u0259r komit\u0259sinin r\u0259hb\u0259ri Leonid Kala\u015fnikov m\u0259lumat verib. O\u00a0bildirib ki, art\u0131q m\u00fcvafiq q\u0259rar t\u0259sdiql\u0259nib. M\u0259nb\u0259: TASS<\/p>\n","protected":false},"author":2,"featured_media":680891,"comment_status":"closed","ping_status":"closed","sticky":false,"template":"","format":"standard","meta":{"om_disable_all_campaigns":false,"_monsterinsights_skip_tracking":false,"_monsterinsights_sitenote_active":false,"_monsterinsights_sitenote_note":"","_monsterinsights_sitenote_category":0},"categories":[4],"tags":[],"aioseo_notices":[],"gutentor_comment":0,"rttpg_featured_image_url":{"full":["https:\/\/arantv.az\/wp-content\/uploads\/2024\/01\/rXmM5mt6YtN66Xs6wzad.jpg",620,413,false],"landscape":["https:\/\/arantv.az\/wp-content\/uploads\/2024\/01\/rXmM5mt6YtN66Xs6wzad.jpg",620,413,false],"portraits":["https:\/\/arantv.az\/wp-content\/uploads\/2024\/01\/rXmM5mt6YtN66Xs6wzad.jpg",620,413,false],"thumbnail":["https:\/\/arantv.az\/wp-content\/uploads\/2024\/01\/rXmM5mt6YtN66Xs6wzad-500x280.jpg",500,280,true],"medium":["https:\/\/arantv.az\/wp-content\/uploads\/2024\/01\/rXmM5mt6YtN66Xs6wzad-548x365.jpg",548,365,true],"large":["https:\/\/arantv.az\/wp-content\/uploads\/2024\/01\/rXmM5mt6YtN66Xs6wzad.jpg",620,413,false],"1536x1536":["https:\/\/arantv.az\/wp-content\/uploads\/2024\/01\/rXmM5mt6YtN66Xs6wzad.jpg",620,413,false],"2048x2048":["https:\/\/arantv.az\/wp-content\/uploads\/2024\/01\/rXmM5mt6YtN66Xs6wzad.jpg",620,413,false],"post-thumbnail":["https:\/\/arantv.az\/wp-content\/uploads\/2024\/01\/rXmM5mt6YtN66Xs6wzad-240x172.jpg",240,172,true],"advps-thumb-one":["https:\/\/arantv.az\/wp-content\/uploads\/2024\/01\/rXmM5mt6YtN66Xs6wzad.jpg",620,413,false]},"rttpg_author":{"display_name":"V\u00fcsal Rafiqo\u011flu","author_link":"https:\/\/arantv.az\/?author=2"},"rttpg_comment":0,"rttpg_category":"<a href=\"https:\/\/arantv.az\/?cat=4\" rel=\"category\">Siyas\u0259t<\/a>","rttpg_excerpt":"Rusiya D\u00f6vl\u0259t Dumas\u0131 Az\u0259rbaycanda ke\u00e7iril\u0259c\u0259k n\u00f6vb\u0259d\u0259nk\u0259nar prezident se\u00e7kisinin monitorinqind\u0259 i\u015ftirak etm\u0259k \u00fc\u00e7\u00fcn n\u00fcmay\u0259nd\u0259 hey\u0259ti g\u00f6nd\u0259r\u0259c\u0259k. Bu bar\u0259d\u0259 Duman\u0131n MDB i\u015fl\u0259ri, Avrasiya inteqrasiyas\u0131 v\u0259 h\u0259mv\u0259t\u0259nl\u0259rl\u0259 \u0259laq\u0259l\u0259r komit\u0259sinin r\u0259hb\u0259ri Leonid Kala\u015fnikov m\u0259lumat verib. O\u00a0bildirib ki, art\u0131q m\u00fcvafiq q\u0259rar t\u0259sdiql\u0259nib. M\u0259nb\u0259: TASS","_links":{"self":[{"href":"https:\/\/arantv.az\/index.php?rest_route=\/wp\/v2\/posts\/680890"}],"collection":[{"href":"https:\/\/arantv.az\/index.php?rest_route=\/wp\/v2\/posts"}],"about":[{"href":"https:\/\/arantv.az\/index.php?rest_route=\/wp\/v2\/types\/post"}],"author":[{"embeddable":true,"href":"https:\/\/arantv.az\/index.php?rest_route=\/wp\/v2\/users\/2"}],"replies":[{"embeddable":true,"href":"https:\/\/arantv.az\/index.php?rest_route=%2Fwp%2Fv2%2Fcomments&post=680890"}],"version-history":[{"count":0,"href":"https:\/\/arantv.az\/index.php?rest_route=\/wp\/v2\/posts\/680890\/revisions"}],"wp:featuredmedia":[{"embeddable":true,"href":"https:\/\/arantv.az\/index.php?rest_route=\/wp\/v2\/media\/680891"}],"wp:attachment":[{"href":"https:\/\/arantv.az\/index.php?rest_route=%2Fwp%2Fv2%2Fmedia&parent=680890"}],"wp:term":[{"taxonomy":"category","embeddable":true,"href":"https:\/\/arantv.az\/index.php?rest_route=%2Fwp%2Fv2%2Fcategories&post=680890"},{"taxonomy":"post_tag","embeddable":true,"href":"https:\/\/arantv.az\/index.php?rest_route=%2Fwp%2Fv2%2Ftags&post=680890"}],"curies":[{"name":"wp","href":"https:\/\/api.w.org\/{rel}","templated":true}]}}