{"id":680896,"date":"2024-01-17T20:27:26","date_gmt":"2024-01-17T16:27:26","guid":{"rendered":"https:\/\/arantv.az\/?p=680896"},"modified":"2024-01-17T20:27:26","modified_gmt":"2024-01-17T16:27:26","slug":"nikol-pasinyanin-itiril%c9%99n-v%c9%99-b%c9%99rpa-olunmayan-nufuzu-s%c9%99rh-foto","status":"publish","type":"post","link":"https:\/\/arantv.az\/?p=680896","title":{"rendered":"Nikol Pa\u015finyan\u0131n itiril\u0259n v\u0259 b\u0259rpa olunmayan n\u00fcfuzu &#8211; \u015e\u018fRH + FOTO"},"content":{"rendered":"<p>Erm\u0259nistan\u0131n ba\u015f naziri Nikol Pa\u015finyan\u0131n reytinqi k\u0259skin \u015f\u0259kild\u0259 a\u015fa\u011f\u0131 d\u00fc\u015f\u00fcr. \u00d6lk\u0259d\u0259 apar\u0131lan r\u0259y sor\u011fular\u0131 h\u00f6kum\u0259t ba\u015f\u00e7\u0131s\u0131na etimad\u0131n k\u0259skin azald\u0131\u011f\u0131n\u0131, hakimiyy\u0259tin b\u00fct\u00fcn sah\u0259l\u0259rd\u0259 siyas\u0259tinin fiaskoya u\u011frad\u0131\u011f\u0131n\u0131 s\u00fcbut edir. \u0130\u015f o h\u0259dd\u0259 \u00e7at\u0131b ki, \u0259halinin art\u0131q yar\u0131dan \u00e7oxu Pa\u015finyana inanm\u0131r, etimad g\u00f6st\u0259rmir. T\u0259bii ki, Erm\u0259nistan\u0131n siyasi r\u0259hb\u0259rliyi b\u00fct\u00fcn ba\u015f ver\u0259nl\u0259rd\u0259n x\u0259b\u0259rdard\u0131r v\u0259 v\u0259ziyy\u0259ti d\u00fcz\u0259ltm\u0259k \u00fc\u00e7\u00fcn m\u00fcxt\u0259lif add\u0131mlar at\u0131r. Amma h\u0259r d\u0259f\u0259 oldu\u011fu kimi, qa\u015f d\u00fcz\u0259ld\u0259n yerd\u0259 vurub g\u00f6z\u00fc d\u0259 \u00e7\u0131xarmaq dey\u0259s\u0259n \u201cM\u00fclki m\u00fcqavil\u0259\u201dnin \u015f\u00fcar\u0131na \u00e7evrilib. Hakimiyy\u0259t r\u0259smil\u0259rinin regionlara s\u0259f\u0259ri, b\u0259zi m\u0259murlar\u0131 n\u00f6qsanlara g\u00f6r\u0259 t\u0259nqid etm\u0259k, i\u015fd\u0259n \u00e7\u0131xarmaq, sosial proqramlar, ucqarlarla ba\u011fl\u0131 \u201ciqtisadi layih\u0259l\u0259r\u201d g\u00f6zl\u0259nildiyi kimi n\u0259tic\u0259 vermir. \u00d6lk\u0259 daxilind\u0259 is\u0259 siyasi v\u0259ziyy\u0259t getdikc\u0259 g\u0259rginl\u0259\u015fir. Orduda ba\u015f ver\u0259n intiharlar, sosial v\u0259ziyy\u0259tin g\u00fcn\u00fc-g\u00fcnd\u0259n \u00e7\u0259tinl\u0259\u015fm\u0259si, Qaraba\u011f erm\u0259nil\u0259ri il\u0259 yaranan probleml\u0259r, Rusiya il\u0259 m\u00fcnasib\u0259tl\u0259rin k\u0259skin tonda davam etm\u0259si kimi m\u0259s\u0259l\u0259l\u0259r hakimiyy\u0259ti m\u00fcxt\u0259lif add\u0131mlar atma\u011fa m\u0259cbur edir. Hakim partiyan\u0131n m\u0259rk\u0259zi aparat\u0131 t\u0259r\u0259find\u0259n haz\u0131rlanan populist v\u0259 ucuz \u015foular is\u0259 \u0259ks effekt verir, m\u00fcxalif\u0259t qanad\u0131n\u0131n daha da aktivl\u0259\u015fm\u0259sin\u0259, yerli xalq t\u0259r\u0259find\u0259n hakimiyy\u0259tin daha da \u015fidd\u0259tli t\u0259nqid edilm\u0259sin\u0259 s\u0259b\u0259b olur.<\/p>\n<p><strong>H\u0259bsl\u0259r v\u0259 \u201cif\u015falar\u201d<\/strong><\/p>\n<p>Son aylar Erm\u0259nistan\u0131n siyasi m\u00fchitind\u0259 h\u0259bsl\u0259r v\u0259 korrupsiya faktlar\u0131n\u0131n a\u015fkarlanmas\u0131 s\u00fcr\u0259tl\u0259nib. C\u0259miyy\u0259td\u0259 m\u00fc\u0259yy\u0259n n\u00fcfuzu olan \u015f\u0259xsl\u0259r m\u00fcxt\u0259lif b\u0259han\u0259l\u0259rl\u0259 h\u0259bs\u0259 g\u00f6nd\u0259rilir, m\u00fc\u0259yy\u0259n regionlar\u0131n icra ba\u015f\u00e7\u0131lar\u0131n\u0131n m\u00fclkl\u0259ri bar\u0259d\u0259 silsil\u0259 m\u0259qal\u0259l\u0259r d\u0259rc edilir. Bundan \u0259lav\u0259, bir ne\u00e7\u0259 ay m\u00fcdd\u0259tin\u0259 h\u0259bs\u0259 g\u00f6nd\u0259ril\u0259n ke\u00e7mi\u015f siyasil\u0259rin d\u0259 h\u0259bs m\u00fcdd\u0259ti uzad\u0131l\u0131r. M\u0259s\u0259l\u0259n, Erm\u0259nistan Respublika\u00e7\u0131lar Partiyas\u0131n\u0131n s\u0259dr m\u00fcavini Armen A\u015fotyan t\u0259hsil naziri i\u015fl\u0259diyi d\u00f6vrd\u0259 korrupsiyaya bula\u015fma iddias\u0131 il\u0259 h\u0259bs\u0259 g\u00f6nd\u0259rils\u0259 d\u0259, bu g\u00fcn\u0259 q\u0259d\u0259r d\u0259 t\u00f6r\u0259dil\u0259n cinay\u0259t s\u00fcbuta yetirilm\u0259yib. Amma bununla bel\u0259, siyas\u0259t\u00e7i bir ildir ki, azadl\u0131\u011f\u0131na qovu\u015fa bilmir. A\u015fotyan\u0131n siyasi dair\u0259l\u0259rd\u0259 n\u00fcfuzunu n\u0259z\u0259r\u0259 alsaq, Nikol Pa\u015finyan\u0131n sabah ciddi r\u0259qibin\u0259 \u00e7evril\u0259c\u0259k \u015f\u0259xsi azadl\u0131\u011fa buraxmas\u0131 utopik g\u00f6r\u00fcn\u00fcr.<\/p>\n<p><img src=\"https:\/\/cdn.oxu.az\/uploads\/W1siZiIsIjIwMjQvMDEvMTcvMTYvNDAvMTUvNmYzMWQ4MGEtMmJiNC00ODczLWI1MGMtNjIwOGY3NDM3ODc5LzZkYTJjNmFmLTgxY2UtMzllMy1iMDM1LWU1MzM4MjNhOWZlYi5qcGciXSxbInAiLCJlbmNvZGUiLCJqcGciLCItcXVhbGl0eSA4MCJdLFsicCIsInRodW1iIiwiNTkweDU5MFx1MDAzZSJdXQ?sha=9094063fdd78cb85\" alt=\"\" \/><br \/>\nOrduda ba\u015f ver\u0259n intiharlar, h\u0259rc-m\u0259rclik, \u00f6zba\u015f\u0131nal\u0131q v\u0259 \u201cdedov\u015fina\u201d kimi probleml\u0259ri h\u0259ll etm\u0259k \u0259v\u0259zin\u0259, hakimiyy\u0259t general ovuna \u00e7\u0131x\u0131b. M\u00fcharib\u0259d\u0259n sonra n\u00fcfuzlu general v\u0259 polkovnikl\u0259ri h\u0259bsxanaya g\u00f6nd\u0259rm\u0259k tendensiyas\u0131 4-5 g\u00fcn \u0259vv\u0259l yenid\u0259n v\u00fcs\u0259t al\u0131b. Erm\u0259nistan Silahl\u0131 Q\u00fcvv\u0259l\u0259ri Ba\u015f Q\u0259rargah r\u0259isinin ke\u00e7mi\u015f m\u00fcavini Tiran Xa\u00e7atryan da h\u0259bs\u0259 g\u00f6nd\u0259rilib. Bu d\u0259f\u0259 is\u0259 Pa\u015finyan Qaraba\u011fdak\u0131 separat\u00e7\u0131 rejimin \u201cr\u0259hb\u0259ri\u201d, haz\u0131rda Bak\u0131 h\u0259bsxanas\u0131nda g\u00fcnl\u0259rini ke\u00e7ir\u0259n Arayik Arutyunyan\u0131n qarda\u015f\u0131 Armen Arutyunyan kart\u0131ndan istifad\u0259 edib. \u0130ddiaya g\u00f6r\u0259, Tiran bir restoranda yeyib-i\u00e7\u0259n zaman Armenl\u0259 dala\u015f\u0131b v\u0259 silahdan istifad\u0259 edib. Bu s\u0259b\u0259bd\u0259n d\u0259 general bar\u0259sind\u0259 2 ayl\u0131q h\u0259bs q\u0259timkan t\u0259dbiri se\u00e7ilib. Davan\u0131n dig\u0259r i\u015ftirak\u00e7\u0131s\u0131 A.Arutyunyan is\u0259 azadl\u0131qdad\u0131r. G\u00f6r\u00fcnd\u00fcy\u00fc kimi, Arutyunyan ail\u0259si Pa\u015finyana sadiq n\u00f6k\u0259rliyini bir daha s\u00fcbut edib.<\/p>\n<p>Erm\u0259nistan\u0131n ke\u00e7mi\u015f m\u00fcdafi\u0259 naziri David Tonoyan da bu yax\u0131nlarda azadl\u0131\u011f\u0131na qovu\u015faca\u011f\u0131n\u0131 d\u00fc\u015f\u00fcns\u0259 d\u0259, arzusu da\u015fa d\u0259yib. Erm\u0259nistan parlamenti t\u0259r\u0259find\u0259n qurulan v\u0259 44 g\u00fcnl\u00fck m\u00fcharib\u0259nin \u015f\u0259raitini ara\u015fd\u0131ran komissiyaya ifad\u0259 ver\u0259n ke\u00e7mi\u015f nazir h\u0259l\u0259 uzun m\u00fcdd\u0259t h\u0259bsd\u0259 qalacaq. El\u0259 bu s\u0259b\u0259bd\u0259n d\u0259 Tonoyan\u0131n d\u00fcn\u0259n a\u00e7\u0131qlama ver\u0259r\u0259k parlament komissiyas\u0131n\u0131n s\u0259dri Andranik K\u00f6\u00e7\u0259ryan\u0131 t\u0259nqid etm\u0259si t\u0259sad\u00fcfi deyil.<\/p>\n<p>Qeyd etm\u0259k yerin\u0259 d\u00fc\u015f\u0259r ki, son ay \u0259rzind\u0259 erm\u0259ni K\u0130V-l\u0259rind\u0259 m\u00fc\u0259yy\u0259n regionlar\u0131n icra ba\u015f\u00e7\u0131lar\u0131n\u0131n s\u0259rv\u0259ti v\u0259 m\u00fclkl\u0259ri bar\u0259d\u0259 silsil\u0259 m\u0259qal\u0259l\u0259r d\u0259rc edilir. Bu is\u0259 hakim partiyan\u0131n regionlar\u0131 \u0259l\u0259 ke\u00e7irm\u0259k u\u011frunda m\u00fcbariz\u0259sinin ba\u015fqa t\u0259zah\u00fcr\u00fcd\u00fcr. S\u00f6z\u00fcn\u00fc yer\u0259 salan v\u0259 ona qar\u015f\u0131 \u00e7\u0131xa bil\u0259c\u0259k icra ba\u015f\u00e7\u0131lar\u0131n\u0131 h\u0259bs\u0259 g\u00f6nd\u0259rm\u0259k, l\u0259k\u0259l\u0259m\u0259k Pa\u015finyan hakimiyy\u0259ti \u00fc\u00e7\u00fcn n\u0259 ilk, n\u0259 d\u0259 sondur. M\u0259s\u0259l\u0259n, Gorus meri Aru\u015f Aru\u015funyan\u0131n uzunm\u00fcdd\u0259tli m\u0259hk\u0259m\u0259 \u00e7\u0259ki\u015fm\u0259l\u0259ri, h\u0259bsd\u0259 olmas\u0131 buna s\u00fcbutdur. Eyni zamanda Ka\u00e7aran meri Manvel Paramzanyan\u0131n da h\u0259bsini bu s\u0131raya daxil etm\u0259k olar.<\/p>\n<p><img src=\"https:\/\/cdn.oxu.az\/uploads\/W1siZiIsIjIwMjQvMDEvMTcvMTYvNDAvMTUvZGRmMzk4NjMtNDlkNC00YjdjLWJkZjgtYTUzYmZmNGNiZTdmLzcyMzNmYjNlLTEyOTgtM2E2NC1hODIzLWM5YzkzNjhkYjdhZC5qcGciXSxbInAiLCJlbmNvZGUiLCJqcGciLCItcXVhbGl0eSA4MCJdLFsicCIsInRodW1iIiwiNTkweDU5MFx1MDAzZSJdXQ?sha=b8901bef64547af7\" alt=\"\" \/><br \/>\nBundan \u0259lav\u0259, son aylar Erm\u0259nistanda ali t\u0259hsil m\u00fc\u0259ssis\u0259l\u0259ri il\u0259 ba\u011fl\u0131 da qalmaqal s\u0259ngim\u0259k bilmir. M\u00fc\u0259yy\u0259n ali m\u0259kt\u0259bl\u0259rin rektorlar\u0131na qar\u015f\u0131 t\u0259qibl\u0259r, yerd\u0259yi\u015fm\u0259l\u0259r d\u0259 \u00f6lk\u0259nin m\u00fc\u0259yy\u0259n k\u0259simind\u0259 ciddi naraz\u0131l\u0131\u011fa s\u0259b\u0259b olub.<\/p>\n<p><strong>Miqrasiya problemi<\/strong><\/p>\n<p>Bu g\u00fcn Erm\u0259nistan\u0131n \u00fczl\u0259\u015fdiyi \u0259sas probleml\u0259rd\u0259n biri d\u0259 artan m\u00fchacir\u0259t t\u0259hl\u00fck\u0259sidir. Hakimiyy\u0259t apard\u0131\u011f\u0131 siyas\u0259t n\u0259tic\u0259sind\u0259 g\u00f6r\u00fcnm\u0259mi\u015f demoqrafik u\u011fur \u0259ld\u0259 etdiyini des\u0259 d\u0259, son 2 il \u0259rzind\u0259 \u00f6lk\u0259d\u0259n insan ax\u0131n\u0131 getdikc\u0259 s\u00fcr\u0259tl\u0259nir. Qeyri-r\u0259smi m\u0259lumatlara \u0259sas\u0259n, son d\u00f6vrl\u0259r 28 min Erm\u0259nistan sakini v\u0259 minl\u0259rl\u0259 Qaraba\u011f erm\u0259nisi \u00f6lk\u0259ni t\u0259rk edib. Son 5 il \u0259rzind\u0259 is\u0259 m\u00fchacir\u0259t ed\u0259nl\u0259rin say\u0131 112 min 629 n\u0259f\u0259rdir v\u0259 \u0259sas r\u0259q\u0259ml\u0259rin daha \u00e7ox oldu\u011fu qeyd edilir. Miqrasiyan\u0131n bir n\u00f6mr\u0259li s\u0259b\u0259bi is\u0259 a\u015fa\u011f\u0131 t\u0259hsil s\u0259viyy\u0259si, y\u00fcks\u0259k inflyasiya, sosial \u0259dal\u0259tsizlik, korrupsiya v\u0259 i\u015fsizlikdir. Qeyd etm\u0259k yerin\u0259 d\u00fc\u015f\u0259r ki, bu g\u00fcn Erm\u0259nistan k\u0259ndl\u0259rind\u0259 v\u0259ziyy\u0259t ac\u0131nacaql\u0131d\u0131r. Ortaya\u015fl\u0131 v\u0259 cavan ki\u015fil\u0259r\u0259 b\u0259zi marzlarda (Erm\u0259nistanda inzibati vahid) rast g\u0259lm\u0259k m\u00fc\u015fk\u00fcl m\u0259s\u0259l\u0259y\u0259 \u00e7evrilir.<\/p>\n<p><img src=\"https:\/\/cdn.oxu.az\/uploads\/W1siZiIsIjIwMjQvMDEvMTcvMTYvNDAvMTUvZWM3YWIxODAtZDM4ZS00MTA4LTgwNjItODJiNWVjMjI2NTUzL2YwMDk3YTllLTIxN2QtM2MzMC04NzlhLWY2YTM2MTVlZDI4Yi5qcGciXSxbInAiLCJlbmNvZGUiLCJqcGciLCItcXVhbGl0eSA4MCJdLFsicCIsInRodW1iIiwiNTkweDU5MFx1MDAzZSJdXQ?sha=d2f6cb52c2de2048\" alt=\"\" \/><br \/>\n<strong>Partiyadaxili m\u0259\u015fv\u0259r\u0259tl\u0259r<\/strong><\/p>\n<p>Ba\u015f ver\u0259n naraz\u0131l\u0131qlar v\u0259 ciddi probleml\u0259r fonunda \u201cM\u00fclki m\u00fcqavil\u0259\u201d partiyas\u0131 daxili m\u0259\u015fv\u0259r\u0259tl\u0259r ke\u00e7irir. Son aylar is\u0259 bu gizli iclaslar\u0131n say\u0131 k\u0259skin \u015f\u0259kild\u0259 art\u0131b. \u0130claslarda \u0259sas s\u00f6z sahibi olan Nikol Pa\u015finyan bir s\u0131ra tap\u015f\u0131r\u0131qlar verir, partiya s\u0131ralar\u0131na yeni \u00fczvl\u0259rin vacibliyind\u0259n dan\u0131\u015f\u0131r. Eyni zamanda \u201cM\u00fclki m\u00fcqavil\u0259\u201d son d\u00f6vrl\u0259r b\u00f6lg\u0259 administrasiyalar\u0131nda t\u0259msil olunan m\u00fcxalif\u0259t n\u00fcmay\u0259nd\u0259l\u0259rin\u0259 qar\u015f\u0131 \u201cs\u0259lib y\u00fcr\u00fc\u015f\u00fc\u201d ke\u00e7irm\u0259y\u0259 ba\u015flay\u0131b. M\u0259s\u0259l\u0259n, Alaverdi, G\u00fcmr\u00fc, Vayts-Dzor kimi regionlar\u0131n r\u0259hb\u0259rl\u0259ri m\u00fcxt\u0259lif b\u0259han\u0259l\u0259rd\u0259 i\u015fd\u0259n uzaqla\u015fd\u0131r\u0131l\u0131r, yerin\u0259 hakim partiyadan t\u0259yinatlar olur. Bununla da partiya b\u00f6lg\u0259l\u0259rd\u0259 v\u0259 yerl\u0259rd\u0259 m\u00f6vqel\u0259rini g\u00fccl\u0259ndirm\u0259k plan\u0131n\u0131 t\u0259tbiq edir.<\/p>\n<p><strong>Pa\u015finyan\u0131n planlar\u0131<\/strong><\/p>\n<p>Ba\u015f naziri d\u00fc\u015fd\u00fcy\u00fc bataql\u0131qdan qurtarmaq \u00fc\u00e7\u00fcn Q\u0259rb dair\u0259l\u0259ri t\u0259r\u0259find\u0259n m\u00fc\u0259yy\u0259n planlar haz\u0131rlan\u0131b. Bu planlardan biri n\u00f6vb\u0259d\u0259nk\u0259nar se\u00e7kil\u0259r olsa da, Pa\u015finyan\u0131n bu yola \u00fcz tutaca\u011f\u0131 real g\u00f6r\u00fcnm\u00fcr. H\u0259r n\u0259 q\u0259d\u0259r n\u00f6vb\u0259d\u0259nk\u0259nar se\u00e7kil\u0259r vasit\u0259sil\u0259 hakim partiya Nikolun hakimiyy\u0259tini legitiml\u0259\u015fdirm\u0259k, parlamentd\u0259 daha \u00e7ox s\u0259s\u0259 sahib olma\u011f\u0131 h\u0259d\u0259fl\u0259s\u0259 d\u0259, bu ssenari kifay\u0259t q\u0259d\u0259r riskl\u0259rl\u0259 doludur. \u00c7\u00fcnki daxili naraz\u0131l\u0131q v\u0259 reytinqin ciddi \u015f\u0259kild\u0259 z\u0259if olmas\u0131 n\u0259z\u0259rd\u0259 tutulmayan probleml\u0259r\u0259 s\u0259b\u0259b ola bil\u0259r v\u0259 hakimiyy\u0259ti \u0259ld\u0259 saxlamaq qeyri-m\u00fcmk\u00fcn ola bil\u0259r. Erm\u0259nistanda is\u0259 bu ssenari bir d\u0259f\u0259 realla\u015f\u0131b. 2018-ci ild\u0259 ba\u015f nazir postuna se\u00e7il\u0259n Serj Sarkisyan bir ne\u00e7\u0259 g\u00fcn sonra soros\u00e7u Pa\u015finyan t\u0259r\u0259find\u0259n devrilmi\u015fdi. Bu s\u0259b\u0259bd\u0259n d\u0259 Q\u0259rb t\u0259r\u0259find\u0259n haz\u0131rlanan ikinci plan daha \u00e7ox aktual g\u00f6r\u00fcn\u00fcr.<\/p>\n<p><img src=\"https:\/\/cdn.oxu.az\/uploads\/W1siZiIsIjIwMjQvMDEvMTcvMTYvNDAvMTUvODNiNGJjMDUtNDJlMy00ZmJlLTk2ZjAtYTQxNzQ0MDVlMWI0LzEwMDI3MWJmLTZkYzctMzE3Ni05YmI4LTg5ODk2YmI4YzlhNy5qcGciXSxbInAiLCJlbmNvZGUiLCJqcGciLCItcXVhbGl0eSA4MCJdLFsicCIsInRodW1iIiwiNTkweDU5MFx1MDAzZSJdXQ?sha=4c596ad82d88691d\" alt=\"\" \/><br \/>\nPlana \u0259sas\u0259n, ba\u015f nazir komanda \u00fczvl\u0259rind\u0259n birini, Q\u0259rbin d\u0259 d\u0259st\u0259kl\u0259diyi \u015f\u0259xsi \u00f6z\u00fcn\u0259 birinci m\u00fcavin t\u0259yin ed\u0259c\u0259k. Bu yolla hakimiyy\u0259ti ona t\u0259hvil ver\u0259r\u0259k, Q\u0259rbin d\u0259 qarant\u0131 il\u0259 xaricd\u0259 siyasi s\u0131\u011f\u0131nacaq \u0259ld\u0259 ed\u0259c\u0259k. Bu yerd\u0259 qeyd etm\u0259k laz\u0131md\u0131r ki, Pa\u015finyan Kanadan\u0131n ba\u015f naziri Castin Tr\u00fcdo il\u0259 dostluq edir v\u0259 \u00f6t\u0259n il s\u00f6z\u00fcged\u0259n \u00f6lk\u0259d\u0259 da\u015f\u0131nmaz \u0259mlak al\u0131b. Xat\u0131rlatmaq yerin\u0259 d\u00fc\u015f\u0259r ki, bir m\u00fcdd\u0259t \u0259vv\u0259l internet m\u0259kan\u0131nda ba\u015f nazirin Kanada pasportuna sahib olmas\u0131 bar\u0259d\u0259 faktlar payla\u015f\u0131l\u0131b.<\/p>\n<p>G\u00f6r\u00fcnd\u00fcy\u00fc kimi, h\u0259r iki plan Q\u0259rb t\u0259r\u0259find\u0259n haz\u0131rlan\u0131b v\u0259 a\u011falar\u0131 hans\u0131 ssenarini uy\u011fun g\u00f6rs\u0259, ba\u015f nazir onu da icra ed\u0259c\u0259k. Amma Pa\u015finyan\u0131n ikinci plan\u0131 se\u00e7\u0259c\u0259yi bar\u0259d\u0259 art\u0131q erm\u0259ni siyasi kulisl\u0259rind\u0259 p\u0131\u00e7\u0131lt\u0131lar ba\u015flay\u0131b.<\/p>\n<p><strong>\u201cReport\u201d \u0130nformasiya Agentliyi<\/strong><\/p>\n","protected":false},"excerpt":{"rendered":"<p>Erm\u0259nistan\u0131n ba\u015f naziri Nikol Pa\u015finyan\u0131n reytinqi k\u0259skin \u015f\u0259kild\u0259 a\u015fa\u011f\u0131 d\u00fc\u015f\u00fcr. \u00d6lk\u0259d\u0259 apar\u0131lan r\u0259y sor\u011fular\u0131 h\u00f6kum\u0259t ba\u015f\u00e7\u0131s\u0131na etimad\u0131n k\u0259skin azald\u0131\u011f\u0131n\u0131, hakimiyy\u0259tin b\u00fct\u00fcn sah\u0259l\u0259rd\u0259 siyas\u0259tinin fiaskoya u\u011frad\u0131\u011f\u0131n\u0131 s\u00fcbut edir. \u0130\u015f o h\u0259dd\u0259 \u00e7at\u0131b ki, \u0259halinin art\u0131q yar\u0131dan \u00e7oxu Pa\u015finyana inanm\u0131r, etimad g\u00f6st\u0259rmir. T\u0259bii ki, Erm\u0259nistan\u0131n siyasi r\u0259hb\u0259rliyi b\u00fct\u00fcn ba\u015f ver\u0259nl\u0259rd\u0259n x\u0259b\u0259rdard\u0131r v\u0259 v\u0259ziyy\u0259ti d\u00fcz\u0259ltm\u0259k \u00fc\u00e7\u00fcn m\u00fcxt\u0259lif add\u0131mlar at\u0131r. Amma h\u0259r d\u0259f\u0259 oldu\u011fu kimi, qa\u015f d\u00fcz\u0259ld\u0259n yerd\u0259 vurub g\u00f6z\u00fc d\u0259 \u00e7\u0131xarmaq dey\u0259s\u0259n \u201cM\u00fclki m\u00fcqavil\u0259\u201dnin \u015f\u00fcar\u0131na \u00e7evrilib. Hakimiyy\u0259t r\u0259smil\u0259rinin regionlara s\u0259f\u0259ri, b\u0259zi m\u0259murlar\u0131 n\u00f6qsanlara g\u00f6r\u0259 t\u0259nqid etm\u0259k, i\u015fd\u0259n \u00e7\u0131xarmaq, sosial proqramlar, ucqarlarla ba\u011fl\u0131 \u201ciqtisadi&hellip;<\/p>\n","protected":false},"author":2,"featured_media":680897,"comment_status":"closed","ping_status":"closed","sticky":false,"template":"","format":"standard","meta":{"om_disable_all_campaigns":false,"_monsterinsights_skip_tracking":false,"_monsterinsights_sitenote_active":false,"_monsterinsights_sitenote_note":"","_monsterinsights_sitenote_category":0},"categories":[4],"tags":[],"aioseo_notices":[],"gutentor_comment":0,"rttpg_featured_image_url":{"full":["https:\/\/arantv.az\/wp-content\/uploads\/2024\/01\/acbe4a5f-e857-31fa-b4da-4b14de3b21d0_850-1.jpg",620,413,false],"landscape":["https:\/\/arantv.az\/wp-content\/uploads\/2024\/01\/acbe4a5f-e857-31fa-b4da-4b14de3b21d0_850-1.jpg",620,413,false],"portraits":["https:\/\/arantv.az\/wp-content\/uploads\/2024\/01\/acbe4a5f-e857-31fa-b4da-4b14de3b21d0_850-1.jpg",620,413,false],"thumbnail":["https:\/\/arantv.az\/wp-content\/uploads\/2024\/01\/acbe4a5f-e857-31fa-b4da-4b14de3b21d0_850-1-500x280.jpg",500,280,true],"medium":["https:\/\/arantv.az\/wp-content\/uploads\/2024\/01\/acbe4a5f-e857-31fa-b4da-4b14de3b21d0_850-1-548x365.jpg",548,365,true],"large":["https:\/\/arantv.az\/wp-content\/uploads\/2024\/01\/acbe4a5f-e857-31fa-b4da-4b14de3b21d0_850-1.jpg",620,413,false],"1536x1536":["https:\/\/arantv.az\/wp-content\/uploads\/2024\/01\/acbe4a5f-e857-31fa-b4da-4b14de3b21d0_850-1.jpg",620,413,false],"2048x2048":["https:\/\/arantv.az\/wp-content\/uploads\/2024\/01\/acbe4a5f-e857-31fa-b4da-4b14de3b21d0_850-1.jpg",620,413,false],"post-thumbnail":["https:\/\/arantv.az\/wp-content\/uploads\/2024\/01\/acbe4a5f-e857-31fa-b4da-4b14de3b21d0_850-1-240x172.jpg",240,172,true],"advps-thumb-one":["https:\/\/arantv.az\/wp-content\/uploads\/2024\/01\/acbe4a5f-e857-31fa-b4da-4b14de3b21d0_850-1.jpg",620,413,false]},"rttpg_author":{"display_name":"V\u00fcsal Rafiqo\u011flu","author_link":"https:\/\/arantv.az\/?author=2"},"rttpg_comment":0,"rttpg_category":"<a href=\"https:\/\/arantv.az\/?cat=4\" rel=\"category\">Siyas\u0259t<\/a>","rttpg_excerpt":"Erm\u0259nistan\u0131n ba\u015f naziri Nikol Pa\u015finyan\u0131n reytinqi k\u0259skin \u015f\u0259kild\u0259 a\u015fa\u011f\u0131 d\u00fc\u015f\u00fcr. \u00d6lk\u0259d\u0259 apar\u0131lan r\u0259y sor\u011fular\u0131 h\u00f6kum\u0259t ba\u015f\u00e7\u0131s\u0131na etimad\u0131n k\u0259skin azald\u0131\u011f\u0131n\u0131, hakimiyy\u0259tin b\u00fct\u00fcn sah\u0259l\u0259rd\u0259 siyas\u0259tinin fiaskoya u\u011frad\u0131\u011f\u0131n\u0131 s\u00fcbut edir. \u0130\u015f o h\u0259dd\u0259 \u00e7at\u0131b ki, \u0259halinin art\u0131q yar\u0131dan \u00e7oxu Pa\u015finyana inanm\u0131r, etimad g\u00f6st\u0259rmir. T\u0259bii ki, Erm\u0259nistan\u0131n siyasi r\u0259hb\u0259rliyi b\u00fct\u00fcn ba\u015f ver\u0259nl\u0259rd\u0259n x\u0259b\u0259rdard\u0131r v\u0259 v\u0259ziyy\u0259ti d\u00fcz\u0259ltm\u0259k \u00fc\u00e7\u00fcn m\u00fcxt\u0259lif add\u0131mlar&hellip;","_links":{"self":[{"href":"https:\/\/arantv.az\/index.php?rest_route=\/wp\/v2\/posts\/680896"}],"collection":[{"href":"https:\/\/arantv.az\/index.php?rest_route=\/wp\/v2\/posts"}],"about":[{"href":"https:\/\/arantv.az\/index.php?rest_route=\/wp\/v2\/types\/post"}],"author":[{"embeddable":true,"href":"https:\/\/arantv.az\/index.php?rest_route=\/wp\/v2\/users\/2"}],"replies":[{"embeddable":true,"href":"https:\/\/arantv.az\/index.php?rest_route=%2Fwp%2Fv2%2Fcomments&post=680896"}],"version-history":[{"count":0,"href":"https:\/\/arantv.az\/index.php?rest_route=\/wp\/v2\/posts\/680896\/revisions"}],"wp:featuredmedia":[{"embeddable":true,"href":"https:\/\/arantv.az\/index.php?rest_route=\/wp\/v2\/media\/680897"}],"wp:attachment":[{"href":"https:\/\/arantv.az\/index.php?rest_route=%2Fwp%2Fv2%2Fmedia&parent=680896"}],"wp:term":[{"taxonomy":"category","embeddable":true,"href":"https:\/\/arantv.az\/index.php?rest_route=%2Fwp%2Fv2%2Fcategories&post=680896"},{"taxonomy":"post_tag","embeddable":true,"href":"https:\/\/arantv.az\/index.php?rest_route=%2Fwp%2Fv2%2Ftags&post=680896"}],"curies":[{"name":"wp","href":"https:\/\/api.w.org\/{rel}","templated":true}]}}