{"id":680910,"date":"2024-01-18T07:24:42","date_gmt":"2024-01-18T03:24:42","guid":{"rendered":"https:\/\/arantv.az\/?p=680910"},"modified":"2024-01-18T07:24:42","modified_gmt":"2024-01-18T03:24:42","slug":"fuzuli-sakinl%c9%99ri-tarixi-bir-gun-yasayiriq-video","status":"publish","type":"post","link":"https:\/\/arantv.az\/?p=680910","title":{"rendered":"F\u00fczuli sakinl\u0259ri: \u201cTarixi bir g\u00fcn ya\u015fay\u0131r\u0131q\u201d &#8211; V\u0130DEO"},"content":{"rendered":"<article class=\"news\">\n<div class=\"news-inner\">\n<p>B\u00f6y\u00fck Qay\u0131d\u0131\u015f proqram\u0131 \u00e7\u0259r\u00e7iv\u0259sind\u0259 30 ild\u0259n sonra \u00f6z do\u011fma yurduna, el-obas\u0131na yenid\u0259n qovu\u015fan f\u00fczulilil\u0259r bu d\u0259f\u0259 ba\u015fqa h\u0259y\u0259canl\u0131 tarixi g\u00fcn\u00fc ya\u015fama\u011fa haz\u0131rla\u015f\u0131rlar.<\/p>\n<p>Onlar ilk d\u0259f\u0259 do\u011fma yurdlar\u0131nda se\u00e7ici kimi prezident se\u00e7kil\u0259rin\u0259 qat\u0131lacaqlar.<\/p>\n<p>F\u00fczuli sakinl\u0259ri deyirl\u0259r ki, biz h\u0259min tarixi ana \u015fahidlik etm\u0259k \u00fc\u00e7\u00fcn tam haz\u0131r\u0131q.<\/p>\n<p>Daha \u0259trafl\u0131\u00a0\u201cATV X\u0259b\u0259r\u201din s\u00fcjetind\u0259:<\/p>\n<div><iframe loading=\"lazy\" title=\"YouTube video player\" src=\"https:\/\/www.youtube.com\/embed\/kfd4pkr0lRY?si=nS61-kP2itKIQi3d\" width=\"560\" height=\"315\" frameborder=\"0\" allowfullscreen=\"allowfullscreen\" data-mce-fragment=\"1\"><\/iframe><\/div>\n<\/div>\n<\/article>\n","protected":false},"excerpt":{"rendered":"<p>B\u00f6y\u00fck Qay\u0131d\u0131\u015f proqram\u0131 \u00e7\u0259r\u00e7iv\u0259sind\u0259 30 ild\u0259n sonra \u00f6z do\u011fma yurduna, el-obas\u0131na yenid\u0259n qovu\u015fan f\u00fczulilil\u0259r bu d\u0259f\u0259 ba\u015fqa h\u0259y\u0259canl\u0131 tarixi g\u00fcn\u00fc ya\u015fama\u011fa haz\u0131rla\u015f\u0131rlar. Onlar ilk d\u0259f\u0259 do\u011fma yurdlar\u0131nda se\u00e7ici kimi prezident se\u00e7kil\u0259rin\u0259 qat\u0131lacaqlar. F\u00fczuli sakinl\u0259ri deyirl\u0259r ki, biz h\u0259min tarixi ana \u015fahidlik etm\u0259k \u00fc\u00e7\u00fcn tam haz\u0131r\u0131q. Daha \u0259trafl\u0131\u00a0\u201cATV X\u0259b\u0259r\u201din s\u00fcjetind\u0259:<\/p>\n","protected":false},"author":2,"featured_media":680911,"comment_status":"closed","ping_status":"closed","sticky":false,"template":"","format":"standard","meta":{"om_disable_all_campaigns":false,"_monsterinsights_skip_tracking":false,"_monsterinsights_sitenote_active":false,"_monsterinsights_sitenote_note":"","_monsterinsights_sitenote_category":0},"categories":[1],"tags":[],"aioseo_notices":[],"gutentor_comment":0,"rttpg_featured_image_url":{"full":["https:\/\/arantv.az\/wp-content\/uploads\/2024\/01\/FotoJet-9-5.jpg",620,413,false],"landscape":["https:\/\/arantv.az\/wp-content\/uploads\/2024\/01\/FotoJet-9-5.jpg",620,413,false],"portraits":["https:\/\/arantv.az\/wp-content\/uploads\/2024\/01\/FotoJet-9-5.jpg",620,413,false],"thumbnail":["https:\/\/arantv.az\/wp-content\/uploads\/2024\/01\/FotoJet-9-5-500x280.jpg",500,280,true],"medium":["https:\/\/arantv.az\/wp-content\/uploads\/2024\/01\/FotoJet-9-5-548x365.jpg",548,365,true],"large":["https:\/\/arantv.az\/wp-content\/uploads\/2024\/01\/FotoJet-9-5.jpg",620,413,false],"1536x1536":["https:\/\/arantv.az\/wp-content\/uploads\/2024\/01\/FotoJet-9-5.jpg",620,413,false],"2048x2048":["https:\/\/arantv.az\/wp-content\/uploads\/2024\/01\/FotoJet-9-5.jpg",620,413,false],"post-thumbnail":["https:\/\/arantv.az\/wp-content\/uploads\/2024\/01\/FotoJet-9-5-240x172.jpg",240,172,true],"advps-thumb-one":["https:\/\/arantv.az\/wp-content\/uploads\/2024\/01\/FotoJet-9-5.jpg",620,413,false]},"rttpg_author":{"display_name":"V\u00fcsal Rafiqo\u011flu","author_link":"https:\/\/arantv.az\/?author=2"},"rttpg_comment":0,"rttpg_category":"<a href=\"https:\/\/arantv.az\/?cat=1\" rel=\"category\">C\u0259miyy\u0259t<\/a>","rttpg_excerpt":"B\u00f6y\u00fck Qay\u0131d\u0131\u015f proqram\u0131 \u00e7\u0259r\u00e7iv\u0259sind\u0259 30 ild\u0259n sonra \u00f6z do\u011fma yurduna, el-obas\u0131na yenid\u0259n qovu\u015fan f\u00fczulilil\u0259r bu d\u0259f\u0259 ba\u015fqa h\u0259y\u0259canl\u0131 tarixi g\u00fcn\u00fc ya\u015fama\u011fa haz\u0131rla\u015f\u0131rlar. Onlar ilk d\u0259f\u0259 do\u011fma yurdlar\u0131nda se\u00e7ici kimi prezident se\u00e7kil\u0259rin\u0259 qat\u0131lacaqlar. F\u00fczuli sakinl\u0259ri deyirl\u0259r ki, biz h\u0259min tarixi ana \u015fahidlik etm\u0259k \u00fc\u00e7\u00fcn tam haz\u0131r\u0131q. Daha \u0259trafl\u0131\u00a0\u201cATV X\u0259b\u0259r\u201din s\u00fcjetind\u0259:","_links":{"self":[{"href":"https:\/\/arantv.az\/index.php?rest_route=\/wp\/v2\/posts\/680910"}],"collection":[{"href":"https:\/\/arantv.az\/index.php?rest_route=\/wp\/v2\/posts"}],"about":[{"href":"https:\/\/arantv.az\/index.php?rest_route=\/wp\/v2\/types\/post"}],"author":[{"embeddable":true,"href":"https:\/\/arantv.az\/index.php?rest_route=\/wp\/v2\/users\/2"}],"replies":[{"embeddable":true,"href":"https:\/\/arantv.az\/index.php?rest_route=%2Fwp%2Fv2%2Fcomments&post=680910"}],"version-history":[{"count":0,"href":"https:\/\/arantv.az\/index.php?rest_route=\/wp\/v2\/posts\/680910\/revisions"}],"wp:featuredmedia":[{"embeddable":true,"href":"https:\/\/arantv.az\/index.php?rest_route=\/wp\/v2\/media\/680911"}],"wp:attachment":[{"href":"https:\/\/arantv.az\/index.php?rest_route=%2Fwp%2Fv2%2Fmedia&parent=680910"}],"wp:term":[{"taxonomy":"category","embeddable":true,"href":"https:\/\/arantv.az\/index.php?rest_route=%2Fwp%2Fv2%2Fcategories&post=680910"},{"taxonomy":"post_tag","embeddable":true,"href":"https:\/\/arantv.az\/index.php?rest_route=%2Fwp%2Fv2%2Ftags&post=680910"}],"curies":[{"name":"wp","href":"https:\/\/api.w.org\/{rel}","templated":true}]}}