{"id":680916,"date":"2024-01-18T07:25:45","date_gmt":"2024-01-18T03:25:45","guid":{"rendered":"https:\/\/arantv.az\/?p=680916"},"modified":"2024-01-18T07:25:45","modified_gmt":"2024-01-18T03:25:45","slug":"qarabagdan-ur%c9%99kdaglayan-goruntul%c9%99r-gores%c9%99n-separatcilar-q%c9%99biristanliqda-n%c9%99l%c9%99r-edibl%c9%99r-video","status":"publish","type":"post","link":"https:\/\/arantv.az\/?p=680916","title":{"rendered":"Qaraba\u011fdan \u00fcr\u0259kda\u011flayan g\u00f6r\u00fcnt\u00fcl\u0259r: Gore\u015f\u0259n separat\u00e7\u0131lar q\u0259biristanl\u0131qda n\u0259l\u0259r edibl\u0259r? &#8211; V\u0130DEO"},"content":{"rendered":"<article class=\"news\">\n<div class=\"news-inner\">\n<p>Erm\u0259nil\u0259r t\u0259r\u0259find\u0259n m\u0259hv edilmi\u015f tarixi irsimiz yenid\u0259n b\u0259rpa edilir.<\/p>\n<p>Az\u0259rbaycan xanlar\u0131n\u0131n erm\u0259ni vandalizmin\u0259 m\u0259ruz qalan\u00a0m\u0259zarlar\u0131n\u0131n g\u00f6r\u00fcnt\u00fcl\u0259ri yay\u0131mlan\u0131b.<\/p>\n<p>\u0130mar\u0259t Kompleksind\u0259 uzun m\u00fcdd\u0259tdir ki, t\u0259dqiqat i\u015fl\u0259ri apar\u0131l\u0131rd\u0131.<\/p>\n<p>Kompleksin \u0259razisind\u0259\u00a0Xan ail\u0259sin\u0259 m\u0259nsub oldu\u011fu 213 \u0259d\u0259d q\u0259bir a\u015fkar edilib.<\/p>\n<p>\u018ftrafl\u0131 AzTV-nin\u00a0s\u00fcjetind\u0259:<\/p>\n<div><iframe loading=\"lazy\" title=\"YouTube video player\" src=\"https:\/\/www.youtube.com\/embed\/I02BzKa_WHs?si=06z7pdqI6eKbFl_h\" width=\"560\" height=\"315\" frameborder=\"0\" allowfullscreen=\"allowfullscreen\" data-mce-fragment=\"1\"><\/iframe><\/div>\n<\/div>\n<\/article>\n<section class=\"related-news\">\n<div class=\"l-center\"><\/div>\n<\/section>\n","protected":false},"excerpt":{"rendered":"<p>Erm\u0259nil\u0259r t\u0259r\u0259find\u0259n m\u0259hv edilmi\u015f tarixi irsimiz yenid\u0259n b\u0259rpa edilir. Az\u0259rbaycan xanlar\u0131n\u0131n erm\u0259ni vandalizmin\u0259 m\u0259ruz qalan\u00a0m\u0259zarlar\u0131n\u0131n g\u00f6r\u00fcnt\u00fcl\u0259ri yay\u0131mlan\u0131b. \u0130mar\u0259t Kompleksind\u0259 uzun m\u00fcdd\u0259tdir ki, t\u0259dqiqat i\u015fl\u0259ri apar\u0131l\u0131rd\u0131. Kompleksin \u0259razisind\u0259\u00a0Xan ail\u0259sin\u0259 m\u0259nsub oldu\u011fu 213 \u0259d\u0259d q\u0259bir a\u015fkar edilib. \u018ftrafl\u0131 AzTV-nin\u00a0s\u00fcjetind\u0259:<\/p>\n","protected":false},"author":2,"featured_media":680917,"comment_status":"closed","ping_status":"closed","sticky":false,"template":"","format":"standard","meta":{"om_disable_all_campaigns":false,"_monsterinsights_skip_tracking":false,"_monsterinsights_sitenote_active":false,"_monsterinsights_sitenote_note":"","_monsterinsights_sitenote_category":0},"categories":[4],"tags":[],"aioseo_notices":[],"gutentor_comment":0,"rttpg_featured_image_url":{"full":["https:\/\/arantv.az\/wp-content\/uploads\/2024\/01\/FotoJet-3-9.jpg",620,413,false],"landscape":["https:\/\/arantv.az\/wp-content\/uploads\/2024\/01\/FotoJet-3-9.jpg",620,413,false],"portraits":["https:\/\/arantv.az\/wp-content\/uploads\/2024\/01\/FotoJet-3-9.jpg",620,413,false],"thumbnail":["https:\/\/arantv.az\/wp-content\/uploads\/2024\/01\/FotoJet-3-9-500x280.jpg",500,280,true],"medium":["https:\/\/arantv.az\/wp-content\/uploads\/2024\/01\/FotoJet-3-9-548x365.jpg",548,365,true],"large":["https:\/\/arantv.az\/wp-content\/uploads\/2024\/01\/FotoJet-3-9.jpg",620,413,false],"1536x1536":["https:\/\/arantv.az\/wp-content\/uploads\/2024\/01\/FotoJet-3-9.jpg",620,413,false],"2048x2048":["https:\/\/arantv.az\/wp-content\/uploads\/2024\/01\/FotoJet-3-9.jpg",620,413,false],"post-thumbnail":["https:\/\/arantv.az\/wp-content\/uploads\/2024\/01\/FotoJet-3-9-240x172.jpg",240,172,true],"advps-thumb-one":["https:\/\/arantv.az\/wp-content\/uploads\/2024\/01\/FotoJet-3-9.jpg",620,413,false]},"rttpg_author":{"display_name":"V\u00fcsal Rafiqo\u011flu","author_link":"https:\/\/arantv.az\/?author=2"},"rttpg_comment":0,"rttpg_category":"<a href=\"https:\/\/arantv.az\/?cat=4\" rel=\"category\">Siyas\u0259t<\/a>","rttpg_excerpt":"Erm\u0259nil\u0259r t\u0259r\u0259find\u0259n m\u0259hv edilmi\u015f tarixi irsimiz yenid\u0259n b\u0259rpa edilir. Az\u0259rbaycan xanlar\u0131n\u0131n erm\u0259ni vandalizmin\u0259 m\u0259ruz qalan\u00a0m\u0259zarlar\u0131n\u0131n g\u00f6r\u00fcnt\u00fcl\u0259ri yay\u0131mlan\u0131b. \u0130mar\u0259t Kompleksind\u0259 uzun m\u00fcdd\u0259tdir ki, t\u0259dqiqat i\u015fl\u0259ri apar\u0131l\u0131rd\u0131. Kompleksin \u0259razisind\u0259\u00a0Xan ail\u0259sin\u0259 m\u0259nsub oldu\u011fu 213 \u0259d\u0259d q\u0259bir a\u015fkar edilib. \u018ftrafl\u0131 AzTV-nin\u00a0s\u00fcjetind\u0259:","_links":{"self":[{"href":"https:\/\/arantv.az\/index.php?rest_route=\/wp\/v2\/posts\/680916"}],"collection":[{"href":"https:\/\/arantv.az\/index.php?rest_route=\/wp\/v2\/posts"}],"about":[{"href":"https:\/\/arantv.az\/index.php?rest_route=\/wp\/v2\/types\/post"}],"author":[{"embeddable":true,"href":"https:\/\/arantv.az\/index.php?rest_route=\/wp\/v2\/users\/2"}],"replies":[{"embeddable":true,"href":"https:\/\/arantv.az\/index.php?rest_route=%2Fwp%2Fv2%2Fcomments&post=680916"}],"version-history":[{"count":0,"href":"https:\/\/arantv.az\/index.php?rest_route=\/wp\/v2\/posts\/680916\/revisions"}],"wp:featuredmedia":[{"embeddable":true,"href":"https:\/\/arantv.az\/index.php?rest_route=\/wp\/v2\/media\/680917"}],"wp:attachment":[{"href":"https:\/\/arantv.az\/index.php?rest_route=%2Fwp%2Fv2%2Fmedia&parent=680916"}],"wp:term":[{"taxonomy":"category","embeddable":true,"href":"https:\/\/arantv.az\/index.php?rest_route=%2Fwp%2Fv2%2Fcategories&post=680916"},{"taxonomy":"post_tag","embeddable":true,"href":"https:\/\/arantv.az\/index.php?rest_route=%2Fwp%2Fv2%2Ftags&post=680916"}],"curies":[{"name":"wp","href":"https:\/\/api.w.org\/{rel}","templated":true}]}}