{"id":681037,"date":"2024-01-18T13:15:27","date_gmt":"2024-01-18T09:15:27","guid":{"rendered":"https:\/\/arantv.az\/?p=681037"},"modified":"2024-01-18T13:15:27","modified_gmt":"2024-01-18T09:15:27","slug":"az%c9%99rbaycanda-analiq-m%c9%99zuniyy%c9%99tinin-mudd%c9%99tinin-artirilmasi-t%c9%99klif-olunur","status":"publish","type":"post","link":"https:\/\/arantv.az\/?p=681037","title":{"rendered":"Az\u0259rbaycanda anal\u0131q m\u0259zuniyy\u0259tinin m\u00fcdd\u0259tinin art\u0131r\u0131lmas\u0131 t\u0259klif olunur"},"content":{"rendered":"<p>Az\u0259rbaycanda hamil\u0259lik v\u0259 do\u011fu\u015fdan sonrak\u0131 sosial m\u0259zuniyy\u0259t m\u00fcdd\u0259tinin 14 g\u00fcn art\u0131r\u0131lmas\u0131 t\u0259klif olunur.<\/p>\n<p>\u201cReport\u201d x\u0259b\u0259r verir ki, bu t\u0259klifl\u0259 Milli M\u0259clisin \u018fm\u0259k v\u0259 sosial siyas\u0259t komit\u0259sinin s\u0259dri Musa Quliyev komit\u0259nin yanvar\u0131n 18-d\u0259 ke\u00e7iril\u0259n iclas\u0131nda \u00e7\u0131x\u0131\u015f edib.<\/p>\n<p>O xat\u0131rlad\u0131b ki, haz\u0131rda h\u0259min m\u0259zuniyy\u0259t m\u00fcdd\u0259ti do\u011fu\u015fdan \u0259vv\u0259l v\u0259 sonra \u00fcmumilikd\u0259 126 g\u00fcnd\u00fcr: \u201c\u018fm\u0259k M\u0259c\u0259ll\u0259sin\u0259 edil\u0259c\u0259k d\u0259yi\u015fiklikl\u0259 h\u0259min m\u00fcdd\u0259tin 140 g\u00fcn\u0259 \u00e7atd\u0131r\u0131lmas\u0131 t\u0259min edil\u0259 bil\u0259r\u201d.<\/p>\n","protected":false},"excerpt":{"rendered":"<p>Az\u0259rbaycanda hamil\u0259lik v\u0259 do\u011fu\u015fdan sonrak\u0131 sosial m\u0259zuniyy\u0259t m\u00fcdd\u0259tinin 14 g\u00fcn art\u0131r\u0131lmas\u0131 t\u0259klif olunur. \u201cReport\u201d x\u0259b\u0259r verir ki, bu t\u0259klifl\u0259 Milli M\u0259clisin \u018fm\u0259k v\u0259 sosial siyas\u0259t komit\u0259sinin s\u0259dri Musa Quliyev komit\u0259nin yanvar\u0131n 18-d\u0259 ke\u00e7iril\u0259n iclas\u0131nda \u00e7\u0131x\u0131\u015f edib. O xat\u0131rlad\u0131b ki, haz\u0131rda h\u0259min m\u0259zuniyy\u0259t m\u00fcdd\u0259ti do\u011fu\u015fdan \u0259vv\u0259l v\u0259 sonra \u00fcmumilikd\u0259 126 g\u00fcnd\u00fcr: \u201c\u018fm\u0259k M\u0259c\u0259ll\u0259sin\u0259 edil\u0259c\u0259k d\u0259yi\u015fiklikl\u0259 h\u0259min m\u00fcdd\u0259tin 140 g\u00fcn\u0259 \u00e7atd\u0131r\u0131lmas\u0131 t\u0259min edil\u0259 bil\u0259r\u201d.<\/p>\n","protected":false},"author":2,"featured_media":681045,"comment_status":"closed","ping_status":"closed","sticky":false,"template":"","format":"standard","meta":{"om_disable_all_campaigns":false,"_monsterinsights_skip_tracking":false,"_monsterinsights_sitenote_active":false,"_monsterinsights_sitenote_note":"","_monsterinsights_sitenote_category":0},"categories":[1],"tags":[],"aioseo_notices":[],"gutentor_comment":0,"rttpg_featured_image_url":{"full":["https:\/\/arantv.az\/wp-content\/uploads\/2024\/01\/beremennaya.jpg",620,413,false],"landscape":["https:\/\/arantv.az\/wp-content\/uploads\/2024\/01\/beremennaya.jpg",620,413,false],"portraits":["https:\/\/arantv.az\/wp-content\/uploads\/2024\/01\/beremennaya.jpg",620,413,false],"thumbnail":["https:\/\/arantv.az\/wp-content\/uploads\/2024\/01\/beremennaya-500x280.jpg",500,280,true],"medium":["https:\/\/arantv.az\/wp-content\/uploads\/2024\/01\/beremennaya-548x365.jpg",548,365,true],"large":["https:\/\/arantv.az\/wp-content\/uploads\/2024\/01\/beremennaya.jpg",620,413,false],"1536x1536":["https:\/\/arantv.az\/wp-content\/uploads\/2024\/01\/beremennaya.jpg",620,413,false],"2048x2048":["https:\/\/arantv.az\/wp-content\/uploads\/2024\/01\/beremennaya.jpg",620,413,false],"post-thumbnail":["https:\/\/arantv.az\/wp-content\/uploads\/2024\/01\/beremennaya-240x172.jpg",240,172,true],"advps-thumb-one":["https:\/\/arantv.az\/wp-content\/uploads\/2024\/01\/beremennaya.jpg",620,413,false]},"rttpg_author":{"display_name":"V\u00fcsal Rafiqo\u011flu","author_link":"https:\/\/arantv.az\/?author=2"},"rttpg_comment":0,"rttpg_category":"<a href=\"https:\/\/arantv.az\/?cat=1\" rel=\"category\">C\u0259miyy\u0259t<\/a>","rttpg_excerpt":"Az\u0259rbaycanda hamil\u0259lik v\u0259 do\u011fu\u015fdan sonrak\u0131 sosial m\u0259zuniyy\u0259t m\u00fcdd\u0259tinin 14 g\u00fcn art\u0131r\u0131lmas\u0131 t\u0259klif olunur. \u201cReport\u201d x\u0259b\u0259r verir ki, bu t\u0259klifl\u0259 Milli M\u0259clisin \u018fm\u0259k v\u0259 sosial siyas\u0259t komit\u0259sinin s\u0259dri Musa Quliyev komit\u0259nin yanvar\u0131n 18-d\u0259 ke\u00e7iril\u0259n iclas\u0131nda \u00e7\u0131x\u0131\u015f edib. O xat\u0131rlad\u0131b ki, haz\u0131rda h\u0259min m\u0259zuniyy\u0259t m\u00fcdd\u0259ti do\u011fu\u015fdan \u0259vv\u0259l v\u0259 sonra \u00fcmumilikd\u0259 126 g\u00fcnd\u00fcr: \u201c\u018fm\u0259k M\u0259c\u0259ll\u0259sin\u0259 edil\u0259c\u0259k d\u0259yi\u015fiklikl\u0259 h\u0259min&hellip;","_links":{"self":[{"href":"https:\/\/arantv.az\/index.php?rest_route=\/wp\/v2\/posts\/681037"}],"collection":[{"href":"https:\/\/arantv.az\/index.php?rest_route=\/wp\/v2\/posts"}],"about":[{"href":"https:\/\/arantv.az\/index.php?rest_route=\/wp\/v2\/types\/post"}],"author":[{"embeddable":true,"href":"https:\/\/arantv.az\/index.php?rest_route=\/wp\/v2\/users\/2"}],"replies":[{"embeddable":true,"href":"https:\/\/arantv.az\/index.php?rest_route=%2Fwp%2Fv2%2Fcomments&post=681037"}],"version-history":[{"count":0,"href":"https:\/\/arantv.az\/index.php?rest_route=\/wp\/v2\/posts\/681037\/revisions"}],"wp:featuredmedia":[{"embeddable":true,"href":"https:\/\/arantv.az\/index.php?rest_route=\/wp\/v2\/media\/681045"}],"wp:attachment":[{"href":"https:\/\/arantv.az\/index.php?rest_route=%2Fwp%2Fv2%2Fmedia&parent=681037"}],"wp:term":[{"taxonomy":"category","embeddable":true,"href":"https:\/\/arantv.az\/index.php?rest_route=%2Fwp%2Fv2%2Fcategories&post=681037"},{"taxonomy":"post_tag","embeddable":true,"href":"https:\/\/arantv.az\/index.php?rest_route=%2Fwp%2Fv2%2Ftags&post=681037"}],"curies":[{"name":"wp","href":"https:\/\/api.w.org\/{rel}","templated":true}]}}