{"id":681044,"date":"2024-01-18T13:15:56","date_gmt":"2024-01-18T09:15:56","guid":{"rendered":"https:\/\/arantv.az\/?p=681044"},"modified":"2024-01-18T13:15:56","modified_gmt":"2024-01-18T09:15:56","slug":"az%c9%99rbaycan-v%c9%99-iran-generallari-gorusdul%c9%99r-foto","status":"publish","type":"post","link":"https:\/\/arantv.az\/?p=681044","title":{"rendered":"Az\u0259rbaycan v\u0259 \u0130ran generallar\u0131 g\u00f6r\u00fc\u015fd\u00fcl\u0259r &#8211; FOTO"},"content":{"rendered":"<p>Milli M\u00fcdafi\u0259 Universitetinin rektorunun elm \u00fczr\u0259 m\u00fcavini &#8211; H\u0259rbi Elmi T\u0259dqiqat \u0130nstitutunun rektoru, milli t\u0259hl\u00fck\u0259sizlik v\u0259 h\u0259rb elml\u0259ri \u00fczr\u0259 f\u0259ls\u0259f\u0259 doktoru, dosent, general-mayor Arif H\u0259s\u0259nov r\u0259hb\u0259rlik etdiyi n\u00fcmay\u0259nd\u0259 hey\u0259ti il\u0259 birg\u0259 \u0130ran \u0130slam Respublikas\u0131n\u0131n Ali Milli M\u00fcdafi\u0259 Universitetinin r\u0259isi general-mayor, doktor \u0130smay\u0131l \u018fhm\u0259di M\u00fcq\u0259dd\u0259min d\u0259v\u0259ti il\u0259 bu \u00f6lk\u0259d\u0259 s\u0259f\u0259rd\u0259 olub.<\/p>\n<p>S\u0259f\u0259r \u00e7\u0259r\u00e7iv\u0259sind\u0259 Az\u0259rbaycan n\u00fcmay\u0259nd\u0259 hey\u0259ti \u0130ran Ali Milli M\u00fcdafi\u0259 Universitetind\u0259 olub. Qonaqlar\u0131 salamlayan general-mayor \u0130.\u018f.M\u00fcq\u0259dd\u0259m onlar\u0131 \u0130randa g\u00f6rm\u0259kd\u0259n m\u0259mnun oldu\u011funu bildirib. N\u00fcmay\u0259nd\u0259 hey\u0259ti \u0130ran Ali Milli M\u00fcdafi\u0259 Universitetinin elm, t\u0259dris v\u0259 kitabxana bazas\u0131 il\u0259 tan\u0131\u015f olub, onlara t\u0259hsil m\u00fc\u0259ssis\u0259sinin f\u0259aliyy\u0259ti haqq\u0131nda brifinq t\u0259qdim edilib.<\/p>\n<p>General-mayor A.H\u0259s\u0259nov d\u0259v\u0259t\u0259 v\u0259 g\u00f6st\u0259ril\u0259n qonaqp\u0259rv\u0259rliy\u0259 g\u00f6r\u0259 t\u0259\u015f\u0259kk\u00fcr\u00fcn\u00fc bildirib, Milli M\u00fcdafi\u0259 Universitetinin yaranma tarixi, onun n\u0259zdind\u0259ki h\u0259rbi t\u0259hsil m\u00fc\u0259ssis\u0259l\u0259rinin \u0259sas f\u0259aliyy\u0259t istiqam\u0259tl\u0259ri, strukturu il\u0259 ba\u011fl\u0131 m\u0259lumat verib.<\/p>\n<p>G\u00f6r\u00fc\u015fd\u0259 elm v\u0259 t\u0259hsil sah\u0259sind\u0259 \u0259m\u0259kda\u015fl\u0131\u011f\u0131n inki\u015faf etdirilm\u0259si bax\u0131m\u0131ndan qar\u015f\u0131l\u0131ql\u0131 s\u0259f\u0259rl\u0259rin v\u0259 bu c\u00fcr g\u00f6r\u00fc\u015fl\u0259rin z\u0259ruriliyi x\u00fcsusi vur\u011fulan\u0131b.<\/p>\n<p>Sonra Az\u0259rbaycan n\u00fcmay\u0259nd\u0259 hey\u0259ti \u0130ran M\u00fcdafi\u0259 Nazirliyinin istehsal etdiyi h\u0259rbi m\u0259hsullar\u0131n n\u00fcmayi\u015f olundu\u011fu s\u0259rgi il\u0259 tan\u0131\u015f olub.<\/p>\n<p>S\u0259f\u0259r \u00e7\u0259r\u00e7iv\u0259sind\u0259, h\u0259m\u00e7inin \u0130ran Ordusunun Komanda v\u0259 Q\u0259rargah Universiteti, \u0130ran Silahl\u0131 Q\u00fcvv\u0259l\u0259ri Ba\u015f Q\u0259rargah\u0131n\u0131n Beyn\u0259lxalq \u018fm\u0259kda\u015fl\u0131q \u0130dar\u0259si d\u0259 ziyar\u0259t edilib.<\/p>\n<p>G\u00f6r\u00fc\u015fl\u0259rd\u0259 \u00f6lk\u0259l\u0259rimiz aras\u0131nda h\u0259rbi t\u0259hsil sah\u0259sind\u0259 maraq do\u011furan bir s\u0131ra m\u0259s\u0259l\u0259l\u0259r\u0259 dair \u0259trafl\u0131 fikir m\u00fcbadil\u0259si apar\u0131l\u0131b.<\/p>\n<p>&nbsp;<\/p>\n<div class=\"gallery\">\n<div class=\"gallery-i\"><img src=\"https:\/\/cdn.oxu.az\/uploads\/W1siZiIsIjIwMjQvMDEvMTgvMDkvMzUvMjEvNGY5NDY2OGEtZGE5Ni00ODJiLWFiYTYtMTg4YzA4NTBhMmVhLzgxNTNhNzE3OTA0ZGUwMmUwYTkwZTFkOTE1MWFlMjMwLmpwZyJdLFsicCIsImVuY29kZSIsImpwZyIsIi1xdWFsaXR5IDgwIl0sWyJwIiwidGh1bWIiLCI1OTB4NTkwXHUwMDNlIl1d?sha=359803b895512954\" alt=\"\" \/><\/p>\n<div class=\"gallery-i-caption\"><\/div>\n<\/div>\n<div class=\"gallery-i\"><img src=\"https:\/\/cdn.oxu.az\/uploads\/W1siZiIsIjIwMjQvMDEvMTgvMDkvMzUvMjIvMTMyZGE5OGQtOTY3ZS00ZTg0LWI2MWYtZGEyZmQ4YzA2NTZkL2JkOTUwZWQ1ZjA2Yjg4M2MyZDI4ODllMGExY2U2MTg2LmpwZyJdLFsicCIsImVuY29kZSIsImpwZyIsIi1xdWFsaXR5IDgwIl0sWyJwIiwidGh1bWIiLCI1OTB4NTkwXHUwMDNlIl1d?sha=4e672d259f9441eb\" alt=\"\" \/><\/p>\n<div class=\"gallery-i-caption\"><\/div>\n<\/div>\n<div class=\"gallery-i\"><img src=\"https:\/\/cdn.oxu.az\/uploads\/W1siZiIsIjIwMjQvMDEvMTgvMDkvMzUvMjIvZmU5MWY3YmMtYjMzNy00ZTUzLWI4MTItZDNhNjYwY2FlYjZiL2I3NGY3NjlhZmQ3ZGQ2ZDg1OWRjN2M2ODk4ZGIwOTZjLmpwZyJdLFsicCIsImVuY29kZSIsImpwZyIsIi1xdWFsaXR5IDgwIl0sWyJwIiwidGh1bWIiLCI1OTB4NTkwXHUwMDNlIl1d?sha=66c175fe1a70b187\" alt=\"\" \/><\/p>\n<div class=\"gallery-i-caption\"><\/div>\n<\/div>\n<div class=\"gallery-i\"><img src=\"https:\/\/cdn.oxu.az\/uploads\/W1siZiIsIjIwMjQvMDEvMTgvMDkvMzUvMjIvYjA5MGE3YWUtNjFiNi00ZTZhLWI3MTItMWM4NDRkYTc3ODhjLzkxMmFhN2MwMDU2ZTZiYjFmM2MwNmZlMTI4YzAxOWRkLmpwZyJdLFsicCIsImVuY29kZSIsImpwZyIsIi1xdWFsaXR5IDgwIl0sWyJwIiwidGh1bWIiLCI1OTB4NTkwXHUwMDNlIl1d?sha=1ac367cddd1b5f4e\" alt=\"\" \/><\/p>\n<div class=\"gallery-i-caption\"><\/div>\n<\/div>\n<div class=\"gallery-i\"><img src=\"https:\/\/cdn.oxu.az\/uploads\/W1siZiIsIjIwMjQvMDEvMTgvMDkvMzUvMjIvNjcwZTRmZWYtZWE1OC00MDI0LTljOWEtYjAxZTYxZDhlM2Q1L2VlYzdlOWE5MTYwMzY1OGNmMmMxNmY4ZWQ5Mzc1ZjVlLmpwZyJdLFsicCIsImVuY29kZSIsImpwZyIsIi1xdWFsaXR5IDgwIl0sWyJwIiwidGh1bWIiLCI1OTB4NTkwXHUwMDNlIl1d?sha=5a79389b79faea8f\" alt=\"\" \/><\/div>\n<\/div>\n","protected":false},"excerpt":{"rendered":"<p>Milli M\u00fcdafi\u0259 Universitetinin rektorunun elm \u00fczr\u0259 m\u00fcavini &#8211; H\u0259rbi Elmi T\u0259dqiqat \u0130nstitutunun rektoru, milli t\u0259hl\u00fck\u0259sizlik v\u0259 h\u0259rb elml\u0259ri \u00fczr\u0259 f\u0259ls\u0259f\u0259 doktoru, dosent, general-mayor Arif H\u0259s\u0259nov r\u0259hb\u0259rlik etdiyi n\u00fcmay\u0259nd\u0259 hey\u0259ti il\u0259 birg\u0259 \u0130ran \u0130slam Respublikas\u0131n\u0131n Ali Milli M\u00fcdafi\u0259 Universitetinin r\u0259isi general-mayor, doktor \u0130smay\u0131l \u018fhm\u0259di M\u00fcq\u0259dd\u0259min d\u0259v\u0259ti il\u0259 bu \u00f6lk\u0259d\u0259 s\u0259f\u0259rd\u0259 olub. S\u0259f\u0259r \u00e7\u0259r\u00e7iv\u0259sind\u0259 Az\u0259rbaycan n\u00fcmay\u0259nd\u0259 hey\u0259ti \u0130ran Ali Milli M\u00fcdafi\u0259 Universitetind\u0259 olub. Qonaqlar\u0131 salamlayan general-mayor \u0130.\u018f.M\u00fcq\u0259dd\u0259m onlar\u0131 \u0130randa g\u00f6rm\u0259kd\u0259n m\u0259mnun oldu\u011funu bildirib. N\u00fcmay\u0259nd\u0259 hey\u0259ti \u0130ran Ali Milli M\u00fcdafi\u0259 Universitetinin elm, t\u0259dris v\u0259 kitabxana bazas\u0131 il\u0259 tan\u0131\u015f olub, onlara t\u0259hsil m\u00fc\u0259ssis\u0259sinin f\u0259aliyy\u0259ti&hellip;<\/p>\n","protected":false},"author":2,"featured_media":681048,"comment_status":"closed","ping_status":"closed","sticky":false,"template":"","format":"standard","meta":{"om_disable_all_campaigns":false,"_monsterinsights_skip_tracking":false,"_monsterinsights_sitenote_active":false,"_monsterinsights_sitenote_note":"","_monsterinsights_sitenote_category":0},"categories":[4],"tags":[],"aioseo_notices":[],"gutentor_comment":0,"rttpg_featured_image_url":{"full":["https:\/\/arantv.az\/wp-content\/uploads\/2024\/01\/c5a8e4ab5743571a6cac754f51524658.jpg",620,413,false],"landscape":["https:\/\/arantv.az\/wp-content\/uploads\/2024\/01\/c5a8e4ab5743571a6cac754f51524658.jpg",620,413,false],"portraits":["https:\/\/arantv.az\/wp-content\/uploads\/2024\/01\/c5a8e4ab5743571a6cac754f51524658.jpg",620,413,false],"thumbnail":["https:\/\/arantv.az\/wp-content\/uploads\/2024\/01\/c5a8e4ab5743571a6cac754f51524658-500x280.jpg",500,280,true],"medium":["https:\/\/arantv.az\/wp-content\/uploads\/2024\/01\/c5a8e4ab5743571a6cac754f51524658-548x365.jpg",548,365,true],"large":["https:\/\/arantv.az\/wp-content\/uploads\/2024\/01\/c5a8e4ab5743571a6cac754f51524658.jpg",620,413,false],"1536x1536":["https:\/\/arantv.az\/wp-content\/uploads\/2024\/01\/c5a8e4ab5743571a6cac754f51524658.jpg",620,413,false],"2048x2048":["https:\/\/arantv.az\/wp-content\/uploads\/2024\/01\/c5a8e4ab5743571a6cac754f51524658.jpg",620,413,false],"post-thumbnail":["https:\/\/arantv.az\/wp-content\/uploads\/2024\/01\/c5a8e4ab5743571a6cac754f51524658-240x172.jpg",240,172,true],"advps-thumb-one":["https:\/\/arantv.az\/wp-content\/uploads\/2024\/01\/c5a8e4ab5743571a6cac754f51524658.jpg",620,413,false]},"rttpg_author":{"display_name":"V\u00fcsal Rafiqo\u011flu","author_link":"https:\/\/arantv.az\/?author=2"},"rttpg_comment":0,"rttpg_category":"<a href=\"https:\/\/arantv.az\/?cat=4\" rel=\"category\">Siyas\u0259t<\/a>","rttpg_excerpt":"Milli M\u00fcdafi\u0259 Universitetinin rektorunun elm \u00fczr\u0259 m\u00fcavini &#8211; H\u0259rbi Elmi T\u0259dqiqat \u0130nstitutunun rektoru, milli t\u0259hl\u00fck\u0259sizlik v\u0259 h\u0259rb elml\u0259ri \u00fczr\u0259 f\u0259ls\u0259f\u0259 doktoru, dosent, general-mayor Arif H\u0259s\u0259nov r\u0259hb\u0259rlik etdiyi n\u00fcmay\u0259nd\u0259 hey\u0259ti il\u0259 birg\u0259 \u0130ran \u0130slam Respublikas\u0131n\u0131n Ali Milli M\u00fcdafi\u0259 Universitetinin r\u0259isi general-mayor, doktor \u0130smay\u0131l \u018fhm\u0259di M\u00fcq\u0259dd\u0259min d\u0259v\u0259ti il\u0259 bu \u00f6lk\u0259d\u0259 s\u0259f\u0259rd\u0259 olub. S\u0259f\u0259r \u00e7\u0259r\u00e7iv\u0259sind\u0259 Az\u0259rbaycan n\u00fcmay\u0259nd\u0259 hey\u0259ti&hellip;","_links":{"self":[{"href":"https:\/\/arantv.az\/index.php?rest_route=\/wp\/v2\/posts\/681044"}],"collection":[{"href":"https:\/\/arantv.az\/index.php?rest_route=\/wp\/v2\/posts"}],"about":[{"href":"https:\/\/arantv.az\/index.php?rest_route=\/wp\/v2\/types\/post"}],"author":[{"embeddable":true,"href":"https:\/\/arantv.az\/index.php?rest_route=\/wp\/v2\/users\/2"}],"replies":[{"embeddable":true,"href":"https:\/\/arantv.az\/index.php?rest_route=%2Fwp%2Fv2%2Fcomments&post=681044"}],"version-history":[{"count":0,"href":"https:\/\/arantv.az\/index.php?rest_route=\/wp\/v2\/posts\/681044\/revisions"}],"wp:featuredmedia":[{"embeddable":true,"href":"https:\/\/arantv.az\/index.php?rest_route=\/wp\/v2\/media\/681048"}],"wp:attachment":[{"href":"https:\/\/arantv.az\/index.php?rest_route=%2Fwp%2Fv2%2Fmedia&parent=681044"}],"wp:term":[{"taxonomy":"category","embeddable":true,"href":"https:\/\/arantv.az\/index.php?rest_route=%2Fwp%2Fv2%2Fcategories&post=681044"},{"taxonomy":"post_tag","embeddable":true,"href":"https:\/\/arantv.az\/index.php?rest_route=%2Fwp%2Fv2%2Ftags&post=681044"}],"curies":[{"name":"wp","href":"https:\/\/api.w.org\/{rel}","templated":true}]}}