{"id":681047,"date":"2024-01-18T13:17:45","date_gmt":"2024-01-18T09:17:45","guid":{"rendered":"https:\/\/arantv.az\/?p=681047"},"modified":"2024-01-18T13:17:45","modified_gmt":"2024-01-18T09:17:45","slug":"q%c9%99rbin-secki-t%c9%99xribati-bakidan-s%c9%99rt-reaksiya","status":"publish","type":"post","link":"https:\/\/arantv.az\/?p=681047","title":{"rendered":"Q\u0259rbin se\u00e7ki t\u0259xribat\u0131 &#8211; Bak\u0131dan s\u0259rt reaksiya"},"content":{"rendered":"<p><strong>Ekspertl\u0259r deyir ki, Z\u0259f\u0259r se\u00e7kisinin n\u0259tic\u0259l\u0259rini he\u00e7 bir halda \u015f\u00fcbh\u0259 alt\u0131na almaq m\u00fcmk\u00fcn olmayacaq; hakimiyy\u0259t Avropa v\u0259 Q\u0259rb t\u0259sisatlar\u0131n\u0131n \u0259dal\u0259tsiz m\u00fcdaxil\u0259sin\u0259 meydan verm\u0259y\u0259c\u0259k; b\u0259zi t\u0259\u015fkilatlar 7 fevral se\u00e7kisin\u0259 dair r\u0259yini indid\u0259n haz\u0131r edib&#8230;<\/strong><\/p>\n<p>7 fevralda ke\u00e7iril\u0259c\u0259k n\u00f6vb\u0259d\u0259nk\u0259nar prezident se\u00e7kisini m\u00fc\u015fahid\u0259 etm\u0259k, se\u00e7ki \u00f6nc\u0259si durumu \u00f6yr\u0259nm\u0259k \u00fc\u00e7\u00fcn \u00f6lk\u0259miz\u0259 xeyli sayda xarici m\u00fc\u015fahid\u0259\u00e7i g\u0259lib. M\u00fcxt\u0259lif qurumlar\u0131, d\u00f6vl\u0259tl\u0259ri t\u0259msil ed\u0259n m\u00fc\u015fahid\u0259\u00e7il\u0259r namiz\u0259dl\u0259rl\u0259, m\u00fcvafiq qurum v\u0259 \u015f\u0259xsl\u0259rl\u0259 g\u00f6r\u00fc\u015fl\u0259r ke\u00e7irirl\u0259r.<\/p>\n<p>B\u0259zi Avropa t\u0259sisatlar\u0131 is\u0259 b\u00fct\u00fcn m\u0259s\u0259l\u0259l\u0259rd\u0259 oldu\u011fu kimi, Az\u0259rbaycana qar\u015f\u0131 q\u0259r\u0259zli m\u00f6vqel\u0259rini se\u00e7ki prosesind\u0259 d\u0259 t\u0259krarlay\u0131rlar.<\/p>\n<p>M\u0259s\u0259l\u0259n, Avropa Parlamenti bel\u0259 bir a\u00e7\u0131qlama il\u0259 \u00e7\u0131x\u0131\u015f edib ki, Az\u0259rbaycana se\u00e7ki il\u0259 \u0259laq\u0259dar m\u00fc\u015fahid\u0259\u00e7i g\u00f6nd\u0259rm\u0259y\u0259c\u0259kl\u0259r.<\/p>\n<p>\u201cBiz se\u00e7ki prosesini izl\u0259m\u0259y\u0259c\u0259yik v\u0259 m\u00fcvafiq olaraq n\u0259 prosesin \u00f6z\u00fc, n\u0259 d\u0259 n\u0259tic\u0259l\u0259r bar\u0259d\u0259 \u015f\u0259rh ver\u0259c\u0259yik\u201d, &#8211; a\u00e7\u0131qlamada bildirilir.<\/p>\n<p>Bel\u0259 fon yaran\u0131rd\u0131 ki, sanki Avropa Parlamentinin g\u0259lm\u0259si g\u00f6zl\u0259nilirmi\u015f, ancaq onlar imtina edir. Lakin m\u0259s\u0259l\u0259 he\u00e7 d\u0259 bel\u0259 deyilmi\u015f!<\/p>\n<p>Az\u0259rbaycan Xarici \u0130\u015fl\u0259r Nazirliyinin s\u00f6z\u00e7\u00fcs\u00fc Ayxan Hac\u0131zad\u0259 m\u0259s\u0259l\u0259y\u0259 ayd\u0131nl\u0131q g\u0259tirib. O bildirib ki, Az\u0259rbaycan Xarici \u0130\u015fl\u0259r Nazirliyi Avropa Parlamentin\u0259 n\u00f6vb\u0259d\u0259nk\u0259nar se\u00e7kil\u0259rd\u0259 m\u00fc\u015fahid\u0259\u00e7ilik \u00fc\u00e7\u00fcn d\u0259v\u0259t yollamay\u0131b.<\/p>\n<p><strong>Y\u0259ni bu, m\u0259hz Az\u0259rbaycan\u0131n se\u00e7imidir ki, \u00f6lk\u0259miz\u0259 qar\u015f\u0131 daim q\u0259r\u0259zli m\u00f6vqe tutan avroparlament v\u0259 dig\u0259r bu kimi qurumlara se\u00e7kil\u0259rd\u0259 m\u00fc\u015fahid\u0259\u00e7ilik \u00fc\u00e7\u00fcn d\u0259v\u0259t g\u00f6nd\u0259rm\u0259y\u0259 ehtiyac g\u00f6r\u00fclm\u0259yib. Tamamil\u0259 haql\u0131 add\u0131md\u0131r.\u00a0<\/strong><\/p>\n<p>Az\u0259rbaycan Xarici \u0130\u015fl\u0259r Nazirliyinin a\u00e7\u0131qlamas\u0131nda Avropada T\u0259hl\u00fck\u0259sizlik v\u0259 \u018fm\u0259kda\u015fl\u0131q T\u0259\u015fkilat\u0131n\u0131n (AT\u018fT) Demokratik T\u0259sisatlar v\u0259 \u0130nsan H\u00fcquqlar\u0131 B\u00fcrosu (DT\u0130HB), M\u00fcst\u0259qil D\u00f6vl\u0259tl\u0259r Birliyi (MDB), \u0130slam \u018fm\u0259kda\u015fl\u0131q T\u0259\u015fkilat\u0131 (\u0130\u018fT), \u015eanxay \u018fm\u0259kda\u015fl\u0131q T\u0259\u015fkilat\u0131 (\u015e\u018fT), Demokratiya v\u0259 \u0130qtisadi \u0130nki\u015faf namin\u0259 T\u0259\u015fkilat (GUAM), T\u00fcrk D\u00f6vl\u0259tl\u0259ri T\u0259\u015fkilat\u0131 (TDT) v\u0259 Qo\u015fulmama H\u0259r\u0259kat\u0131n\u0131n G\u0259ncl\u0259r T\u0259\u015fkilat\u0131na m\u00fcvafiq notalar g\u00f6nd\u0259rildiyi a\u00e7\u0131qlanm\u0131\u015fd\u0131.<\/p>\n<p>G\u00f6r\u00fcnd\u00fcy\u00fc kimi, siyah\u0131da Avropa Parlamentinin, yaxud Avropa \u0130ttifaq\u0131n\u0131n h\u0259r hans\u0131 dig\u0259r strukturunun ad\u0131 \u00e7\u0259kilmir. Odur ki, r\u0259smi Bak\u0131dan d\u0259v\u0259t almayan Avropa Parlamentinin se\u00e7kil\u0259ri m\u00fc\u015fahid\u0259 etm\u0259y\u0259c\u0259yi bar\u0259d\u0259 b\u0259yanat verm\u0259si h\u0259qiq\u0259t\u0259n m\u0259ntiqsiz g\u00f6r\u00fcn\u00fcr.<\/p>\n<p>Ayd\u0131n g\u00f6r\u00fcn\u00fcr ki, Avropa \u0130ttifaq\u0131n\u0131n Fransa kimi b\u0259zi \u00fczvl\u0259ri v\u0259 qanunverici orqan say\u0131lan Avropa Parlamenti Az\u0259rbaycan\u0131n \u0259razi b\u00fct\u00f6vl\u00fcy\u00fcn\u00fc t\u0259min etm\u0259si, m\u00fcst\u0259qil v\u0259 he\u00e7 bir k\u0259nar t\u0259sir\u0259 boyun \u0259ym\u0259y\u0259n xarici siyas\u0259ti v\u0259 iqtisadi g\u00fcc\u00fcn\u00fcn artmas\u0131 fonunda narahatl\u0131q ke\u00e7irir.<\/p>\n<p><strong>Avropa Parlamenti anlamal\u0131d\u0131r ki, m\u0259hz bundan \u0259vv\u0259l d\u0259f\u0259l\u0259rl\u0259 t\u0259krarlanan q\u0259r\u0259zin\u0259 g\u00f6r\u0259 Az\u0259rbaycan onu fevral\u0131n 7-d\u0259 ke\u00e7iril\u0259c\u0259k n\u00f6vb\u0259d\u0259nk\u0259nar prezident se\u00e7kil\u0259rin\u0259 d\u0259v\u0259t etm\u0259yib.<\/strong><\/p>\n<p>Az\u0259rbaycan xalq\u0131 fevral\u0131n 7-d\u0259 \u00f6z layiqli se\u00e7imini ed\u0259c\u0259k.<\/p>\n<p><strong>Maraql\u0131d\u0131r, se\u00e7kini izl\u0259m\u0259y\u0259n qurumlar sonradan hans\u0131sa b\u0259yanatlar ver\u0259 bil\u0259rmi? Onlar\u0131n q\u0259r\u0259zli m\u00f6vqel\u0259ri g\u00f6zl\u0259nil\u0259ndirmi?<\/strong><\/p>\n<p><strong><img src=\"https:\/\/turkic.world\/media\/2023\/05\/12\/600x410\/ilyas_huseynov.jpg\" alt=\"Az\u0259rbaycan\u0131n g\u00fccl\u00fc orduya malik olmas\u0131 bir \u015f\u0259rtdir - \u0130lyas H\u00fcseynov (\u00d6Z\u018fL)  - Turkic World\" \/><\/strong><\/p>\n<p><strong>\u0130lyas H\u00fcseyov<\/strong><\/p>\n<p>Sosial T\u0259qdiqatlar M\u0259rk\u0259zinin sektor m\u00fcdiri \u0130lyas H\u00fcseyov \u201cYeni M\u00fcasavat\u201da bildirdi ki, 7 fevralda ke\u00e7iril\u0259c\u0259k n\u00f6vb\u0259d\u0259nk\u0259nar prezident se\u00e7kisi tarixi se\u00e7kidir, Z\u0259f\u0259r se\u00e7kisidir. N\u00f6vb\u0259d\u0259nk\u0259nar se\u00e7kiy\u0259 gedilm\u0259sinin s\u0259b\u0259bl\u0259rini Prezident \u0130lham \u018fliyev yerli telekanallara m\u00fcsahib\u0259sind\u0259 a\u00e7\u0131qlad\u0131: \u201cB\u00fct\u00fcn \u00f6lk\u0259 \u0259razisind\u0259 suverenliyimizin b\u0259rpa olunmas\u0131ndan sonra yaranan yeni reall\u0131qlarda ke\u00e7iril\u0259n ilk se\u00e7ki olacaq. O ki qald\u0131 Avropa Parlamentinin se\u00e7kil\u0259r\u0259 m\u00fcnasib\u0259tin\u0259, bu qurumun Az\u0259rbaycana q\u0259r\u0259zli m\u00fcnasib\u0259ti b\u0259llidir v\u0259 biz buna al\u0131\u015fm\u0131\u015f\u0131q. Q\u0259r\u0259zli olduqlar\u0131 \u00fc\u00e7\u00fcn d\u0259 onlara d\u0259v\u0259t g\u00f6nd\u0259rilm\u0259yib. Az\u0259rbaycan t\u0259r\u0259fi d\u00fczg\u00fcn olaraq Avropa \u0130ttifaq\u0131na m\u00fcraci\u0259t \u00fcnvanlamay\u0131b ki, g\u0259lib se\u00e7kini izl\u0259sinl\u0259r. Az\u0259rbaycanda ke\u00e7iril\u0259c\u0259k n\u00f6vb\u0259d\u0259nk\u0259nar prezident se\u00e7kisini AT\u018fT-in, MDB-nin, T\u00fcrk D\u00f6vl\u0259tl\u0259ri T\u0259\u015fkilat\u0131n\u0131n v\u0259 bir s\u0131ra dig\u0259r beyn\u0259lxalq t\u0259\u015fkilatlar\u0131n, h\u0259m\u00e7inin t\u0259r\u0259fda\u015f d\u00f6vl\u0259tl\u0259rin m\u00fc\u015fahid\u0259 missiyalar\u0131 m\u00fc\u015fahid\u0259 ed\u0259c\u0259k. Art\u0131q beyn\u0259lxalq m\u00fc\u015fahid\u0259\u00e7il\u0259rin bir qismi Az\u0259rbaycanda f\u0259aliyy\u0259t\u0259 ba\u015flay\u0131blar, g\u00f6r\u00fc\u015fl\u0259r ke\u00e7irirl\u0259r, se\u00e7ki kampaniyas\u0131n\u0131n gedi\u015fini izl\u0259yirl\u0259r. H\u0259r hans\u0131 beyn\u0259lxalq m\u00fc\u015fahid\u0259\u00e7il\u0259r se\u00e7kini m\u00fc\u015fahid\u0259 etm\u0259k ist\u0259yirs\u0259, \u0259vv\u0259lc\u0259d\u0259n ya onlar \u00f6zl\u0259ri Bak\u0131ya r\u0259smi m\u00fcraci\u0259t etm\u0259lidirl\u0259r, ya da Bak\u0131dan onlara d\u0259v\u0259t olmal\u0131d\u0131r. Bu prosedur h\u0259yata ke\u00e7m\u0259yibs\u0259, he\u00e7 kim k\u0259nardan g\u0259lib burada se\u00e7kini m\u00fc\u015fahid\u0259 ed\u0259 v\u0259 r\u0259y ver\u0259 bilm\u0259z. Se\u00e7kini m\u00fc\u015fahid\u0259 etm\u0259d\u0259n onun demokratiya d\u0259y\u0259rl\u0259rin\u0259 n\u0259 q\u0259d\u0259r uy\u011fun olub-olmamas\u0131na dair r\u0259y verm\u0259k do\u011fru deyil v\u0259 he\u00e7 kim bu r\u0259yi q\u0259bul etm\u0259z. Lakin biz indid\u0259n b\u0259zi xarici t\u0259\u015fkilatlar\u0131n q\u0259r\u0259zli ikili yana\u015fmalar\u0131n\u0131 hiss etm\u0259kd\u0259yik. Avropa Parlamentind\u0259n veril\u0259n a\u00e7\u0131qlama onlar\u0131n indid\u0259n q\u0259r\u0259zli m\u00f6vqeyini n\u00fcmayi\u015f etdirir. Az\u0259rbaycan onlar\u0131 d\u0259v\u0259t etm\u0259diyi \u00fc\u00e7\u00fcn se\u00e7kini m\u00fc\u015fahid\u0259 etm\u0259kd\u0259n k\u0259narda qal\u0131blar, lakin a\u00e7\u0131qlama verirl\u0259r ki, Avropa Parlamenti Az\u0259rbaycanda se\u00e7kini m\u00fc\u015fahid\u0259 etm\u0259y\u0259c\u0259k. Sanki bizi boykot edirmi\u015fl\u0259r kimi a\u00e7\u0131qlama verm\u0259l\u0259ri q\u0259r\u0259zli olduqlar\u0131n\u0131 n\u00f6vb\u0259ti d\u0259f\u0259 ortaya qoyur. Az\u0259rbaycanda se\u00e7ki kampaniyas\u0131 demokratik \u015f\u0259raitd\u0259 ke\u00e7ir v\u0259 se\u00e7kil\u0259r demokratik ke\u00e7iril\u0259c\u0259k. Buna \u015f\u00fcbh\u0259 yoxdur. Ona g\u00f6r\u0259 d\u0259 se\u00e7kinin n\u0259tic\u0259l\u0259rini d\u0259 \u015f\u00fcbh\u0259 alt\u0131na m\u00fcmk\u00fcn olmayacaq. N\u00f6vb\u0259d\u0259nk\u0259nar prezident se\u00e7kisi y\u00fcks\u0259k s\u0259viyy\u0259d\u0259 ke\u00e7\u0259c\u0259k v\u0259 h\u0259r hans\u0131 q\u0259r\u0259zli b\u0259yanatlarla buna k\u00f6lg\u0259 salmaq c\u0259hdl\u0259rinin n\u0259tic\u0259si olmayacaq\u201d.<\/p>\n<p>Bir s\u0131ra siyasi analitikl\u0259r is\u0259 hesab edir ki, Az\u0259rbaycanda ke\u00e7iril\u0259c\u0259k n\u00f6vb\u0259d\u0259nk\u0259nar Prezident se\u00e7kisi il\u0259 ba\u011fl\u0131 b\u0259zi Q\u0259rb institutlar\u0131n\u0131n r\u0259yi se\u00e7ki t\u0259yin olunan ilk g\u00fcnl\u0259rd\u0259n haz\u0131rlan\u0131b.\u00a0 Orada n\u0259 yaz\u0131laca\u011f\u0131 m\u0259lumdur. Yaz\u0131lacaq ki, se\u00e7kil\u0259r demokratik ke\u00e7irilm\u0259yib, \u0259sas siyasi q\u00fcvv\u0259l\u0259rin i\u015ftirak\u0131 t\u0259min olunmay\u0131b, se\u00e7ki komissiyalar\u0131 b\u0259rab\u0259r \u0259sasda t\u0259\u015fkil olunmay\u0131b v\u0259 sair. Lakin beyn\u0259lxalq t\u0259\u015fkilatlar\u0131n Az\u0259rbaycanda ke\u00e7iril\u0259n se\u00e7kil\u0259r\u0259 m\u00fcdaxil\u0259 imkanlar\u0131 geni\u015f deyil. Az\u0259rbaycan\u0131n son add\u0131mlar\u0131 da g\u00f6st\u0259rdi ki, hakimiyy\u0259t Q\u0259rbin, Q\u0259rb institutlar\u0131n\u0131n \u0259dal\u0259tsiz m\u00fcdaxil\u0259sin\u0259 meydan verm\u0259k fikrind\u0259 deyil. \u00d6lk\u0259 prinsipial m\u00f6vqe qoymaq g\u00fcc\u00fcn\u0259 malikdir. Bu s\u0259b\u0259bd\u0259n Q\u0259rbin, Q\u0259rb institutlar\u0131n\u0131n se\u00e7kil\u0259r\u0259 m\u00fcdaxil\u0259 etm\u0259k imkanlar\u0131 son d\u0259r\u0259c\u0259 m\u0259hduddur v\u0259 onlar art\u0131q indid\u0259n 7 fevraldan sonra yayacaqlar\u0131 b\u0259yanatlar\u0131 haz\u0131rlay\u0131blar. Onlar\u0131n add\u0131mlar\u0131 bundan o t\u0259r\u0259f\u0259 ke\u00e7m\u0259y\u0259c\u0259k. Q\u0259r\u0259zli hesabatlarda m\u0259qs\u0259d Az\u0259rbaycan hakimiyy\u0259tin\u0259 t\u0259zyiq g\u00f6st\u0259rm\u0259k, \u00f6z ist\u0259kl\u0259rini dikt\u0259 el\u0259m\u0259k, \u00f6z siyas\u0259tl\u0259rini C\u0259nubi Qafqaz b\u00f6lg\u0259sind\u0259 realla\u015fd\u0131rma\u011fa \u00e7al\u0131\u015fmaq v\u0259 Az\u0259rbaycan\u0131 da Erm\u0259nistan kimi \u00f6z ist\u0259kl\u0259rinin icra\u00e7\u0131s\u0131na \u00e7evirm\u0259y\u0259 c\u0259hd g\u00f6st\u0259rm\u0259kdir. Ancaq son aylar\u0131n hadis\u0259l\u0259ri g\u00f6st\u0259rir ki, bu, Az\u0259rbaycana qar\u015f\u0131 m\u00fcmk\u00fcn deyil. Az\u0259rbaycan hakimiyy\u0259ti yaln\u0131z d\u00f6vl\u0259timizin v\u0259 xalq\u0131m\u0131z\u0131n maraqlar\u0131na cavab ver\u0259n siyas\u0259ti yeridir v\u0259 yaln\u0131z bu maraqlara uy\u011fun olan t\u0259klifl\u0259ri q\u0259bul edir. Az\u0259rbaycanda prezidenti xalq se\u00e7ir, Az\u0259rbaycan o \u00f6lk\u0259l\u0259rd\u0259n deyil ki, r\u0259hb\u0259rini hans\u0131sa xarici t\u0259\u015fkilatlar, xarici q\u00fcvv\u0259l\u0259r se\u00e7sin.<\/p>\n","protected":false},"excerpt":{"rendered":"<p>Ekspertl\u0259r deyir ki, Z\u0259f\u0259r se\u00e7kisinin n\u0259tic\u0259l\u0259rini he\u00e7 bir halda \u015f\u00fcbh\u0259 alt\u0131na almaq m\u00fcmk\u00fcn olmayacaq; hakimiyy\u0259t Avropa v\u0259 Q\u0259rb t\u0259sisatlar\u0131n\u0131n \u0259dal\u0259tsiz m\u00fcdaxil\u0259sin\u0259 meydan verm\u0259y\u0259c\u0259k; b\u0259zi t\u0259\u015fkilatlar 7 fevral se\u00e7kisin\u0259 dair r\u0259yini indid\u0259n haz\u0131r edib&#8230; 7 fevralda ke\u00e7iril\u0259c\u0259k n\u00f6vb\u0259d\u0259nk\u0259nar prezident se\u00e7kisini m\u00fc\u015fahid\u0259 etm\u0259k, se\u00e7ki \u00f6nc\u0259si durumu \u00f6yr\u0259nm\u0259k \u00fc\u00e7\u00fcn \u00f6lk\u0259miz\u0259 xeyli sayda xarici m\u00fc\u015fahid\u0259\u00e7i g\u0259lib. M\u00fcxt\u0259lif qurumlar\u0131, d\u00f6vl\u0259tl\u0259ri t\u0259msil ed\u0259n m\u00fc\u015fahid\u0259\u00e7il\u0259r namiz\u0259dl\u0259rl\u0259, m\u00fcvafiq qurum v\u0259 \u015f\u0259xsl\u0259rl\u0259 g\u00f6r\u00fc\u015fl\u0259r ke\u00e7irirl\u0259r. B\u0259zi Avropa t\u0259sisatlar\u0131 is\u0259 b\u00fct\u00fcn m\u0259s\u0259l\u0259l\u0259rd\u0259 oldu\u011fu kimi, Az\u0259rbaycana qar\u015f\u0131 q\u0259r\u0259zli m\u00f6vqel\u0259rini se\u00e7ki prosesind\u0259 d\u0259 t\u0259krarlay\u0131rlar. M\u0259s\u0259l\u0259n, Avropa Parlamenti bel\u0259 bir a\u00e7\u0131qlama il\u0259 \u00e7\u0131x\u0131\u015f edib&hellip;<\/p>\n","protected":false},"author":2,"featured_media":681051,"comment_status":"closed","ping_status":"closed","sticky":false,"template":"","format":"standard","meta":{"om_disable_all_campaigns":false,"_monsterinsights_skip_tracking":false,"_monsterinsights_sitenote_active":false,"_monsterinsights_sitenote_note":"","_monsterinsights_sitenote_category":0},"categories":[4],"tags":[],"aioseo_notices":[],"gutentor_comment":0,"rttpg_featured_image_url":{"full":["https:\/\/arantv.az\/wp-content\/uploads\/2024\/01\/b93ca2d73cd4437905443d294752d6cc.jpg",755,450,false],"landscape":["https:\/\/arantv.az\/wp-content\/uploads\/2024\/01\/b93ca2d73cd4437905443d294752d6cc.jpg",755,450,false],"portraits":["https:\/\/arantv.az\/wp-content\/uploads\/2024\/01\/b93ca2d73cd4437905443d294752d6cc.jpg",755,450,false],"thumbnail":["https:\/\/arantv.az\/wp-content\/uploads\/2024\/01\/b93ca2d73cd4437905443d294752d6cc-500x280.jpg",500,280,true],"medium":["https:\/\/arantv.az\/wp-content\/uploads\/2024\/01\/b93ca2d73cd4437905443d294752d6cc-612x365.jpg",612,365,true],"large":["https:\/\/arantv.az\/wp-content\/uploads\/2024\/01\/b93ca2d73cd4437905443d294752d6cc.jpg",640,381,false],"1536x1536":["https:\/\/arantv.az\/wp-content\/uploads\/2024\/01\/b93ca2d73cd4437905443d294752d6cc.jpg",755,450,false],"2048x2048":["https:\/\/arantv.az\/wp-content\/uploads\/2024\/01\/b93ca2d73cd4437905443d294752d6cc.jpg",755,450,false],"post-thumbnail":["https:\/\/arantv.az\/wp-content\/uploads\/2024\/01\/b93ca2d73cd4437905443d294752d6cc-240x172.jpg",240,172,true],"advps-thumb-one":["https:\/\/arantv.az\/wp-content\/uploads\/2024\/01\/b93ca2d73cd4437905443d294752d6cc.jpg",755,450,false]},"rttpg_author":{"display_name":"V\u00fcsal Rafiqo\u011flu","author_link":"https:\/\/arantv.az\/?author=2"},"rttpg_comment":0,"rttpg_category":"<a href=\"https:\/\/arantv.az\/?cat=4\" rel=\"category\">Siyas\u0259t<\/a>","rttpg_excerpt":"Ekspertl\u0259r deyir ki, Z\u0259f\u0259r se\u00e7kisinin n\u0259tic\u0259l\u0259rini he\u00e7 bir halda \u015f\u00fcbh\u0259 alt\u0131na almaq m\u00fcmk\u00fcn olmayacaq; hakimiyy\u0259t Avropa v\u0259 Q\u0259rb t\u0259sisatlar\u0131n\u0131n \u0259dal\u0259tsiz m\u00fcdaxil\u0259sin\u0259 meydan verm\u0259y\u0259c\u0259k; b\u0259zi t\u0259\u015fkilatlar 7 fevral se\u00e7kisin\u0259 dair r\u0259yini indid\u0259n haz\u0131r edib&#8230; 7 fevralda ke\u00e7iril\u0259c\u0259k n\u00f6vb\u0259d\u0259nk\u0259nar prezident se\u00e7kisini m\u00fc\u015fahid\u0259 etm\u0259k, se\u00e7ki \u00f6nc\u0259si durumu \u00f6yr\u0259nm\u0259k \u00fc\u00e7\u00fcn \u00f6lk\u0259miz\u0259 xeyli sayda xarici m\u00fc\u015fahid\u0259\u00e7i g\u0259lib. M\u00fcxt\u0259lif qurumlar\u0131, d\u00f6vl\u0259tl\u0259ri&hellip;","_links":{"self":[{"href":"https:\/\/arantv.az\/index.php?rest_route=\/wp\/v2\/posts\/681047"}],"collection":[{"href":"https:\/\/arantv.az\/index.php?rest_route=\/wp\/v2\/posts"}],"about":[{"href":"https:\/\/arantv.az\/index.php?rest_route=\/wp\/v2\/types\/post"}],"author":[{"embeddable":true,"href":"https:\/\/arantv.az\/index.php?rest_route=\/wp\/v2\/users\/2"}],"replies":[{"embeddable":true,"href":"https:\/\/arantv.az\/index.php?rest_route=%2Fwp%2Fv2%2Fcomments&post=681047"}],"version-history":[{"count":0,"href":"https:\/\/arantv.az\/index.php?rest_route=\/wp\/v2\/posts\/681047\/revisions"}],"wp:featuredmedia":[{"embeddable":true,"href":"https:\/\/arantv.az\/index.php?rest_route=\/wp\/v2\/media\/681051"}],"wp:attachment":[{"href":"https:\/\/arantv.az\/index.php?rest_route=%2Fwp%2Fv2%2Fmedia&parent=681047"}],"wp:term":[{"taxonomy":"category","embeddable":true,"href":"https:\/\/arantv.az\/index.php?rest_route=%2Fwp%2Fv2%2Fcategories&post=681047"},{"taxonomy":"post_tag","embeddable":true,"href":"https:\/\/arantv.az\/index.php?rest_route=%2Fwp%2Fv2%2Ftags&post=681047"}],"curies":[{"name":"wp","href":"https:\/\/api.w.org\/{rel}","templated":true}]}}