{"id":681050,"date":"2024-01-18T13:18:29","date_gmt":"2024-01-18T09:18:29","guid":{"rendered":"https:\/\/arantv.az\/?p=681050"},"modified":"2024-01-18T13:18:29","modified_gmt":"2024-01-18T09:18:29","slug":"az%c9%99rbaycandaki-dini-konfessiyalar-secicil%c9%99ri-ilham-%c9%99liyev%c9%99-s%c9%99s-verm%c9%99y%c9%99-cagiriblar","status":"publish","type":"post","link":"https:\/\/arantv.az\/?p=681050","title":{"rendered":"Az\u0259rbaycandak\u0131 dini konfessiyalar se\u00e7icil\u0259ri \u0130lham \u018fliyev\u0259 s\u0259s verm\u0259y\u0259 \u00e7a\u011f\u0131r\u0131blar"},"content":{"rendered":"<p><strong>Az\u0259rbaycandak\u0131 dini konfessiyalar fevral\u0131n 7-d\u0259 ke\u00e7iril\u0259c\u0259k n\u00f6vb\u0259d\u0259nk\u0259nar prezident se\u00e7kil\u0259ri il\u0259 ba\u011fl\u0131 m\u00fcraci\u0259t yayaraq se\u00e7icil\u0259ri \u0130lham \u018fliyev\u0259 s\u0259s verm\u0259y\u0259 \u00e7a\u011f\u0131r\u0131blar<\/strong><\/p>\n<p><strong>ARANTV.AZ\u00a0 <\/strong>m\u00fcraci\u0259ti t\u0259qdim edir:<\/p>\n<p>&#8220;Uca Yaradan\u0131n ad\u0131 il\u0259!<\/p>\n<p>Biz, milli m\u0259nsubiyy\u0259tind\u0259n as\u0131l\u0131 olmayaraq Az\u0259rbaycan dindarlar\u0131 \u2013 m\u00fcs\u0259lman, xristian v\u0259 y\u0259hudi dini icma n\u00fcmay\u0259nd\u0259l\u0259ri, \u00f6lk\u0259mizin ictimai-siyasi h\u0259yat\u0131nda m\u00fch\u00fcm hadis\u0259 \u2013 Prezident se\u00e7kil\u0259ri il\u0259 \u0259laq\u0259dar bir araya g\u0259l\u0259r\u0259, a\u015fa\u011f\u0131dak\u0131lar\u0131 b\u0259yan etm\u0259yi \u00f6z v\u0259t\u0259nda\u015f borcumuz hesab edirik.<\/p>\n<p>Az\u0259rbaycan m\u00fch\u00fcm siyasi hadis\u0259 \u0259r\u0259f\u0259sind\u0259dir. V\u0259t\u0259n m\u00fcharib\u0259sind\u0259 tarixi \u0259dal\u0259ti v\u0259 \u0259razi b\u00fct\u00f6vl\u00fcy\u00fcn\u00fc, Xank\u0259ndi z\u0259f\u0259ri il\u0259 suverenliyini tam b\u0259rpa etmi\u015f Az\u0259rbaycan xalq\u0131 yeni siyasi reall\u0131qlar m\u00fcst\u0259visind\u0259 7 fevral 2024-c\u00fc ild\u0259 n\u00f6vb\u0259d\u0259nk\u0259nar prezident se\u00e7kil\u0259rin\u0259 haz\u0131rla\u015f\u0131r. Bu se\u00e7kil\u0259r m\u00fcst\u0259qillik tariximizd\u0259 b\u00fct\u00fcn Az\u0259rbaycan Respublikas\u0131 \u0259razisind\u0259 h\u0259yata ke\u00e7iril\u0259c\u0259k ilk se\u00e7ki olaraq x\u00fcsusi \u00f6n\u0259m, tarixi d\u0259y\u0259r k\u0259sb edir. Xalq\u0131m\u0131za ham\u0131l\u0131qla n\u00f6vb\u0259ti se\u00e7kil\u0259r\u0259 qat\u0131lmaq v\u0259 m\u00fcst\u0259qil irad\u0259 ortaya qoymaq f\u00fcrs\u0259ti verilmi\u015fdir.<\/p>\n<p>Ulu \u00d6nd\u0259rin v\u0259siyy\u0259tl\u0259rini, Az\u0259rbaycan xalq\u0131na verdiyi v\u0259dl\u0259ri \u0259sl \u00f6vlad qeyr\u0259tiyl\u0259 yerin\u0259 yetir\u0259n m\u00f6ht\u0259r\u0259m Prezidentimiz \u0130lham \u018fliyevin xalq\u0131m\u0131za b\u0259x\u015f etdiyi tarixi z\u0259f\u0259rl\u0259r\u0259 g\u00f6r\u0259 h\u0259r bir az\u0259rbaycanl\u0131n\u0131n q\u0259lbind\u0259 \u00f6z\u0259l yeri vard\u0131r. H\u0259qiq\u0259t\u0259n, V\u0259t\u0259ni ucaldanlar\u0131n, tarix yaradanlar\u0131n, xilaskarl\u0131q missiyas\u0131n\u0131 \u015f\u0259r\u0259fl\u0259 yerin\u0259 yetir\u0259n liderl\u0259rin m\u0259qam\u0131 mill\u0259tin q\u0259lbidir. Az\u0259rbaycan\u0131n \u0259n yeni tarixinin memar\u0131, qalib s\u0259rk\u0259rd\u0259, \u00f6lk\u0259mizi uzun s\u00fcr\u0259n i\u015f\u011fal v\u0259 separatizm b\u0259las\u0131ndan xilas ed\u0259n m\u00fcz\u0259ff\u0259r Ali Ba\u015f Komandan\u0131m\u0131z h\u0259r bir az\u0259rbaycanl\u0131n\u0131n sonsuz m\u0259h\u0259bb\u0259t, d\u0259rin etimad v\u0259 minn\u0259tdarl\u0131q borcunu haqq etmi\u015fdir. Xalq\u0131m\u0131z Uca Allah\u0131n k\u00f6m\u0259yi il\u0259 Prezident \u0130lham \u018fliyevin \u201cQaraba\u011f Az\u0259rbaycand\u0131r!\u201d \u015f\u00fcar\u0131 \u0259traf\u0131nda s\u0131x birl\u0259\u015f\u0259r\u0259k Ali Ba\u015f Komandan\u0131n \u0259zmi v\u0259 irad\u0259si, \u015fanl\u0131 ordumuzun r\u0259\u015fad\u0259ti il\u0259 m\u0259krli d\u00fc\u015fm\u0259n\u0259 diz \u00e7\u00f6kd\u00fcrm\u00fc\u015fd\u00fcr. M\u00fcbar\u0259k \u00fc\u00e7 r\u0259ngli bayra\u011f\u0131m\u0131z\u0131 Qaraba\u011fda v\u0259 i\u015f\u011faldan azad edilmi\u015f b\u00fct\u00fcn \u0259razil\u0259rimizd\u0259 y\u00fcks\u0259ld\u0259n bel\u0259 bir milli r\u0259hb\u0259r v\u0259 d\u00f6vl\u0259t ba\u015f\u00e7\u0131s\u0131 Ulu Tanr\u0131n\u0131n bizl\u0259r\u0259 \u0259v\u0259zsiz L\u00fctf\u00fcd\u00fcr. \u0130lham \u018fliyev Qaraba\u011f\u0131n xilaskar\u0131 olaraq \u00f6z ad\u0131n\u0131 Az\u0259rbaycan tarixin\u0259 \u0259b\u0259di h\u0259kk etmi\u015fdir.<\/p>\n<p>Bu g\u00fcn q\u00fcrur \u00fcnvan\u0131m\u0131z \u015eu\u015fan\u0131n, \u015f\u0259r\u0259f m\u0259kan\u0131m\u0131z Xank\u0259ndinin azad edilm\u0259sin\u0259, nisgilli Xocal\u0131n\u0131n V\u0259t\u0259n\u0259 qovu\u015fmas\u0131na g\u00f6r\u0259 h\u0259r bir az\u0259rbaycanl\u0131n\u0131n q\u0259lbind\u0259 \u00f6z\u0259l bir iftixar v\u0259 minn\u0259tdarl\u0131q borcu vard\u0131r. M\u00fcbali\u011f\u0259siz dem\u0259k olar ki, Az\u0259rbaycan xalq\u0131 onillikl\u0259r \u0259rzind\u0259 h\u0259sr\u0259tind\u0259 oldu\u011fu arzular\u0131na \u00e7atm\u0131\u015f, mill\u0259t v\u0259 d\u00f6vl\u0259t olaraq beyn\u0259lxalq m\u00fcst\u0259vid\u0259 \u0259dal\u0259ti b\u0259rpa etm\u0259k q\u00fcdr\u0259tind\u0259 oldu\u011funu s\u00fcbut etmi\u015fdir. Haz\u0131rda i\u015f\u011faldan azad edilmi\u015f torpaqlar\u0131m\u0131zda B\u00f6y\u00fck Qay\u0131d\u0131\u015f Proqram\u0131 \u00e7\u0259r\u00e7iv\u0259sind\u0259 n\u0259h\u0259ng quruculuq i\u015fl\u0259ri apar\u0131laraq h\u0259yat yenid\u0259n dir\u00e7\u0259ldilir v\u0259 erm\u0259ni vandalizminin a\u011f\u0131r n\u0259tic\u0259l\u0259ri aradan qald\u0131r\u0131l\u0131r.<\/p>\n<p>2003-2023-c\u00fc ill\u0259r \u0259rzind\u0259 Az\u0259rbaycanda y\u00fczl\u0259rl\u0259 tarixi m\u0259scid v\u0259 ziyar\u0259tgahlar, el\u0259c\u0259 d\u0259 kils\u0259 v\u0259 sinaqoqlar t\u0259mir olunmu\u015f, yenil\u0259ri in\u015fa edilmi\u015fdir. Bu sah\u0259d\u0259 \u00f6lk\u0259nin Birinci vitse-prezidenti Mehriban xan\u0131m \u018fliyevan\u0131n r\u0259hb\u0259rlik etdiyi Heyd\u0259r \u018fliyev Fondunun f\u0259aliyy\u0259ti x\u00fcsusi qeyd olunmal\u0131d\u0131r. Fondun h\u0259yata ke\u00e7irdiyi \u201cTolerantl\u0131q \u00fcnvan\u0131 \u2013 Az\u0259rbaycan\u201d layih\u0259si \u00e7\u0259r\u00e7iv\u0259sind\u0259 \u00f6lk\u0259mizin b\u00f6lg\u0259l\u0259rind\u0259, o c\u00fcml\u0259d\u0259n xaricd\u0259 m\u00fcxt\u0259lif dinl\u0259r\u0259 m\u0259nsub onlarla tarixi-dini abid\u0259 b\u0259rpa olunmu\u015f v\u0259 yenid\u0259n qurulmu\u015fdur.<\/p>\n<p>Prezident \u0130lham \u018fliyevin tap\u015f\u0131r\u0131\u011f\u0131 \u0259sas\u0131nda Bak\u0131da tikil\u0259n \u201cHeyd\u0259r\u201d m\u0259scidi, yenid\u0259n qurulmu\u015f \u201cBibiheyb\u0259t\u201d v\u0259 G\u0259nc\u0259 \u015f\u0259h\u0259ri \u201c\u0130mamzad\u0259\u201d m\u0259scid-ziyar\u0259tgah kompleksl\u0259ri, el\u0259c\u0259 d\u0259 \u201cT\u0259z\u0259pir\u201d, \u201c\u018fjd\u0259rb\u0259y\u201d, \u015eamax\u0131 \u201cC\u00fcm\u0259\u201d, \u015eu\u015fa \u015f\u0259h\u0259ri \u201cYuxar\u0131 G\u00f6vh\u0259r a\u011fa\u201d m\u0259scidl\u0259ri v\u0259 s. bu g\u00fcn \u0130slam m\u0259d\u0259niyy\u0259tinin incil\u0259ri s\u0131ras\u0131ndad\u0131r. Haz\u0131rda i\u015f\u011faldan azad olunmu\u015f \u015f\u0259h\u0259r v\u0259 k\u0259ndl\u0259rimizd\u0259 tarixi m\u0259scidl\u0259rin b\u0259rpas\u0131, el\u0259c\u0259 d\u0259 yeni ibad\u0259t ocaqlar\u0131n\u0131n tikintisi davam etdirilir.<\/p>\n<p>\u00d6lk\u0259d\u0259 f\u0259aliyy\u0259t g\u00f6st\u0259r\u0259n b\u00fct\u00fcn dini konfessiya v\u0259 icmalara d\u00f6vl\u0259t b\u00fcdc\u0259sind\u0259n h\u0259r il milyonlarla manat d\u0259y\u0259rind\u0259 maddi v\u0259sait ayr\u0131l\u0131r, din xadiml\u0259rinin maddi t\u0259minat\u0131n\u0131n yax\u015f\u0131la\u015fd\u0131r\u0131lmas\u0131 \u00fc\u00e7\u00fcn yard\u0131mlar edilir.<\/p>\n<p>Prezident \u0130lham \u018fliyevin dini came\u0259 il\u0259 m\u00fct\u0259madi g\u00f6r\u00fc\u015fl\u0259ri, ibad\u0259t yerl\u0259rinin a\u00e7\u0131l\u0131\u015f\u0131nda \u015f\u0259xs\u0259n i\u015ftirak\u0131, \u0259lam\u0259tdar bayramlar m\u00fcnasib\u0259ti il\u0259 dini icmalara r\u0259smi t\u0259brik m\u0259ktublar\u0131 \u00fcnvanlamas\u0131, tan\u0131nm\u0131\u015f din xadiml\u0259rinin y\u00fcks\u0259k d\u00f6vl\u0259t m\u00fckafatlar\u0131na layiq g\u00f6r\u00fclm\u0259si \u00f6lk\u0259 ba\u015f\u00e7\u0131s\u0131n\u0131n c\u0259miyy\u0259td\u0259 dinin roluna, sa\u011flam m\u0259n\u0259vi-\u0259xlaqi d\u0259y\u0259rl\u0259rin t\u0259bli\u011fin\u0259 v\u0259 t\u0259\u015fviqin\u0259 x\u00fcsusi diqq\u0259t v\u0259 qay\u011f\u0131s\u0131n\u0131n bariz n\u00fcmun\u0259sidir.<\/p>\n<p>Az\u0259rbaycan d\u00fcnyada tolerantl\u0131\u011f\u0131n v\u0259 multikultural d\u0259y\u0259rl\u0259rin, etnik-m\u0259d\u0259ni m\u00fcxt\u0259lifliyin qorunub saxlan\u0131ld\u0131\u011f\u0131 v\u0259 t\u0259\u015fviq edildiyi azsayl\u0131 \u00f6lk\u0259l\u0259rd\u0259ndir. Bu g\u00fcn Az\u0259rbaycan m\u0259d\u0259niyy\u0259tl\u0259raras\u0131 v\u0259 dinl\u0259raras\u0131 dialoqun inki\u015faf\u0131na ciddi t\u00f6hf\u0259l\u0259r ver\u0259n beyn\u0259lxalq platformalar\u0131n realla\u015fmas\u0131nda, m\u00f6t\u0259b\u0259r forumlar\u0131n ke\u00e7irilm\u0259si sah\u0259sind\u0259 z\u0259ngin t\u0259cr\u00fcb\u0259y\u0259 malikdir.<\/p>\n<p>Prezident \u0130lham \u018fliyevin birba\u015fa t\u0259\u015f\u0259bb\u00fcs\u00fc v\u0259 d\u0259st\u0259yi il\u0259 m\u0259d\u0259niyy\u0259tl\u0259ras\u0131 dialoqla ba\u011fl\u0131 2008-ci ild\u0259 Avropa v\u0259 dig\u0259r region \u00f6lk\u0259l\u0259rinin, n\u00fcfuzlu beyn\u0259lxalq t\u0259\u015fkilatlar\u0131n i\u015ftirak\u0131 il\u0259 Bak\u0131da ke\u00e7iril\u0259n m\u00f6t\u0259b\u0259r t\u0259dbird\u0259 &#8220;M\u0259d\u0259niyy\u0259tl\u0259raras\u0131 dialoqun t\u0259\u015fviqin\u0259 dair &#8220;Bak\u0131 B\u0259yannam\u0259si&#8221; q\u0259bul edilmi\u015f v\u0259 bununla da \u201cBak\u0131 Prosesi\u201d adl\u0131 platforman\u0131n \u0259sas\u0131 qoyulmu\u015fdur. 2011-ci ild\u0259n etibar\u0259n Az\u0259rbaycan \u00dcmumd\u00fcnya M\u0259d\u0259niyy\u0259tl\u0259raras\u0131 Dialoq Forumu, Bak\u0131 Beyn\u0259lxalq Humanitar Forumu, Bak\u0131 Qlobal Forumu, BMT-nin Sivilizasiyalar Alyans\u0131n\u0131n VII Qlobal Forumu, D\u00fcnya dini liderl\u0259rinin I v\u0259 II Sammiti kimi silsil\u0259 beyn\u0259lxalq t\u0259dbirl\u0259r\u0259 ev sahibliyi etmi\u015fdir.<\/p>\n<p>\u00d6lk\u0259miz \u0130slam \u018fm\u0259kda\u015fl\u0131q T\u0259\u015fkilat\u0131nda, 120 \u00f6lk\u0259nin t\u0259msil olundu\u011fu Qo\u015fulmama H\u0259r\u0259kat\u0131nda u\u011furla f\u0259aliyy\u0259t g\u00f6st\u0259rm\u0259kd\u0259dir. 2024-c\u00fc ild\u0259 BMT-nin iqlim d\u0259yi\u015fiklikl\u0259ri problemin\u0259 dair COP 29 kimi n\u00fcfuzlu beyn\u0259lxalq t\u0259dbirin Az\u0259rbaycanda ke\u00e7irilm\u0259si q\u0259rar\u0131 d\u00f6vl\u0259timizin n\u00f6vb\u0259ti b\u00f6y\u00fck u\u011furudur.<\/p>\n<p>B\u00fct\u00fcn bunlar Az\u0259rbaycanda d\u00f6vl\u0259t-din m\u00fcnasib\u0259tl\u0259ri, sivilizasiyalararas\u0131 v\u0259 m\u0259d\u0259niyy\u0259tl\u0259raras\u0131 dialoq sah\u0259sind\u0259 h\u0259yata ke\u00e7iril\u0259n ard\u0131c\u0131l siyas\u0259t\u0259 y\u00fcks\u0259k etimad\u0131n v\u0259 Prezident \u0130lham \u018fliyevin \u015f\u0259ksiz beyn\u0259lxalq n\u00fcfuzunun g\u00f6st\u0259ricisidir.<\/p>\n<p>D\u00f6vl\u0259t ba\u015f\u00e7\u0131s\u0131n\u0131n t\u0259\u015f\u0259bb\u00fcs\u00fc il\u0259 2016-c\u0131 ild\u0259 Az\u0259rbaycanda \u201cMultikulturalizm ili\u201dnin, 2017-ci ild\u0259 \u201c\u0130slam h\u0259mr\u0259yliyi ili\u201dnin elan edilm\u0259si, h\u0259min il Bak\u0131 \u015f\u0259h\u0259rind\u0259 IV \u0130slam H\u0259mr\u0259yliyi Oyunlar\u0131n\u0131n t\u0259\u015fkil olunmas\u0131 \u00f6lk\u0259mizin \u0130slam birliyin\u0259 v\u0259 h\u0259mr\u0259yliyin\u0259, el\u0259c\u0259 d\u0259 c\u0259miyy\u0259td\u0259 tolerantl\u0131\u011f\u0131n v\u0259 multikultural d\u0259y\u0259rl\u0259rin t\u0259bli\u011fi v\u0259 t\u0259\u015fviqin\u0259 verdiyi d\u0259y\u0259rli t\u00f6hf\u0259l\u0259rdir.<\/p>\n<p>2009-cu ild\u0259 Bak\u0131, 2018-ci ild\u0259 Nax\u00e7\u0131van v\u0259 2024-c\u00fc ild\u0259 \u015eu\u015fa \u015f\u0259h\u0259rl\u0259rinin \u201c\u0130slam m\u0259d\u0259niyy\u0259tinin paytaxt\u0131\u201d elan olunmas\u0131 \u00f6lk\u0259mizin \u0130slam al\u0259mind\u0259 qazand\u0131\u011f\u0131 n\u00fcfuzu g\u00f6st\u0259rir.<\/p>\n<p>Dilind\u0259n v\u0259 dinind\u0259n as\u0131l\u0131 olmayaraq, \u00f6lk\u0259mizin b\u00fct\u00fcn v\u0259t\u0259nda\u015flar\u0131 d\u00f6vl\u0259tin diqq\u0259t v\u0259 qay\u011f\u0131s\u0131n\u0131 eyni d\u0259r\u0259c\u0259d\u0259 hiss edirl\u0259r. Biz dindarlar f\u0259xr edirik ki, art\u0131q azad Qaraba\u011fda m\u0259scidl\u0259rin minar\u0259l\u0259rind\u0259n azan s\u0259sl\u0259ri ucal\u0131r, m\u00fcq\u0259dd\u0259s m\u0259kanlar\u0131m\u0131z v\u0259 dig\u0259r dinl\u0259r\u0259 m\u0259xsus m\u0259b\u0259dl\u0259rimiz \u0259sar\u0259td\u0259n qurtulmu\u015fdur. M\u00fcdrik d\u00f6vl\u0259t r\u0259hb\u0259rimiz \u0130lham \u018fliyev c\u0259nablar\u0131n\u0131n v\u0259 \u00f6lk\u0259mizin Birinci vitse-prezidenti Mehriban xan\u0131m \u018fliyevan\u0131n milli-m\u0259n\u0259vi d\u0259y\u0259rl\u0259r\u0259 \u015f\u0259xsi diqq\u0259t v\u0259 qay\u011f\u0131s\u0131 q\u0259lbimizi iftixarla doldurur. Az\u0259rbaycanda ya\u015fayan b\u00fct\u00fcn xalqlar\u0131n v\u0259 dinl\u0259rin n\u00fcmay\u0259nd\u0259l\u0259ri inan\u0131rlar ki, Prezident \u0130lham \u018fliyevin r\u0259hb\u0259rliyi il\u0259 d\u00f6vl\u0259timiz bundan sonra da t\u0259r\u0259qqi v\u0259 inki\u015faf yolu il\u0259 ir\u0259lil\u0259y\u0259c\u0259k, h\u0259r zaman yeni u\u011furlara imza atacaqd\u0131r.<\/p>\n<p>S\u0259mavi dinl\u0259r insan\u0131n azad se\u00e7im h\u00fcququnu t\u0259sbit edir, r\u0259hb\u0259r, \u00f6nd\u0259r, ixtiyar sahibinin se\u00e7imin\u0259 b\u00f6y\u00fck \u0259h\u0259miyy\u0259t verir. Uca Yaradan\u0131n Z\u0259bur, T\u00f6vrat, \u0130ncil, Quran kitablar\u0131nda t\u0259lqin olunan d\u0259y\u0259rl\u0259rl\u0259 d\u00fcny\u0259vi h\u0259yat\u0131m\u0131za n\u0259z\u0259r salsaq, g\u00f6r\u0259rik ki, ya\u015fad\u0131\u011f\u0131 c\u0259miyy\u0259tin inki\u015faf v\u0259 t\u0259r\u0259qqisini ist\u0259y\u0259n h\u0259r bir insan haqq\u0131 nahaqdan se\u00e7m\u0259yi bacarmal\u0131, h\u0259mi\u015f\u0259 Haqq\u0131n v\u0259 \u018fdal\u0259tin yan\u0131nda olmal\u0131d\u0131r. M\u00fcq\u0259dd\u0259s kitablar\u0131m\u0131zda Ulu Tanr\u0131 biz\u0259 \u0259ta etdiyi \u0259man\u0259tl\u0259ri haqq sahibl\u0259rin\u0259, layiq olanlara verm\u0259yi \u0259mr edir. Din d\u00fcny\u0259vi d\u00f6vl\u0259td\u0259 siyas\u0259td\u0259n ayr\u0131 olsa da, dindar \u015f\u0259xs \u00f6lk\u0259sinin v\u0259t\u0259nda\u015f\u0131 kimi taley\u00fckl\u00fc m\u0259s\u0259l\u0259l\u0259rd\u0259 yax\u0131ndan i\u015ftirak etm\u0259li, \u0259sl v\u0259t\u0259nda\u015f f\u0259all\u0131\u011f\u0131 g\u00f6st\u0259rm\u0259li, d\u00fczg\u00fcn se\u00e7im ed\u0259r\u0259k \u00f6z s\u0259sini \u0259n layiqli namiz\u0259d\u0259 verm\u0259lidir.<\/p>\n<p>\u00d6lk\u0259mizin \u0259razi b\u00fct\u00f6vl\u00fcy\u00fcn\u00fc b\u0259rpa ed\u0259n, Qaraba\u011f problemin\u0259 son qoyan, milli d\u0259y\u0259rl\u0259rimiz\u0259 v\u0259 m\u0259n\u0259vi irsimiz\u0259 sahib \u00e7\u0131xan, Birinci v\u0259 \u0130kinci Qaraba\u011f m\u00fcharib\u0259l\u0259rinin, 20 Yanvar v\u0259 Xocal\u0131 \u015f\u0259hidl\u0259rinin qan\u0131n\u0131 yerd\u0259 qoymayan, d\u00fc\u015fm\u0259n \u00fcz\u0259rind\u0259 m\u00f6ht\u0259\u015f\u0259m tarixi Z\u0259f\u0259rl\u0259 onlar\u0131n m\u00fcq\u0259dd\u0259s ruhlar\u0131n\u0131 sevindir\u0259n d\u0259mir yumruqlu qalib s\u0259rk\u0259rd\u0259, m\u00fcdrik d\u00f6vl\u0259t r\u0259hb\u0259ri \u0130lham \u018fliyevin V\u0259t\u0259n v\u0259 xalq qar\u015f\u0131s\u0131nda misilsiz xidm\u0259tl\u0259ri g\u00f6z \u00f6n\u00fcnd\u0259dir. H\u0259r birinizi Az\u0259rbaycan\u0131m\u0131z v\u0259 xalq\u0131m\u0131z \u00fc\u00e7\u00fcn \u00f6n\u0259mli mahiyy\u0259t da\u015f\u0131yan n\u00f6vb\u0259d\u0259nk\u0259nar prezident se\u00e7kil\u0259rind\u0259 f\u0259al i\u015ftiraka v\u0259 g\u0259l\u0259c\u0259yimiz namin\u0259 do\u011fru se\u00e7im etm\u0259y\u0259, \u0259n layiqli namiz\u0259d \u2013 d\u00f6vl\u0259t ba\u015f\u00e7\u0131m\u0131z \u0130lham \u018fliyev c\u0259nablar\u0131na s\u0259s verm\u0259y\u0259 \u00e7a\u011f\u0131r\u0131r\u0131q.<\/p>\n<p>Uca Yaradan\u0131n L\u00fctf v\u0259 M\u0259rh\u0259m\u0259ti h\u0259r zaman Az\u0259rbaycan xalq\u0131 v\u0259 d\u00f6vl\u0259ti \u00fcz\u0259rind\u0259 b\u0259rq\u0259rar olsun! AM\u0130N!&#8221;<\/p>\n","protected":false},"excerpt":{"rendered":"<p>Az\u0259rbaycandak\u0131 dini konfessiyalar fevral\u0131n 7-d\u0259 ke\u00e7iril\u0259c\u0259k n\u00f6vb\u0259d\u0259nk\u0259nar prezident se\u00e7kil\u0259ri il\u0259 ba\u011fl\u0131 m\u00fcraci\u0259t yayaraq se\u00e7icil\u0259ri \u0130lham \u018fliyev\u0259 s\u0259s verm\u0259y\u0259 \u00e7a\u011f\u0131r\u0131blar ARANTV.AZ\u00a0 m\u00fcraci\u0259ti t\u0259qdim edir: &#8220;Uca Yaradan\u0131n ad\u0131 il\u0259! Biz, milli m\u0259nsubiyy\u0259tind\u0259n as\u0131l\u0131 olmayaraq Az\u0259rbaycan dindarlar\u0131 \u2013 m\u00fcs\u0259lman, xristian v\u0259 y\u0259hudi dini icma n\u00fcmay\u0259nd\u0259l\u0259ri, \u00f6lk\u0259mizin ictimai-siyasi h\u0259yat\u0131nda m\u00fch\u00fcm hadis\u0259 \u2013 Prezident se\u00e7kil\u0259ri il\u0259 \u0259laq\u0259dar bir araya g\u0259l\u0259r\u0259, a\u015fa\u011f\u0131dak\u0131lar\u0131 b\u0259yan etm\u0259yi \u00f6z v\u0259t\u0259nda\u015f borcumuz hesab edirik. Az\u0259rbaycan m\u00fch\u00fcm siyasi hadis\u0259 \u0259r\u0259f\u0259sind\u0259dir. V\u0259t\u0259n m\u00fcharib\u0259sind\u0259 tarixi \u0259dal\u0259ti v\u0259 \u0259razi b\u00fct\u00f6vl\u00fcy\u00fcn\u00fc, Xank\u0259ndi z\u0259f\u0259ri il\u0259 suverenliyini tam b\u0259rpa etmi\u015f Az\u0259rbaycan xalq\u0131 yeni siyasi reall\u0131qlar m\u00fcst\u0259visind\u0259 7 fevral&hellip;<\/p>\n","protected":false},"author":2,"featured_media":681054,"comment_status":"closed","ping_status":"closed","sticky":false,"template":"","format":"standard","meta":{"om_disable_all_campaigns":false,"_monsterinsights_skip_tracking":false,"_monsterinsights_sitenote_active":false,"_monsterinsights_sitenote_note":"","_monsterinsights_sitenote_category":0},"categories":[4],"tags":[],"aioseo_notices":[],"gutentor_comment":0,"rttpg_featured_image_url":{"full":["https:\/\/arantv.az\/wp-content\/uploads\/2024\/01\/b13fea2b46d9a9ef643042bb5ad88fb0.jpg",850,500,false],"landscape":["https:\/\/arantv.az\/wp-content\/uploads\/2024\/01\/b13fea2b46d9a9ef643042bb5ad88fb0.jpg",850,500,false],"portraits":["https:\/\/arantv.az\/wp-content\/uploads\/2024\/01\/b13fea2b46d9a9ef643042bb5ad88fb0.jpg",850,500,false],"thumbnail":["https:\/\/arantv.az\/wp-content\/uploads\/2024\/01\/b13fea2b46d9a9ef643042bb5ad88fb0-500x280.jpg",500,280,true],"medium":["https:\/\/arantv.az\/wp-content\/uploads\/2024\/01\/b13fea2b46d9a9ef643042bb5ad88fb0-621x365.jpg",621,365,true],"large":["https:\/\/arantv.az\/wp-content\/uploads\/2024\/01\/b13fea2b46d9a9ef643042bb5ad88fb0-840x494.jpg",640,376,true],"1536x1536":["https:\/\/arantv.az\/wp-content\/uploads\/2024\/01\/b13fea2b46d9a9ef643042bb5ad88fb0.jpg",850,500,false],"2048x2048":["https:\/\/arantv.az\/wp-content\/uploads\/2024\/01\/b13fea2b46d9a9ef643042bb5ad88fb0.jpg",850,500,false],"post-thumbnail":["https:\/\/arantv.az\/wp-content\/uploads\/2024\/01\/b13fea2b46d9a9ef643042bb5ad88fb0-240x172.jpg",240,172,true],"advps-thumb-one":["https:\/\/arantv.az\/wp-content\/uploads\/2024\/01\/b13fea2b46d9a9ef643042bb5ad88fb0.jpg",850,500,false]},"rttpg_author":{"display_name":"V\u00fcsal Rafiqo\u011flu","author_link":"https:\/\/arantv.az\/?author=2"},"rttpg_comment":0,"rttpg_category":"<a href=\"https:\/\/arantv.az\/?cat=4\" rel=\"category\">Siyas\u0259t<\/a>","rttpg_excerpt":"Az\u0259rbaycandak\u0131 dini konfessiyalar fevral\u0131n 7-d\u0259 ke\u00e7iril\u0259c\u0259k n\u00f6vb\u0259d\u0259nk\u0259nar prezident se\u00e7kil\u0259ri il\u0259 ba\u011fl\u0131 m\u00fcraci\u0259t yayaraq se\u00e7icil\u0259ri \u0130lham \u018fliyev\u0259 s\u0259s verm\u0259y\u0259 \u00e7a\u011f\u0131r\u0131blar ARANTV.AZ\u00a0 m\u00fcraci\u0259ti t\u0259qdim edir: &#8220;Uca Yaradan\u0131n ad\u0131 il\u0259! Biz, milli m\u0259nsubiyy\u0259tind\u0259n as\u0131l\u0131 olmayaraq Az\u0259rbaycan dindarlar\u0131 \u2013 m\u00fcs\u0259lman, xristian v\u0259 y\u0259hudi dini icma n\u00fcmay\u0259nd\u0259l\u0259ri, \u00f6lk\u0259mizin ictimai-siyasi h\u0259yat\u0131nda m\u00fch\u00fcm hadis\u0259 \u2013 Prezident se\u00e7kil\u0259ri il\u0259 \u0259laq\u0259dar bir araya g\u0259l\u0259r\u0259,&hellip;","_links":{"self":[{"href":"https:\/\/arantv.az\/index.php?rest_route=\/wp\/v2\/posts\/681050"}],"collection":[{"href":"https:\/\/arantv.az\/index.php?rest_route=\/wp\/v2\/posts"}],"about":[{"href":"https:\/\/arantv.az\/index.php?rest_route=\/wp\/v2\/types\/post"}],"author":[{"embeddable":true,"href":"https:\/\/arantv.az\/index.php?rest_route=\/wp\/v2\/users\/2"}],"replies":[{"embeddable":true,"href":"https:\/\/arantv.az\/index.php?rest_route=%2Fwp%2Fv2%2Fcomments&post=681050"}],"version-history":[{"count":0,"href":"https:\/\/arantv.az\/index.php?rest_route=\/wp\/v2\/posts\/681050\/revisions"}],"wp:featuredmedia":[{"embeddable":true,"href":"https:\/\/arantv.az\/index.php?rest_route=\/wp\/v2\/media\/681054"}],"wp:attachment":[{"href":"https:\/\/arantv.az\/index.php?rest_route=%2Fwp%2Fv2%2Fmedia&parent=681050"}],"wp:term":[{"taxonomy":"category","embeddable":true,"href":"https:\/\/arantv.az\/index.php?rest_route=%2Fwp%2Fv2%2Fcategories&post=681050"},{"taxonomy":"post_tag","embeddable":true,"href":"https:\/\/arantv.az\/index.php?rest_route=%2Fwp%2Fv2%2Ftags&post=681050"}],"curies":[{"name":"wp","href":"https:\/\/api.w.org\/{rel}","templated":true}]}}