{"id":681078,"date":"2024-01-18T14:47:02","date_gmt":"2024-01-18T10:47:02","guid":{"rendered":"https:\/\/arantv.az\/?p=681078"},"modified":"2024-01-18T14:47:02","modified_gmt":"2024-01-18T10:47:02","slug":"lavrov-erm%c9%99nistani-az%c9%99rbaycanla-normallasma-istiqam%c9%99tind%c9%99-ir%c9%99lil%c9%99yis-%c9%99ld%c9%99-etm%c9%99m%c9%99kd%c9%99-ittiham-edib","status":"publish","type":"post","link":"https:\/\/arantv.az\/?p=681078","title":{"rendered":"Lavrov Erm\u0259nistan\u0131 Az\u0259rbaycanla normalla\u015fma istiqam\u0259tind\u0259 ir\u0259lil\u0259yi\u015f \u0259ld\u0259 etm\u0259m\u0259kd\u0259 ittiham edib"},"content":{"rendered":"<p>\u201cErm\u0259nistanla Az\u0259rbaycan aras\u0131nda normalla\u015fma istiqam\u0259tind\u0259 ir\u0259lil\u0259yi\u015fin olmamas\u0131 Q\u0259rbin m\u0259sl\u0259h\u0259ti il\u0259 oturub-duran \u0130r\u0259van\u0131n m\u00f6vqeyind\u0259n qaynaqlan\u0131r\u201d.<\/p>\n<p>Bunu Rusiya Xarici \u0130\u015fl\u0259r Nazirliyinin r\u0259hb\u0259ri Sergey Lavrov 2023-c\u00fc ild\u0259 Rusiya diplomatiyas\u0131n\u0131n yekunlar\u0131na h\u0259sr olunmu\u015f m\u0259tbuat konfrans\u0131nda deyib.<\/p>\n<p>\u201c\u0130r\u0259van\u0131n kimd\u0259n m\u0259sl\u0259h\u0259t ald\u0131\u011f\u0131n\u0131 bilmir\u0259m, amma Rusiya-Erm\u0259nistan-Az\u0259rbaycan \u0259m\u0259kda\u015fl\u0131\u011f\u0131n\u0131n mar\u015frutlar\u0131n a\u00e7\u0131lmas\u0131, s\u0259rh\u0259dl\u0259rin delimitasiyas\u0131, s\u00fclh m\u00fcqavil\u0259sinin haz\u0131rlanmas\u0131 il\u0259 n\u0259tic\u0259l\u0259n\u0259c\u0259yini anlayan kimi Avropa \u0130ttifaq\u0131, Fransa, Almaniya v\u0259 AB\u015e-nin d\u0259rhal bu prosesl\u0259r\u0259 d\u0259v\u0259tsiz s\u0131zma\u011fa ba\u015flad\u0131qlar\u0131n\u0131 g\u00f6rd\u00fck\u201d, &#8211; dey\u0259 Lavrov bildirib.<\/p>\n<p>\u201cAz\u0259rbaycan Rusiya platformas\u0131nda s\u00fclh m\u00fcqavil\u0259si imzalama\u011fa haz\u0131rd\u0131r \u2013 bu, faktd\u0131r. \u0130r\u0259van\u0131n buna n\u0259 d\u0259r\u0259c\u0259d\u0259 haz\u0131r oldu\u011fu h\u0259l\u0259 m\u0259lum deyil\u201d, &#8211; nazir \u0259lav\u0259 edib.<\/p>\n<p>M\u0259nb\u0259: TASS<\/p>\n","protected":false},"excerpt":{"rendered":"<p>\u201cErm\u0259nistanla Az\u0259rbaycan aras\u0131nda normalla\u015fma istiqam\u0259tind\u0259 ir\u0259lil\u0259yi\u015fin olmamas\u0131 Q\u0259rbin m\u0259sl\u0259h\u0259ti il\u0259 oturub-duran \u0130r\u0259van\u0131n m\u00f6vqeyind\u0259n qaynaqlan\u0131r\u201d. Bunu Rusiya Xarici \u0130\u015fl\u0259r Nazirliyinin r\u0259hb\u0259ri Sergey Lavrov 2023-c\u00fc ild\u0259 Rusiya diplomatiyas\u0131n\u0131n yekunlar\u0131na h\u0259sr olunmu\u015f m\u0259tbuat konfrans\u0131nda deyib. \u201c\u0130r\u0259van\u0131n kimd\u0259n m\u0259sl\u0259h\u0259t ald\u0131\u011f\u0131n\u0131 bilmir\u0259m, amma Rusiya-Erm\u0259nistan-Az\u0259rbaycan \u0259m\u0259kda\u015fl\u0131\u011f\u0131n\u0131n mar\u015frutlar\u0131n a\u00e7\u0131lmas\u0131, s\u0259rh\u0259dl\u0259rin delimitasiyas\u0131, s\u00fclh m\u00fcqavil\u0259sinin haz\u0131rlanmas\u0131 il\u0259 n\u0259tic\u0259l\u0259n\u0259c\u0259yini anlayan kimi Avropa \u0130ttifaq\u0131, Fransa, Almaniya v\u0259 AB\u015e-nin d\u0259rhal bu prosesl\u0259r\u0259 d\u0259v\u0259tsiz s\u0131zma\u011fa ba\u015flad\u0131qlar\u0131n\u0131 g\u00f6rd\u00fck\u201d, &#8211; dey\u0259 Lavrov bildirib. \u201cAz\u0259rbaycan Rusiya platformas\u0131nda s\u00fclh m\u00fcqavil\u0259si imzalama\u011fa haz\u0131rd\u0131r \u2013 bu, faktd\u0131r. \u0130r\u0259van\u0131n buna n\u0259 d\u0259r\u0259c\u0259d\u0259 haz\u0131r oldu\u011fu h\u0259l\u0259 m\u0259lum deyil\u201d, &#8211; nazir \u0259lav\u0259&hellip;<\/p>\n","protected":false},"author":2,"featured_media":681079,"comment_status":"closed","ping_status":"closed","sticky":false,"template":"","format":"standard","meta":{"om_disable_all_campaigns":false,"_monsterinsights_skip_tracking":false,"_monsterinsights_sitenote_active":false,"_monsterinsights_sitenote_note":"","_monsterinsights_sitenote_category":0},"categories":[4],"tags":[],"aioseo_notices":[],"gutentor_comment":0,"rttpg_featured_image_url":{"full":["https:\/\/arantv.az\/wp-content\/uploads\/2024\/01\/403634711_935512641509033_4784062344289164384_n.jpg",620,413,false],"landscape":["https:\/\/arantv.az\/wp-content\/uploads\/2024\/01\/403634711_935512641509033_4784062344289164384_n.jpg",620,413,false],"portraits":["https:\/\/arantv.az\/wp-content\/uploads\/2024\/01\/403634711_935512641509033_4784062344289164384_n.jpg",620,413,false],"thumbnail":["https:\/\/arantv.az\/wp-content\/uploads\/2024\/01\/403634711_935512641509033_4784062344289164384_n-500x280.jpg",500,280,true],"medium":["https:\/\/arantv.az\/wp-content\/uploads\/2024\/01\/403634711_935512641509033_4784062344289164384_n-548x365.jpg",548,365,true],"large":["https:\/\/arantv.az\/wp-content\/uploads\/2024\/01\/403634711_935512641509033_4784062344289164384_n.jpg",620,413,false],"1536x1536":["https:\/\/arantv.az\/wp-content\/uploads\/2024\/01\/403634711_935512641509033_4784062344289164384_n.jpg",620,413,false],"2048x2048":["https:\/\/arantv.az\/wp-content\/uploads\/2024\/01\/403634711_935512641509033_4784062344289164384_n.jpg",620,413,false],"post-thumbnail":["https:\/\/arantv.az\/wp-content\/uploads\/2024\/01\/403634711_935512641509033_4784062344289164384_n-240x172.jpg",240,172,true],"advps-thumb-one":["https:\/\/arantv.az\/wp-content\/uploads\/2024\/01\/403634711_935512641509033_4784062344289164384_n.jpg",620,413,false]},"rttpg_author":{"display_name":"V\u00fcsal Rafiqo\u011flu","author_link":"https:\/\/arantv.az\/?author=2"},"rttpg_comment":0,"rttpg_category":"<a href=\"https:\/\/arantv.az\/?cat=4\" rel=\"category\">Siyas\u0259t<\/a>","rttpg_excerpt":"\u201cErm\u0259nistanla Az\u0259rbaycan aras\u0131nda normalla\u015fma istiqam\u0259tind\u0259 ir\u0259lil\u0259yi\u015fin olmamas\u0131 Q\u0259rbin m\u0259sl\u0259h\u0259ti il\u0259 oturub-duran \u0130r\u0259van\u0131n m\u00f6vqeyind\u0259n qaynaqlan\u0131r\u201d. Bunu Rusiya Xarici \u0130\u015fl\u0259r Nazirliyinin r\u0259hb\u0259ri Sergey Lavrov 2023-c\u00fc ild\u0259 Rusiya diplomatiyas\u0131n\u0131n yekunlar\u0131na h\u0259sr olunmu\u015f m\u0259tbuat konfrans\u0131nda deyib. \u201c\u0130r\u0259van\u0131n kimd\u0259n m\u0259sl\u0259h\u0259t ald\u0131\u011f\u0131n\u0131 bilmir\u0259m, amma Rusiya-Erm\u0259nistan-Az\u0259rbaycan \u0259m\u0259kda\u015fl\u0131\u011f\u0131n\u0131n mar\u015frutlar\u0131n a\u00e7\u0131lmas\u0131, s\u0259rh\u0259dl\u0259rin delimitasiyas\u0131, s\u00fclh m\u00fcqavil\u0259sinin haz\u0131rlanmas\u0131 il\u0259 n\u0259tic\u0259l\u0259n\u0259c\u0259yini anlayan kimi Avropa \u0130ttifaq\u0131, Fransa, Almaniya&hellip;","_links":{"self":[{"href":"https:\/\/arantv.az\/index.php?rest_route=\/wp\/v2\/posts\/681078"}],"collection":[{"href":"https:\/\/arantv.az\/index.php?rest_route=\/wp\/v2\/posts"}],"about":[{"href":"https:\/\/arantv.az\/index.php?rest_route=\/wp\/v2\/types\/post"}],"author":[{"embeddable":true,"href":"https:\/\/arantv.az\/index.php?rest_route=\/wp\/v2\/users\/2"}],"replies":[{"embeddable":true,"href":"https:\/\/arantv.az\/index.php?rest_route=%2Fwp%2Fv2%2Fcomments&post=681078"}],"version-history":[{"count":0,"href":"https:\/\/arantv.az\/index.php?rest_route=\/wp\/v2\/posts\/681078\/revisions"}],"wp:featuredmedia":[{"embeddable":true,"href":"https:\/\/arantv.az\/index.php?rest_route=\/wp\/v2\/media\/681079"}],"wp:attachment":[{"href":"https:\/\/arantv.az\/index.php?rest_route=%2Fwp%2Fv2%2Fmedia&parent=681078"}],"wp:term":[{"taxonomy":"category","embeddable":true,"href":"https:\/\/arantv.az\/index.php?rest_route=%2Fwp%2Fv2%2Fcategories&post=681078"},{"taxonomy":"post_tag","embeddable":true,"href":"https:\/\/arantv.az\/index.php?rest_route=%2Fwp%2Fv2%2Ftags&post=681078"}],"curies":[{"name":"wp","href":"https:\/\/api.w.org\/{rel}","templated":true}]}}