{"id":681084,"date":"2024-01-18T14:48:02","date_gmt":"2024-01-18T10:48:02","guid":{"rendered":"https:\/\/arantv.az\/?p=681084"},"modified":"2024-01-18T14:48:02","modified_gmt":"2024-01-18T10:48:02","slug":"prezident-seneqalin-olk%c9%99mizd%c9%99-yeni-t%c9%99yin-olunmus-s%c9%99firi-il%c9%99-gorusdu-yenil%c9%99nib-foto","status":"publish","type":"post","link":"https:\/\/arantv.az\/?p=681084","title":{"rendered":"Prezident Seneqal\u0131n \u00f6lk\u0259mizd\u0259 yeni t\u0259yin olunmu\u015f s\u0259firi il\u0259 g\u00f6r\u00fc\u015fd\u00fc &#8211; YEN\u0130L\u018fN\u0130B + FOTO"},"content":{"rendered":"<p>Az\u0259rbaycan Respublikas\u0131n\u0131n Prezidenti\u00a0<strong>\u0130lham \u018fliyev<\/strong>\u00a0yanvar\u0131n 18-d\u0259 Seneqal Respublikas\u0131n\u0131n \u00f6lk\u0259mizd\u0259 yeni t\u0259yin olunmu\u015f f\u00f6vq\u0259lad\u0259 v\u0259 s\u0259lahiyy\u0259tli s\u0259firi \u015eeyx Qeyenin etimadnam\u0259sini q\u0259bul edib.<\/p>\n<p><a href=\"https:\/\/president.az\/az\/articles\/view\/63149\" target=\"_blank\" rel=\"noopener\"><strong>President.az<\/strong><\/a>\u00a0x\u0259b\u0259r verir ki, s\u0259fir etimadnam\u0259sini Prezident \u0130lham \u018fliyev\u0259 t\u0259qdim edib.<\/p>\n<p>D\u00f6vl\u0259timizin ba\u015f\u00e7\u0131s\u0131 s\u0259firl\u0259 s\u00f6hb\u0259t edib.<\/p>\n<p>S\u0259fir Seneqal Prezidentinin qarda\u015f salamlar\u0131n\u0131 d\u00f6vl\u0259timizin ba\u015f\u00e7\u0131s\u0131na \u00e7atd\u0131r\u0131b. Qeyd edib ki, Seneqal Prezidenti \u00f6lk\u0259l\u0259rimiz aras\u0131nda ikit\u0259r\u0259fli m\u00fcnasib\u0259tl\u0259rin inki\u015faf etdirilm\u0259si \u0259zmind\u0259dir.<\/p>\n<p>Prezident \u0130lham \u018fliyev salamlara g\u00f6r\u0259 minn\u0259tdarl\u0131\u011f\u0131n\u0131 bildirib, onun da salamlar\u0131n\u0131 Seneqal d\u00f6vl\u0259tinin ba\u015f\u00e7\u0131s\u0131na \u00e7atd\u0131rma\u011f\u0131 xahi\u015f edib.<\/p>\n<p>G\u00f6r\u00fc\u015fd\u0259 \u00f6lk\u0259l\u0259rimiz aras\u0131nda \u0259laq\u0259l\u0259rin h\u0259m ikit\u0259r\u0259fli \u0259sasda, h\u0259m d\u0259 beyn\u0259lxalq t\u0259\u015fkilatlar \u00e7\u0259r\u00e7iv\u0259sind\u0259 inki\u015faf perspektivl\u0259rin\u0259 dair fikir m\u00fcbadil\u0259si apar\u0131l\u0131b, ikit\u0259r\u0259fli m\u00fcnasib\u0259tl\u0259rimizin u\u011furla inki\u015faf etdiyi bildirilib. \u0130ndiy\u0259d\u0259k Az\u0259rbaycanla Seneqal\u0131n BMT v\u0259 Qo\u015fulmama H\u0259r\u0259kat\u0131 \u00e7\u0259r\u00e7iv\u0259sind\u0259 bir-birin\u0259 g\u00f6st\u0259rdiyi daimi d\u0259st\u0259k m\u00fcsb\u0259t amil kimi qeyd edilib.<\/p>\n<p>Prezident \u0130lham \u018fliyev BMT v\u0259 Qo\u015fulmama H\u0259r\u0259kat\u0131 \u00e7\u0259r\u00e7iv\u0259sind\u0259 \u0259m\u0259kda\u015fl\u0131\u011f\u0131n g\u0259l\u0259c\u0259kd\u0259 d\u0259 davam etdiril\u0259c\u0259yin\u0259 \u00fcmidvar oldu\u011funu bildirib. \u00d6lk\u0259l\u0259rimiz aras\u0131nda ali s\u0259viyy\u0259d\u0259 apar\u0131lan diplomatik yaz\u0131\u015fmalar v\u0259 beyn\u0259lxalq, milli g\u00fcnl\u0259rd\u0259 qar\u015f\u0131l\u0131ql\u0131 t\u0259brikl\u0259r y\u00fcks\u0259k qiym\u0259tl\u0259ndirilib.<\/p>\n<p>D\u00f6rd il \u0259rzind\u0259 Az\u0259rbaycan\u0131n Qo\u015fulmama H\u0259r\u0259kat\u0131na s\u0259drlik etdiyini vur\u011fulayan Prezident \u0130lham \u018fliyev \u00f6lk\u0259mizin t\u0259\u015fkilata s\u0259drliyinin daha bir il uzad\u0131lmas\u0131na Seneqal\u0131n da d\u0259st\u0259k verdiyini qeyd ed\u0259r\u0259k buna g\u00f6r\u0259 bir daha minn\u0259tdarl\u0131\u011f\u0131n\u0131 ifad\u0259 edib.<\/p>\n<p>Seneqal\u0131n s\u0259firi \u00f6lk\u0259mizin bu H\u0259r\u0259kata u\u011furlu s\u0259drliyi m\u00fcnasib\u0259til\u0259 t\u0259brikl\u0259rini \u00e7atd\u0131r\u0131b.<\/p>\n<p>\u0130kit\u0259r\u0259fli \u0259m\u0259kda\u015fl\u0131\u011fa toxunan Prezident \u0130lham \u018fliyev siyasi \u0259laq\u0259l\u0259rin daha da inki\u015faf etdirilm\u0259si v\u0259 iqtisadi-ticari sah\u0259d\u0259 imkanlar\u0131n ara\u015fd\u0131r\u0131lmas\u0131n\u0131n z\u0259ruriliyini vur\u011fulay\u0131b.<\/p>\n<p>D\u00f6vl\u0259timizin ba\u015f\u00e7\u0131s\u0131 s\u0259firin Az\u0259rbaycanda ke\u00e7ir\u0259c\u0259yi r\u0259smi g\u00f6r\u00fc\u015fl\u0259rin v\u0259 onun f\u0259aliyy\u0259tinin \u0259m\u0259kda\u015fl\u0131\u011f\u0131n daha da geni\u015fl\u0259nm\u0259si i\u015fin\u0259 xidm\u0259t ed\u0259c\u0259yin\u0259 \u00fcmidvar oldu\u011funu bildirib.<\/p>\n<p>G\u00f6r\u00fc\u015fd\u0259 \u00f6lk\u0259l\u0259rimiz aras\u0131nda ikit\u0259r\u0259fli \u0259m\u0259kda\u015fl\u0131\u011f\u0131n inki\u015faf etdirilm\u0259si \u00fc\u00e7\u00fcn geni\u015f perspektivl\u0259rin oldu\u011fu qeyd edildi, siyasi, iqtisadi, ticari, m\u0259d\u0259ni, humanitar v\u0259 t\u0259hl\u00fck\u0259sizlik sah\u0259l\u0259rind\u0259 \u0259m\u0259kda\u015fl\u0131q m\u0259s\u0259l\u0259l\u0259rin\u0259 toxunulub.<\/p>\n<p>S\u0259fir Seneqalda da neft a\u015fkarland\u0131\u011f\u0131n\u0131 bildir\u0259r\u0259k \u00f6lk\u0259sinin neft hasil ed\u0259n d\u00f6vl\u0259tl\u0259r s\u0131ras\u0131na qo\u015fuldu\u011funu v\u0259 bu x\u00fcsusda Az\u0259rbaycan\u0131n t\u0259cr\u00fcb\u0259sinin Seneqal \u00fc\u00e7\u00fcn \u00e7ox maraql\u0131 oldu\u011funu vur\u011fulay\u0131b.<\/p>\n<p>D\u00f6vl\u0259timizin ba\u015f\u00e7\u0131s\u0131 Az\u0259rbaycan\u0131n neft v\u0259 enerji sah\u0259sind\u0259 f\u0259aliyy\u0259t g\u00f6st\u0259r\u0259n ali t\u0259hsil m\u00fc\u0259ssis\u0259l\u0259rind\u0259 Seneqaldan olan t\u0259l\u0259b\u0259l\u0259rin t\u0259hsil almalar\u0131 imkanlar\u0131n\u0131 da qeyd edib.<\/p>\n<p>\u00d6lk\u0259mizin bu il COP29-a ev sahibliyi ed\u0259c\u0259yini dey\u0259n Az\u0259rbaycan Prezidenti Seneqal\u0131n d\u00f6vl\u0259t ba\u015f\u00e7\u0131s\u0131n\u0131 bu t\u0259dbir\u0259 d\u0259v\u0259t edib.<\/p>\n<p><strong>11:46<\/strong><\/p>\n<p>Az\u0259rbaycan Respublikas\u0131n\u0131n Prezidenti\u00a0<strong>\u0130lham \u018fliyev<\/strong>\u00a0yanvar\u0131n 18-d\u0259 Seneqal Respublikas\u0131n\u0131n \u00f6lk\u0259mizd\u0259 yeni t\u0259yin olunmu\u015f f\u00f6vq\u0259lad\u0259 v\u0259 s\u0259lahiyy\u0259tli s\u0259firi \u015eeyx Qeyenin etimadnam\u0259sini q\u0259bul edib.<\/p>\n<p>Bununla ba\u011fl\u0131\u00a0<a href=\"https:\/\/president.az\/az\/articles\/view\/63149\" target=\"_blank\" rel=\"noopener\"><strong>President.az<\/strong><\/a>\u00a0m\u0259lumat yay\u0131b.<\/p>\n<p>&nbsp;<\/p>\n<div class=\"gallery\">\n<div class=\"gallery-i\"><img src=\"https:\/\/cdn.oxu.az\/uploads\/W1siZiIsIjIwMjQvMDEvMTgvMTEvNDYvMjAvMTMzNTM3MjktY2M1ZC00MGQxLTkxNDAtZWIyOGJlNDViYTFlLzE3MDU1NjM3NzRfMTg4NzRhYTU4ZjMzM2IwY2E4NDMyNjY0YmExZmVlMmYuanBnIl0sWyJwIiwiZW5jb2RlIiwianBnIiwiLXF1YWxpdHkgODAiXSxbInAiLCJ0aHVtYiIsIjU5MHg1OTBcdTAwM2UiXV0?sha=9cd9c42ae1fd614d\" alt=\"\" \/><\/p>\n<div class=\"gallery-i-caption\"><\/div>\n<\/div>\n<div class=\"gallery-i\"><img src=\"https:\/\/cdn.oxu.az\/uploads\/W1siZiIsIjIwMjQvMDEvMTgvMTEvNDYvMjAvZDA2MzcyZGEtNjNmMy00YzI0LWEyM2QtZWYzZWM1MzFlOTk2LzE3MDU1NjM3NzVfZjk5NDk1NDcxZWUxYzZiZmRlMmViM2M4YTYxNDMwMzkuanBnIl0sWyJwIiwiZW5jb2RlIiwianBnIiwiLXF1YWxpdHkgODAiXSxbInAiLCJ0aHVtYiIsIjU5MHg1OTBcdTAwM2UiXV0?sha=c5b5724c1cb9372c\" alt=\"\" \/><\/p>\n<div class=\"gallery-i-caption\"><\/div>\n<\/div>\n<div class=\"gallery-i\"><img src=\"https:\/\/cdn.oxu.az\/uploads\/W1siZiIsIjIwMjQvMDEvMTgvMTEvNDYvMjAvNTY3MTU3OWQtNTA2Mi00ZjExLTg3MTItYmVjZWJjNGYyYmNjLzE3MDU1NjM3NzZfN2MxNWRiN2VmMWY2MzEyMTc5NGY4N2UwMjU4OTQ0NGQuanBnIl0sWyJwIiwiZW5jb2RlIiwianBnIiwiLXF1YWxpdHkgODAiXSxbInAiLCJ0aHVtYiIsIjU5MHg1OTBcdTAwM2UiXV0?sha=eb4a6408c69f7833\" alt=\"\" \/><\/p>\n<div class=\"gallery-i-caption\"><\/div>\n<\/div>\n<div class=\"gallery-i\"><img src=\"https:\/\/cdn.oxu.az\/uploads\/W1siZiIsIjIwMjQvMDEvMTgvMTEvNDYvMjAvNzYyOTA5ODUtMzZjYS00NmM2LWE1Y2QtMTUwOTM5ZDQyN2Q2LzE3MDU1NjM3NzdfYjQyYzAzNjYwNjdkZGNhNzUwOGQ3YjczMjk5ODE2YmMuanBnIl0sWyJwIiwiZW5jb2RlIiwianBnIiwiLXF1YWxpdHkgODAiXSxbInAiLCJ0aHVtYiIsIjU5MHg1OTBcdTAwM2UiXV0?sha=8f873d9c831fb5f0\" alt=\"\" \/><\/div>\n<\/div>\n","protected":false},"excerpt":{"rendered":"<p>Az\u0259rbaycan Respublikas\u0131n\u0131n Prezidenti\u00a0\u0130lham \u018fliyev\u00a0yanvar\u0131n 18-d\u0259 Seneqal Respublikas\u0131n\u0131n \u00f6lk\u0259mizd\u0259 yeni t\u0259yin olunmu\u015f f\u00f6vq\u0259lad\u0259 v\u0259 s\u0259lahiyy\u0259tli s\u0259firi \u015eeyx Qeyenin etimadnam\u0259sini q\u0259bul edib. President.az\u00a0x\u0259b\u0259r verir ki, s\u0259fir etimadnam\u0259sini Prezident \u0130lham \u018fliyev\u0259 t\u0259qdim edib. D\u00f6vl\u0259timizin ba\u015f\u00e7\u0131s\u0131 s\u0259firl\u0259 s\u00f6hb\u0259t edib. S\u0259fir Seneqal Prezidentinin qarda\u015f salamlar\u0131n\u0131 d\u00f6vl\u0259timizin ba\u015f\u00e7\u0131s\u0131na \u00e7atd\u0131r\u0131b. Qeyd edib ki, Seneqal Prezidenti \u00f6lk\u0259l\u0259rimiz aras\u0131nda ikit\u0259r\u0259fli m\u00fcnasib\u0259tl\u0259rin inki\u015faf etdirilm\u0259si \u0259zmind\u0259dir. Prezident \u0130lham \u018fliyev salamlara g\u00f6r\u0259 minn\u0259tdarl\u0131\u011f\u0131n\u0131 bildirib, onun da salamlar\u0131n\u0131 Seneqal d\u00f6vl\u0259tinin ba\u015f\u00e7\u0131s\u0131na \u00e7atd\u0131rma\u011f\u0131 xahi\u015f edib. G\u00f6r\u00fc\u015fd\u0259 \u00f6lk\u0259l\u0259rimiz aras\u0131nda \u0259laq\u0259l\u0259rin h\u0259m ikit\u0259r\u0259fli \u0259sasda, h\u0259m d\u0259 beyn\u0259lxalq t\u0259\u015fkilatlar \u00e7\u0259r\u00e7iv\u0259sind\u0259 inki\u015faf perspektivl\u0259rin\u0259 dair fikir m\u00fcbadil\u0259si apar\u0131l\u0131b, ikit\u0259r\u0259fli&hellip;<\/p>\n","protected":false},"author":2,"featured_media":681022,"comment_status":"closed","ping_status":"closed","sticky":false,"template":"","format":"standard","meta":{"om_disable_all_campaigns":false,"_monsterinsights_skip_tracking":false,"_monsterinsights_sitenote_active":false,"_monsterinsights_sitenote_note":"","_monsterinsights_sitenote_category":0},"categories":[4],"tags":[],"aioseo_notices":[],"gutentor_comment":0,"rttpg_featured_image_url":{"full":["https:\/\/arantv.az\/wp-content\/uploads\/2024\/01\/1705563776_8153cf28b78b7295b8473043f35d1d8f.jpg",620,413,false],"landscape":["https:\/\/arantv.az\/wp-content\/uploads\/2024\/01\/1705563776_8153cf28b78b7295b8473043f35d1d8f.jpg",620,413,false],"portraits":["https:\/\/arantv.az\/wp-content\/uploads\/2024\/01\/1705563776_8153cf28b78b7295b8473043f35d1d8f.jpg",620,413,false],"thumbnail":["https:\/\/arantv.az\/wp-content\/uploads\/2024\/01\/1705563776_8153cf28b78b7295b8473043f35d1d8f-500x280.jpg",500,280,true],"medium":["https:\/\/arantv.az\/wp-content\/uploads\/2024\/01\/1705563776_8153cf28b78b7295b8473043f35d1d8f-548x365.jpg",548,365,true],"large":["https:\/\/arantv.az\/wp-content\/uploads\/2024\/01\/1705563776_8153cf28b78b7295b8473043f35d1d8f.jpg",620,413,false],"1536x1536":["https:\/\/arantv.az\/wp-content\/uploads\/2024\/01\/1705563776_8153cf28b78b7295b8473043f35d1d8f.jpg",620,413,false],"2048x2048":["https:\/\/arantv.az\/wp-content\/uploads\/2024\/01\/1705563776_8153cf28b78b7295b8473043f35d1d8f.jpg",620,413,false],"post-thumbnail":["https:\/\/arantv.az\/wp-content\/uploads\/2024\/01\/1705563776_8153cf28b78b7295b8473043f35d1d8f-240x172.jpg",240,172,true],"advps-thumb-one":["https:\/\/arantv.az\/wp-content\/uploads\/2024\/01\/1705563776_8153cf28b78b7295b8473043f35d1d8f.jpg",620,413,false]},"rttpg_author":{"display_name":"V\u00fcsal Rafiqo\u011flu","author_link":"https:\/\/arantv.az\/?author=2"},"rttpg_comment":0,"rttpg_category":"<a href=\"https:\/\/arantv.az\/?cat=4\" rel=\"category\">Siyas\u0259t<\/a>","rttpg_excerpt":"Az\u0259rbaycan Respublikas\u0131n\u0131n Prezidenti\u00a0\u0130lham \u018fliyev\u00a0yanvar\u0131n 18-d\u0259 Seneqal Respublikas\u0131n\u0131n \u00f6lk\u0259mizd\u0259 yeni t\u0259yin olunmu\u015f f\u00f6vq\u0259lad\u0259 v\u0259 s\u0259lahiyy\u0259tli s\u0259firi \u015eeyx Qeyenin etimadnam\u0259sini q\u0259bul edib. President.az\u00a0x\u0259b\u0259r verir ki, s\u0259fir etimadnam\u0259sini Prezident \u0130lham \u018fliyev\u0259 t\u0259qdim edib. D\u00f6vl\u0259timizin ba\u015f\u00e7\u0131s\u0131 s\u0259firl\u0259 s\u00f6hb\u0259t edib. S\u0259fir Seneqal Prezidentinin qarda\u015f salamlar\u0131n\u0131 d\u00f6vl\u0259timizin ba\u015f\u00e7\u0131s\u0131na \u00e7atd\u0131r\u0131b. Qeyd edib ki, Seneqal Prezidenti \u00f6lk\u0259l\u0259rimiz aras\u0131nda ikit\u0259r\u0259fli m\u00fcnasib\u0259tl\u0259rin inki\u015faf etdirilm\u0259si \u0259zmind\u0259dir.&hellip;","_links":{"self":[{"href":"https:\/\/arantv.az\/index.php?rest_route=\/wp\/v2\/posts\/681084"}],"collection":[{"href":"https:\/\/arantv.az\/index.php?rest_route=\/wp\/v2\/posts"}],"about":[{"href":"https:\/\/arantv.az\/index.php?rest_route=\/wp\/v2\/types\/post"}],"author":[{"embeddable":true,"href":"https:\/\/arantv.az\/index.php?rest_route=\/wp\/v2\/users\/2"}],"replies":[{"embeddable":true,"href":"https:\/\/arantv.az\/index.php?rest_route=%2Fwp%2Fv2%2Fcomments&post=681084"}],"version-history":[{"count":0,"href":"https:\/\/arantv.az\/index.php?rest_route=\/wp\/v2\/posts\/681084\/revisions"}],"wp:featuredmedia":[{"embeddable":true,"href":"https:\/\/arantv.az\/index.php?rest_route=\/wp\/v2\/media\/681022"}],"wp:attachment":[{"href":"https:\/\/arantv.az\/index.php?rest_route=%2Fwp%2Fv2%2Fmedia&parent=681084"}],"wp:term":[{"taxonomy":"category","embeddable":true,"href":"https:\/\/arantv.az\/index.php?rest_route=%2Fwp%2Fv2%2Fcategories&post=681084"},{"taxonomy":"post_tag","embeddable":true,"href":"https:\/\/arantv.az\/index.php?rest_route=%2Fwp%2Fv2%2Ftags&post=681084"}],"curies":[{"name":"wp","href":"https:\/\/api.w.org\/{rel}","templated":true}]}}