{"id":681094,"date":"2024-01-18T14:49:54","date_gmt":"2024-01-18T10:49:54","guid":{"rendered":"https:\/\/arantv.az\/?p=681094"},"modified":"2024-01-18T14:49:54","modified_gmt":"2024-01-18T10:49:54","slug":"az%c9%99rbaycanda-qizilcaya-yoluxanlarin-r%c9%99smi-sayi","status":"publish","type":"post","link":"https:\/\/arantv.az\/?p=681094","title":{"rendered":"Az\u0259rbaycanda q\u0131z\u0131lcaya yoluxanlar\u0131n r\u0259smi SAYI"},"content":{"rendered":"<p>Son ill\u0259r Az\u0259rbaycanda yoluxucu x\u0259st\u0259likl\u0259r\u0259 qar\u015f\u0131 apar\u0131lan profilaktik t\u0259dbirl\u0259r n\u0259tic\u0259sind\u0259 q\u0131z\u0131lca x\u0259st\u0259liyi \u00fczr\u0259 sabit epidemioloji v\u0259ziyy\u0259t m\u00fc\u015fahid\u0259 olunsa da, 2023-c\u00fc ilin aprel ay\u0131ndan ba\u015flayaraq \u0259hali aras\u0131nda bu x\u0259st\u0259liyin sporadik yay\u0131lma hallar\u0131 qeyd\u0259 al\u0131n\u0131b.<\/p>\n<p><strong>ARANTV.AZ <\/strong>\u00a0x\u0259b\u0259r verir ki, bu bar\u0259d\u0259 D\u00f6vl\u0259t Statistika Komit\u0259sinin yayd\u0131\u011f\u0131 m\u0259lumatda qeyd edilib.<\/p>\n<p>M\u0259lumatda qeyd edilib ki, q\u0131z\u0131lcaya yoluxma \u0259sas\u0259n u\u015faqlar aras\u0131nda m\u00fc\u015fahid\u0259 edilib. 2022-ci ild\u0259 \u00f6lk\u0259 \u0259razisind\u0259 1 n\u0259f\u0259rd\u0259 q\u0131z\u0131lcaya yoluxma hal\u0131 qeyd\u0259 al\u0131nsa da, 2023-c\u00fc ilin yanvar-noyabr aylar\u0131nda 1493 n\u0259f\u0259r bu x\u0259st\u0259liy\u0259 yoluxub.<\/p>\n","protected":false},"excerpt":{"rendered":"<p>Son ill\u0259r Az\u0259rbaycanda yoluxucu x\u0259st\u0259likl\u0259r\u0259 qar\u015f\u0131 apar\u0131lan profilaktik t\u0259dbirl\u0259r n\u0259tic\u0259sind\u0259 q\u0131z\u0131lca x\u0259st\u0259liyi \u00fczr\u0259 sabit epidemioloji v\u0259ziyy\u0259t m\u00fc\u015fahid\u0259 olunsa da, 2023-c\u00fc ilin aprel ay\u0131ndan ba\u015flayaraq \u0259hali aras\u0131nda bu x\u0259st\u0259liyin sporadik yay\u0131lma hallar\u0131 qeyd\u0259 al\u0131n\u0131b. ARANTV.AZ \u00a0x\u0259b\u0259r verir ki, bu bar\u0259d\u0259 D\u00f6vl\u0259t Statistika Komit\u0259sinin yayd\u0131\u011f\u0131 m\u0259lumatda qeyd edilib. M\u0259lumatda qeyd edilib ki, q\u0131z\u0131lcaya yoluxma \u0259sas\u0259n u\u015faqlar aras\u0131nda m\u00fc\u015fahid\u0259 edilib. 2022-ci ild\u0259 \u00f6lk\u0259 \u0259razisind\u0259 1 n\u0259f\u0259rd\u0259 q\u0131z\u0131lcaya yoluxma hal\u0131 qeyd\u0259 al\u0131nsa da, 2023-c\u00fc ilin yanvar-noyabr aylar\u0131nda 1493 n\u0259f\u0259r bu x\u0259st\u0259liy\u0259 yoluxub.<\/p>\n","protected":false},"author":2,"featured_media":681095,"comment_status":"closed","ping_status":"closed","sticky":false,"template":"","format":"standard","meta":{"om_disable_all_campaigns":false,"_monsterinsights_skip_tracking":false,"_monsterinsights_sitenote_active":false,"_monsterinsights_sitenote_note":"","_monsterinsights_sitenote_category":0},"categories":[1],"tags":[],"aioseo_notices":[],"gutentor_comment":0,"rttpg_featured_image_url":{"full":["https:\/\/arantv.az\/wp-content\/uploads\/2024\/01\/FotoJet-2023-12-06T020351.371-1-1.jpg",620,413,false],"landscape":["https:\/\/arantv.az\/wp-content\/uploads\/2024\/01\/FotoJet-2023-12-06T020351.371-1-1.jpg",620,413,false],"portraits":["https:\/\/arantv.az\/wp-content\/uploads\/2024\/01\/FotoJet-2023-12-06T020351.371-1-1.jpg",620,413,false],"thumbnail":["https:\/\/arantv.az\/wp-content\/uploads\/2024\/01\/FotoJet-2023-12-06T020351.371-1-1-500x280.jpg",500,280,true],"medium":["https:\/\/arantv.az\/wp-content\/uploads\/2024\/01\/FotoJet-2023-12-06T020351.371-1-1-548x365.jpg",548,365,true],"large":["https:\/\/arantv.az\/wp-content\/uploads\/2024\/01\/FotoJet-2023-12-06T020351.371-1-1.jpg",620,413,false],"1536x1536":["https:\/\/arantv.az\/wp-content\/uploads\/2024\/01\/FotoJet-2023-12-06T020351.371-1-1.jpg",620,413,false],"2048x2048":["https:\/\/arantv.az\/wp-content\/uploads\/2024\/01\/FotoJet-2023-12-06T020351.371-1-1.jpg",620,413,false],"post-thumbnail":["https:\/\/arantv.az\/wp-content\/uploads\/2024\/01\/FotoJet-2023-12-06T020351.371-1-1-240x172.jpg",240,172,true],"advps-thumb-one":["https:\/\/arantv.az\/wp-content\/uploads\/2024\/01\/FotoJet-2023-12-06T020351.371-1-1.jpg",620,413,false]},"rttpg_author":{"display_name":"V\u00fcsal Rafiqo\u011flu","author_link":"https:\/\/arantv.az\/?author=2"},"rttpg_comment":0,"rttpg_category":"<a href=\"https:\/\/arantv.az\/?cat=1\" rel=\"category\">C\u0259miyy\u0259t<\/a>","rttpg_excerpt":"Son ill\u0259r Az\u0259rbaycanda yoluxucu x\u0259st\u0259likl\u0259r\u0259 qar\u015f\u0131 apar\u0131lan profilaktik t\u0259dbirl\u0259r n\u0259tic\u0259sind\u0259 q\u0131z\u0131lca x\u0259st\u0259liyi \u00fczr\u0259 sabit epidemioloji v\u0259ziyy\u0259t m\u00fc\u015fahid\u0259 olunsa da, 2023-c\u00fc ilin aprel ay\u0131ndan ba\u015flayaraq \u0259hali aras\u0131nda bu x\u0259st\u0259liyin sporadik yay\u0131lma hallar\u0131 qeyd\u0259 al\u0131n\u0131b. ARANTV.AZ \u00a0x\u0259b\u0259r verir ki, bu bar\u0259d\u0259 D\u00f6vl\u0259t Statistika Komit\u0259sinin yayd\u0131\u011f\u0131 m\u0259lumatda qeyd edilib. M\u0259lumatda qeyd edilib ki, q\u0131z\u0131lcaya yoluxma \u0259sas\u0259n u\u015faqlar aras\u0131nda&hellip;","_links":{"self":[{"href":"https:\/\/arantv.az\/index.php?rest_route=\/wp\/v2\/posts\/681094"}],"collection":[{"href":"https:\/\/arantv.az\/index.php?rest_route=\/wp\/v2\/posts"}],"about":[{"href":"https:\/\/arantv.az\/index.php?rest_route=\/wp\/v2\/types\/post"}],"author":[{"embeddable":true,"href":"https:\/\/arantv.az\/index.php?rest_route=\/wp\/v2\/users\/2"}],"replies":[{"embeddable":true,"href":"https:\/\/arantv.az\/index.php?rest_route=%2Fwp%2Fv2%2Fcomments&post=681094"}],"version-history":[{"count":0,"href":"https:\/\/arantv.az\/index.php?rest_route=\/wp\/v2\/posts\/681094\/revisions"}],"wp:featuredmedia":[{"embeddable":true,"href":"https:\/\/arantv.az\/index.php?rest_route=\/wp\/v2\/media\/681095"}],"wp:attachment":[{"href":"https:\/\/arantv.az\/index.php?rest_route=%2Fwp%2Fv2%2Fmedia&parent=681094"}],"wp:term":[{"taxonomy":"category","embeddable":true,"href":"https:\/\/arantv.az\/index.php?rest_route=%2Fwp%2Fv2%2Fcategories&post=681094"},{"taxonomy":"post_tag","embeddable":true,"href":"https:\/\/arantv.az\/index.php?rest_route=%2Fwp%2Fv2%2Ftags&post=681094"}],"curies":[{"name":"wp","href":"https:\/\/api.w.org\/{rel}","templated":true}]}}