{"id":681097,"date":"2024-01-18T14:50:33","date_gmt":"2024-01-18T10:50:33","guid":{"rendered":"https:\/\/arantv.az\/?p=681097"},"modified":"2024-01-18T14:50:33","modified_gmt":"2024-01-18T10:50:33","slug":"ilham-%c9%99liyev-syerra-leonenin-olk%c9%99miz%c9%99-yeni-t%c9%99yin-olunmus-s%c9%99firini-q%c9%99bul-edib-yenil%c9%99nib-foto","status":"publish","type":"post","link":"https:\/\/arantv.az\/?p=681097","title":{"rendered":"\u0130lham \u018fliyev Syerra-Leonenin \u00f6lk\u0259miz\u0259 yeni t\u0259yin olunmu\u015f s\u0259firini q\u0259bul edib &#8211; YEN\u0130L\u018fN\u0130B + FOTO"},"content":{"rendered":"<p>Az\u0259rbaycan Respublikas\u0131n\u0131n Prezidenti\u00a0<strong>\u0130lham \u018fliyev<\/strong>\u00a0yanvar\u0131n 18-d\u0259 Syerra-Leone Respublikas\u0131n\u0131n \u00f6lk\u0259miz\u0259 yeni t\u0259yin olunmu\u015f f\u00f6vq\u0259lad\u0259 v\u0259 s\u0259lahiyy\u0259tli s\u0259firi Alie Badara Kamaran\u0131n etimadnam\u0259sini q\u0259bul edib.<\/p>\n<p>Bu bar\u0259d\u0259\u00a0<a href=\"https:\/\/president.az\/az\/articles\/view\/63148\" target=\"_blank\" rel=\"noopener\"><strong>President.az<\/strong><\/a>\u00a0x\u0259b\u0259r verir.<\/p>\n<p>Qeyd olunur ki, s\u0259fir etimadnam\u0259sini Prezident \u0130lham \u018fliyev\u0259 t\u0259qdim edib.<\/p>\n<p>D\u00f6vl\u0259t ba\u015f\u00e7\u0131s\u0131 s\u0259firl\u0259 s\u00f6hb\u0259t edib.<\/p>\n<p>S\u0259fir ilk n\u00f6vb\u0259d\u0259 Syerra-Leone prezidentinin salamlar\u0131n\u0131 d\u00f6vl\u0259timizin ba\u015f\u00e7\u0131s\u0131na \u00e7atd\u0131r\u0131b.<\/p>\n<p>Prezident \u0130lham \u018fliyev salamlara g\u00f6r\u0259 minn\u0259tdarl\u0131\u011f\u0131n\u0131 bildirib, onun da salamlar\u0131n\u0131 Syerra-Leonenin d\u00f6vl\u0259t ba\u015f\u00e7\u0131s\u0131na \u00e7atd\u0131rma\u011f\u0131 xahi\u015f edib.<\/p>\n<p>G\u00f6r\u00fc\u015fd\u0259 ikit\u0259r\u0259fli \u0259m\u0259kda\u015fl\u0131\u011f\u0131n inki\u015faf perspektivl\u0259ri, Qo\u015fulmama H\u0259r\u0259kat\u0131 v\u0259 dig\u0259r beyn\u0259lxalq t\u0259\u015fkilatlar \u00e7\u0259r\u00e7iv\u0259sind\u0259 \u0259m\u0259kda\u015fl\u0131q il\u0259 ba\u011fl\u0131 fikir m\u00fcbadil\u0259si apar\u0131l\u0131b.<\/p>\n<p>Az\u0259rbaycan\u0131n yax\u0131n g\u00fcnl\u0259rd\u0259 Qo\u015fulmama H\u0259r\u0259kat\u0131na s\u0259drliyinin ba\u015fa \u00e7ataca\u011f\u0131n\u0131 dey\u0259n d\u00f6vl\u0259timizin ba\u015f\u00e7\u0131s\u0131 h\u0259r\u0259kat \u00e7\u0259r\u00e7iv\u0259sind\u0259 Syerra-Leoney\u0259 \u00fczv \u00f6lk\u0259 olaraq g\u00f6st\u0259rdiyi d\u0259st\u0259y\u0259 g\u00f6r\u0259 t\u0259\u015f\u0259kk\u00fcr\u00fcn\u00fc bildirib. Prezident \u0130lham \u018fliyev \u00f6lk\u0259mizin h\u0259r\u0259kata s\u0259drliyinin ba\u015fa \u00e7atmas\u0131ndan sonrak\u0131 d\u00f6vrd\u0259 d\u0259 bu t\u0259\u015fkilat \u00e7\u0259r\u00e7iv\u0259sind\u0259 Az\u0259rbaycan il\u0259 Syerra-Leonenin \u0259m\u0259kda\u015fl\u0131q ed\u0259c\u0259yin\u0259 \u00fcmidvar oldu\u011funu deyib.<\/p>\n<p>\u00d6lk\u0259sinin Az\u0259rbaycanla \u0259laq\u0259l\u0259rin inki\u015faf\u0131nda \u00e7ox maraql\u0131 oldu\u011funu dey\u0259n s\u0259fir Syerra-Leonenin eboladan \u0259ziyy\u0259t \u00e7\u0259k\u0259n zaman Az\u0259rbaycan\u0131n g\u00f6st\u0259rdiyi d\u0259st\u0259yin y\u00fcks\u0259k qiym\u0259tl\u0259ndirildiyini bildirib. O, h\u0259m\u00e7inin, Az\u0259rbaycan\u0131n Qo\u015fulmama H\u0259r\u0259kat\u0131na u\u011furlu s\u0259drliyi m\u00fcnasib\u0259til\u0259 t\u0259brikl\u0259rini \u00e7atd\u0131r\u0131b. S\u0259fir Az\u0259rbaycan v\u0259 Syerra-Leonenin beyn\u0259lxalq t\u0259\u015fkilatlarda bir-birin\u0259 verdiyi d\u0259st\u0259yi y\u00fcks\u0259k d\u0259y\u0259rl\u0259ndirib.<\/p>\n<p>Alie Badara Kamara Az\u0259rbaycan r\u0259smil\u0259ri il\u0259 g\u00f6r\u00fc\u015fl\u0259r ke\u00e7irm\u0259yi planla\u015fd\u0131rd\u0131\u011f\u0131n\u0131 bildirib, \u0259laq\u0259l\u0259rin geni\u015fl\u0259ndirilm\u0259si m\u0259qs\u0259dil\u0259 yeni istiqam\u0259tl\u0259rin v\u0259 yollar\u0131n m\u00fc\u0259yy\u0259nl\u0259\u015fdirilm\u0259si \u00fc\u00e7\u00fcn s\u0259yl\u0259rini \u0259sirg\u0259m\u0259y\u0259c\u0259yini vur\u011fulay\u0131b.<\/p>\n<p>Az\u0259rbaycan Prezidenti \u00f6lk\u0259l\u0259rimiz v\u0259 xalqlar\u0131m\u0131z aras\u0131nda t\u0259maslar\u0131n art\u0131r\u0131lmas\u0131n\u0131n vacibliyin\u0259 toxunub.<\/p>\n<p>D\u00f6vl\u0259timizin ba\u015f\u00e7\u0131s\u0131 qeyd edib ki, Az\u0259rbaycan Qo\u015fulmama H\u0259r\u0259kat\u0131n\u0131n s\u0259dri olaraq t\u0259sisat \u00e7\u0259r\u00e7iv\u0259sind\u0259 parlament, g\u0259ncl\u0259r v\u0259 qad\u0131nlar platformalar\u0131n\u0131n yarad\u0131lmas\u0131 t\u0259\u015f\u0259bb\u00fcsl\u0259ri il\u0259 \u00e7\u0131x\u0131\u015f edib.<\/p>\n<p>Prezident \u0130lham \u018fliyev bildirib ki, Qo\u015fulmama H\u0259r\u0259kat\u0131n\u0131n yarad\u0131lmas\u0131n\u0131n m\u00fcst\u0259ml\u0259k\u0259\u00e7iy\u0259 qar\u015f\u0131 m\u00fcbariz\u0259nin t\u0259m\u0259l prinsipl\u0259rind\u0259n v\u0259 f\u0259aliyy\u0259t istiqam\u0259tl\u0259rind\u0259n biri oldu\u011funu n\u0259z\u0259r\u0259 alaraq Az\u0259rbaycan neokolonializm\u0259 qar\u015f\u0131 m\u00fcbariz\u0259ni d\u0259 prioritet istiqam\u0259tl\u0259rd\u0259n biri kimi m\u00fc\u0259yy\u0259nl\u0259\u015fdirib v\u0259 bu proses\u0259 \u00f6z d\u0259st\u0259yini verib. Bak\u0131 T\u0259\u015f\u0259bb\u00fcs Qrupunun 2023-c\u00fc ild\u0259 h\u0259m Bak\u0131da, h\u0259m d\u0259 BMT-nin Cenevr\u0259 ofisind\u0259 neokolonializm m\u00f6vzusunda vacib t\u0259dbirl\u0259r ke\u00e7irdiyini qeyd ed\u0259n Az\u0259rbaycan Prezidenti vur\u011fulay\u0131b ki, m\u00fcst\u0259ml\u0259k\u0259\u00e7i \u00f6lk\u0259l\u0259r Afrikada, Asiyada, Lat\u0131n Amerikas\u0131nda m\u00fcst\u0259ml\u0259k\u0259 alt\u0131nda saxlad\u0131\u011f\u0131 xalqlardan v\u0259 d\u00f6vl\u0259tl\u0259rd\u0259n \u0259n az\u0131 \u00fczr ist\u0259m\u0259lidirl\u0259r. D\u00f6vl\u0259timizin ba\u015f\u00e7\u0131s\u0131 onu da \u0259lav\u0259 edib ki, m\u00fcst\u0259ml\u0259k\u0259\u00e7iliyin formas\u0131 d\u0259yi\u015fs\u0259 d\u0259, mahiyy\u0259ti d\u0259yi\u015fm\u0259yib v\u0259 onu m\u00fcxt\u0259lif formalarda saxlay\u0131b.<\/p>\n<p>Beyn\u0259lxalq institutlara \u00fczv olduqlar\u0131ndan sui-istifad\u0259 ed\u0259r\u0259k m\u00fcst\u0259ml\u0259k\u0259\u00e7i imperiyalar\u0131n m\u00fcst\u0259ml\u0259k\u0259 alt\u0131na sald\u0131qlar\u0131 \u00f6lk\u0259l\u0259rd\u0259 t\u00f6r\u0259tdikl\u0259ri cinay\u0259tl\u0259ri \u00f6rt-basd\u0131r etm\u0259y\u0259 \u00e7al\u0131\u015fd\u0131qlar\u0131n\u0131 dey\u0259n d\u00f6vl\u0259timizin ba\u015f\u00e7\u0131s\u0131 bu cinay\u0259tl\u0259rin d\u00fcnya ictimaiyy\u0259tin\u0259 daha geni\u015f \u00e7atd\u0131r\u0131lmas\u0131n\u0131n z\u0259ruriliyi vur\u011fulay\u0131b.<\/p>\n<p>Prezident \u0130lham \u018fliyev Syerra-Leone prezidentini bu il Bak\u0131da ke\u00e7iril\u0259c\u0259k COP29 t\u0259dbirin\u0259 d\u0259v\u0259t edib.<\/p>\n<p>G\u00f6r\u00fc\u015fd\u0259 iqtisadiyyat, k\u0259nd t\u0259s\u0259rr\u00fcfat\u0131, investisiya, insan kapital\u0131n\u0131n inki\u015faf\u0131, m\u0259d\u0259niyy\u0259t, elm v\u0259 t\u0259hsil sah\u0259l\u0259rind\u0259 \u0259m\u0259kda\u015fl\u0131q v\u0259 qar\u015f\u0131l\u0131ql\u0131 maraq do\u011furan dig\u0259r m\u0259s\u0259l\u0259l\u0259rl\u0259 ba\u011fl\u0131 fikir m\u00fcbadil\u0259si apar\u0131l\u0131b, yax\u015f\u0131 idar\u0259\u00e7ilik sah\u0259sind\u0259 t\u0259cr\u00fcb\u0259 m\u00fcbadil\u0259si, bu x\u00fcsusda \u201cASAN xidm\u0259t\u201d t\u0259cr\u00fcb\u0259si qeyd edilib, Az\u0259rbaycan\u0131n bu sah\u0259d\u0259 t\u0259cr\u00fcb\u0259sini b\u00f6l\u00fc\u015fm\u0259y\u0259 haz\u0131r oldu\u011fu bildirilib.<\/p>\n<p><strong>11:44<\/strong><\/p>\n<p>Az\u0259rbaycan Respublikas\u0131n\u0131n Prezidenti\u00a0<strong>\u0130lham \u018fliyev<\/strong>\u00a0yanvar\u0131n 18-d\u0259 Syerra-Leone Respublikas\u0131n\u0131n \u00f6lk\u0259mizd\u0259 yeni t\u0259yin olunmu\u015f f\u00f6vq\u0259lad\u0259 v\u0259 s\u0259lahiyy\u0259tli s\u0259firi Alie Badara Kamaran\u0131n etimadnam\u0259sini q\u0259bul edib.<\/p>\n<p>Bununla ba\u011fl\u0131\u00a0<a href=\"https:\/\/president.az\/az\/articles\/view\/63148\" target=\"_blank\" rel=\"noopener\"><strong>President.az<\/strong><\/a>\u00a0m\u0259lumat yay\u0131b.<\/p>\n<p>&nbsp;<\/p>\n<div class=\"gallery\">\n<div class=\"gallery-i\"><img src=\"https:\/\/cdn.oxu.az\/uploads\/W1siZiIsIjIwMjQvMDEvMTgvMTEvNDIvMjkvNTM1ZTVjMmQtZjQwNC00OTc5LTk3OWQtYzRmMjI3ZjdiMTU5LzE3MDU1NjM1MjgxOTMwNjEyNzIyXzEyMDB4NjMwLmpwZyJdLFsicCIsImVuY29kZSIsImpwZyIsIi1xdWFsaXR5IDgwIl0sWyJwIiwidGh1bWIiLCI1OTB4NTkwXHUwMDNlIl1d?sha=823f8dbf4a0455d9\" alt=\"\" \/><\/p>\n<div class=\"gallery-i-caption\"><\/div>\n<\/div>\n<div class=\"gallery-i\"><img src=\"https:\/\/cdn.oxu.az\/uploads\/W1siZiIsIjIwMjQvMDEvMTgvMTEvNDIvMzAvMTAzMDcyNTgtZTJhMC00YWExLWI5MGUtYzMyMWY5ZWI1ZWI2LzE3MDU1NjM1MjgyMDUxNzQ4ODY0XzEyMDB4NjMwLmpwZyJdLFsicCIsImVuY29kZSIsImpwZyIsIi1xdWFsaXR5IDgwIl0sWyJwIiwidGh1bWIiLCI1OTB4NTkwXHUwMDNlIl1d?sha=e15a7945a9e5ad7b\" alt=\"\" \/><\/p>\n<div class=\"gallery-i-caption\"><\/div>\n<\/div>\n<div class=\"gallery-i\"><img src=\"https:\/\/cdn.oxu.az\/uploads\/W1siZiIsIjIwMjQvMDEvMTgvMTEvNDIvMzAvNDRhM2ZjNGItMTMwOS00MjY5LThiY2QtODgxOWQ4ZDJjNjhlLzE3MDU1NjM1MjgyMjU5NjM0NzM1XzEyMDB4NjMwLmpwZyJdLFsicCIsImVuY29kZSIsImpwZyIsIi1xdWFsaXR5IDgwIl0sWyJwIiwidGh1bWIiLCI1OTB4NTkwXHUwMDNlIl1d?sha=7c3d91595528fb97\" alt=\"\" \/><\/p>\n<div class=\"gallery-i-caption\"><\/div>\n<\/div>\n<div class=\"gallery-i\"><img src=\"https:\/\/cdn.oxu.az\/uploads\/W1siZiIsIjIwMjQvMDEvMTgvMTEvNDIvNDYvMzdjNjdlYTktYTgyMi00ODkyLWI0Y2MtYzVkYTA1OTQ0NDQ4LzE3MDU1NjM1MjkzMDEyMTMzOTIyXzEyMDB4NjMwLmpwZyJdLFsicCIsImVuY29kZSIsImpwZyIsIi1xdWFsaXR5IDgwIl0sWyJwIiwidGh1bWIiLCI1OTB4NTkwXHUwMDNlIl1d?sha=3d470f522f1a6673\" alt=\"\" \/><\/div>\n<\/div>\n","protected":false},"excerpt":{"rendered":"<p>Az\u0259rbaycan Respublikas\u0131n\u0131n Prezidenti\u00a0\u0130lham \u018fliyev\u00a0yanvar\u0131n 18-d\u0259 Syerra-Leone Respublikas\u0131n\u0131n \u00f6lk\u0259miz\u0259 yeni t\u0259yin olunmu\u015f f\u00f6vq\u0259lad\u0259 v\u0259 s\u0259lahiyy\u0259tli s\u0259firi Alie Badara Kamaran\u0131n etimadnam\u0259sini q\u0259bul edib. Bu bar\u0259d\u0259\u00a0President.az\u00a0x\u0259b\u0259r verir. Qeyd olunur ki, s\u0259fir etimadnam\u0259sini Prezident \u0130lham \u018fliyev\u0259 t\u0259qdim edib. D\u00f6vl\u0259t ba\u015f\u00e7\u0131s\u0131 s\u0259firl\u0259 s\u00f6hb\u0259t edib. S\u0259fir ilk n\u00f6vb\u0259d\u0259 Syerra-Leone prezidentinin salamlar\u0131n\u0131 d\u00f6vl\u0259timizin ba\u015f\u00e7\u0131s\u0131na \u00e7atd\u0131r\u0131b. Prezident \u0130lham \u018fliyev salamlara g\u00f6r\u0259 minn\u0259tdarl\u0131\u011f\u0131n\u0131 bildirib, onun da salamlar\u0131n\u0131 Syerra-Leonenin d\u00f6vl\u0259t ba\u015f\u00e7\u0131s\u0131na \u00e7atd\u0131rma\u011f\u0131 xahi\u015f edib. G\u00f6r\u00fc\u015fd\u0259 ikit\u0259r\u0259fli \u0259m\u0259kda\u015fl\u0131\u011f\u0131n inki\u015faf perspektivl\u0259ri, Qo\u015fulmama H\u0259r\u0259kat\u0131 v\u0259 dig\u0259r beyn\u0259lxalq t\u0259\u015fkilatlar \u00e7\u0259r\u00e7iv\u0259sind\u0259 \u0259m\u0259kda\u015fl\u0131q il\u0259 ba\u011fl\u0131 fikir m\u00fcbadil\u0259si apar\u0131l\u0131b. Az\u0259rbaycan\u0131n yax\u0131n g\u00fcnl\u0259rd\u0259 Qo\u015fulmama H\u0259r\u0259kat\u0131na s\u0259drliyinin ba\u015fa \u00e7ataca\u011f\u0131n\u0131&hellip;<\/p>\n","protected":false},"author":2,"featured_media":681025,"comment_status":"closed","ping_status":"closed","sticky":false,"template":"","format":"standard","meta":{"om_disable_all_campaigns":false,"_monsterinsights_skip_tracking":false,"_monsterinsights_sitenote_active":false,"_monsterinsights_sitenote_note":"","_monsterinsights_sitenote_category":0},"categories":[4],"tags":[],"aioseo_notices":[],"gutentor_comment":0,"rttpg_featured_image_url":{"full":["https:\/\/arantv.az\/wp-content\/uploads\/2024\/01\/17055635285251437707_1200x630.jpg",620,413,false],"landscape":["https:\/\/arantv.az\/wp-content\/uploads\/2024\/01\/17055635285251437707_1200x630.jpg",620,413,false],"portraits":["https:\/\/arantv.az\/wp-content\/uploads\/2024\/01\/17055635285251437707_1200x630.jpg",620,413,false],"thumbnail":["https:\/\/arantv.az\/wp-content\/uploads\/2024\/01\/17055635285251437707_1200x630-500x280.jpg",500,280,true],"medium":["https:\/\/arantv.az\/wp-content\/uploads\/2024\/01\/17055635285251437707_1200x630-548x365.jpg",548,365,true],"large":["https:\/\/arantv.az\/wp-content\/uploads\/2024\/01\/17055635285251437707_1200x630.jpg",620,413,false],"1536x1536":["https:\/\/arantv.az\/wp-content\/uploads\/2024\/01\/17055635285251437707_1200x630.jpg",620,413,false],"2048x2048":["https:\/\/arantv.az\/wp-content\/uploads\/2024\/01\/17055635285251437707_1200x630.jpg",620,413,false],"post-thumbnail":["https:\/\/arantv.az\/wp-content\/uploads\/2024\/01\/17055635285251437707_1200x630-240x172.jpg",240,172,true],"advps-thumb-one":["https:\/\/arantv.az\/wp-content\/uploads\/2024\/01\/17055635285251437707_1200x630.jpg",620,413,false]},"rttpg_author":{"display_name":"V\u00fcsal Rafiqo\u011flu","author_link":"https:\/\/arantv.az\/?author=2"},"rttpg_comment":0,"rttpg_category":"<a href=\"https:\/\/arantv.az\/?cat=4\" rel=\"category\">Siyas\u0259t<\/a>","rttpg_excerpt":"Az\u0259rbaycan Respublikas\u0131n\u0131n Prezidenti\u00a0\u0130lham \u018fliyev\u00a0yanvar\u0131n 18-d\u0259 Syerra-Leone Respublikas\u0131n\u0131n \u00f6lk\u0259miz\u0259 yeni t\u0259yin olunmu\u015f f\u00f6vq\u0259lad\u0259 v\u0259 s\u0259lahiyy\u0259tli s\u0259firi Alie Badara Kamaran\u0131n etimadnam\u0259sini q\u0259bul edib. Bu bar\u0259d\u0259\u00a0President.az\u00a0x\u0259b\u0259r verir. Qeyd olunur ki, s\u0259fir etimadnam\u0259sini Prezident \u0130lham \u018fliyev\u0259 t\u0259qdim edib. D\u00f6vl\u0259t ba\u015f\u00e7\u0131s\u0131 s\u0259firl\u0259 s\u00f6hb\u0259t edib. S\u0259fir ilk n\u00f6vb\u0259d\u0259 Syerra-Leone prezidentinin salamlar\u0131n\u0131 d\u00f6vl\u0259timizin ba\u015f\u00e7\u0131s\u0131na \u00e7atd\u0131r\u0131b. Prezident \u0130lham \u018fliyev salamlara g\u00f6r\u0259 minn\u0259tdarl\u0131\u011f\u0131n\u0131 bildirib,&hellip;","_links":{"self":[{"href":"https:\/\/arantv.az\/index.php?rest_route=\/wp\/v2\/posts\/681097"}],"collection":[{"href":"https:\/\/arantv.az\/index.php?rest_route=\/wp\/v2\/posts"}],"about":[{"href":"https:\/\/arantv.az\/index.php?rest_route=\/wp\/v2\/types\/post"}],"author":[{"embeddable":true,"href":"https:\/\/arantv.az\/index.php?rest_route=\/wp\/v2\/users\/2"}],"replies":[{"embeddable":true,"href":"https:\/\/arantv.az\/index.php?rest_route=%2Fwp%2Fv2%2Fcomments&post=681097"}],"version-history":[{"count":0,"href":"https:\/\/arantv.az\/index.php?rest_route=\/wp\/v2\/posts\/681097\/revisions"}],"wp:featuredmedia":[{"embeddable":true,"href":"https:\/\/arantv.az\/index.php?rest_route=\/wp\/v2\/media\/681025"}],"wp:attachment":[{"href":"https:\/\/arantv.az\/index.php?rest_route=%2Fwp%2Fv2%2Fmedia&parent=681097"}],"wp:term":[{"taxonomy":"category","embeddable":true,"href":"https:\/\/arantv.az\/index.php?rest_route=%2Fwp%2Fv2%2Fcategories&post=681097"},{"taxonomy":"post_tag","embeddable":true,"href":"https:\/\/arantv.az\/index.php?rest_route=%2Fwp%2Fv2%2Ftags&post=681097"}],"curies":[{"name":"wp","href":"https:\/\/api.w.org\/{rel}","templated":true}]}}