{"id":681118,"date":"2024-01-18T14:56:14","date_gmt":"2024-01-18T10:56:14","guid":{"rendered":"https:\/\/arantv.az\/?p=681118"},"modified":"2024-01-18T14:56:14","modified_gmt":"2024-01-18T10:56:14","slug":"meyxanaci-samir%c9%99nin-qizi-xalq-artistinin-oglu-il%c9%99-evl%c9%99nirvideo","status":"publish","type":"post","link":"https:\/\/arantv.az\/?p=681118","title":{"rendered":"Meyxana\u00e7\u0131 Samir\u0259nin q\u0131z\u0131 Xalq artistinin o\u011flu il\u0259 evl\u0259nirV\u0130DEO"},"content":{"rendered":"<div class=\"text-content\" data-id=\"\" data-url=\"\">\n<p><strong>Meyxana\u00e7\u0131-m\u00fc\u011f\u0259nni Samir\u0259 Yusifq\u0131z\u0131 a\u00e7\u0131qlamas\u0131 il\u0259 diqq\u0259t \u00e7\u0259kib.<\/strong><\/p>\n<p>O, m\u00fc\u011f\u0259nni q\u0131z\u0131n\u0131n tezlikl\u0259 ail\u0259 quraca\u011f\u0131 x\u0259b\u0259rinin m\u00fcjd\u0259sini verib.<\/p>\n<p>&#8220;Tarixin bir g\u00fcn\u00fc&#8221; proqram\u0131n\u0131n qona\u011f\u0131 olan meyxana\u00e7\u0131 may ay\u0131n\u0131n 30-u bu xeyir i\u015fin ba\u015f tutaca\u011f\u0131n\u0131 a\u00e7\u0131qlay\u0131b.<\/p>\n<p>M\u0259lum olub ki b\u0259yin anas\u0131 Xalq artistidir.<\/p>\n<p>S\u00f6z\u00fcged\u0259n a\u00e7\u0131qlaman\u0131 t\u0259qdik edirik:\/\/News24.az<\/p>\n<p><iframe loading=\"lazy\" src=\"https:\/\/newstube.az\/embed\/162735\" width=\"670\" height=\"400\" frameborder=\"0\" allowfullscreen=\"allowfullscreen\" data-mce-fragment=\"1\"><\/iframe><\/p>\n<\/div>\n<div><\/div>\n<div>\n<div class=\"banner banner-6cdd60ea0045eb7a6ec44c54d29ed402\" data-banner=\"MTg0\"><\/div>\n<\/div>\n","protected":false},"excerpt":{"rendered":"<p>Meyxana\u00e7\u0131-m\u00fc\u011f\u0259nni Samir\u0259 Yusifq\u0131z\u0131 a\u00e7\u0131qlamas\u0131 il\u0259 diqq\u0259t \u00e7\u0259kib. O, m\u00fc\u011f\u0259nni q\u0131z\u0131n\u0131n tezlikl\u0259 ail\u0259 quraca\u011f\u0131 x\u0259b\u0259rinin m\u00fcjd\u0259sini verib. &#8220;Tarixin bir g\u00fcn\u00fc&#8221; proqram\u0131n\u0131n qona\u011f\u0131 olan meyxana\u00e7\u0131 may ay\u0131n\u0131n 30-u bu xeyir i\u015fin ba\u015f tutaca\u011f\u0131n\u0131 a\u00e7\u0131qlay\u0131b. M\u0259lum olub ki b\u0259yin anas\u0131 Xalq artistidir. S\u00f6z\u00fcged\u0259n a\u00e7\u0131qlaman\u0131 t\u0259qdik edirik:\/\/News24.az<\/p>\n","protected":false},"author":2,"featured_media":681119,"comment_status":"closed","ping_status":"closed","sticky":false,"template":"","format":"standard","meta":{"om_disable_all_campaigns":false,"_monsterinsights_skip_tracking":false,"_monsterinsights_sitenote_active":false,"_monsterinsights_sitenote_note":"","_monsterinsights_sitenote_category":0},"categories":[20],"tags":[],"aioseo_notices":[],"gutentor_comment":0,"rttpg_featured_image_url":{"full":["https:\/\/arantv.az\/wp-content\/uploads\/2024\/01\/8efb71a6bc7da64eff44c0ac5342b9a0.jpg",800,450,false],"landscape":["https:\/\/arantv.az\/wp-content\/uploads\/2024\/01\/8efb71a6bc7da64eff44c0ac5342b9a0.jpg",800,450,false],"portraits":["https:\/\/arantv.az\/wp-content\/uploads\/2024\/01\/8efb71a6bc7da64eff44c0ac5342b9a0.jpg",800,450,false],"thumbnail":["https:\/\/arantv.az\/wp-content\/uploads\/2024\/01\/8efb71a6bc7da64eff44c0ac5342b9a0-500x280.jpg",500,280,true],"medium":["https:\/\/arantv.az\/wp-content\/uploads\/2024\/01\/8efb71a6bc7da64eff44c0ac5342b9a0-649x365.jpg",649,365,true],"large":["https:\/\/arantv.az\/wp-content\/uploads\/2024\/01\/8efb71a6bc7da64eff44c0ac5342b9a0.jpg",640,360,false],"1536x1536":["https:\/\/arantv.az\/wp-content\/uploads\/2024\/01\/8efb71a6bc7da64eff44c0ac5342b9a0.jpg",800,450,false],"2048x2048":["https:\/\/arantv.az\/wp-content\/uploads\/2024\/01\/8efb71a6bc7da64eff44c0ac5342b9a0.jpg",800,450,false],"post-thumbnail":["https:\/\/arantv.az\/wp-content\/uploads\/2024\/01\/8efb71a6bc7da64eff44c0ac5342b9a0-240x172.jpg",240,172,true],"advps-thumb-one":["https:\/\/arantv.az\/wp-content\/uploads\/2024\/01\/8efb71a6bc7da64eff44c0ac5342b9a0.jpg",800,450,false]},"rttpg_author":{"display_name":"V\u00fcsal Rafiqo\u011flu","author_link":"https:\/\/arantv.az\/?author=2"},"rttpg_comment":0,"rttpg_category":"<a href=\"https:\/\/arantv.az\/?cat=20\" rel=\"category\">\u015eou biznes<\/a>","rttpg_excerpt":"Meyxana\u00e7\u0131-m\u00fc\u011f\u0259nni Samir\u0259 Yusifq\u0131z\u0131 a\u00e7\u0131qlamas\u0131 il\u0259 diqq\u0259t \u00e7\u0259kib. O, m\u00fc\u011f\u0259nni q\u0131z\u0131n\u0131n tezlikl\u0259 ail\u0259 quraca\u011f\u0131 x\u0259b\u0259rinin m\u00fcjd\u0259sini verib. &#8220;Tarixin bir g\u00fcn\u00fc&#8221; proqram\u0131n\u0131n qona\u011f\u0131 olan meyxana\u00e7\u0131 may ay\u0131n\u0131n 30-u bu xeyir i\u015fin ba\u015f tutaca\u011f\u0131n\u0131 a\u00e7\u0131qlay\u0131b. M\u0259lum olub ki b\u0259yin anas\u0131 Xalq artistidir. S\u00f6z\u00fcged\u0259n a\u00e7\u0131qlaman\u0131 t\u0259qdik edirik:\/\/News24.az","_links":{"self":[{"href":"https:\/\/arantv.az\/index.php?rest_route=\/wp\/v2\/posts\/681118"}],"collection":[{"href":"https:\/\/arantv.az\/index.php?rest_route=\/wp\/v2\/posts"}],"about":[{"href":"https:\/\/arantv.az\/index.php?rest_route=\/wp\/v2\/types\/post"}],"author":[{"embeddable":true,"href":"https:\/\/arantv.az\/index.php?rest_route=\/wp\/v2\/users\/2"}],"replies":[{"embeddable":true,"href":"https:\/\/arantv.az\/index.php?rest_route=%2Fwp%2Fv2%2Fcomments&post=681118"}],"version-history":[{"count":0,"href":"https:\/\/arantv.az\/index.php?rest_route=\/wp\/v2\/posts\/681118\/revisions"}],"wp:featuredmedia":[{"embeddable":true,"href":"https:\/\/arantv.az\/index.php?rest_route=\/wp\/v2\/media\/681119"}],"wp:attachment":[{"href":"https:\/\/arantv.az\/index.php?rest_route=%2Fwp%2Fv2%2Fmedia&parent=681118"}],"wp:term":[{"taxonomy":"category","embeddable":true,"href":"https:\/\/arantv.az\/index.php?rest_route=%2Fwp%2Fv2%2Fcategories&post=681118"},{"taxonomy":"post_tag","embeddable":true,"href":"https:\/\/arantv.az\/index.php?rest_route=%2Fwp%2Fv2%2Ftags&post=681118"}],"curies":[{"name":"wp","href":"https:\/\/api.w.org\/{rel}","templated":true}]}}