{"id":681121,"date":"2024-01-18T14:56:48","date_gmt":"2024-01-18T10:56:48","guid":{"rendered":"https:\/\/arantv.az\/?p=681121"},"modified":"2024-01-18T14:56:48","modified_gmt":"2024-01-18T10:56:48","slug":"bakidan-vasinqtona-s%c9%99fir-mesaji","status":"publish","type":"post","link":"https:\/\/arantv.az\/?p=681121","title":{"rendered":"Bak\u0131dan Va\u015finqtona s\u0259fir MESAJI"},"content":{"rendered":"<p><strong>Az\u0259rbaycan Respublikas\u0131n\u0131n Prezidenti \u0130lham \u018fliyev yanvar\u0131n 18-d\u0259 Amerika Birl\u0259\u015fmi\u015f \u015etatlar\u0131n\u0131n \u00f6lk\u0259mizd\u0259 yeni t\u0259yin olunmu\u015f f\u00f6vq\u0259lad\u0259 v\u0259 s\u0259lahiyy\u0259tli s\u0259firi Mark Libbinin etimadnam\u0259sini q\u0259bul edib.<\/strong><\/p>\n<p>Az\u0259rbaycan Prezidenti s\u0259firi yeni t\u0259yinat\u0131 m\u00fcnasib\u0259til\u0259 t\u0259brik edib, ona f\u0259aliyy\u0259tind\u0259 u\u011furlar arzulay\u0131b.<\/p>\n<p>S\u0259fir ikit\u0259r\u0259fli \u0259laq\u0259l\u0259rin inki\u015faf\u0131 \u00fc\u00e7\u00fcn s\u0259yl\u0259rini \u0259sirg\u0259m\u0259y\u0259c\u0259yini\u00a0bildirib.<\/p>\n<p>G\u00f6r\u00fc\u015fd\u0259 Az\u0259rbaycan il\u0259 AB\u015e aras\u0131nda m\u00fcxt\u0259lif sah\u0259l\u0259rd\u0259 m\u00fcnasib\u0259tl\u0259rin perspektivl\u0259rin\u0259, h\u0259m\u00e7inin beyn\u0259lxalq v\u0259 regional m\u0259s\u0259l\u0259l\u0259r\u0259 dair fikir m\u00fcbadil\u0259si apar\u0131l\u0131b. \u0130qtisadi, enerji sah\u0259l\u0259rind\u0259 v\u0259 iki \u00f6lk\u0259nin biznes dair\u0259l\u0259ri aras\u0131nda \u0259m\u0259kda\u015fl\u0131q m\u0259s\u0259l\u0259l\u0259rin\u0259 toxunulub.<\/p>\n<p>S\u00f6hb\u0259t zaman\u0131 Erm\u0259nistanla Az\u0259rbaycan aras\u0131nda m\u00fcnasib\u0259tl\u0259rin normalla\u015fd\u0131r\u0131lmas\u0131 v\u0259 s\u00fclh g\u00fcnd\u0259liyi bar\u0259d\u0259 fikir m\u00fcbadil\u0259si apar\u0131l\u0131b.<\/p>\n<p>AB\u015e s\u0259firi COP29-un bu il Az\u0259rbaycanda ke\u00e7irilm\u0259si m\u00fcnasib\u0259til\u0259 t\u0259brikl\u0259rini \u00e7atd\u0131r\u0131b.<\/p>\n<p>G\u00f6r\u00fc\u015fd\u0259 COP29 \u00e7\u0259r\u00e7iv\u0259sind\u0259 Az\u0259rbaycanla AB\u015e aras\u0131nda iqlim d\u0259yi\u015fikliyi m\u00f6vzusunda \u0259m\u0259kda\u015fl\u0131q imkanlar\u0131na da toxunulub.<\/p>\n<p>Yada salaq ki, s\u0259firin g\u0259ldiyi zaman AB\u015e v\u0259 Az\u0259rbaycan aras\u0131nda m\u00fcnasib\u0259tl\u0259r g\u0259rgin idi. Bel\u0259 ki, AB\u015e Konqresind\u0259 dinl\u0259m\u0259l\u0259r zaman\u0131 d\u00f6vl\u0259t katibinin k\u00f6m\u0259k\u00e7isi O&#8217;Brayen b\u0259yan etmi\u015fdi ki, Az\u0259rbaycan v\u0259 Erm\u0259nistan aras\u0131nda s\u00fclh sazi\u015fi ba\u011flanana q\u0259d\u0259r Va\u015finqton Bak\u0131 il\u0259 \u0259laq\u0259l\u0259ri dayand\u0131r\u0131r.<\/p>\n<p>Buna cavab olaraq Bak\u0131 AB\u015e-\u0131 USA\u0130D v\u0259 dig\u0259r donor t\u0259\u015fkilatlar\u0131 vasit\u0259sil\u0259 Az\u0259rbaycan \u0259leyhin\u0259 f\u0259aliyy\u0259t g\u00f6st\u0259rm\u0259kd\u0259 ittiham etdi. \u00d6t\u0259n il dekabr\u0131n 15-d\u0259 o, xarici i\u015fl\u0259r naziri Ceyhun Bayramova etimadnam\u0259sinin sur\u0259tini t\u0259qdim edib. Vyana Konvensiyas\u0131na g\u00f6r\u0259, etimadnam\u0259nin sur\u0259ti Xarici \u0130\u015fl\u0259r Nazirliyin\u0259 t\u0259qdim olunsa bel\u0259, d\u00f6vl\u0259t ba\u015f\u00e7\u0131s\u0131 etimadnam\u0259ni q\u0259bul etm\u0259yibs\u0259, s\u0259fir r\u0259smi\u00a0 f\u0259aliyy\u0259t\u0259 ba\u015flaya bilm\u0259z. Diplomatik n\u00fcmay\u0259nd\u0259nin etimadnam\u0259sinin d\u00f6vl\u0259t ba\u015f\u00e7\u0131s\u0131 t\u0259r\u0259find\u0259n q\u0259bulu proseduru uzad\u0131l\u0131rsa, bu, \u0259slind\u0259 s\u0259firin t\u0259msil etdiyi d\u00f6vl\u0259t\u0259 qar\u015f\u0131 etirazd\u0131r.<\/p>\n<p>AB\u015e-\u0131n Az\u0259rbaycana yeni t\u0259yin olunmu\u015f s\u0259firi Mark Libbi (Mark Libby) Az\u0259rbaycanda s\u0259fir kimi r\u0259smi i\u015fin\u0259 ba\u015flamaqdan \u015f\u0259r\u0259f duydu\u011funu bildirib.<\/p>\n<p>Bu bar\u0259d\u0259 s\u0259firliyin &#8220;X&#8221; hesab\u0131nda payla\u015f\u0131m edilib.<\/p>\n<p>\u201cM\u0259n AB\u015e-\u0131n Az\u0259rbaycandak\u0131 s\u0259firi kimi r\u0259smi i\u015fim\u0259 ba\u015flamaqdan \u015f\u0259r\u0259f duyuram. M\u0259n Az\u0259rbaycan\u0131 k\u0259\u015ff etm\u0259yi, Az\u0259rbaycan xalq\u0131 il\u0259 g\u00f6r\u00fc\u015fm\u0259yi v\u0259 \u00f6lk\u0259l\u0259rimiz aras\u0131nda \u0259laq\u0259l\u0259rin m\u00f6hk\u0259ml\u0259ndirilm\u0259si \u00fc\u00e7\u00fcn \u00e7al\u0131\u015fma\u011f\u0131 s\u0259birsizlikl\u0259 g\u00f6zl\u0259yir\u0259m\u201d,-\u0259lav\u0259 edilib.<\/p>\n<p><strong>Yuxar\u0131da da qeyd etdiyimiz kimi AB\u015e-\u0131n yeni s\u0259firi Az\u0259rbaycana dekabr\u0131n 2-d\u0259 g\u0259lib, amma etimadnam\u0259sinin q\u0259bul olunmas\u0131n\u0131 d\u00fcz 47 g\u00fcn g\u00f6zl\u0259m\u0259li oldu.<\/strong><\/p>\n<p>Y\u0259qin ki, AB\u015e bu yubanman\u0131n s\u0259b\u0259bl\u0259ri v\u0259 arxas\u0131nda duran mesaj\u0131 ba\u015fa d\u00fc\u015fd\u00fc. Maraql\u0131d\u0131r ki, Prezident \u0130lham \u018fliyev bu g\u00fcn AB\u015e s\u0259firinin etimadnam\u0259sini Seneqal v\u0259 Syerra-Leonenin yeni s\u0259firl\u0259rind\u0259n sonra q\u0259bul edib. Y\u0259ni \u00fc\u00e7\u00fcnc\u00fc. Bir t\u0259r\u0259fd\u0259n, t\u0259bii ki, Az\u0259rbaycan \u00fc\u00e7\u00fcn d\u00f6vl\u0259tin b\u00f6y\u00fck ya ki\u00e7ik olmas\u0131n\u0131n he\u00e7 bir f\u0259rqi yoxdur v\u0259 bel\u0259 m\u0259s\u0259l\u0259l\u0259rd\u0259 diplomatik praktikadan \u00e7\u0131x\u0131\u015f edirik. Amma y\u0259qin ki, AB\u015e s\u0259firinin Seneqal v\u0259 Syerra-Leone s\u0259firl\u0259rind\u0259n sonra olmas\u0131nda da diplomatik jest v\u0259 mesaj var. \u00dcmid edirik ki, mesaj \u00fcnvan\u0131na \u00e7atd\u0131.<\/p>\n<p><strong>\u201cAtlas\u201d Ara\u015fd\u0131rmalar M\u0259rk\u0259zinin r\u0259hb\u0259ri, politoloq Elxan \u015eahino\u011flu Musavat.com-a a\u00e7\u0131qlamas\u0131nda bildirib ki, Az\u0259rbaycan m\u00fcst\u0259qilliyini qazand\u0131qdan sonra AB\u015e il\u0259 s\u0131x \u0259m\u0259kda\u015fl\u0131q edib.<\/strong>\u00a0Ekspert enerji v\u0259 t\u0259hl\u00fck\u0259sizlik sah\u0259sind\u0259 \u0259m\u0259kda\u015fl\u0131\u011fa diqq\u0259t \u00e7\u0259k\u0259r\u0259k qeyd edib ki, AB\u015e-dak\u0131 erm\u0259nip\u0259r\u0259st dair\u0259l\u0259r h\u0259r zaman iki \u00f6lk\u0259 aras\u0131ndak\u0131 m\u00fcnasib\u0259tl\u0259r\u0259 m\u0259nfi t\u0259sir etm\u0259y\u0259 \u00e7al\u0131\u015f\u0131rlar:<\/p>\n<p>\u201cS\u00f6z\u00fcged\u0259n dair\u0259l\u0259r m\u00fcnasib\u0259tl\u0259r\u0259 D\u00f6vl\u0259t Departamentinin hesabatlar\u0131 vasit\u0259sil\u0259 t\u0259sir edibl\u0259r. AB\u015e C\u0259nubi Qafqazda rol almaq ist\u0259yir, amma D\u00f6vl\u0259t Departamenti anti-Az\u0259rbaycan m\u00f6vqeli a\u00e7\u0131qlamalar verir, hesabatlar yay\u0131l\u0131r. Bu, AB\u015e-\u0131n milli, t\u0259hl\u00fck\u0259sizlik maraqlar\u0131na ziddir. AB\u015e C\u0259nubi Qafqazda m\u00f6hk\u0259ml\u0259nm\u0259k ist\u0259yirs\u0259, Az\u0259rbaycanla \u0259laq\u0259l\u0259ri inki\u015faf etdirm\u0259lidir. Fransan anti-Az\u0259rbaycan m\u00f6vqeyind\u0259n \u00e7\u0131x\u0131\u015f etdiyi \u00fc\u00e7\u00fcn he\u00e7 zaman regionda m\u00f6hk\u0259ml\u0259n\u0259 bilm\u0259y\u0259c\u0259k. AB\u015e Fransan\u0131n yolunu getm\u0259k ist\u0259mirs\u0259, m\u00fcnasib\u0259tl\u0259ri inki\u015faf etdirm\u0259lidir. AB\u015e-\u0131n yeni s\u0259firinin etimadnam\u0259sinin gec q\u0259bul edilm\u0259si Bak\u0131n\u0131n Va\u015finqtona mesaj idi. Biz AB\u015e il\u0259 m\u00fcnasib\u0259tl\u0259ri g\u0259rginl\u0259\u015fdirm\u0259k ist\u0259mirik, \u0259m\u0259kda\u015fl\u0131qda maraql\u0131y\u0131q v\u0259 bunun qar\u015f\u0131l\u0131\u011f\u0131n\u0131 g\u00f6rm\u0259k ist\u0259yirik. Bu mesaj s\u0259firin etimadnam\u0259sinin q\u0259bul edilm\u0259si il\u0259 \u00e7atd\u0131r\u0131ld\u0131\u201d.<\/p>\n<p>&nbsp;<\/p>\n","protected":false},"excerpt":{"rendered":"<p>Az\u0259rbaycan Respublikas\u0131n\u0131n Prezidenti \u0130lham \u018fliyev yanvar\u0131n 18-d\u0259 Amerika Birl\u0259\u015fmi\u015f \u015etatlar\u0131n\u0131n \u00f6lk\u0259mizd\u0259 yeni t\u0259yin olunmu\u015f f\u00f6vq\u0259lad\u0259 v\u0259 s\u0259lahiyy\u0259tli s\u0259firi Mark Libbinin etimadnam\u0259sini q\u0259bul edib. Az\u0259rbaycan Prezidenti s\u0259firi yeni t\u0259yinat\u0131 m\u00fcnasib\u0259til\u0259 t\u0259brik edib, ona f\u0259aliyy\u0259tind\u0259 u\u011furlar arzulay\u0131b. S\u0259fir ikit\u0259r\u0259fli \u0259laq\u0259l\u0259rin inki\u015faf\u0131 \u00fc\u00e7\u00fcn s\u0259yl\u0259rini \u0259sirg\u0259m\u0259y\u0259c\u0259yini\u00a0bildirib. G\u00f6r\u00fc\u015fd\u0259 Az\u0259rbaycan il\u0259 AB\u015e aras\u0131nda m\u00fcxt\u0259lif sah\u0259l\u0259rd\u0259 m\u00fcnasib\u0259tl\u0259rin perspektivl\u0259rin\u0259, h\u0259m\u00e7inin beyn\u0259lxalq v\u0259 regional m\u0259s\u0259l\u0259l\u0259r\u0259 dair fikir m\u00fcbadil\u0259si apar\u0131l\u0131b. \u0130qtisadi, enerji sah\u0259l\u0259rind\u0259 v\u0259 iki \u00f6lk\u0259nin biznes dair\u0259l\u0259ri aras\u0131nda \u0259m\u0259kda\u015fl\u0131q m\u0259s\u0259l\u0259l\u0259rin\u0259 toxunulub. S\u00f6hb\u0259t zaman\u0131 Erm\u0259nistanla Az\u0259rbaycan aras\u0131nda m\u00fcnasib\u0259tl\u0259rin normalla\u015fd\u0131r\u0131lmas\u0131 v\u0259 s\u00fclh g\u00fcnd\u0259liyi bar\u0259d\u0259 fikir m\u00fcbadil\u0259si apar\u0131l\u0131b. AB\u015e s\u0259firi COP29-un bu&hellip;<\/p>\n","protected":false},"author":2,"featured_media":681122,"comment_status":"closed","ping_status":"closed","sticky":false,"template":"","format":"standard","meta":{"om_disable_all_campaigns":false,"_monsterinsights_skip_tracking":false,"_monsterinsights_sitenote_active":false,"_monsterinsights_sitenote_note":"","_monsterinsights_sitenote_category":0},"categories":[4],"tags":[],"aioseo_notices":[],"gutentor_comment":0,"rttpg_featured_image_url":{"full":["https:\/\/arantv.az\/wp-content\/uploads\/2024\/01\/fd75c2efa3a5fa1d0dc04d7607f7bcd7.jpg",700,350,false],"landscape":["https:\/\/arantv.az\/wp-content\/uploads\/2024\/01\/fd75c2efa3a5fa1d0dc04d7607f7bcd7.jpg",700,350,false],"portraits":["https:\/\/arantv.az\/wp-content\/uploads\/2024\/01\/fd75c2efa3a5fa1d0dc04d7607f7bcd7.jpg",700,350,false],"thumbnail":["https:\/\/arantv.az\/wp-content\/uploads\/2024\/01\/fd75c2efa3a5fa1d0dc04d7607f7bcd7-500x280.jpg",500,280,true],"medium":["https:\/\/arantv.az\/wp-content\/uploads\/2024\/01\/fd75c2efa3a5fa1d0dc04d7607f7bcd7-660x330.jpg",660,330,true],"large":["https:\/\/arantv.az\/wp-content\/uploads\/2024\/01\/fd75c2efa3a5fa1d0dc04d7607f7bcd7.jpg",640,320,false],"1536x1536":["https:\/\/arantv.az\/wp-content\/uploads\/2024\/01\/fd75c2efa3a5fa1d0dc04d7607f7bcd7.jpg",700,350,false],"2048x2048":["https:\/\/arantv.az\/wp-content\/uploads\/2024\/01\/fd75c2efa3a5fa1d0dc04d7607f7bcd7.jpg",700,350,false],"post-thumbnail":["https:\/\/arantv.az\/wp-content\/uploads\/2024\/01\/fd75c2efa3a5fa1d0dc04d7607f7bcd7-240x172.jpg",240,172,true],"advps-thumb-one":["https:\/\/arantv.az\/wp-content\/uploads\/2024\/01\/fd75c2efa3a5fa1d0dc04d7607f7bcd7.jpg",700,350,false]},"rttpg_author":{"display_name":"V\u00fcsal Rafiqo\u011flu","author_link":"https:\/\/arantv.az\/?author=2"},"rttpg_comment":0,"rttpg_category":"<a href=\"https:\/\/arantv.az\/?cat=4\" rel=\"category\">Siyas\u0259t<\/a>","rttpg_excerpt":"Az\u0259rbaycan Respublikas\u0131n\u0131n Prezidenti \u0130lham \u018fliyev yanvar\u0131n 18-d\u0259 Amerika Birl\u0259\u015fmi\u015f \u015etatlar\u0131n\u0131n \u00f6lk\u0259mizd\u0259 yeni t\u0259yin olunmu\u015f f\u00f6vq\u0259lad\u0259 v\u0259 s\u0259lahiyy\u0259tli s\u0259firi Mark Libbinin etimadnam\u0259sini q\u0259bul edib. Az\u0259rbaycan Prezidenti s\u0259firi yeni t\u0259yinat\u0131 m\u00fcnasib\u0259til\u0259 t\u0259brik edib, ona f\u0259aliyy\u0259tind\u0259 u\u011furlar arzulay\u0131b. S\u0259fir ikit\u0259r\u0259fli \u0259laq\u0259l\u0259rin inki\u015faf\u0131 \u00fc\u00e7\u00fcn s\u0259yl\u0259rini \u0259sirg\u0259m\u0259y\u0259c\u0259yini\u00a0bildirib. G\u00f6r\u00fc\u015fd\u0259 Az\u0259rbaycan il\u0259 AB\u015e aras\u0131nda m\u00fcxt\u0259lif sah\u0259l\u0259rd\u0259 m\u00fcnasib\u0259tl\u0259rin perspektivl\u0259rin\u0259, h\u0259m\u00e7inin beyn\u0259lxalq v\u0259 regional&hellip;","_links":{"self":[{"href":"https:\/\/arantv.az\/index.php?rest_route=\/wp\/v2\/posts\/681121"}],"collection":[{"href":"https:\/\/arantv.az\/index.php?rest_route=\/wp\/v2\/posts"}],"about":[{"href":"https:\/\/arantv.az\/index.php?rest_route=\/wp\/v2\/types\/post"}],"author":[{"embeddable":true,"href":"https:\/\/arantv.az\/index.php?rest_route=\/wp\/v2\/users\/2"}],"replies":[{"embeddable":true,"href":"https:\/\/arantv.az\/index.php?rest_route=%2Fwp%2Fv2%2Fcomments&post=681121"}],"version-history":[{"count":0,"href":"https:\/\/arantv.az\/index.php?rest_route=\/wp\/v2\/posts\/681121\/revisions"}],"wp:featuredmedia":[{"embeddable":true,"href":"https:\/\/arantv.az\/index.php?rest_route=\/wp\/v2\/media\/681122"}],"wp:attachment":[{"href":"https:\/\/arantv.az\/index.php?rest_route=%2Fwp%2Fv2%2Fmedia&parent=681121"}],"wp:term":[{"taxonomy":"category","embeddable":true,"href":"https:\/\/arantv.az\/index.php?rest_route=%2Fwp%2Fv2%2Fcategories&post=681121"},{"taxonomy":"post_tag","embeddable":true,"href":"https:\/\/arantv.az\/index.php?rest_route=%2Fwp%2Fv2%2Ftags&post=681121"}],"curies":[{"name":"wp","href":"https:\/\/api.w.org\/{rel}","templated":true}]}}