{"id":681233,"date":"2024-01-18T19:16:35","date_gmt":"2024-01-18T15:16:35","guid":{"rendered":"https:\/\/arantv.az\/?p=681233"},"modified":"2024-01-18T19:16:35","modified_gmt":"2024-01-18T15:16:35","slug":"insanlar-adlarini-niy%c9%99-d%c9%99yisdirirl%c9%99r-video","status":"publish","type":"post","link":"https:\/\/arantv.az\/?p=681233","title":{"rendered":"\u0130nsanlar adlar\u0131n\u0131 niy\u0259 d\u0259yi\u015fdirirl\u0259r? &#8211; V\u0130DEO"},"content":{"rendered":"<article class=\"news\">\n<div class=\"news-inner\">\n<p>Son zamanlar adlar\u0131n\u0131 d\u0259yi\u015fdirm\u0259k \u00fc\u00e7\u00fcn aidiyy\u0259ti qurumlara m\u00fcraci\u0259t ed\u0259nl\u0259r\u0259 tez-tez rast g\u0259linir. Buna\u00a0nail olanlar sevincl\u0259rini sosial \u015f\u0259b\u0259k\u0259l\u0259rd\u0259 d\u0259 b\u00f6l\u00fc\u015f\u00fcrl\u0259r.<\/p>\n<p>B\u0259zil\u0259ri inan\u0131rlar ki, yeni se\u00e7dikl\u0259ri ad onlara u\u011fur g\u0259tir\u0259c\u0259k. Bu is\u0259 ictimaiyy\u0259t t\u0259r\u0259find\u0259n birm\u0259nal\u0131 olaraq qar\u015f\u0131lanm\u0131r.<\/p>\n<p>Dil\u00e7ilik \u0130nstitutunun Terminologiya \u015f\u00f6b\u0259sinin m\u00fcdiri Sayal\u0131 Sad\u0131qova deyir ki, bel\u0259 insanlar\u0131n bir qismi x\u00fcsusi il\u0259 xarici adlar\u0131 g\u00f6t\u00fcrm\u0259k \u00fc\u00e7\u00fcn m\u00fcraci\u0259t edirl\u0259r.<\/p>\n<p>Daha \u0259trafl\u0131 X\u0259z\u0259r TV-nin s\u00fcjetind\u0259:<\/p>\n<div><iframe loading=\"lazy\" title=\"YouTube video player\" src=\"https:\/\/www.youtube.com\/embed\/XQ7vIDjsbu8?si=b41lYfncqQdU-hqS\" width=\"560\" height=\"315\" frameborder=\"0\" allowfullscreen=\"allowfullscreen\" data-mce-fragment=\"1\"><\/iframe><\/div>\n<\/div>\n<\/article>\n","protected":false},"excerpt":{"rendered":"<p>Son zamanlar adlar\u0131n\u0131 d\u0259yi\u015fdirm\u0259k \u00fc\u00e7\u00fcn aidiyy\u0259ti qurumlara m\u00fcraci\u0259t ed\u0259nl\u0259r\u0259 tez-tez rast g\u0259linir. Buna\u00a0nail olanlar sevincl\u0259rini sosial \u015f\u0259b\u0259k\u0259l\u0259rd\u0259 d\u0259 b\u00f6l\u00fc\u015f\u00fcrl\u0259r. B\u0259zil\u0259ri inan\u0131rlar ki, yeni se\u00e7dikl\u0259ri ad onlara u\u011fur g\u0259tir\u0259c\u0259k. Bu is\u0259 ictimaiyy\u0259t t\u0259r\u0259find\u0259n birm\u0259nal\u0131 olaraq qar\u015f\u0131lanm\u0131r. Dil\u00e7ilik \u0130nstitutunun Terminologiya \u015f\u00f6b\u0259sinin m\u00fcdiri Sayal\u0131 Sad\u0131qova deyir ki, bel\u0259 insanlar\u0131n bir qismi x\u00fcsusi il\u0259 xarici adlar\u0131 g\u00f6t\u00fcrm\u0259k \u00fc\u00e7\u00fcn m\u00fcraci\u0259t edirl\u0259r. Daha \u0259trafl\u0131 X\u0259z\u0259r TV-nin s\u00fcjetind\u0259:<\/p>\n","protected":false},"author":2,"featured_media":681234,"comment_status":"closed","ping_status":"closed","sticky":false,"template":"","format":"standard","meta":{"om_disable_all_campaigns":false,"_monsterinsights_skip_tracking":false,"_monsterinsights_sitenote_active":false,"_monsterinsights_sitenote_note":"","_monsterinsights_sitenote_category":0},"categories":[1],"tags":[],"aioseo_notices":[],"gutentor_comment":0,"rttpg_featured_image_url":{"full":["https:\/\/arantv.az\/wp-content\/uploads\/2024\/01\/718035.jpg",800,600,false],"landscape":["https:\/\/arantv.az\/wp-content\/uploads\/2024\/01\/718035.jpg",800,600,false],"portraits":["https:\/\/arantv.az\/wp-content\/uploads\/2024\/01\/718035.jpg",800,600,false],"thumbnail":["https:\/\/arantv.az\/wp-content\/uploads\/2024\/01\/718035-500x280.jpg",500,280,true],"medium":["https:\/\/arantv.az\/wp-content\/uploads\/2024\/01\/718035-487x365.jpg",487,365,true],"large":["https:\/\/arantv.az\/wp-content\/uploads\/2024\/01\/718035.jpg",640,480,false],"1536x1536":["https:\/\/arantv.az\/wp-content\/uploads\/2024\/01\/718035.jpg",800,600,false],"2048x2048":["https:\/\/arantv.az\/wp-content\/uploads\/2024\/01\/718035.jpg",800,600,false],"post-thumbnail":["https:\/\/arantv.az\/wp-content\/uploads\/2024\/01\/718035-240x172.jpg",240,172,true],"advps-thumb-one":["https:\/\/arantv.az\/wp-content\/uploads\/2024\/01\/718035.jpg",800,600,false]},"rttpg_author":{"display_name":"V\u00fcsal Rafiqo\u011flu","author_link":"https:\/\/arantv.az\/?author=2"},"rttpg_comment":0,"rttpg_category":"<a href=\"https:\/\/arantv.az\/?cat=1\" rel=\"category\">C\u0259miyy\u0259t<\/a>","rttpg_excerpt":"Son zamanlar adlar\u0131n\u0131 d\u0259yi\u015fdirm\u0259k \u00fc\u00e7\u00fcn aidiyy\u0259ti qurumlara m\u00fcraci\u0259t ed\u0259nl\u0259r\u0259 tez-tez rast g\u0259linir. Buna\u00a0nail olanlar sevincl\u0259rini sosial \u015f\u0259b\u0259k\u0259l\u0259rd\u0259 d\u0259 b\u00f6l\u00fc\u015f\u00fcrl\u0259r. B\u0259zil\u0259ri inan\u0131rlar ki, yeni se\u00e7dikl\u0259ri ad onlara u\u011fur g\u0259tir\u0259c\u0259k. Bu is\u0259 ictimaiyy\u0259t t\u0259r\u0259find\u0259n birm\u0259nal\u0131 olaraq qar\u015f\u0131lanm\u0131r. Dil\u00e7ilik \u0130nstitutunun Terminologiya \u015f\u00f6b\u0259sinin m\u00fcdiri Sayal\u0131 Sad\u0131qova deyir ki, bel\u0259 insanlar\u0131n bir qismi x\u00fcsusi il\u0259 xarici adlar\u0131 g\u00f6t\u00fcrm\u0259k \u00fc\u00e7\u00fcn m\u00fcraci\u0259t&hellip;","_links":{"self":[{"href":"https:\/\/arantv.az\/index.php?rest_route=\/wp\/v2\/posts\/681233"}],"collection":[{"href":"https:\/\/arantv.az\/index.php?rest_route=\/wp\/v2\/posts"}],"about":[{"href":"https:\/\/arantv.az\/index.php?rest_route=\/wp\/v2\/types\/post"}],"author":[{"embeddable":true,"href":"https:\/\/arantv.az\/index.php?rest_route=\/wp\/v2\/users\/2"}],"replies":[{"embeddable":true,"href":"https:\/\/arantv.az\/index.php?rest_route=%2Fwp%2Fv2%2Fcomments&post=681233"}],"version-history":[{"count":0,"href":"https:\/\/arantv.az\/index.php?rest_route=\/wp\/v2\/posts\/681233\/revisions"}],"wp:featuredmedia":[{"embeddable":true,"href":"https:\/\/arantv.az\/index.php?rest_route=\/wp\/v2\/media\/681234"}],"wp:attachment":[{"href":"https:\/\/arantv.az\/index.php?rest_route=%2Fwp%2Fv2%2Fmedia&parent=681233"}],"wp:term":[{"taxonomy":"category","embeddable":true,"href":"https:\/\/arantv.az\/index.php?rest_route=%2Fwp%2Fv2%2Fcategories&post=681233"},{"taxonomy":"post_tag","embeddable":true,"href":"https:\/\/arantv.az\/index.php?rest_route=%2Fwp%2Fv2%2Ftags&post=681233"}],"curies":[{"name":"wp","href":"https:\/\/api.w.org\/{rel}","templated":true}]}}