{"id":681464,"date":"2024-01-19T13:34:54","date_gmt":"2024-01-19T09:34:54","guid":{"rendered":"https:\/\/arantv.az\/?p=681464"},"modified":"2024-01-19T13:34:54","modified_gmt":"2024-01-19T09:34:54","slug":"ceyhun-bayramov-uqanda-prezidenti-il%c9%99-gorusub-yenil%c9%99nib-foto","status":"publish","type":"post","link":"https:\/\/arantv.az\/?p=681464","title":{"rendered":"Ceyhun Bayramov Uqanda prezidenti il\u0259 g\u00f6r\u00fc\u015f\u00fcb &#8211; YEN\u0130L\u018fN\u0130B + FOTO"},"content":{"rendered":"<p>18 yanvar 2023-c\u00fc il tarixind\u0259 xarici i\u015fl\u0259r naziri Ceyhun Bayramov Qo\u015fulmama H\u0259r\u0259kat\u0131n\u0131n d\u00f6vl\u0259t v\u0259 h\u00f6kum\u0259t ba\u015f\u00e7\u0131lar\u0131n\u0131n 19-cu zirv\u0259 g\u00f6r\u00fc\u015f\u00fcnd\u0259 i\u015ftirak m\u0259qs\u0259dil\u0259 Uqanda Respublikas\u0131na s\u0259f\u0259ri \u00e7\u0259r\u00e7iv\u0259sind\u0259 bu \u00f6lk\u0259nin prezidenti Yoveri Kaquta Museveni il\u0259 g\u00f6r\u00fc\u015f\u00fcb.<\/p>\n<p>Bu bar\u0259d\u0259 Xarici \u0130\u015fl\u0259r Nazirliyind\u0259n (X\u0130N) m\u0259lumat verilib.<\/p>\n<p>G\u00f6r\u00fc\u015f zaman\u0131 Az\u0259rbaycan Respublikas\u0131n\u0131n Qo\u015fulmama H\u0259r\u0259kat\u0131nda s\u0259drliyin Uqandaya t\u0259hvil verilm\u0259si x\u00fcsusunda t\u0259brikl\u0259ri Uqandan\u0131n d\u00f6vl\u0259t ba\u015f\u00e7\u0131s\u0131na \u00e7atd\u0131r\u0131l\u0131b, Az\u0259rbaycan\u0131n \u00f6z s\u0259drlik t\u0259cr\u00fcb\u0259sinin Uqanda t\u0259r\u0259fi il\u0259 b\u00f6l\u00fc\u015fm\u0259y\u0259 haz\u0131r oldu\u011fu bildirilib.<\/p>\n<p>G\u00f6r\u00fc\u015fd\u0259 iki d\u00f6vl\u0259t aras\u0131nda siyasi m\u00fcnasib\u0259tl\u0259rin m\u00fcxt\u0259lif istiqam\u0259tl\u0259ri \u00fczr\u0259 \u0259sas g\u00fcnd\u0259m m\u00f6vzular\u0131 \u0259traf\u0131nda fikir m\u00fcbadil\u0259si apar\u0131l\u0131b v\u0259 \u0259laq\u0259l\u0259rin haz\u0131rk\u0131 s\u0259viyy\u0259sind\u0259n m\u0259mnunluq ifad\u0259 olunub.<\/p>\n<p>H\u0259m ikit\u0259r\u0259fli \u0259sasda, h\u0259m d\u0259 BMT, Qo\u015fulmama H\u0259r\u0259kat\u0131 v\u0259 dig\u0259r \u00e7oxt\u0259r\u0259fli \u0259m\u0259kda\u015fl\u0131q platformalar\u0131 \u00e7\u0259r\u00e7iv\u0259sind\u0259 \u0259h\u0259miyy\u0259tli m\u0259s\u0259l\u0259l\u0259r \u00fczr\u0259 \u0259laq\u0259l\u0259ndirm\u0259 v\u0259 qar\u015f\u0131l\u0131ql\u0131 d\u0259st\u0259k t\u0259cr\u00fcb\u0259sinin davam etdirilm\u0259sinin \u00f6n\u0259mi vur\u011fulan\u0131b.<\/p>\n<p>Az\u0259rbaycan-Uqanda ikit\u0259r\u0259fli \u0259laq\u0259l\u0259rinin inki\u015faf\u0131, iqtisadi, sosial v\u0259 humanitar sah\u0259l\u0259rd\u0259 t\u0259maslar\u0131n v\u0259 i\u015fg\u00fczar m\u00fcnasib\u0259tl\u0259rin intensivl\u0259\u015fdirilm\u0259sin\u0259 dair h\u0259mfikirlik ifad\u0259 olunub.<\/p>\n<p>G\u00f6r\u00fc\u015f zaman\u0131, Erm\u0259nistan\u0131n \u00f6lk\u0259miz\u0259 qar\u015f\u0131 t\u0259cav\u00fcz\u00fc, qa\u00e7q\u0131n v\u0259 m\u0259cburi k\u00f6\u00e7k\u00fcn problemin\u0259 toxunularaq, ke\u00e7mi\u015f m\u00fcnaqi\u015f\u0259nin tarix\u00e7\u0259si bar\u0259d\u0259 qar\u015f\u0131 t\u0259r\u0259f\u0259 \u0259trafl\u0131 m\u0259lumat verilib. \u018frazi b\u00fct\u00f6vl\u00fcy\u00fcm\u00fcz\u00fcn v\u0259 suverenliyimizin b\u0259rpas\u0131 il\u0259 n\u0259tic\u0259l\u0259nmi\u015f 44 g\u00fcnl\u00fck V\u0259t\u0259n m\u00fcharib\u0259sini v\u0259 sonrak\u0131 q\u0131sam\u00fcdd\u0259tli antiterror t\u0259dbirl\u0259rini \u015f\u0259rtl\u0259ndir\u0259n amill\u0259rd\u0259n b\u0259hs olunub. Post-m\u00fcnaqi\u015f\u0259 d\u00f6vr\u00fcnd\u0259 b\u00f6lg\u0259d\u0259 m\u00f6vcud v\u0259ziyy\u0259t bar\u0259d\u0259 dan\u0131\u015f\u0131l\u0131b.<\/p>\n<p>G\u00f6r\u00fc\u015fd\u0259, habel\u0259 qar\u015f\u0131l\u0131ql\u0131 maraq do\u011furan dig\u0259r m\u0259s\u0259l\u0259l\u0259r \u0259traf\u0131nda fikir m\u00fcbadil\u0259si apar\u0131l\u0131b.<\/p>\n<p><strong>12:48<\/strong><\/p>\n<p>Uqandaya i\u015fg\u00fczar s\u0259f\u0259ri \u00e7\u0259r\u00e7iv\u0259sind\u0259 Az\u0259rbaycan\u0131n xarici i\u015fl\u0259r naziri Ceyhun Bayramov bu \u00f6lk\u0259nin Prezidenti Kaquta Museveni il\u0259 g\u00f6r\u00fc\u015f\u00fcb.<\/p>\n<p>Bu bar\u0259d\u0259 Xarici \u0130\u015fl\u0259r Nazirliyinin \u201cX\u201d hesab\u0131nda payla\u015f\u0131m edilib.<\/p>\n<p>Bildirilib ki, g\u00f6r\u00fc\u015f zaman\u0131 iki \u00f6lk\u0259 aras\u0131nda \u00e7oxt\u0259r\u0259fli \u0259m\u0259kda\u015fl\u0131q g\u00fcnd\u0259liyi v\u0259 Qo\u015fulmama H\u0259r\u0259kat\u0131 \u00dc\u00e7l\u00fcy\u00fc \u00e7\u0259r\u00e7iv\u0259sind\u0259 g\u0259l\u0259c\u0259k planlar m\u00fczakir\u0259 edilib.<\/p>\n<div>\n<div class=\"twitter-tweet twitter-tweet-rendered\"><iframe id=\"twitter-widget-0\" class=\"\" title=\"X Post\" src=\"https:\/\/platform.twitter.com\/embed\/Tweet.html?creatorScreenName=oxuaz&amp;dnt=false&amp;embedId=twitter-widget-0&amp;features=eyJ0ZndfdGltZWxpbmVfbGlzdCI6eyJidWNrZXQiOltdLCJ2ZXJzaW9uIjpudWxsfSwidGZ3X2ZvbGxvd2VyX2NvdW50X3N1bnNldCI6eyJidWNrZXQiOnRydWUsInZlcnNpb24iOm51bGx9LCJ0ZndfdHdlZXRfZWRpdF9iYWNrZW5kIjp7ImJ1Y2tldCI6Im9uIiwidmVyc2lvbiI6bnVsbH0sInRmd19yZWZzcmNfc2Vzc2lvbiI6eyJidWNrZXQiOiJvbiIsInZlcnNpb24iOm51bGx9LCJ0ZndfZm9zbnJfc29mdF9pbnRlcnZlbnRpb25zX2VuYWJsZWQiOnsiYnVja2V0Ijoib24iLCJ2ZXJzaW9uIjpudWxsfSwidGZ3X21peGVkX21lZGlhXzE1ODk3Ijp7ImJ1Y2tldCI6InRyZWF0bWVudCIsInZlcnNpb24iOm51bGx9LCJ0ZndfZXhwZXJpbWVudHNfY29va2llX2V4cGlyYXRpb24iOnsiYnVja2V0IjoxMjA5NjAwLCJ2ZXJzaW9uIjpudWxsfSwidGZ3X3Nob3dfYmlyZHdhdGNoX3Bpdm90c19lbmFibGVkIjp7ImJ1Y2tldCI6Im9uIiwidmVyc2lvbiI6bnVsbH0sInRmd19kdXBsaWNhdGVfc2NyaWJlc190b19zZXR0aW5ncyI6eyJidWNrZXQiOiJvbiIsInZlcnNpb24iOm51bGx9LCJ0ZndfdXNlX3Byb2ZpbGVfaW1hZ2Vfc2hhcGVfZW5hYmxlZCI6eyJidWNrZXQiOiJvbiIsInZlcnNpb24iOm51bGx9LCJ0ZndfdmlkZW9faGxzX2R5bmFtaWNfbWFuaWZlc3RzXzE1MDgyIjp7ImJ1Y2tldCI6InRydWVfYml0cmF0ZSIsInZlcnNpb24iOm51bGx9LCJ0ZndfbGVnYWN5X3RpbWVsaW5lX3N1bnNldCI6eyJidWNrZXQiOnRydWUsInZlcnNpb24iOm51bGx9LCJ0ZndfdHdlZXRfZWRpdF9mcm9udGVuZCI6eyJidWNrZXQiOiJvbiIsInZlcnNpb24iOm51bGx9fQ%3D%3D&amp;frame=false&amp;hideCard=false&amp;hideThread=false&amp;id=1748263119573389468&amp;lang=en&amp;origin=https%3A%2F%2Foxu.az%2Fpolitics%2F828479&amp;sessionId=d543565e0f0861952943cff22e3d3ba96a47540a&amp;siteScreenName=oxuaz&amp;theme=light&amp;widgetsVersion=2615f7e52b7e0%3A1702314776716&amp;width=550px\" frameborder=\"0\" scrolling=\"no\" allowfullscreen=\"allowfullscreen\" data-tweet-id=\"1748263119573389468\" data-mce-fragment=\"1\"><\/iframe><\/div>\n<\/div>\n<p>&nbsp;<\/p>\n","protected":false},"excerpt":{"rendered":"<p>18 yanvar 2023-c\u00fc il tarixind\u0259 xarici i\u015fl\u0259r naziri Ceyhun Bayramov Qo\u015fulmama H\u0259r\u0259kat\u0131n\u0131n d\u00f6vl\u0259t v\u0259 h\u00f6kum\u0259t ba\u015f\u00e7\u0131lar\u0131n\u0131n 19-cu zirv\u0259 g\u00f6r\u00fc\u015f\u00fcnd\u0259 i\u015ftirak m\u0259qs\u0259dil\u0259 Uqanda Respublikas\u0131na s\u0259f\u0259ri \u00e7\u0259r\u00e7iv\u0259sind\u0259 bu \u00f6lk\u0259nin prezidenti Yoveri Kaquta Museveni il\u0259 g\u00f6r\u00fc\u015f\u00fcb. Bu bar\u0259d\u0259 Xarici \u0130\u015fl\u0259r Nazirliyind\u0259n (X\u0130N) m\u0259lumat verilib. G\u00f6r\u00fc\u015f zaman\u0131 Az\u0259rbaycan Respublikas\u0131n\u0131n Qo\u015fulmama H\u0259r\u0259kat\u0131nda s\u0259drliyin Uqandaya t\u0259hvil verilm\u0259si x\u00fcsusunda t\u0259brikl\u0259ri Uqandan\u0131n d\u00f6vl\u0259t ba\u015f\u00e7\u0131s\u0131na \u00e7atd\u0131r\u0131l\u0131b, Az\u0259rbaycan\u0131n \u00f6z s\u0259drlik t\u0259cr\u00fcb\u0259sinin Uqanda t\u0259r\u0259fi il\u0259 b\u00f6l\u00fc\u015fm\u0259y\u0259 haz\u0131r oldu\u011fu bildirilib. G\u00f6r\u00fc\u015fd\u0259 iki d\u00f6vl\u0259t aras\u0131nda siyasi m\u00fcnasib\u0259tl\u0259rin m\u00fcxt\u0259lif istiqam\u0259tl\u0259ri \u00fczr\u0259 \u0259sas g\u00fcnd\u0259m m\u00f6vzular\u0131 \u0259traf\u0131nda fikir m\u00fcbadil\u0259si apar\u0131l\u0131b v\u0259 \u0259laq\u0259l\u0259rin haz\u0131rk\u0131 s\u0259viyy\u0259sind\u0259n m\u0259mnunluq ifad\u0259&hellip;<\/p>\n","protected":false},"author":2,"featured_media":681440,"comment_status":"closed","ping_status":"closed","sticky":false,"template":"","format":"standard","meta":{"om_disable_all_campaigns":false,"_monsterinsights_skip_tracking":false,"_monsterinsights_sitenote_active":false,"_monsterinsights_sitenote_note":"","_monsterinsights_sitenote_category":0},"categories":[4],"tags":[],"aioseo_notices":[],"gutentor_comment":0,"rttpg_featured_image_url":{"full":["https:\/\/arantv.az\/wp-content\/uploads\/2024\/01\/000fbea7-c5a4-32ef-bb85-8cde041a964f_850.jpg",620,413,false],"landscape":["https:\/\/arantv.az\/wp-content\/uploads\/2024\/01\/000fbea7-c5a4-32ef-bb85-8cde041a964f_850.jpg",620,413,false],"portraits":["https:\/\/arantv.az\/wp-content\/uploads\/2024\/01\/000fbea7-c5a4-32ef-bb85-8cde041a964f_850.jpg",620,413,false],"thumbnail":["https:\/\/arantv.az\/wp-content\/uploads\/2024\/01\/000fbea7-c5a4-32ef-bb85-8cde041a964f_850-500x280.jpg",500,280,true],"medium":["https:\/\/arantv.az\/wp-content\/uploads\/2024\/01\/000fbea7-c5a4-32ef-bb85-8cde041a964f_850-548x365.jpg",548,365,true],"large":["https:\/\/arantv.az\/wp-content\/uploads\/2024\/01\/000fbea7-c5a4-32ef-bb85-8cde041a964f_850.jpg",620,413,false],"1536x1536":["https:\/\/arantv.az\/wp-content\/uploads\/2024\/01\/000fbea7-c5a4-32ef-bb85-8cde041a964f_850.jpg",620,413,false],"2048x2048":["https:\/\/arantv.az\/wp-content\/uploads\/2024\/01\/000fbea7-c5a4-32ef-bb85-8cde041a964f_850.jpg",620,413,false],"post-thumbnail":["https:\/\/arantv.az\/wp-content\/uploads\/2024\/01\/000fbea7-c5a4-32ef-bb85-8cde041a964f_850-240x172.jpg",240,172,true],"advps-thumb-one":["https:\/\/arantv.az\/wp-content\/uploads\/2024\/01\/000fbea7-c5a4-32ef-bb85-8cde041a964f_850.jpg",620,413,false]},"rttpg_author":{"display_name":"V\u00fcsal Rafiqo\u011flu","author_link":"https:\/\/arantv.az\/?author=2"},"rttpg_comment":0,"rttpg_category":"<a href=\"https:\/\/arantv.az\/?cat=4\" rel=\"category\">Siyas\u0259t<\/a>","rttpg_excerpt":"18 yanvar 2023-c\u00fc il tarixind\u0259 xarici i\u015fl\u0259r naziri Ceyhun Bayramov Qo\u015fulmama H\u0259r\u0259kat\u0131n\u0131n d\u00f6vl\u0259t v\u0259 h\u00f6kum\u0259t ba\u015f\u00e7\u0131lar\u0131n\u0131n 19-cu zirv\u0259 g\u00f6r\u00fc\u015f\u00fcnd\u0259 i\u015ftirak m\u0259qs\u0259dil\u0259 Uqanda Respublikas\u0131na s\u0259f\u0259ri \u00e7\u0259r\u00e7iv\u0259sind\u0259 bu \u00f6lk\u0259nin prezidenti Yoveri Kaquta Museveni il\u0259 g\u00f6r\u00fc\u015f\u00fcb. Bu bar\u0259d\u0259 Xarici \u0130\u015fl\u0259r Nazirliyind\u0259n (X\u0130N) m\u0259lumat verilib. G\u00f6r\u00fc\u015f zaman\u0131 Az\u0259rbaycan Respublikas\u0131n\u0131n Qo\u015fulmama H\u0259r\u0259kat\u0131nda s\u0259drliyin Uqandaya t\u0259hvil verilm\u0259si x\u00fcsusunda t\u0259brikl\u0259ri Uqandan\u0131n d\u00f6vl\u0259t&hellip;","_links":{"self":[{"href":"https:\/\/arantv.az\/index.php?rest_route=\/wp\/v2\/posts\/681464"}],"collection":[{"href":"https:\/\/arantv.az\/index.php?rest_route=\/wp\/v2\/posts"}],"about":[{"href":"https:\/\/arantv.az\/index.php?rest_route=\/wp\/v2\/types\/post"}],"author":[{"embeddable":true,"href":"https:\/\/arantv.az\/index.php?rest_route=\/wp\/v2\/users\/2"}],"replies":[{"embeddable":true,"href":"https:\/\/arantv.az\/index.php?rest_route=%2Fwp%2Fv2%2Fcomments&post=681464"}],"version-history":[{"count":0,"href":"https:\/\/arantv.az\/index.php?rest_route=\/wp\/v2\/posts\/681464\/revisions"}],"wp:featuredmedia":[{"embeddable":true,"href":"https:\/\/arantv.az\/index.php?rest_route=\/wp\/v2\/media\/681440"}],"wp:attachment":[{"href":"https:\/\/arantv.az\/index.php?rest_route=%2Fwp%2Fv2%2Fmedia&parent=681464"}],"wp:term":[{"taxonomy":"category","embeddable":true,"href":"https:\/\/arantv.az\/index.php?rest_route=%2Fwp%2Fv2%2Fcategories&post=681464"},{"taxonomy":"post_tag","embeddable":true,"href":"https:\/\/arantv.az\/index.php?rest_route=%2Fwp%2Fv2%2Ftags&post=681464"}],"curies":[{"name":"wp","href":"https:\/\/api.w.org\/{rel}","templated":true}]}}