{"id":681466,"date":"2024-01-19T13:35:26","date_gmt":"2024-01-19T09:35:26","guid":{"rendered":"https:\/\/arantv.az\/?p=681466"},"modified":"2024-01-19T13:35:26","modified_gmt":"2024-01-19T09:35:26","slug":"az%c9%99rbaycanlilarin-nat%c9%99vanin-heyk%c9%99lin%c9%99-edil%c9%99n-vandalizm%c9%99-qarsi-etirazi-fransa-m%c9%99tbuatinda-d%c9%99rc-olunub","status":"publish","type":"post","link":"https:\/\/arantv.az\/?p=681466","title":{"rendered":"Az\u0259rbaycanl\u0131lar\u0131n Nat\u0259van\u0131n heyk\u0259lin\u0259 edil\u0259n vandalizm\u0259 qar\u015f\u0131 etiraz\u0131 Fransa m\u0259tbuat\u0131nda d\u0259rc olunub"},"content":{"rendered":"<p>Fransan\u0131n bir s\u0131ra K\u0130V-ind\u0259 az\u0259rbaycanl\u0131 \u015fair\u0259 Xur\u015fidbanu Nat\u0259van\u0131n Evian \u015f\u0259h\u0259rind\u0259 ucald\u0131lm\u0131\u015f heyk\u0259lin\u0259 edil\u0259n vandalizm\u0259 qar\u015f\u0131 az\u0259rbaycanl\u0131lar\u0131n etiraz aksiyalar\u0131 il\u0259 ba\u011fl\u0131 yaz\u0131lar d\u0259rc olunub. X\u00fcsusil\u0259 d\u0259, bununla ba\u011fl\u0131\u00a0<a href=\"https:\/\/www.ledauphine.com\/politique\/2024\/01\/17\/la-statue-de-la-poetesse-azerbaidjanaise-degradee-la-polemique-enfle\" target=\"_blank\" rel=\"noopener\">\u201cLe Dauphine Lib\u00e9r\u00e9\u201d<\/a>\u00a0v\u0259\u00a0<a href=\"https:\/\/www.lemessager.fr\/649310490\/article\/2024-01-18\/evian-la-statue-de-la-poetesse-azerbaidjanaise-degradee\" target=\"_blank\" rel=\"noopener\">\u201cLe Messager\u201d<\/a>\u00a0q\u0259zetl\u0259rind\u0259 m\u0259qal\u0259l\u0259r d\u0259rc edilib.<\/p>\n<p>K\u0130V-in yayd\u0131\u011f\u0131 m\u0259lumata g\u00f6r\u0259, yanvar\u0131n 13-d\u0259 Az\u0259rbaycan icmas\u0131n\u0131n 20-y\u0259 yax\u0131n \u00fczv\u00fc Evian \u015f\u0259h\u0259rind\u0259 Xur\u015fidbanu Nat\u0259van\u0131n heyk\u0259li \u00f6n\u00fcn\u0259 topla\u015f\u0131b. Mitinq \u015fair\u0259nin heyk\u0259linin plastik \u00f6rt\u00fckl\u0259 ba\u011flanmas\u0131ndan\u00a0bir ne\u00e7\u0259 h\u0259ft\u0259 sonra ba\u015f tutub v\u0259 Evianla \u0130smay\u0131ll\u0131n\u0131n qarda\u015f \u015f\u0259h\u0259r m\u00fcnasib\u0259ti \u015f\u00fcbh\u0259 alt\u0131na al\u0131n\u0131b.<\/p>\n<p>Qeyd olunan\u00a0m\u0259qal\u0259l\u0259rd\u0259 bildirilib\u00a0ki, 2015-ci ild\u0259 Evian \u015f\u0259h\u0259rinin meri M.Fransina \u0130smay\u0131ll\u0131 il\u0259 dostluq v\u0259 \u0259m\u0259kda\u015fl\u0131q xartiyas\u0131 imzalay\u0131b. \u0130ki \u015f\u0259h\u0259r aras\u0131nda dostluq \u0259lam\u0259ti olaraq ba\u011f sal\u0131n\u0131b. Dostluq nizamnam\u0259sin\u0259 uy\u011fun olaraq, Az\u0259rbaycan \u015f\u0259h\u0259ri \u015fair\u0259 X.Nat\u0259van\u0131n heyk\u0259lini ba\u011f\u0131\u015flay\u0131b. Lakin dekabr\u0131n sonunda heyk\u0259l vandalizm akt\u0131na m\u0259ruz qal\u0131b v\u0259 beyn\u0259lxalq konteksti n\u0259z\u0259r\u0259 alaraq bu, g\u00fccl\u00fc siyasi m\u0259zmun qazan\u0131b, baxmayaraq ki, xidm\u0259tin ba\u015f direktoru Eviana E.Parizonun s\u00f6zl\u0259rin\u0259 g\u00f6r\u0259, he\u00e7 kim m\u0259suliyy\u0259ti \u00f6z \u00fcz\u0259rin\u0259 g\u00f6t\u00fcrm\u0259yib.<\/p>\n<p>\u201c\u015e\u0259h\u0259r bununla ba\u011fl\u0131 \u015fikay\u0259t edib, ara\u015fd\u0131rma apar\u0131l\u0131r. Bu hadis\u0259 yerli s\u0259viyy\u0259d\u0259 faktiki olaraq diqq\u0259td\u0259n k\u0259narda qalsa da, onsuz da Fransa il\u0259 m\u00fcnasib\u0259tl\u0259rin korlanmas\u0131ndan \u00e7ox yazan Az\u0259rbaycan m\u0259tbuat\u0131nda b\u00f6y\u00fck \u0259ks-s\u0259da do\u011furdu. S\u00f6hb\u0259t mahiyy\u0259t etibar\u0131 il\u0259 Evianla \u0130smay\u0131ll\u0131 \u015f\u0259h\u0259ri aras\u0131nda imzalanm\u0131\u015f dostluq xartiyas\u0131n\u0131n f\u0259aliyy\u0259tinin dayand\u0131r\u0131lmas\u0131ndan, heyk\u0259lin yerl\u0259\u015fdiyi \u0259razid\u0259n \u201cAz\u0259rbaycan ba\u011f\u0131\u201d l\u00f6vh\u0259sinin g\u00f6t\u00fcr\u00fclm\u0259sind\u0259n gedir. Abid\u0259nin \u00f6z\u00fc is\u0259 \u015fair\u0259nin azad qad\u0131n kimi tan\u0131nmas\u0131 \u0259sas\u0131 il\u0259 saxlan\u0131l\u0131b\u201d, &#8211; dey\u0259 Fransa m\u0259tbuat\u0131 yaz\u0131r.<\/p>\n","protected":false},"excerpt":{"rendered":"<p>Fransan\u0131n bir s\u0131ra K\u0130V-ind\u0259 az\u0259rbaycanl\u0131 \u015fair\u0259 Xur\u015fidbanu Nat\u0259van\u0131n Evian \u015f\u0259h\u0259rind\u0259 ucald\u0131lm\u0131\u015f heyk\u0259lin\u0259 edil\u0259n vandalizm\u0259 qar\u015f\u0131 az\u0259rbaycanl\u0131lar\u0131n etiraz aksiyalar\u0131 il\u0259 ba\u011fl\u0131 yaz\u0131lar d\u0259rc olunub. X\u00fcsusil\u0259 d\u0259, bununla ba\u011fl\u0131\u00a0\u201cLe Dauphine Lib\u00e9r\u00e9\u201d\u00a0v\u0259\u00a0\u201cLe Messager\u201d\u00a0q\u0259zetl\u0259rind\u0259 m\u0259qal\u0259l\u0259r d\u0259rc edilib. K\u0130V-in yayd\u0131\u011f\u0131 m\u0259lumata g\u00f6r\u0259, yanvar\u0131n 13-d\u0259 Az\u0259rbaycan icmas\u0131n\u0131n 20-y\u0259 yax\u0131n \u00fczv\u00fc Evian \u015f\u0259h\u0259rind\u0259 Xur\u015fidbanu Nat\u0259van\u0131n heyk\u0259li \u00f6n\u00fcn\u0259 topla\u015f\u0131b. Mitinq \u015fair\u0259nin heyk\u0259linin plastik \u00f6rt\u00fckl\u0259 ba\u011flanmas\u0131ndan\u00a0bir ne\u00e7\u0259 h\u0259ft\u0259 sonra ba\u015f tutub v\u0259 Evianla \u0130smay\u0131ll\u0131n\u0131n qarda\u015f \u015f\u0259h\u0259r m\u00fcnasib\u0259ti \u015f\u00fcbh\u0259 alt\u0131na al\u0131n\u0131b. Qeyd olunan\u00a0m\u0259qal\u0259l\u0259rd\u0259 bildirilib\u00a0ki, 2015-ci ild\u0259 Evian \u015f\u0259h\u0259rinin meri M.Fransina \u0130smay\u0131ll\u0131 il\u0259 dostluq v\u0259 \u0259m\u0259kda\u015fl\u0131q xartiyas\u0131 imzalay\u0131b. \u0130ki \u015f\u0259h\u0259r aras\u0131nda&hellip;<\/p>\n","protected":false},"author":2,"featured_media":681467,"comment_status":"closed","ping_status":"closed","sticky":false,"template":"","format":"standard","meta":{"om_disable_all_campaigns":false,"_monsterinsights_skip_tracking":false,"_monsterinsights_sitenote_active":false,"_monsterinsights_sitenote_note":"","_monsterinsights_sitenote_category":0},"categories":[4],"tags":[],"aioseo_notices":[],"gutentor_comment":0,"rttpg_featured_image_url":{"full":["https:\/\/arantv.az\/wp-content\/uploads\/2024\/01\/FotoJet-2024-01-19T120308.137.jpg",620,413,false],"landscape":["https:\/\/arantv.az\/wp-content\/uploads\/2024\/01\/FotoJet-2024-01-19T120308.137.jpg",620,413,false],"portraits":["https:\/\/arantv.az\/wp-content\/uploads\/2024\/01\/FotoJet-2024-01-19T120308.137.jpg",620,413,false],"thumbnail":["https:\/\/arantv.az\/wp-content\/uploads\/2024\/01\/FotoJet-2024-01-19T120308.137-500x280.jpg",500,280,true],"medium":["https:\/\/arantv.az\/wp-content\/uploads\/2024\/01\/FotoJet-2024-01-19T120308.137-548x365.jpg",548,365,true],"large":["https:\/\/arantv.az\/wp-content\/uploads\/2024\/01\/FotoJet-2024-01-19T120308.137.jpg",620,413,false],"1536x1536":["https:\/\/arantv.az\/wp-content\/uploads\/2024\/01\/FotoJet-2024-01-19T120308.137.jpg",620,413,false],"2048x2048":["https:\/\/arantv.az\/wp-content\/uploads\/2024\/01\/FotoJet-2024-01-19T120308.137.jpg",620,413,false],"post-thumbnail":["https:\/\/arantv.az\/wp-content\/uploads\/2024\/01\/FotoJet-2024-01-19T120308.137-240x172.jpg",240,172,true],"advps-thumb-one":["https:\/\/arantv.az\/wp-content\/uploads\/2024\/01\/FotoJet-2024-01-19T120308.137.jpg",620,413,false]},"rttpg_author":{"display_name":"V\u00fcsal Rafiqo\u011flu","author_link":"https:\/\/arantv.az\/?author=2"},"rttpg_comment":0,"rttpg_category":"<a href=\"https:\/\/arantv.az\/?cat=4\" rel=\"category\">Siyas\u0259t<\/a>","rttpg_excerpt":"Fransan\u0131n bir s\u0131ra K\u0130V-ind\u0259 az\u0259rbaycanl\u0131 \u015fair\u0259 Xur\u015fidbanu Nat\u0259van\u0131n Evian \u015f\u0259h\u0259rind\u0259 ucald\u0131lm\u0131\u015f heyk\u0259lin\u0259 edil\u0259n vandalizm\u0259 qar\u015f\u0131 az\u0259rbaycanl\u0131lar\u0131n etiraz aksiyalar\u0131 il\u0259 ba\u011fl\u0131 yaz\u0131lar d\u0259rc olunub. X\u00fcsusil\u0259 d\u0259, bununla ba\u011fl\u0131\u00a0\u201cLe Dauphine Lib\u00e9r\u00e9\u201d\u00a0v\u0259\u00a0\u201cLe Messager\u201d\u00a0q\u0259zetl\u0259rind\u0259 m\u0259qal\u0259l\u0259r d\u0259rc edilib. K\u0130V-in yayd\u0131\u011f\u0131 m\u0259lumata g\u00f6r\u0259, yanvar\u0131n 13-d\u0259 Az\u0259rbaycan icmas\u0131n\u0131n 20-y\u0259 yax\u0131n \u00fczv\u00fc Evian \u015f\u0259h\u0259rind\u0259 Xur\u015fidbanu Nat\u0259van\u0131n heyk\u0259li \u00f6n\u00fcn\u0259 topla\u015f\u0131b. Mitinq \u015fair\u0259nin heyk\u0259linin plastik&hellip;","_links":{"self":[{"href":"https:\/\/arantv.az\/index.php?rest_route=\/wp\/v2\/posts\/681466"}],"collection":[{"href":"https:\/\/arantv.az\/index.php?rest_route=\/wp\/v2\/posts"}],"about":[{"href":"https:\/\/arantv.az\/index.php?rest_route=\/wp\/v2\/types\/post"}],"author":[{"embeddable":true,"href":"https:\/\/arantv.az\/index.php?rest_route=\/wp\/v2\/users\/2"}],"replies":[{"embeddable":true,"href":"https:\/\/arantv.az\/index.php?rest_route=%2Fwp%2Fv2%2Fcomments&post=681466"}],"version-history":[{"count":0,"href":"https:\/\/arantv.az\/index.php?rest_route=\/wp\/v2\/posts\/681466\/revisions"}],"wp:featuredmedia":[{"embeddable":true,"href":"https:\/\/arantv.az\/index.php?rest_route=\/wp\/v2\/media\/681467"}],"wp:attachment":[{"href":"https:\/\/arantv.az\/index.php?rest_route=%2Fwp%2Fv2%2Fmedia&parent=681466"}],"wp:term":[{"taxonomy":"category","embeddable":true,"href":"https:\/\/arantv.az\/index.php?rest_route=%2Fwp%2Fv2%2Fcategories&post=681466"},{"taxonomy":"post_tag","embeddable":true,"href":"https:\/\/arantv.az\/index.php?rest_route=%2Fwp%2Fv2%2Ftags&post=681466"}],"curies":[{"name":"wp","href":"https:\/\/api.w.org\/{rel}","templated":true}]}}