{"id":681473,"date":"2024-01-19T13:37:23","date_gmt":"2024-01-19T09:37:23","guid":{"rendered":"https:\/\/arantv.az\/?p=681473"},"modified":"2024-01-19T13:37:23","modified_gmt":"2024-01-19T09:37:23","slug":"avropa-ittifaqinin-yasil-sovd%c9%99l%c9%99sm%c9%99si-v%c9%99-dayaniqliliq-movzusunda-seminar-kecirilib-foto","status":"publish","type":"post","link":"https:\/\/arantv.az\/?p=681473","title":{"rendered":"\u201cAvropa \u0130ttifaq\u0131n\u0131n ya\u015f\u0131l s\u00f6vd\u0259l\u0259\u015fm\u0259si v\u0259 dayan\u0131ql\u0131l\u0131q\u201d m\u00f6vzusunda seminar ke\u00e7irilib &#8211; FOTO"},"content":{"rendered":"<p>\u201cT\u00dcV Avstriya-Az\u0259rbaycan\u201d MMC-nin t\u0259\u015fkilat\u00e7\u0131l\u0131\u011f\u0131 il\u0259 yanvar\u0131n 19-da Bak\u0131da \u201cYa\u015f\u0131l d\u00fcnya namin\u0259 h\u0259mr\u0259ylik ili\u201dn\u0259 h\u0259sr olunmu\u015f \u201cEU Green Deal and Sustainability\u201d (\u201cAvropa \u0130ttifaq\u0131n\u0131n ya\u015f\u0131l s\u00f6vd\u0259l\u0259\u015fm\u0259si v\u0259 dayan\u0131ql\u0131l\u0131q\u201d) m\u00f6vzusunda seminar ke\u00e7irilib.<\/p>\n<p><strong>ARANTV.AZ <\/strong>\u00a0x\u0259b\u0259r verir ki, \u201cT\u00dcV Avstriya-Az\u0259rbaycan\u201d \u015firk\u0259tinin direktoru \u00dclk\u0259r Quliyeva qonaqlar\u0131 salamlayaraq ke\u00e7iril\u0259c\u0259k seminar\u0131n \u015firk\u0259tl\u0259rin f\u0259aliyy\u0259tin\u0259, sa\u011flam m\u00fchitin formala\u015fmas\u0131na t\u00f6hf\u0259 ver\u0259c\u0259yini v\u0259 bunun perspektivl\u0259rinin \u015firk\u0259tl\u0259rin ixrac z\u0259ncirin\u0259 m\u00fcsb\u0259t t\u0259sir ed\u0259c\u0259yini diqq\u0259t\u0259 \u00e7atd\u0131r\u0131b.<\/p>\n<p>\u00dc.Quliyevan\u0131n s\u00f6zl\u0259rin\u0259 g\u00f6r\u0259, art\u0131q ham\u0131ya m\u0259lumdur ki, iqlim d\u0259yi\u015fm\u0259l\u0259rin\u0259 qar\u015f\u0131 qlobal m\u00fcbariz\u0259d\u0259 beyn\u0259lxalq h\u0259mr\u0259yliyin g\u00fccl\u0259ndirilm\u0259si m\u0259qs\u0259dil\u0259 Prezident\u00a0<strong>\u0130lham \u018fliyevin<\/strong>\u00a0s\u0259r\u0259ncam\u0131 il\u0259 Az\u0259rbaycanda 2024-c\u00fc il \u201cYa\u015f\u0131l d\u00fcnya namin\u0259 h\u0259mr\u0259ylik ili\u201d elan edilib:<\/p>\n<p>\u201cBu m\u0259qs\u0259dl\u0259 d\u00fcnyada bu sah\u0259 \u00fczr\u0259 akkreditasiyaya sahib azsayl\u0131 \u015firk\u0259tl\u0259rd\u0259n biri olaraq \u201cAvropa \u0130ttifaq\u0131n\u0131n ya\u015f\u0131l s\u00f6vd\u0259l\u0259\u015fm\u0259si v\u0259 dayan\u0131ql\u0131l\u0131q\u201d m\u00f6vzusunda seminar t\u0259\u015fkil etm\u0259yi \u00f6z\u00fcm\u00fcz\u0259 borc bildik.<\/p>\n<p>Seminarda \u201cISO 14064\u201d &#8211; istixana qaz\u0131 emissiyalar\u0131, t\u0259\u015fkilati s\u0259viyy\u0259d\u0259 emissiyalar\u0131n miqdar\u0131n\u0131n hesablanmas\u0131 v\u0259 hesabatlar\u0131n t\u0259rtib olunmas\u0131, \u201cISO 14067\u201d &#8211; istixana qaz\u0131 emissiyalar\u0131 &#8211; m\u0259hsulun karbon ayaq izi, suyun ayaq izi, bu v\u0259 ya dig\u0259r standartlar haqq\u0131nda \u0259trafl\u0131 m\u0259lumat veril\u0259c\u0259k\u201d.<\/p>\n<p>Seminarda t\u0259qdimat \u201cT\u00dcV Austria Holding\u201din qlobal m\u0259hsul meneceri, eyni zamanda, \u201cT\u00dcV Austria T\u00fcrk\u201d\u00fcn Sertifikasiya \u015e\u00f6b\u0259sinin r\u0259hb\u0259ri, bir s\u0131ra standartlar \u00fczr\u0259 ba\u015f auditor Burcu \u00c7elebi t\u0259r\u0259find\u0259n apar\u0131l\u0131b.<\/p>\n<p>B.\u00c7elebi t\u0259qdimat\u0131nda karbon emissiyas\u0131n\u0131n stabil idar\u0259etm\u0259 mexanizmi (SKDM) bar\u0259d\u0259 m\u0259lumat verib. O bildirib ki, karbon emissiyas\u0131n\u0131n idar\u0259edilm\u0259si \u00fc\u00e7\u00fcn h\u0259r birimiz \u00e7al\u0131\u015f\u0131r\u0131q, amma \u0259sas olan bunu \u0259n s\u0259rf\u0259li v\u0259 effektiv \u00fcsullarla aparmaqd\u0131r. B.\u00c7elebi qeyd edib ki, \u015firk\u0259tl\u0259r al\u0131c\u0131lar\u0131n etibar\u0131n\u0131 qazanmaq \u00fc\u00e7\u00fcn \u0259sas prinsipl\u0259ri m\u00fctl\u0259q n\u0259z\u0259rd\u0259 tutmal\u0131d\u0131rlar:<\/p>\n<p>\u201cBu proses \u00e7ox d\u0259rin v\u0259 m\u0259suliyy\u0259tlidir. Bir ne\u00e7\u0259 ay sonra hesabat g\u0259lm\u0259dikd\u0259 al\u0131c\u0131lar\u0131 itirirsiniz. Qar\u015f\u0131dak\u0131 25 il \u0259rzind\u0259 h\u0259r k\u0259s karbon ayaq izi bar\u0259d\u0259 hesabatlar ver\u0259c\u0259k. N\u0259qliyyat vasit\u0259l\u0259rinin yanacaq s\u0259rfiyyat\u0131 zaman\u0131 ayr\u0131lan karbon emissiyas\u0131, tekstil firmalar\u0131n\u0131n m\u0259hsullar\u0131n istehsal\u0131 zaman\u0131 ayr\u0131lan karbon emissiyas\u0131, elektrik istehsal\u0131, \u00e7atd\u0131r\u0131lma, istehsal, xidm\u0259t sektoru, k\u00f6\u00e7\u00fcr\u00fclm\u0259 xidm\u0259ti g\u00f6st\u0259r\u0259n \u015firk\u0259tl\u0259rin f\u0259aliyy\u0259ti zaman\u0131 ayr\u0131lan karbon emissiyas\u0131n\u0131n minimuma endirilm\u0259si \u00fc\u00e7\u00fcn aidiyy\u0259ti \u00fczr\u0259 normativl\u0259r haz\u0131rlan\u0131b v\u0259 onlara riay\u0259t olunmas\u0131 \u00f6n\u0259mlidir\u201d.<\/p>\n<p>B.\u00c7elebi qeyd edib ki, Avropa \u0130ttifaq\u0131nda q\u0259bul olunan yeni mexanizmd\u0259n sonra x\u00fcsusil\u0259 be\u015f sektorda ixracatla m\u0259\u015f\u011ful olan \u015firk\u0259tl\u0259r\u0259 daha \u00e7ox t\u0259sir ed\u0259c\u0259k:<\/p>\n<p>\u201cBuraya daxildir al\u00fcminium, d\u0259mir, polad\u0259ritm\u0259, g\u00fcbr\u0259, sement sektorunda \u00e7al\u0131\u015fan v\u0259 xarici \u00f6lk\u0259l\u0259r\u0259 m\u0259hsul g\u00f6nd\u0259r\u0259n \u015firk\u0259tl\u0259r. Onlar\u0131 \u00e7ox m\u0259suliyy\u0259tli bir d\u00f6vr g\u00f6zl\u0259yir. \u0130stehsal etdikl\u0259ri b\u00fct\u00fcn m\u0259hsullar\u0131n karbon emissiyas\u0131n\u0131 \u00f6l\u00e7m\u0259lidirl\u0259r. Bu proses\u0259 indi start verilm\u0259sinin m\u0259qs\u0259di 2026-c\u0131 ild\u0259 t\u0259tbiqin\u0259 ba\u015flanacaq Avropa g\u00f6mr\u00fck vergisi il\u0259 ba\u011fl\u0131 onlar\u0131n \u00e7\u0259tinlik ya\u015famamalar\u0131d\u0131r. Seminar\u0131n da m\u0259qs\u0259di bu andan etibar\u0259n \u015firk\u0259tl\u0259ri g\u0259l\u0259c\u0259y\u0259 dair m\u0259lumatland\u0131rmaq, onlar\u0131n istehsalat z\u0259ncirinin ziyan g\u00f6rm\u0259m\u0259si \u00fc\u00e7\u00fcn \u00f6nc\u0259d\u0259n qabaqlay\u0131c\u0131 t\u0259dbirl\u0259r g\u00f6rm\u0259l\u0259ri \u00fc\u00e7\u00fcn istiqam\u0259t verm\u0259kdir\u201d.<\/p>\n<p>B.\u00c7elebi qeyd edib ki, \u00f6lk\u0259mizd\u0259 f\u0259aliyy\u0259t g\u00f6st\u0259r\u0259n polad\u0259ritm\u0259 zavodlar\u0131nda, al\u00fcminium istehsal\u0131 il\u0259 m\u0259\u015f\u011ful olan \u015firk\u0259tl\u0259rd\u0259 v\u0259 s. emissiya g\u00f6st\u0259ricil\u0259ri y\u00fcks\u0259kdir:<\/p>\n<p>\u201cHaz\u0131rda bu sektorda f\u0259aliyy\u0259t g\u00f6st\u0259r\u0259n \u015firk\u0259tl\u0259rinizd\u0259 bu, bir problem hal\u0131 alma\u011fa ba\u015flay\u0131b. \u015eirk\u0259tl\u0259rin xaricd\u0259ki al\u0131c\u0131lar\u0131 art\u0131q onlardan bu hesabatlar\u0131 t\u0259l\u0259b etm\u0259y\u0259 ba\u015flay\u0131blar. \u201cT\u00dcV Austria\u201d bu qaydalara n\u0259zar\u0259t mexanizmini t\u0259tbiq etm\u0259k \u00fczr\u0259 akkreditasiyadan ke\u00e7mi\u015f \u00fc\u00e7 iri \u015firk\u0259td\u0259n biridir. Biz b\u00fct\u00fcn bu sektorlarda f\u0259aliyy\u0259t g\u00f6st\u0259r\u0259n \u015firk\u0259tl\u0259rin haz\u0131rlad\u0131\u011f\u0131 hesabatlar\u0131 yekunda yoxlay\u0131r\u0131q. \u00c7\u00fcnki bu hesabatlar \u015firk\u0259tl\u0259rin \u00f6z f\u0259aliyy\u0259tin\u0259 dair b\u0259yannam\u0259 say\u0131l\u0131r v\u0259 bu, \u00fc\u00e7\u00fcnc\u00fc bir \u015firk\u0259t t\u0259r\u0259find\u0259n m\u00fctl\u0259q qaydada t\u0259sdiql\u0259nm\u0259lidir. \u018fks t\u0259qdird\u0259 o, he\u00e7 bir g\u00fcv\u0259n a\u015f\u0131lam\u0131r.<\/p>\n<p>Bu yoxlamalarla ba\u011fl\u0131 biz T\u00fcrkiy\u0259d\u0259 200-d\u0259n \u00e7ox layih\u0259 h\u0259yata ke\u00e7irmi\u015fik. \u00c7\u00fcnki T\u00fcrkiy\u0259 Avropa Birliyin\u0259 \u0259n \u00e7ox m\u0259hsul ixrac ed\u0259n \u00f6lk\u0259dir. Az\u0259rbaycan da eyni \u015f\u0259kild\u0259 ixrac say\u0131na g\u00f6r\u0259 \u00fcst\u00fcnl\u00fck t\u0259\u015fkil ed\u0259n \u00f6lk\u0259l\u0259r s\u0131ras\u0131ndad\u0131r. Art\u0131q Az\u0259rbaycan daxilind\u0259 d\u0259 \u015firk\u0259tl\u0259r\u0259 m\u00fcvafiq qaydalar\u0131n t\u0259tbiq edil\u0259c\u0259yi g\u00f6zl\u0259nilir. H\u0259m ixracata pis t\u0259sir etm\u0259m\u0259si, h\u0259m d\u0259 \u00f6lk\u0259d\u0259 g\u0259l\u0259c\u0259k n\u0259sill\u0259rin sa\u011flam bir m\u00fchitd\u0259 ya\u015famas\u0131 \u00fc\u00e7\u00fcn bu, \u00f6n\u0259mli layih\u0259dir. Biz m\u00fcmk\u00fcn olduqca seminarlar\u0131n say\u0131n\u0131 art\u0131rmaqla \u015firk\u0259tl\u0259ri m\u0259lumatland\u0131rma\u011fa \u00e7al\u0131\u015f\u0131r\u0131q. Art\u0131q g\u0259l\u0259n aydan Az\u0259rbaycanda sadalad\u0131\u011f\u0131m\u0131z sektorda f\u0259aliyy\u0259t g\u00f6st\u0259r\u0259n bir ne\u00e7\u0259 iri \u015firk\u0259td\u0259 layih\u0259l\u0259r h\u0259yata ke\u00e7irm\u0259y\u0259 ba\u015flayaca\u011f\u0131q\u201d.<\/p>\n<p>Qeyd ed\u0259k ki, seminarda qonaq qismind\u0259 \u201cT\u00dcV Avstriya-Az\u0259rbaycan\u201d \u015firk\u0259tinin \u0259m\u0259kda\u015fl\u0131q etdiyi \u015firk\u0259t r\u0259hb\u0259rl\u0259ri, n\u00fcmay\u0259nd\u0259l\u0259ri v\u0259 bir s\u0131ra sah\u0259l\u0259r \u00fczr\u0259 ekspert v\u0259 m\u00fct\u0259x\u0259ssisl\u0259r i\u015ftirak edibl\u0259r.<\/p>\n<p>Xat\u0131rladaq ki, \u201cT\u00dcV Austria Holding\u201d 35-d\u0259n art\u0131q \u00f6lk\u0259d\u0259 f\u0259aliyy\u0259t g\u00f6st\u0259r\u0259n, \u0259sr yar\u0131m ya\u015f\u0131 olan beyn\u0259lxalq \u015firk\u0259tdir. \u015eirk\u0259t 2017-ci ild\u0259n Az\u0259rbaycanda d\u00f6vl\u0259t qeydiyyat\u0131ndan ke\u00e7ib. \u018fsas f\u0259aliyy\u0259t istiqam\u0259tl\u0259ri sertifikasiya, t\u0259lim v\u0259 inspeksiya xidm\u0259tl\u0259ridir. \u00dcmumilikd\u0259, \u201cT\u00dcV Austria\u201dn\u0131n portfelind\u0259 300-d\u0259n art\u0131q xidm\u0259t sah\u0259si m\u00f6vcuddur.<\/p>\n<p>&nbsp;<\/p>\n<div class=\"gallery\">\n<div class=\"gallery-i\"><img src=\"https:\/\/cdn.oxu.az\/uploads\/W1siZiIsIjIwMjQvMDEvMTkvMTIvMDEvMjMvYzRhNjE1MzgtOWQyYS00YjFlLWFhZWUtOWZkNDUwZTJhNzk0L2E4NTI2YTQ5LTRhNTUtNGE0OS1iOWRmLTRiZDAwNzJkNmJiYy5qcGVnIl0sWyJwIiwiZW5jb2RlIiwianBnIiwiLXF1YWxpdHkgODAiXSxbInAiLCJ0aHVtYiIsIjU5MHg1OTBcdTAwM2UiXV0?sha=9cca8b1b03002647\" alt=\"\" \/><\/div>\n<\/div>\n","protected":false},"excerpt":{"rendered":"<p>\u201cT\u00dcV Avstriya-Az\u0259rbaycan\u201d MMC-nin t\u0259\u015fkilat\u00e7\u0131l\u0131\u011f\u0131 il\u0259 yanvar\u0131n 19-da Bak\u0131da \u201cYa\u015f\u0131l d\u00fcnya namin\u0259 h\u0259mr\u0259ylik ili\u201dn\u0259 h\u0259sr olunmu\u015f \u201cEU Green Deal and Sustainability\u201d (\u201cAvropa \u0130ttifaq\u0131n\u0131n ya\u015f\u0131l s\u00f6vd\u0259l\u0259\u015fm\u0259si v\u0259 dayan\u0131ql\u0131l\u0131q\u201d) m\u00f6vzusunda seminar ke\u00e7irilib. ARANTV.AZ \u00a0x\u0259b\u0259r verir ki, \u201cT\u00dcV Avstriya-Az\u0259rbaycan\u201d \u015firk\u0259tinin direktoru \u00dclk\u0259r Quliyeva qonaqlar\u0131 salamlayaraq ke\u00e7iril\u0259c\u0259k seminar\u0131n \u015firk\u0259tl\u0259rin f\u0259aliyy\u0259tin\u0259, sa\u011flam m\u00fchitin formala\u015fmas\u0131na t\u00f6hf\u0259 ver\u0259c\u0259yini v\u0259 bunun perspektivl\u0259rinin \u015firk\u0259tl\u0259rin ixrac z\u0259ncirin\u0259 m\u00fcsb\u0259t t\u0259sir ed\u0259c\u0259yini diqq\u0259t\u0259 \u00e7atd\u0131r\u0131b. \u00dc.Quliyevan\u0131n s\u00f6zl\u0259rin\u0259 g\u00f6r\u0259, art\u0131q ham\u0131ya m\u0259lumdur ki, iqlim d\u0259yi\u015fm\u0259l\u0259rin\u0259 qar\u015f\u0131 qlobal m\u00fcbariz\u0259d\u0259 beyn\u0259lxalq h\u0259mr\u0259yliyin g\u00fccl\u0259ndirilm\u0259si m\u0259qs\u0259dil\u0259 Prezident\u00a0\u0130lham \u018fliyevin\u00a0s\u0259r\u0259ncam\u0131 il\u0259 Az\u0259rbaycanda 2024-c\u00fc il \u201cYa\u015f\u0131l d\u00fcnya namin\u0259 h\u0259mr\u0259ylik ili\u201d elan edilib:&hellip;<\/p>\n","protected":false},"author":2,"featured_media":681474,"comment_status":"closed","ping_status":"closed","sticky":false,"template":"","format":"standard","meta":{"om_disable_all_campaigns":false,"_monsterinsights_skip_tracking":false,"_monsterinsights_sitenote_active":false,"_monsterinsights_sitenote_note":"","_monsterinsights_sitenote_category":0},"categories":[19],"tags":[],"aioseo_notices":[],"gutentor_comment":0,"rttpg_featured_image_url":{"full":["https:\/\/arantv.az\/wp-content\/uploads\/2024\/01\/d722e265-4fdb-4184-8d3d-f40262d11441.jpg",620,413,false],"landscape":["https:\/\/arantv.az\/wp-content\/uploads\/2024\/01\/d722e265-4fdb-4184-8d3d-f40262d11441.jpg",620,413,false],"portraits":["https:\/\/arantv.az\/wp-content\/uploads\/2024\/01\/d722e265-4fdb-4184-8d3d-f40262d11441.jpg",620,413,false],"thumbnail":["https:\/\/arantv.az\/wp-content\/uploads\/2024\/01\/d722e265-4fdb-4184-8d3d-f40262d11441-500x280.jpg",500,280,true],"medium":["https:\/\/arantv.az\/wp-content\/uploads\/2024\/01\/d722e265-4fdb-4184-8d3d-f40262d11441-548x365.jpg",548,365,true],"large":["https:\/\/arantv.az\/wp-content\/uploads\/2024\/01\/d722e265-4fdb-4184-8d3d-f40262d11441.jpg",620,413,false],"1536x1536":["https:\/\/arantv.az\/wp-content\/uploads\/2024\/01\/d722e265-4fdb-4184-8d3d-f40262d11441.jpg",620,413,false],"2048x2048":["https:\/\/arantv.az\/wp-content\/uploads\/2024\/01\/d722e265-4fdb-4184-8d3d-f40262d11441.jpg",620,413,false],"post-thumbnail":["https:\/\/arantv.az\/wp-content\/uploads\/2024\/01\/d722e265-4fdb-4184-8d3d-f40262d11441-240x172.jpg",240,172,true],"advps-thumb-one":["https:\/\/arantv.az\/wp-content\/uploads\/2024\/01\/d722e265-4fdb-4184-8d3d-f40262d11441.jpg",620,413,false]},"rttpg_author":{"display_name":"V\u00fcsal Rafiqo\u011flu","author_link":"https:\/\/arantv.az\/?author=2"},"rttpg_comment":0,"rttpg_category":"<a href=\"https:\/\/arantv.az\/?cat=19\" rel=\"category\">G\u00fcnd\u0259m<\/a>","rttpg_excerpt":"\u201cT\u00dcV Avstriya-Az\u0259rbaycan\u201d MMC-nin t\u0259\u015fkilat\u00e7\u0131l\u0131\u011f\u0131 il\u0259 yanvar\u0131n 19-da Bak\u0131da \u201cYa\u015f\u0131l d\u00fcnya namin\u0259 h\u0259mr\u0259ylik ili\u201dn\u0259 h\u0259sr olunmu\u015f \u201cEU Green Deal and Sustainability\u201d (\u201cAvropa \u0130ttifaq\u0131n\u0131n ya\u015f\u0131l s\u00f6vd\u0259l\u0259\u015fm\u0259si v\u0259 dayan\u0131ql\u0131l\u0131q\u201d) m\u00f6vzusunda seminar ke\u00e7irilib. ARANTV.AZ \u00a0x\u0259b\u0259r verir ki, \u201cT\u00dcV Avstriya-Az\u0259rbaycan\u201d \u015firk\u0259tinin direktoru \u00dclk\u0259r Quliyeva qonaqlar\u0131 salamlayaraq ke\u00e7iril\u0259c\u0259k seminar\u0131n \u015firk\u0259tl\u0259rin f\u0259aliyy\u0259tin\u0259, sa\u011flam m\u00fchitin formala\u015fmas\u0131na t\u00f6hf\u0259 ver\u0259c\u0259yini v\u0259 bunun perspektivl\u0259rinin \u015firk\u0259tl\u0259rin ixrac&hellip;","_links":{"self":[{"href":"https:\/\/arantv.az\/index.php?rest_route=\/wp\/v2\/posts\/681473"}],"collection":[{"href":"https:\/\/arantv.az\/index.php?rest_route=\/wp\/v2\/posts"}],"about":[{"href":"https:\/\/arantv.az\/index.php?rest_route=\/wp\/v2\/types\/post"}],"author":[{"embeddable":true,"href":"https:\/\/arantv.az\/index.php?rest_route=\/wp\/v2\/users\/2"}],"replies":[{"embeddable":true,"href":"https:\/\/arantv.az\/index.php?rest_route=%2Fwp%2Fv2%2Fcomments&post=681473"}],"version-history":[{"count":0,"href":"https:\/\/arantv.az\/index.php?rest_route=\/wp\/v2\/posts\/681473\/revisions"}],"wp:featuredmedia":[{"embeddable":true,"href":"https:\/\/arantv.az\/index.php?rest_route=\/wp\/v2\/media\/681474"}],"wp:attachment":[{"href":"https:\/\/arantv.az\/index.php?rest_route=%2Fwp%2Fv2%2Fmedia&parent=681473"}],"wp:term":[{"taxonomy":"category","embeddable":true,"href":"https:\/\/arantv.az\/index.php?rest_route=%2Fwp%2Fv2%2Fcategories&post=681473"},{"taxonomy":"post_tag","embeddable":true,"href":"https:\/\/arantv.az\/index.php?rest_route=%2Fwp%2Fv2%2Ftags&post=681473"}],"curies":[{"name":"wp","href":"https:\/\/api.w.org\/{rel}","templated":true}]}}