{"id":681585,"date":"2024-01-19T17:45:19","date_gmt":"2024-01-19T13:45:19","guid":{"rendered":"https:\/\/arantv.az\/?p=681585"},"modified":"2024-01-19T17:45:19","modified_gmt":"2024-01-19T13:45:19","slug":"erm%c9%99nistanin-tarixi-s%c9%99hvi-paris-ir%c9%99vani-aldadir-s%c9%99rh-foto","status":"publish","type":"post","link":"https:\/\/arantv.az\/?p=681585","title":{"rendered":"Erm\u0259nistan\u0131n tarixi s\u0259hvi: Paris \u0130r\u0259van\u0131 aldad\u0131r &#8211; \u015e\u018fRH + FOTO"},"content":{"rendered":"<p>2020-ci ild\u0259 ba\u015f ver\u0259n \u0130kinci Qaraba\u011f m\u00fcharib\u0259sind\u0259n v\u0259 2023-c\u00fc ild\u0259 ke\u00e7iril\u0259n birg\u00fcnl\u00fck antiterror t\u0259dbirl\u0259rind\u0259n sonra C\u0259nubi Qafqazda s\u00fclh \u00fc\u00e7\u00fcn unikal imkan yaran\u0131b. Bunu Erm\u0259nistan \u00f6z\u00fc d\u0259 etiraf edir. R\u0259smi Bak\u0131 regional \u0259m\u0259kda\u015fl\u0131q m\u00fchitinin t\u0259min olunmas\u0131 v\u0259 s\u00fclh sazi\u015finin imzalanmas\u0131 \u00fc\u00e7\u00fcn b\u00fct\u00fcn s\u0259yl\u0259rini ortaya qoyur. Buna baxmayaraq, 44 g\u00fcnl\u00fck sava\u015f\u0131n \u00fcz\u0259rind\u0259n \u00fc\u00e7 ild\u0259n \u00e7ox vaxt ke\u00e7m\u0259sin\u0259 r\u0259\u011fm\u0259n, h\u0259l\u0259 d\u0259 s\u00fclh sazi\u015fi imzalanmay\u0131b.<\/p>\n<p>Bunun obyektiv v\u0259 subyektiv s\u0259b\u0259bl\u0259ri var.<\/p>\n<p>\u0130lk n\u00f6vb\u0259d\u0259, konkret bir s\u0259b\u0259b bar\u0259d\u0259 &#8211; Fransa-Erm\u0259nistan m\u00fcnasib\u0259tl\u0259rind\u0259n dan\u0131\u015fmaq ist\u0259rdik. M\u0259s\u0259l\u0259 ondan ibar\u0259tdir ki, d\u00f6vl\u0259tl\u0259r aras\u0131ndak\u0131 ikit\u0259r\u0259fli t\u0259maslar v\u0259 bu \u0259laq\u0259l\u0259rin getdikc\u0259 inki\u015faf\u0131 he\u00e7 d\u0259 konstruktiv xarakterli deyil. \u018fksin\u0259, da\u011f\u0131d\u0131c\u0131l\u0131\u011fa xidm\u0259t edir.<\/p>\n<p>Bir s\u0131ra beyn\u0259lxalq aktorlar kimi, r\u0259smi Parisin d\u0259 C\u0259nubi Qafqazla ba\u011fl\u0131 \u00f6z maraqlar\u0131 var. Yelisey saray\u0131 b\u00f6lg\u0259d\u0259ki maraqlar\u0131n\u0131n t\u0259min olunmas\u0131 \u00fc\u00e7\u00fcn g\u0259rginlik yaratma\u011fa v\u0259 bundan istifad\u0259 etm\u0259y\u0259 c\u0259hd g\u00f6st\u0259rir. H\u0259r\u00e7\u0259nd, bu, Fransan\u0131n ke\u00e7mi\u015fl\u0259 ya\u015famas\u0131 dem\u0259kdir. \u00c7\u00fcnki art\u0131q regionda m\u00fcnaqi\u015f\u0259 yoxdur. Az\u0259rbaycan \u00f6z s\u0259yl\u0259ri il\u0259 m\u00fcnaqi\u015f\u0259 s\u0259hif\u0259sini ba\u011flay\u0131b. Bu m\u0259qamda Fransa ke\u00e7mi\u015f\u0259 yox, g\u0259l\u0259c\u0259y\u0259 baxmal\u0131, b\u00f6lg\u0259nin apar\u0131c\u0131 d\u00f6vl\u0259ti olan Az\u0259rbaycanla \u0259laq\u0259l\u0259rin perspektivi bar\u0259d\u0259 d\u00fc\u015f\u00fcnm\u0259lidir.<\/p>\n<p><img src=\"https:\/\/cdn.oxu.az\/uploads\/W1siZiIsIjIwMjQvMDEvMTkvMTMvMDMvMTgvYzZlMDAyNTItZjYyOC00YTM3LWE2ZjYtOTA3MWI2Njk2ZmI0Lzk5ODZmYzA2LTI5OWUtM2ViNS04MWViLWU5MWZmYzA3NjU0ZC5qcGciXSxbInAiLCJlbmNvZGUiLCJqcGciLCItcXVhbGl0eSA4MCJdLFsicCIsInRodW1iIiwiNTkweDU5MFx1MDAzZSJdXQ?sha=b1e0e88c8f445759\" alt=\"\" \/><\/p>\n<p>\u018flb\u0259tt\u0259, Fransa Prezidenti Emmanuel Makronun r\u0259hb\u0259rlik etdiyi h\u00f6kum\u0259t Az\u0259rbaycan\u0131n b\u00f6lg\u0259d\u0259 yaratd\u0131\u011f\u0131 yeni reall\u0131qlar\u0131 q\u0259bul etm\u0259k ist\u0259mir. Bu, a\u00e7\u0131q g\u00f6r\u00fcn\u00fcr. Fransa \u00f6z\u00fc d\u0259 ba\u015fa d\u00fc\u015f\u00fcr ki, Az\u0259rbaycana t\u0259sir imkan\u0131 yoxdur. Ona g\u00f6r\u0259 d\u0259 \u00f6z \u00e7irkin maraqlar\u0131n\u0131n t\u0259mini namin\u0259 Erm\u0259nistandan istifad\u0259 edir. Parisin \u0130r\u0259van\u0131 silahland\u0131rmas\u0131, onu \u015firnikl\u0259ndirm\u0259si, h\u0259m\u00e7inin Yelisey saray\u0131n\u0131n zaman-zaman Bak\u0131 \u0259leyhin\u0259 s\u0259sl\u0259ndirdiyi b\u0259yanatlar, q\u0259r\u0259zli fikirl\u0259r birba\u015fa olaraq Erm\u0259nistan\u0131n ba\u015f\u0131n\u0131n alt\u0131na yast\u0131q qoymaq dem\u0259kdir.<\/p>\n<p>Burada bir m\u0259qama diqq\u0259t yetir\u0259k: d\u00fcn\u0259n, yanvar\u0131n 18-d\u0259 Erm\u0259nistan prezidenti Vaaqn Xa\u00e7aturyan \u0130sve\u00e7r\u0259d\u0259 ke\u00e7iril\u0259n Davos \u0130qtisadi Forumu \u00e7\u0259r\u00e7iv\u0259sind\u0259 fransal\u0131 h\u0259mkar\u0131 Emmanuel Makronla g\u00f6r\u00fc\u015f\u00fcb. Onlar C\u0259nubi Qafqazdak\u0131 son durumu m\u00fczakir\u0259 edibl\u0259r. \u0130ki sual yaran\u0131r: Birincisi, Fransa regiondan n\u0259 ist\u0259yir? \u0130kincisi, Erm\u0259nistan Fransadan n\u0259 umur?<\/p>\n<p><img src=\"https:\/\/cdn.oxu.az\/uploads\/W1siZiIsIjIwMjQvMDEvMTkvMTMvMDMvMTgvNjZmOWJlM2ItNmZkNC00YjIxLTljNGYtNTgzZTliOGVlYjg0LzUzZWZjM2Y0LWMzMTctM2ZlYy1hMDc0LTUzMmMxZjYzYTYzNC5qcGciXSxbInAiLCJlbmNvZGUiLCJqcGciLCItcXVhbGl0eSA4MCJdLFsicCIsInRodW1iIiwiNTkweDU5MFx1MDAzZSJdXQ?sha=9c49b1e771882d46\" alt=\"\" \/><\/p>\n<p>Dediyimiz kimi, Paris \u00f6z ambisiyalar\u0131 namin\u0259 \u0130r\u0259vandan al\u0259t kimi istifad\u0259 edir. Erm\u0259nistan\u0131n g\u0259l\u0259c\u0259yi, d\u00f6vl\u0259t\u00e7iliyi onu q\u0259tiyy\u0259n maraqland\u0131rm\u0131r. Biz eyni strategiyan\u0131 m\u00fcxt\u0259lif d\u00f6vl\u0259tl\u0259rin timsal\u0131nda, d\u00fcnyan\u0131n f\u0259rqli regionlar\u0131nda da g\u00f6r\u00fcr\u00fck &#8211; b\u00f6y\u00fck g\u00fccl\u0259r \u201cpiyada\u201dlardan istifad\u0259 edir v\u0259 \u00e7ox vaxt onlar\u0131 qurban verirl\u0259r.<\/p>\n<p>Erm\u0259nistana g\u0259ldikd\u0259 is\u0259 dem\u0259liyik ki, bu d\u00f6vl\u0259tin h\u0259qiq\u0259ti anlamas\u0131, reall\u0131qlar\u0131 ba\u015fa d\u00fc\u015fm\u0259si daha faydal\u0131d\u0131r. Fransa uzun ill\u0259rdir ki, Erm\u0259nistan\u0131 d\u0259st\u0259kl\u0259yir. R\u0259smi Paris 30 il \u0259rzind\u0259 AT\u018fT-in ke\u00e7mi\u015f Minsk qrupunun h\u0259ms\u0259dri kimi ancaq Erm\u0259nistan\u0131n vaxt udmas\u0131 \u00fc\u00e7\u00fcn \u00e7al\u0131\u015fd\u0131. Amma n\u0259tic\u0259d\u0259 n\u0259 oldu? Az\u0259rbaycan \u00f6z \u0259razi b\u00fct\u00f6vl\u00fcy\u00fcn\u00fc t\u0259min etdi. Erm\u0259nistan \u201cd\u0259mir yumru\u011fun\u201d z\u0259rb\u0259si alt\u0131nda \u0259zildi. H\u0259r\u00e7\u0259nd, Erm\u0259nistan vaxt\u0131nda dinc yolla torpaqlar\u0131 Az\u0259rbaycana qaytarsa idi, indi xeyli inki\u015faf etmi\u015fdi. \u00c7\u00fcnki regional \u0259m\u0259kda\u015fl\u0131q m\u00fchiti \u00e7oxdan t\u0259min olunar, n\u0259qliyyat-kommunikasiya x\u0259tl\u0259ri a\u00e7\u0131lar, iqtisadi \u0259m\u0259kda\u015fl\u0131q qurulard\u0131.<\/p>\n<p>Erm\u0259nistan\u0131n haz\u0131rk\u0131 hakimiyy\u0259ti do\u011frudanm\u0131 bunu anlam\u0131r?<\/p>\n<p><img src=\"https:\/\/cdn.oxu.az\/uploads\/W1siZiIsIjIwMjQvMDEvMTkvMTMvMDMvMTgvMjAzZjc2MzktZGRkZi00ODg4LTljZTYtMjRjMzA2YjIzOGIwLzY5NDlhZmEyLWVlZmEtMzI5MC1iYWY1LTYzZDY3NjE0NjAzOS5qcGciXSxbInAiLCJlbmNvZGUiLCJqcGciLCItcXVhbGl0eSA4MCJdLFsicCIsInRodW1iIiwiNTkweDU5MFx1MDAzZSJdXQ?sha=028c89205fbf3851\" alt=\"\" \/><\/p>\n<p>H\u0259l\u0259lik g\u00f6r\u00fcn\u0259n odur ki, \u0130r\u0259van Parisl\u0259 \u0259m\u0259kda\u015fl\u0131q etm\u0259k, Makronun v\u0259 dig\u0259rl\u0259rinin \u0259t\u0259yind\u0259n yap\u0131\u015fmaqla asan yolu se\u00e7ir. Bu yol rahat g\u00f6r\u00fcn\u0259 bil\u0259r, lakin \u0130r\u0259van\u0131 u\u00e7uruma apar\u0131r.<\/p>\n<p>B\u00f6y\u00fck ehtimalla, prezidentl\u0259rin d\u00fcn\u0259nki s\u00f6hb\u0259ti d\u0259 daha \u00e7ox destruktiv xarakterli olub. Fransa yen\u0259 d\u0259 Erm\u0259nistan\u0131n beynini yuma\u011fa \u00e7al\u0131\u015f\u0131b.<\/p>\n<p>N.Pa\u015finyan da, V.Xa\u00e7aturyan da papaqlar\u0131n\u0131 qabaqlar\u0131na qoyub d\u00fc\u015f\u00fcnm\u0259lidirl\u0259r. El\u0259 tarixin s\u0259hif\u0259l\u0259rini v\u0259r\u0259ql\u0259m\u0259k kifay\u0259tdir ki, r\u0259smi \u0130r\u0259van laz\u0131mi q\u0259rar\u0131 versin.<\/p>\n<p>Bel\u0259likl\u0259, ayd\u0131nd\u0131r ki, Fransa h\u0259r f\u00fcrs\u0259td\u0259 Erm\u0259nistan\u0131 \u00f6z toruna salma\u011fa, bel\u0259 dem\u0259k m\u00fcmk\u00fcns\u0259, ba\u015f\u0131n\u0131 aldatma\u011fa \u00e7al\u0131\u015facaq. Amma \u0259g\u0259r \u0130r\u0259van d\u00f6vl\u0259t\u00e7iliyinin g\u0259l\u0259c\u0259yinin sual alt\u0131nda olmas\u0131n\u0131 ist\u0259mirs\u0259, regional \u0259m\u0259kda\u015fl\u0131q m\u00fchitinin t\u0259min olunmas\u0131n\u0131 arzulay\u0131rsa, t\u0259lqin, t\u0259hrik v\u0259 t\u0259zyiql\u0259rd\u0259n xilas olmal\u0131, ba\u015fqas\u0131n\u0131n yox, \u00f6z\u00fcn\u00fcn maraqlar\u0131na uy\u011fun add\u0131mlar atmal\u0131d\u0131r.<\/p>\n<p><strong>\u201cReport\u201d \u0130nformasiya Agentliyi<\/strong><\/p>\n","protected":false},"excerpt":{"rendered":"<p>2020-ci ild\u0259 ba\u015f ver\u0259n \u0130kinci Qaraba\u011f m\u00fcharib\u0259sind\u0259n v\u0259 2023-c\u00fc ild\u0259 ke\u00e7iril\u0259n birg\u00fcnl\u00fck antiterror t\u0259dbirl\u0259rind\u0259n sonra C\u0259nubi Qafqazda s\u00fclh \u00fc\u00e7\u00fcn unikal imkan yaran\u0131b. Bunu Erm\u0259nistan \u00f6z\u00fc d\u0259 etiraf edir. R\u0259smi Bak\u0131 regional \u0259m\u0259kda\u015fl\u0131q m\u00fchitinin t\u0259min olunmas\u0131 v\u0259 s\u00fclh sazi\u015finin imzalanmas\u0131 \u00fc\u00e7\u00fcn b\u00fct\u00fcn s\u0259yl\u0259rini ortaya qoyur. Buna baxmayaraq, 44 g\u00fcnl\u00fck sava\u015f\u0131n \u00fcz\u0259rind\u0259n \u00fc\u00e7 ild\u0259n \u00e7ox vaxt ke\u00e7m\u0259sin\u0259 r\u0259\u011fm\u0259n, h\u0259l\u0259 d\u0259 s\u00fclh sazi\u015fi imzalanmay\u0131b. Bunun obyektiv v\u0259 subyektiv s\u0259b\u0259bl\u0259ri var. \u0130lk n\u00f6vb\u0259d\u0259, konkret bir s\u0259b\u0259b bar\u0259d\u0259 &#8211; Fransa-Erm\u0259nistan m\u00fcnasib\u0259tl\u0259rind\u0259n dan\u0131\u015fmaq ist\u0259rdik. M\u0259s\u0259l\u0259 ondan ibar\u0259tdir ki, d\u00f6vl\u0259tl\u0259r aras\u0131ndak\u0131 ikit\u0259r\u0259fli t\u0259maslar v\u0259 bu \u0259laq\u0259l\u0259rin getdikc\u0259&hellip;<\/p>\n","protected":false},"author":2,"featured_media":681606,"comment_status":"closed","ping_status":"closed","sticky":false,"template":"","format":"standard","meta":{"om_disable_all_campaigns":false,"_monsterinsights_skip_tracking":false,"_monsterinsights_sitenote_active":false,"_monsterinsights_sitenote_note":"","_monsterinsights_sitenote_category":0},"categories":[4],"tags":[],"aioseo_notices":[],"gutentor_comment":0,"rttpg_featured_image_url":{"full":["https:\/\/arantv.az\/wp-content\/uploads\/2024\/01\/1b14a126-887e-3361-b297-c622ca9274f7_850.jpg",620,413,false],"landscape":["https:\/\/arantv.az\/wp-content\/uploads\/2024\/01\/1b14a126-887e-3361-b297-c622ca9274f7_850.jpg",620,413,false],"portraits":["https:\/\/arantv.az\/wp-content\/uploads\/2024\/01\/1b14a126-887e-3361-b297-c622ca9274f7_850.jpg",620,413,false],"thumbnail":["https:\/\/arantv.az\/wp-content\/uploads\/2024\/01\/1b14a126-887e-3361-b297-c622ca9274f7_850-500x280.jpg",500,280,true],"medium":["https:\/\/arantv.az\/wp-content\/uploads\/2024\/01\/1b14a126-887e-3361-b297-c622ca9274f7_850-548x365.jpg",548,365,true],"large":["https:\/\/arantv.az\/wp-content\/uploads\/2024\/01\/1b14a126-887e-3361-b297-c622ca9274f7_850.jpg",620,413,false],"1536x1536":["https:\/\/arantv.az\/wp-content\/uploads\/2024\/01\/1b14a126-887e-3361-b297-c622ca9274f7_850.jpg",620,413,false],"2048x2048":["https:\/\/arantv.az\/wp-content\/uploads\/2024\/01\/1b14a126-887e-3361-b297-c622ca9274f7_850.jpg",620,413,false],"post-thumbnail":["https:\/\/arantv.az\/wp-content\/uploads\/2024\/01\/1b14a126-887e-3361-b297-c622ca9274f7_850-240x172.jpg",240,172,true],"advps-thumb-one":["https:\/\/arantv.az\/wp-content\/uploads\/2024\/01\/1b14a126-887e-3361-b297-c622ca9274f7_850.jpg",620,413,false]},"rttpg_author":{"display_name":"V\u00fcsal Rafiqo\u011flu","author_link":"https:\/\/arantv.az\/?author=2"},"rttpg_comment":0,"rttpg_category":"<a href=\"https:\/\/arantv.az\/?cat=4\" rel=\"category\">Siyas\u0259t<\/a>","rttpg_excerpt":"2020-ci ild\u0259 ba\u015f ver\u0259n \u0130kinci Qaraba\u011f m\u00fcharib\u0259sind\u0259n v\u0259 2023-c\u00fc ild\u0259 ke\u00e7iril\u0259n birg\u00fcnl\u00fck antiterror t\u0259dbirl\u0259rind\u0259n sonra C\u0259nubi Qafqazda s\u00fclh \u00fc\u00e7\u00fcn unikal imkan yaran\u0131b. Bunu Erm\u0259nistan \u00f6z\u00fc d\u0259 etiraf edir. R\u0259smi Bak\u0131 regional \u0259m\u0259kda\u015fl\u0131q m\u00fchitinin t\u0259min olunmas\u0131 v\u0259 s\u00fclh sazi\u015finin imzalanmas\u0131 \u00fc\u00e7\u00fcn b\u00fct\u00fcn s\u0259yl\u0259rini ortaya qoyur. Buna baxmayaraq, 44 g\u00fcnl\u00fck sava\u015f\u0131n \u00fcz\u0259rind\u0259n \u00fc\u00e7 ild\u0259n \u00e7ox vaxt ke\u00e7m\u0259sin\u0259&hellip;","_links":{"self":[{"href":"https:\/\/arantv.az\/index.php?rest_route=\/wp\/v2\/posts\/681585"}],"collection":[{"href":"https:\/\/arantv.az\/index.php?rest_route=\/wp\/v2\/posts"}],"about":[{"href":"https:\/\/arantv.az\/index.php?rest_route=\/wp\/v2\/types\/post"}],"author":[{"embeddable":true,"href":"https:\/\/arantv.az\/index.php?rest_route=\/wp\/v2\/users\/2"}],"replies":[{"embeddable":true,"href":"https:\/\/arantv.az\/index.php?rest_route=%2Fwp%2Fv2%2Fcomments&post=681585"}],"version-history":[{"count":0,"href":"https:\/\/arantv.az\/index.php?rest_route=\/wp\/v2\/posts\/681585\/revisions"}],"wp:featuredmedia":[{"embeddable":true,"href":"https:\/\/arantv.az\/index.php?rest_route=\/wp\/v2\/media\/681606"}],"wp:attachment":[{"href":"https:\/\/arantv.az\/index.php?rest_route=%2Fwp%2Fv2%2Fmedia&parent=681585"}],"wp:term":[{"taxonomy":"category","embeddable":true,"href":"https:\/\/arantv.az\/index.php?rest_route=%2Fwp%2Fv2%2Fcategories&post=681585"},{"taxonomy":"post_tag","embeddable":true,"href":"https:\/\/arantv.az\/index.php?rest_route=%2Fwp%2Fv2%2Ftags&post=681585"}],"curies":[{"name":"wp","href":"https:\/\/api.w.org\/{rel}","templated":true}]}}