{"id":681614,"date":"2024-01-19T17:47:57","date_gmt":"2024-01-19T13:47:57","guid":{"rendered":"https:\/\/arantv.az\/?p=681614"},"modified":"2024-01-19T17:47:57","modified_gmt":"2024-01-19T13:47:57","slug":"cop29-un-t%c9%99skilat-komit%c9%99sinin-t%c9%99rkibin%c9%99-d%c9%99yisiklik-edildi-s%c9%99r%c9%99ncam","status":"publish","type":"post","link":"https:\/\/arantv.az\/?p=681614","title":{"rendered":"COP29-un T\u0259\u015fkilat Komit\u0259sinin t\u0259rkibin\u0259 d\u0259yi\u015fiklik edildi &#8211; S\u018fR\u018fNCAM"},"content":{"rendered":"<p>Prezident\u00a0<strong>\u0130lham \u018fliyev<\/strong>\u00a0\u201cBirl\u0259\u015fmi\u015f Mill\u0259tl\u0259r T\u0259\u015fkilat\u0131n\u0131n \u0130qlim D\u0259yi\u015fm\u0259l\u0259ri \u00fczr\u0259 \u00c7\u0259r\u00e7iv\u0259 Konvensiyas\u0131n\u0131n T\u0259r\u0259fl\u0259ri Konfrans\u0131n\u0131n 29-cu sessiyas\u0131n\u0131n (COP29), Kioto Protokolunun T\u0259r\u0259fl\u0259ri G\u00f6r\u00fc\u015f\u00fcn\u00fcn 19-cu sessiyas\u0131n\u0131n v\u0259 Paris Sazi\u015finin T\u0259r\u0259fl\u0259ri G\u00f6r\u00fc\u015f\u00fcn\u00fcn 6-c\u0131 sessiyas\u0131n\u0131n ke\u00e7irilm\u0259si il\u0259 \u0259laq\u0259dar T\u0259\u015fkilat Komit\u0259sinin yarad\u0131lmas\u0131 haqq\u0131nda\u201d Az\u0259rbaycan Respublikas\u0131 Prezidentinin 2024-c\u00fc il 13 yanvar tarixli 4264 n\u00f6mr\u0259li S\u0259r\u0259ncam\u0131nda d\u0259yi\u015fiklik edilm\u0259si bar\u0259d\u0259 S\u0259r\u0259ncam imzalay\u0131b.<\/p>\n<p>Bu bar\u0259d\u0259\u00a0<a href=\"https:\/\/president.az\/az\/articles\/view\/63189\" target=\"_blank\" rel=\"noopener\"><strong>President.az<\/strong><\/a>\u00a0x\u0259b\u0259r verir.<\/p>\n<p>S\u0259r\u0259ncamda qeyd olunur:<\/p>\n<p>\u201cBirl\u0259\u015fmi\u015f Mill\u0259tl\u0259r T\u0259\u015fkilat\u0131n\u0131n \u0130qlim D\u0259yi\u015fm\u0259l\u0259ri \u00fczr\u0259 \u00c7\u0259r\u00e7iv\u0259 Konvensiyas\u0131n\u0131n T\u0259r\u0259fl\u0259ri Konfrans\u0131n\u0131n 29-cu sessiyas\u0131n\u0131n (COP29), Kioto Protokolunun T\u0259r\u0259fl\u0259ri G\u00f6r\u00fc\u015f\u00fcn\u00fcn 19-cu sessiyas\u0131n\u0131n v\u0259 Paris Sazi\u015finin T\u0259r\u0259fl\u0259ri G\u00f6r\u00fc\u015f\u00fcn\u00fcn 6-c\u0131 sessiyas\u0131n\u0131n ke\u00e7irilm\u0259si il\u0259 \u0259laq\u0259dar T\u0259\u015fkilat Komit\u0259sinin yarad\u0131lmas\u0131 haqq\u0131nda\u201d Az\u0259rbaycan Respublikas\u0131 Prezidentinin 2024-c\u00fc il 13 yanvar tarixli 4264 n\u00f6mr\u0259li S\u0259r\u0259ncam\u0131n\u0131n 1-ci hiss\u0259si il\u0259 yarad\u0131lm\u0131\u015f T\u0259\u015fkilat Komit\u0259sinin t\u0259rkibi a\u015fa\u011f\u0131dak\u0131 redaksiyada verilsin:<\/p>\n<p><strong>\u201cT\u0259\u015fkilat Komit\u0259sinin s\u0259dri<\/strong><\/p>\n<p>Samir Nuriyev &#8211; Az\u0259rbaycan Respublikas\u0131 Prezidenti Administrasiyas\u0131n\u0131n r\u0259hb\u0259ri<\/p>\n<p><strong>T\u0259\u015fkilat Komit\u0259sinin \u00fczvl\u0259ri:<\/strong><\/p>\n<p>Muxtar Babayev &#8211; Az\u0259rbaycan Respublikas\u0131n\u0131n ekologiya v\u0259 t\u0259bii s\u0259rv\u0259tl\u0259r naziri, COP29-un m\u00fc\u0259yy\u0259n edilmi\u015f Prezidenti<\/p>\n<p>Ceyhun Bayramov &#8211; Az\u0259rbaycan Respublikas\u0131n\u0131n xarici i\u015fl\u0259r naziri<\/p>\n<p>Mikay\u0131l Cabbarov &#8211; Az\u0259rbaycan Respublikas\u0131n\u0131n iqtisadiyyat naziri<\/p>\n<p>Vilay\u0259t Eyvazov &#8211; Az\u0259rbaycan Respublikas\u0131n\u0131n daxili i\u015fl\u0259r naziri<\/p>\n<p>Anar \u018fl\u0259kb\u0259rov &#8211; Az\u0259rbaycan Respublikas\u0131 Prezidentinin k\u00f6m\u0259k\u00e7isi<\/p>\n<p>F\u0259r\u0259h \u018fliyeva &#8211; Az\u0259rbaycan Respublikas\u0131 Prezidenti Administrasiyas\u0131n\u0131n Humanitar siyas\u0259t, diaspor, multikulturalizm v\u0259 dini m\u0259s\u0259l\u0259l\u0259r \u015f\u00f6b\u0259sinin m\u00fcdiri<\/p>\n<p>Emin \u018fmrullayev &#8211; Az\u0259rbaycan Respublikas\u0131n\u0131n elm v\u0259 t\u0259hsil naziri<\/p>\n<p>Hikm\u0259t Hac\u0131yev &#8211; Az\u0259rbaycan Respublikas\u0131 Prezidentinin k\u00f6m\u0259k\u00e7isi &#8211; Az\u0259rbaycan Respublikas\u0131 Prezidenti Administrasiyas\u0131n\u0131n Xarici siyas\u0259t m\u0259s\u0259l\u0259l\u0259ri \u015f\u00f6b\u0259sinin m\u00fcdiri<\/p>\n<p>K\u0259mal\u0259ddin Heyd\u0259rov &#8211; Az\u0259rbaycan Respublikas\u0131n\u0131n f\u00f6vq\u0259lad\u0259 hallar naziri<\/p>\n<p>Teymur Musayev &#8211; Az\u0259rbaycan Respublikas\u0131n\u0131n s\u0259hiyy\u0259 naziri<\/p>\n<p>R\u0259\u015fad N\u0259biyev &#8211; Az\u0259rbaycan Respublikas\u0131n\u0131n r\u0259q\u0259msal inki\u015faf v\u0259 n\u0259qliyyat naziri<\/p>\n<p>Arif S\u0259m\u0259dov &#8211; Az\u0259rbaycan Respublikas\u0131 Prezidentinin Protokol xidm\u0259tinin r\u0259isi<\/p>\n<p>P\u0259rviz \u015eahbazov &#8211; Az\u0259rbaycan Respublikas\u0131n\u0131n energetika naziri<\/p>\n<p>Samir \u015e\u0259rifov &#8211; Az\u0259rbaycan Respublikas\u0131n\u0131n maliyy\u0259 naziri<\/p>\n<p>Nigar Arpadarai &#8211; Az\u0259rbaycan Respublikas\u0131 Milli M\u0259clisinin deputat\u0131<\/p>\n<p>\u015eahin Ba\u011f\u0131rov &#8211; Az\u0259rbaycan Respublikas\u0131 D\u00f6vl\u0259t G\u00f6mr\u00fck Komit\u0259sinin s\u0259dri<\/p>\n<p>V\u00fcqar \u018fhm\u0259dov &#8211; \u201cAz\u0259ri\u015f\u0131q\u201d A\u00e7\u0131q S\u0259hmdar C\u0259miyy\u0259tinin s\u0259dri<\/p>\n<p>Ruslan \u018fliyev &#8211; Az\u0259rbaycan Respublikas\u0131 D\u00f6vl\u0259t Neft \u015eirk\u0259tinin \u201cAz\u0259riqaz\u201d \u0130stehsalat Birliyinin ba\u015f direktoru<\/p>\n<p>Ayg\u00fcn \u018fliyeva &#8211; Az\u0259rbaycan Respublikas\u0131 Qeyri-H\u00f6kum\u0259t T\u0259\u015fkilatlar\u0131na D\u00f6vl\u0259t D\u0259st\u0259yi Agentliyinin icra\u00e7\u0131 direktoru<\/p>\n<p>S\u0259bin\u0259 \u018fliyeva &#8211; Az\u0259rbaycan Respublikas\u0131n\u0131n \u0130nsan h\u00fcquqlar\u0131 \u00fczr\u0259 m\u00fcv\u0259kkili (Ombudsman)<\/p>\n<p>Eldar \u018fzizov \u00a0&#8211; Bak\u0131 \u015e\u0259h\u0259r \u0130cra Hakimiyy\u0259tinin ba\u015f\u00e7\u0131s\u0131<\/p>\n<p>Sevinc F\u0259t\u0259liyeva &#8211; Az\u0259rbaycan Respublikas\u0131 Milli M\u0259clisinin deputat\u0131<\/p>\n<p>V\u00fcsal H\u00fcseynov &#8211; Az\u0259rbaycan Respublikas\u0131 D\u00f6vl\u0259t Miqrasiya Xidm\u0259tinin r\u0259isi<\/p>\n<p>\u0130lham\u0259 Q\u0259dimova &#8211; Az\u0259rbaycan Respublikas\u0131 k\u0259nd t\u0259s\u0259rr\u00fcfat\u0131 nazirinin m\u00fcavini<\/p>\n<p>Anar Quliyev &#8211; Az\u0259rbaycan Respublikas\u0131 D\u00f6vl\u0259t \u015e\u0259h\u0259rsalma v\u0259 Arxitektura Komit\u0259sinin s\u0259dri<\/p>\n<p>El\u00e7in Quliyev &#8211; Az\u0259rbaycan Respublikas\u0131 D\u00f6vl\u0259t S\u0259rh\u0259d Xidm\u0259tinin r\u0259isi<\/p>\n<p>V\u00fcqar Qurbanov &#8211; Tibbi \u018frazi B\u00f6lm\u0259l\u0259rini \u0130dar\u0259etm\u0259 Birliyinin icra\u00e7\u0131 direktoru<\/p>\n<p>\u00dclvi Mehdiyev &#8211; Az\u0259rbaycan Respublikas\u0131n\u0131n Prezidenti yan\u0131nda V\u0259t\u0259nda\u015flara Xidm\u0259t v\u0259 Sosial \u0130nnovasiyalar \u00fczr\u0259 D\u00f6vl\u0259t Agentliyinin s\u0259dri<\/p>\n<p>Saleh M\u0259mm\u0259dov &#8211; Az\u0259rbaycan Avtomobil Yollar\u0131 D\u00f6vl\u0259t Agentliyi \u0130dar\u0259 Hey\u0259tinin s\u0259dri<\/p>\n<p>Zaur Mikay\u0131lov &#8211; Az\u0259rbaycan D\u00f6vl\u0259t Su Ehtiyatlar\u0131 Agentliyinin s\u0259dri<\/p>\n<p>Bahar Muradova &#8211; Az\u0259rbaycan Respublikas\u0131 Ail\u0259, Qad\u0131n v\u0259 U\u015faq Probleml\u0259ri \u00fczr\u0259 D\u00f6vl\u0259t Komit\u0259sinin s\u0259dri<\/p>\n<p>Z\u0259kiyy\u0259 Mustafayeva &#8211; Az\u0259rbaycan Respublikas\u0131n\u0131n Qida T\u0259hl\u00fck\u0259sizliyi Agentliyi s\u0259drinin m\u00fcavini<\/p>\n<p>\u018fli Na\u011f\u0131yev &#8211; Az\u0259rbaycan Respublikas\u0131 D\u00f6vl\u0259t T\u0259hl\u00fck\u0259sizliyi Xidm\u0259tinin r\u0259isi<\/p>\n<p>Fuad Na\u011f\u0131yev &#8211; Az\u0259rbaycan Respublikas\u0131 D\u00f6vl\u0259t Turizm Agentliyinin s\u0259dri<\/p>\n<p>Balababa Rzayev &#8211; \u201cAz\u0259renerji\u201d A\u00e7\u0131q S\u0259hmdar C\u0259miyy\u0259tinin prezidenti<\/p>\n<p>Samir Rzayev &#8211; \u201cAz\u0259rbaycan Hava Yollar\u0131\u201d Qapal\u0131 S\u0259hmdar C\u0259miyy\u0259tinin birinci vitse-prezidenti<\/p>\n<p>Firuz\u0259 Sultanzad\u0259 &#8211; \u201cEkoSfera\u201d Sosial Ekoloji M\u0259rk\u0259zi \u0130dar\u0259 Hey\u0259tinin s\u0259dri<\/p>\n<p>Umayra Ta\u011f\u0131yeva &#8211; Az\u0259rbaycan Respublikas\u0131 ekologiya v\u0259 t\u0259bii s\u0259rv\u0259tl\u0259r nazirinin m\u00fcavini<\/p>\n<p>Mariana Vasileva &#8211; Az\u0259rbaycan Respublikas\u0131 g\u0259ncl\u0259r v\u0259 idman nazirinin m\u00fcavini<\/p>\n<p>S\u0259ad\u0259t Yusifova &#8211; Az\u0259rbaycan Respublikas\u0131 m\u0259d\u0259niyy\u0259t nazirinin m\u00fcavini\u201d.<\/p>\n","protected":false},"excerpt":{"rendered":"<p>Prezident\u00a0\u0130lham \u018fliyev\u00a0\u201cBirl\u0259\u015fmi\u015f Mill\u0259tl\u0259r T\u0259\u015fkilat\u0131n\u0131n \u0130qlim D\u0259yi\u015fm\u0259l\u0259ri \u00fczr\u0259 \u00c7\u0259r\u00e7iv\u0259 Konvensiyas\u0131n\u0131n T\u0259r\u0259fl\u0259ri Konfrans\u0131n\u0131n 29-cu sessiyas\u0131n\u0131n (COP29), Kioto Protokolunun T\u0259r\u0259fl\u0259ri G\u00f6r\u00fc\u015f\u00fcn\u00fcn 19-cu sessiyas\u0131n\u0131n v\u0259 Paris Sazi\u015finin T\u0259r\u0259fl\u0259ri G\u00f6r\u00fc\u015f\u00fcn\u00fcn 6-c\u0131 sessiyas\u0131n\u0131n ke\u00e7irilm\u0259si il\u0259 \u0259laq\u0259dar T\u0259\u015fkilat Komit\u0259sinin yarad\u0131lmas\u0131 haqq\u0131nda\u201d Az\u0259rbaycan Respublikas\u0131 Prezidentinin 2024-c\u00fc il 13 yanvar tarixli 4264 n\u00f6mr\u0259li S\u0259r\u0259ncam\u0131nda d\u0259yi\u015fiklik edilm\u0259si bar\u0259d\u0259 S\u0259r\u0259ncam imzalay\u0131b. Bu bar\u0259d\u0259\u00a0President.az\u00a0x\u0259b\u0259r verir. S\u0259r\u0259ncamda qeyd olunur: \u201cBirl\u0259\u015fmi\u015f Mill\u0259tl\u0259r T\u0259\u015fkilat\u0131n\u0131n \u0130qlim D\u0259yi\u015fm\u0259l\u0259ri \u00fczr\u0259 \u00c7\u0259r\u00e7iv\u0259 Konvensiyas\u0131n\u0131n T\u0259r\u0259fl\u0259ri Konfrans\u0131n\u0131n 29-cu sessiyas\u0131n\u0131n (COP29), Kioto Protokolunun T\u0259r\u0259fl\u0259ri G\u00f6r\u00fc\u015f\u00fcn\u00fcn 19-cu sessiyas\u0131n\u0131n v\u0259 Paris Sazi\u015finin T\u0259r\u0259fl\u0259ri G\u00f6r\u00fc\u015f\u00fcn\u00fcn 6-c\u0131 sessiyas\u0131n\u0131n ke\u00e7irilm\u0259si il\u0259 \u0259laq\u0259dar T\u0259\u015fkilat Komit\u0259sinin yarad\u0131lmas\u0131 haqq\u0131nda\u201d Az\u0259rbaycan&hellip;<\/p>\n","protected":false},"author":2,"featured_media":681615,"comment_status":"closed","ping_status":"closed","sticky":false,"template":"","format":"standard","meta":{"om_disable_all_campaigns":false,"_monsterinsights_skip_tracking":false,"_monsterinsights_sitenote_active":false,"_monsterinsights_sitenote_note":"","_monsterinsights_sitenote_category":0},"categories":[4],"tags":[],"aioseo_notices":[],"gutentor_comment":0,"rttpg_featured_image_url":{"full":["https:\/\/arantv.az\/wp-content\/uploads\/2024\/01\/E_-1.jpg",620,413,false],"landscape":["https:\/\/arantv.az\/wp-content\/uploads\/2024\/01\/E_-1.jpg",620,413,false],"portraits":["https:\/\/arantv.az\/wp-content\/uploads\/2024\/01\/E_-1.jpg",620,413,false],"thumbnail":["https:\/\/arantv.az\/wp-content\/uploads\/2024\/01\/E_-1-500x280.jpg",500,280,true],"medium":["https:\/\/arantv.az\/wp-content\/uploads\/2024\/01\/E_-1-548x365.jpg",548,365,true],"large":["https:\/\/arantv.az\/wp-content\/uploads\/2024\/01\/E_-1.jpg",620,413,false],"1536x1536":["https:\/\/arantv.az\/wp-content\/uploads\/2024\/01\/E_-1.jpg",620,413,false],"2048x2048":["https:\/\/arantv.az\/wp-content\/uploads\/2024\/01\/E_-1.jpg",620,413,false],"post-thumbnail":["https:\/\/arantv.az\/wp-content\/uploads\/2024\/01\/E_-1-240x172.jpg",240,172,true],"advps-thumb-one":["https:\/\/arantv.az\/wp-content\/uploads\/2024\/01\/E_-1.jpg",620,413,false]},"rttpg_author":{"display_name":"V\u00fcsal Rafiqo\u011flu","author_link":"https:\/\/arantv.az\/?author=2"},"rttpg_comment":0,"rttpg_category":"<a href=\"https:\/\/arantv.az\/?cat=4\" rel=\"category\">Siyas\u0259t<\/a>","rttpg_excerpt":"Prezident\u00a0\u0130lham \u018fliyev\u00a0\u201cBirl\u0259\u015fmi\u015f Mill\u0259tl\u0259r T\u0259\u015fkilat\u0131n\u0131n \u0130qlim D\u0259yi\u015fm\u0259l\u0259ri \u00fczr\u0259 \u00c7\u0259r\u00e7iv\u0259 Konvensiyas\u0131n\u0131n T\u0259r\u0259fl\u0259ri Konfrans\u0131n\u0131n 29-cu sessiyas\u0131n\u0131n (COP29), Kioto Protokolunun T\u0259r\u0259fl\u0259ri G\u00f6r\u00fc\u015f\u00fcn\u00fcn 19-cu sessiyas\u0131n\u0131n v\u0259 Paris Sazi\u015finin T\u0259r\u0259fl\u0259ri G\u00f6r\u00fc\u015f\u00fcn\u00fcn 6-c\u0131 sessiyas\u0131n\u0131n ke\u00e7irilm\u0259si il\u0259 \u0259laq\u0259dar T\u0259\u015fkilat Komit\u0259sinin yarad\u0131lmas\u0131 haqq\u0131nda\u201d Az\u0259rbaycan Respublikas\u0131 Prezidentinin 2024-c\u00fc il 13 yanvar tarixli 4264 n\u00f6mr\u0259li S\u0259r\u0259ncam\u0131nda d\u0259yi\u015fiklik edilm\u0259si bar\u0259d\u0259 S\u0259r\u0259ncam imzalay\u0131b. Bu bar\u0259d\u0259\u00a0President.az\u00a0x\u0259b\u0259r verir. S\u0259r\u0259ncamda qeyd&hellip;","_links":{"self":[{"href":"https:\/\/arantv.az\/index.php?rest_route=\/wp\/v2\/posts\/681614"}],"collection":[{"href":"https:\/\/arantv.az\/index.php?rest_route=\/wp\/v2\/posts"}],"about":[{"href":"https:\/\/arantv.az\/index.php?rest_route=\/wp\/v2\/types\/post"}],"author":[{"embeddable":true,"href":"https:\/\/arantv.az\/index.php?rest_route=\/wp\/v2\/users\/2"}],"replies":[{"embeddable":true,"href":"https:\/\/arantv.az\/index.php?rest_route=%2Fwp%2Fv2%2Fcomments&post=681614"}],"version-history":[{"count":0,"href":"https:\/\/arantv.az\/index.php?rest_route=\/wp\/v2\/posts\/681614\/revisions"}],"wp:featuredmedia":[{"embeddable":true,"href":"https:\/\/arantv.az\/index.php?rest_route=\/wp\/v2\/media\/681615"}],"wp:attachment":[{"href":"https:\/\/arantv.az\/index.php?rest_route=%2Fwp%2Fv2%2Fmedia&parent=681614"}],"wp:term":[{"taxonomy":"category","embeddable":true,"href":"https:\/\/arantv.az\/index.php?rest_route=%2Fwp%2Fv2%2Fcategories&post=681614"},{"taxonomy":"post_tag","embeddable":true,"href":"https:\/\/arantv.az\/index.php?rest_route=%2Fwp%2Fv2%2Ftags&post=681614"}],"curies":[{"name":"wp","href":"https:\/\/api.w.org\/{rel}","templated":true}]}}