{"id":681624,"date":"2024-01-19T18:06:13","date_gmt":"2024-01-19T14:06:13","guid":{"rendered":"https:\/\/arantv.az\/?p=681624"},"modified":"2024-01-19T18:06:13","modified_gmt":"2024-01-19T14:06:13","slug":"moskvanin-ir%c9%99vana-aciq-ismarislari-lavrov-pasinyana-yol-gost%c9%99rir-s%c9%99rh-foto","status":"publish","type":"post","link":"https:\/\/arantv.az\/?p=681624","title":{"rendered":"Moskvan\u0131n \u0130r\u0259vana a\u00e7\u0131q ismar\u0131\u015flar\u0131: Lavrov Pa\u015finyana yol g\u00f6st\u0259rir &#8211; \u015e\u018fRH + FOTO"},"content":{"rendered":"<p>Rusiya-Erm\u0259nistan m\u00fcnasib\u0259tl\u0259rind\u0259 g\u0259rginlik qalmaqdad\u0131r. Rusiya xarici i\u015fl\u0259r naziri Sergey Lavrovun illik m\u0259tbuat konfrans\u0131nda s\u0259sl\u0259ndirdiyi fikirl\u0259r d\u0259 bu q\u0259na\u0259t\u0259 g\u0259lm\u0259y\u0259 \u0259sas verir. O, \u0130r\u0259van r\u0259smil\u0259rinin son g\u00fcnl\u0259r verdiyi bir s\u0131ra a\u00e7\u0131qlamalar\u0131 da cavabland\u0131r\u0131b. H\u0259min cavablar\u0131n birba\u015fa v\u0259 ya dolay\u0131s\u0131 il\u0259 Az\u0259rbaycana da aidiyy\u0259ti var.<\/p>\n<p>Bir m\u00fcdd\u0259t \u0259vv\u0259l Erm\u0259nistan\u0131n ba\u015f naziri Nikol Pa\u015finyan bildirmi\u015fdi ki, \u0130r\u0259van da \u0130ran kimi eyni \u015f\u0259rtl\u0259rl\u0259 Az\u0259rbaycan\u0131n dig\u0259r \u0259razil\u0259ri il\u0259 Nax\u00e7\u0131van Muxtar Respublikas\u0131 aras\u0131nda quru yolla kommunikasiyalar\u0131 t\u0259min etm\u0259y\u0259 haz\u0131rd\u0131r. S.Lavrov bu a\u00e7\u0131qlamada m\u0259ntiq g\u00f6rm\u0259diyini deyib.<\/p>\n<p>Nazir xat\u0131rlad\u0131b ki, Rusiya Prezidenti Vladimir Putin, Az\u0259rbaycan Prezidenti\u00a0<strong>\u0130lham \u018fliyev\u00a0<\/strong>v\u0259 Erm\u0259nistan\u0131n ba\u015f naziri N.Pa\u015finyan\u0131n 2020-ci il noyabr\u0131n 10-da imzalad\u0131qlar\u0131 \u00dc\u00e7t\u0259r\u0259fli B\u0259yanatda Az\u0259rbaycan\u0131n \u0259sas hiss\u0259si il\u0259 Nax\u00e7\u0131van aras\u0131nda iqtisadi-n\u0259qliyyat \u0259laq\u0259l\u0259rinin a\u00e7\u0131lmas\u0131 v\u0259 Erm\u0259nistan\u0131n kommunikasiyalar\u0131n t\u0259hl\u00fck\u0259sizliyin\u0259 t\u0259minat verm\u0259si yaz\u0131l\u0131b. S.Lavrov n\u0259qliyyat \u0259laq\u0259l\u0259rinin b\u0259rpas\u0131n\u0131n alternativi olmad\u0131\u011f\u0131n\u0131, \u00dc\u00e7t\u0259r\u0259fli B\u0259yanatla parametrl\u0259rin m\u00fc\u0259yy\u0259n edildiyini vur\u011fulay\u0131b: \u201cMar\u015frut Rusiya Federal T\u0259hl\u00fck\u0259sizlik Xidm\u0259tinin S\u0259rh\u0259d Qo\u015funlar\u0131n\u0131n n\u0259zar\u0259ti alt\u0131nda Erm\u0259nistan\u0131n suveren \u0259razisind\u0259n ke\u00e7ir\u201d. Onun s\u00f6zl\u0259rin\u0259 g\u00f6r\u0259, Az\u0259rbaycandan Erm\u0259nistana giri\u015fd\u0259 v\u0259 \u0259ks istiqam\u0259td\u0259 s\u0259rh\u0259d v\u0259 g\u00f6mr\u00fck n\u0259zar\u0259ti prosedurlar\u0131 prinsipc\u0259 raz\u0131la\u015fd\u0131r\u0131l\u0131b. Onun iddias\u0131na g\u00f6r\u0259, Az\u0259rbaycandan-Az\u0259rbaycana ged\u0259n y\u00fck Rusiya S\u0259rh\u0259d Qo\u015funlar\u0131n\u0131n n\u0259zar\u0259tind\u0259n ke\u00e7m\u0259lidir.<\/p>\n<p><img src=\"https:\/\/cdn.oxu.az\/uploads\/W1siZiIsIjIwMjQvMDEvMTkvMTYvNDYvMjEvNTllYzJlZTMtYWFiMC00NDZkLTkwYzItNjYzNDc2ZWMwMjczL2ZlNTllYTk5LTkzNWUtMzA0Yi1hNTc0LTJiMDAzYmZiZjdhYy5qcGciXSxbInAiLCJlbmNvZGUiLCJqcGciLCItcXVhbGl0eSA4MCJdLFsicCIsInRodW1iIiwiNTkweDU5MFx1MDAzZSJdXQ?sha=d00c9b87f614087a\" alt=\"\" \/><\/p>\n<p>Erm\u0259nistan\u0131n ba\u015f naziri is\u0259 bildirmi\u015fdi ki, \u00dc\u00e7t\u0259r\u0259fli B\u0259yanat art\u0131q h\u00fcquqi q\u00fcvv\u0259sini itirib.<\/p>\n<p>Bu cavabla bel\u0259 ehtimal etm\u0259k olar ki, S.Lavrov \u0130r\u0259vanla ba\u011fl\u0131 yay\u0131lan iki fikr\u0259 d\u0259 m\u00fcnasib\u0259t bildirib. Moskva Erm\u0259nistan\u0131n T\u00fcrkiy\u0259 v\u0259 \u0130ranla d\u00f6vl\u0259t s\u0259rh\u0259dini m\u00fchafiz\u0259 edir. Son zamanlar Rusiyan\u0131n bu \u0259razil\u0259rd\u0259n \u00e7\u0131xar\u0131lmas\u0131na dair m\u00fcxt\u0259lif fikirl\u0259r s\u0259sl\u0259ndirilir. H\u0259tta bu m\u0259qs\u0259dl\u0259 Almaniyan\u0131n r\u0259smi \u0130r\u0259vana maliyy\u0259 d\u0259st\u0259yi boyun oldu\u011fu da bildirilib. S.Lavrov bununla N.Pa\u015finyan h\u00f6kum\u0259ti r\u0259smil\u0259rinin v\u0259 Erm\u0259nistandak\u0131 Rusiya S\u0259rh\u0259d Qo\u015funlar\u0131n\u0131n \u00e7\u0131xar\u0131lmas\u0131n\u0131 ist\u0259y\u0259nl\u0259rin fikirl\u0259rin\u0259 d\u0259 m\u00fcnasib\u0259t bildirib. O, m\u0259lum cavab\u0131 il\u0259 r\u0259smi \u0130r\u0259vana \u201cs\u0259rh\u0259dl\u0259rd\u0259n he\u00e7 yer\u0259 getmirik\u201d, \u201cyol da raz\u0131la\u015fd\u0131r\u0131lm\u0131\u015f s\u0259n\u0259d\u0259 uy\u011fun a\u00e7\u0131lacaq\u201d ismar\u0131\u015f\u0131n\u0131 verib.<\/p>\n<p>Son ill\u0259r Rusiya-Erm\u0259nistan m\u00fcnasib\u0259tl\u0259rinin korlanmas\u0131 m\u0259s\u0259l\u0259si tez-tez g\u00fcnd\u0259m\u0259 g\u0259tirilir. D\u00fczd\u00fcr, r\u0259smi \u0130r\u0259van Kollektiv T\u0259hl\u00fck\u0259sizlik M\u00fcqavil\u0259si T\u0259\u015fkilat\u0131na (KTMT) m\u00fcnasib\u0259ti, Fransa il\u0259 h\u0259rbi-siyasi istiqam\u0259td\u0259 \u0259laq\u0259l\u0259ri, \u0259m\u0259kda\u015fl\u0131\u011f\u0131 geni\u015fl\u0259ndirm\u0259si il\u0259 bunu t\u0259sdiql\u0259yir. Bununla bel\u0259, Erm\u0259nistan r\u0259smil\u0259ri Kreml liderl\u0259ri il\u0259 g\u00f6r\u00fc\u015fl\u0259rd\u0259n sonra ikit\u0259r\u0259fli \u0259laq\u0259l\u0259rin geni\u015fl\u0259ndiyind\u0259n, Rusiya il\u0259 xo\u015fm\u0259raml\u0131 m\u00fcnasib\u0259tl\u0259rd\u0259n b\u0259hs edirl\u0259r. Nazir bu iki \u00f6lk\u0259 aras\u0131nda v\u0259ziyy\u0259tin bu h\u0259dd\u0259 \u00e7atmas\u0131nda \u0130r\u0259van\u0131 su\u00e7lay\u0131b: \u201cRusiya he\u00e7 vaxt Erm\u0259nistanla m\u00fcnasib\u0259tl\u0259rin soyumas\u0131n\u0131n t\u0259\u015f\u0259bb\u00fcskar\u0131 olmay\u0131b\u201d. Sergey Lavrov bildirib ki, Pa\u015finyan hakimiyy\u0259t\u0259 g\u0259l\u0259n\u0259d\u0259k \u0130r\u0259van\u0131 t\u0259rk etm\u0259k niyy\u0259tl\u0259ri olmay\u0131b.<\/p>\n<p><img src=\"https:\/\/cdn.oxu.az\/uploads\/W1siZiIsIjIwMjQvMDEvMTkvMTYvNDYvMjIvZTM4NmFiMjEtZDNjNC00MTUyLWE2NDYtZGYyZWQzYTFhYjNiLzM3NTUyYWFhLWNlNzAtM2JkOS1hMWM5LTQ3OGZmZTE5OWQ1OS5qcGciXSxbInAiLCJlbmNvZGUiLCJqcGciLCItcXVhbGl0eSA4MCJdLFsicCIsInRodW1iIiwiNTkweDU5MFx1MDAzZSJdXQ?sha=1b8bb6f2ebae17bc\" alt=\"\" \/><\/p>\n<p>O, ba\u015f nazir v\u0259 komandas\u0131n\u0131n m\u00fcxalif\u0259td\u0259 oldu\u011fu d\u00f6vrd\u0259 anti-Rusiya \u00e7\u0131x\u0131\u015flar\u0131na diqq\u0259t \u00e7\u0259kib: \u201cSiyasi prosesl\u0259r, se\u00e7ki kampaniyalar\u0131 zaman\u0131 t\u0259\u015fviqat apararaq KTMT-d\u0259n, Avrasiya \u0130qtisadi \u0130ttifaq\u0131ndan \u00e7\u0131xma\u011fa \u00e7a\u011f\u0131r\u0131rd\u0131lar\u201d. X\u0130N ba\u015f\u00e7\u0131s\u0131 Pa\u015finyan hakimiyy\u0259t\u0259 g\u0259l\u0259nd\u0259n sonra da Rusiyaya m\u00fcnasib\u0259td\u0259 Erm\u0259nistan\u0131n m\u00f6vqeyinin d\u0259yi\u015fm\u0259diyini bildirib.<\/p>\n<p>Bel\u0259 ehtimal etm\u0259k olar ki, S.Lavrov bununla Erm\u0259nistan c\u0259miyy\u0259tin\u0259 \u201cRusiya sizi atmay\u0131b\u201d ismar\u0131\u015f\u0131n\u0131 verib. Bu is\u0259 \u00f6lk\u0259d\u0259ki rusiyameyillil\u0259r\u0259 \u00f6z\u00fcn\u0259m\u0259xsus ismar\u0131\u015f da say\u0131la bil\u0259r.<\/p>\n<p>O, Erm\u0259nistandan giley etm\u0259yi d\u0259 unutmayaraq bildirib ki, Erm\u0259nistan-Az\u0259rbaycan s\u0259rh\u0259dl\u0259rinin delimitasiyas\u0131 \u00fczr\u0259 komissiyan\u0131n toplant\u0131lar\u0131na Rusiya d\u0259v\u0259t olunmur. Bu proses r\u0259smi \u0130r\u0259van\u0131n Bak\u0131n\u0131n t\u0259klifl\u0259rin\u0259 gec m\u00fcnasib\u0259t bildirm\u0259si n\u0259tic\u0259sind\u0259 realla\u015fm\u0131r. Ba\u015fqa s\u00f6zl\u0259, Erm\u0259nistan s\u0259rh\u0259dl\u0259rin m\u00fc\u0259yy\u0259nl\u0259\u015fm\u0259si, s\u00fclh sazi\u015finin imzalanmas\u0131 kimi m\u0259s\u0259l\u0259l\u0259r\u0259 dair g\u00f6r\u00fc\u015fl\u0259r ke\u00e7irm\u0259yi m\u00fcxt\u0259lif b\u0259han\u0259l\u0259rl\u0259 gecikdirir. O qeyd edib ki, Az\u0259rbaycanla Erm\u0259nistan aras\u0131nda m\u00fcnasib\u0259tl\u0259rin normalla\u015fd\u0131r\u0131lmas\u0131nda ir\u0259lil\u0259yi\u015fin olmamas\u0131 Q\u0259rbd\u0259n m\u0259sl\u0259h\u0259t alan \u0130r\u0259van\u0131n m\u00f6vqeyind\u0259n qaynaqlan\u0131r.<\/p>\n<p>Yeri g\u0259lmi\u015fk\u0259n, AB\u015e-nin M\u00fcharib\u0259 Ara\u015fd\u0131rmalar\u0131 \u0130nstitutu is\u0259 S.Lavrovun \u00e7\u0131x\u0131\u015f\u0131na cavab olaraq bildirib ki, Erm\u0259nistan Rusiyan\u0131n qar\u015f\u0131s\u0131nda geri \u00e7\u0259kilm\u0259y\u0259 ba\u015flay\u0131r.<\/p>\n<p><img src=\"https:\/\/cdn.oxu.az\/uploads\/W1siZiIsIjIwMjQvMDEvMTkvMTYvNDYvMjIvNDRkOGZjMDctYzE1MC00MTRmLThmZmUtM2JjZjUxZWU0ZmRlLzQ4Nzc5NjYwLWU5NWMtMzA1Mi04MzdhLWNkY2JkM2Q1ZWI0NS5qcGciXSxbInAiLCJlbmNvZGUiLCJqcGciLCItcXVhbGl0eSA4MCJdLFsicCIsInRodW1iIiwiNTkweDU5MFx1MDAzZSJdXQ?sha=c7e44e759504ccd7\" alt=\"\" \/><\/p>\n<p>Ekspertl\u0259rin fikrinc\u0259, N.Pa\u015finyan Moskva qar\u015f\u0131s\u0131nda art\u0131q \u0259yilir. Bildirilib ki, Rusiya m\u0259nb\u0259l\u0259ri Moskvadan uzaqla\u015fd\u0131\u011f\u0131na g\u00f6r\u0259 \u0130r\u0259van\u0131n pe\u015fman oldu\u011funu n\u00fcmayi\u015f etdirirl\u0259r.<\/p>\n<p>S.Lavrovun hesabat xarakterli m\u0259tbuat konfrans\u0131nda Erm\u0259nistanla ba\u011fl\u0131 bir s\u0131ra istiqam\u0259tl\u0259r yer al\u0131b:<\/p>\n<p>&#8211; Rusiyadan uzaqla\u015fma\u011fa g\u00f6r\u0259 m\u0259suliyy\u0259ti Erm\u0259nistan da\u015f\u0131y\u0131b;<\/p>\n<p>&#8211; Delimitasiya il\u0259 ba\u011fl\u0131 komissiyan\u0131n i\u015fin\u0259 d\u0259v\u0259t olunmamaq m\u0259s\u0259l\u0259sini qabartmaqla Avropa \u0130ttifaq\u0131n\u0131n m\u00fclki m\u00fc\u015fahid\u0259 missiyas\u0131n\u0131n Erm\u0259nistandak\u0131 f\u0259aliyy\u0259tin\u0259 i\u015far\u0259 edib;<\/p>\n<p>&#8211; Erm\u0259nistan\u0131n Q\u0259rb, o c\u00fcml\u0259d\u0259n Fransa il\u0259 m\u0259sl\u0259h\u0259tl\u0259\u015fm\u0259sini x\u00fcsusi olaraq vur\u011fulay\u0131b;<\/p>\n<p>&#8211; \u0130r\u0259van\u0131 Bak\u0131 il\u0259 s\u00fclh prosesi istiqam\u0259tind\u0259 f\u0259aliyy\u0259tsizlikd\u0259 ittiham edib;<\/p>\n<p>&#8211; Rusiyan\u0131n r\u0259hb\u0259rlik etdiyi dan\u0131\u015f\u0131qlar\u0131n daha perspektivli oldu\u011funu vur\u011fulamaqla Erm\u0259nistan\u0131 Moskvaya qar\u015f\u0131 \u00e7\u0131xmaqda q\u0131nay\u0131b v\u0259 s.<\/p>\n<p>S.Lavrov son m\u0259tbuat konfrans\u0131nda Rusiyan\u0131n Erm\u0259nistanla m\u00fcnasib\u0259tl\u0259rinin normalla\u015fmas\u0131 \u00fc\u00e7\u00fcn r\u0259smi \u0130r\u0259vana ismar\u0131\u015flar da verib. O, \u0259laq\u0259l\u0259rin geni\u015fl\u0259ndirilm\u0259si \u00fc\u00e7\u00fcn N.Pa\u015finyan\u0131n d\u00fcz\u0259ltm\u0259si vacib olan m\u0259s\u0259l\u0259l\u0259ri a\u00e7\u0131qlay\u0131b. S.Lavrov h\u0259m d\u0259 Rusiya-Erm\u0259nistan g\u0259rginliyinin aradan qald\u0131r\u0131lmas\u0131 \u00fc\u00e7\u00fcn \u0130r\u0259vana yol g\u00f6st\u0259rib. Bu istiqam\u0259td\u0259 ona s\u0259hvl\u0259rini d\u00fcz\u0259ltm\u0259yi t\u0259klif edib.<\/p>\n<p><strong>\u201cReport\u201d \u0130nformasiya Agentliyi<\/strong><\/p>\n","protected":false},"excerpt":{"rendered":"<p>Rusiya-Erm\u0259nistan m\u00fcnasib\u0259tl\u0259rind\u0259 g\u0259rginlik qalmaqdad\u0131r. Rusiya xarici i\u015fl\u0259r naziri Sergey Lavrovun illik m\u0259tbuat konfrans\u0131nda s\u0259sl\u0259ndirdiyi fikirl\u0259r d\u0259 bu q\u0259na\u0259t\u0259 g\u0259lm\u0259y\u0259 \u0259sas verir. O, \u0130r\u0259van r\u0259smil\u0259rinin son g\u00fcnl\u0259r verdiyi bir s\u0131ra a\u00e7\u0131qlamalar\u0131 da cavabland\u0131r\u0131b. H\u0259min cavablar\u0131n birba\u015fa v\u0259 ya dolay\u0131s\u0131 il\u0259 Az\u0259rbaycana da aidiyy\u0259ti var. Bir m\u00fcdd\u0259t \u0259vv\u0259l Erm\u0259nistan\u0131n ba\u015f naziri Nikol Pa\u015finyan bildirmi\u015fdi ki, \u0130r\u0259van da \u0130ran kimi eyni \u015f\u0259rtl\u0259rl\u0259 Az\u0259rbaycan\u0131n dig\u0259r \u0259razil\u0259ri il\u0259 Nax\u00e7\u0131van Muxtar Respublikas\u0131 aras\u0131nda quru yolla kommunikasiyalar\u0131 t\u0259min etm\u0259y\u0259 haz\u0131rd\u0131r. S.Lavrov bu a\u00e7\u0131qlamada m\u0259ntiq g\u00f6rm\u0259diyini deyib. Nazir xat\u0131rlad\u0131b ki, Rusiya Prezidenti Vladimir Putin, Az\u0259rbaycan Prezidenti\u00a0\u0130lham \u018fliyev\u00a0v\u0259 Erm\u0259nistan\u0131n&hellip;<\/p>\n","protected":false},"author":2,"featured_media":681625,"comment_status":"closed","ping_status":"closed","sticky":false,"template":"","format":"standard","meta":{"om_disable_all_campaigns":false,"_monsterinsights_skip_tracking":false,"_monsterinsights_sitenote_active":false,"_monsterinsights_sitenote_note":"","_monsterinsights_sitenote_category":0},"categories":[4],"tags":[],"aioseo_notices":[],"gutentor_comment":0,"rttpg_featured_image_url":{"full":["https:\/\/arantv.az\/wp-content\/uploads\/2024\/01\/259607761-1536x1079-1.jpg",620,413,false],"landscape":["https:\/\/arantv.az\/wp-content\/uploads\/2024\/01\/259607761-1536x1079-1.jpg",620,413,false],"portraits":["https:\/\/arantv.az\/wp-content\/uploads\/2024\/01\/259607761-1536x1079-1.jpg",620,413,false],"thumbnail":["https:\/\/arantv.az\/wp-content\/uploads\/2024\/01\/259607761-1536x1079-1-500x280.jpg",500,280,true],"medium":["https:\/\/arantv.az\/wp-content\/uploads\/2024\/01\/259607761-1536x1079-1-548x365.jpg",548,365,true],"large":["https:\/\/arantv.az\/wp-content\/uploads\/2024\/01\/259607761-1536x1079-1.jpg",620,413,false],"1536x1536":["https:\/\/arantv.az\/wp-content\/uploads\/2024\/01\/259607761-1536x1079-1.jpg",620,413,false],"2048x2048":["https:\/\/arantv.az\/wp-content\/uploads\/2024\/01\/259607761-1536x1079-1.jpg",620,413,false],"post-thumbnail":["https:\/\/arantv.az\/wp-content\/uploads\/2024\/01\/259607761-1536x1079-1-240x172.jpg",240,172,true],"advps-thumb-one":["https:\/\/arantv.az\/wp-content\/uploads\/2024\/01\/259607761-1536x1079-1.jpg",620,413,false]},"rttpg_author":{"display_name":"V\u00fcsal Rafiqo\u011flu","author_link":"https:\/\/arantv.az\/?author=2"},"rttpg_comment":0,"rttpg_category":"<a href=\"https:\/\/arantv.az\/?cat=4\" rel=\"category\">Siyas\u0259t<\/a>","rttpg_excerpt":"Rusiya-Erm\u0259nistan m\u00fcnasib\u0259tl\u0259rind\u0259 g\u0259rginlik qalmaqdad\u0131r. Rusiya xarici i\u015fl\u0259r naziri Sergey Lavrovun illik m\u0259tbuat konfrans\u0131nda s\u0259sl\u0259ndirdiyi fikirl\u0259r d\u0259 bu q\u0259na\u0259t\u0259 g\u0259lm\u0259y\u0259 \u0259sas verir. O, \u0130r\u0259van r\u0259smil\u0259rinin son g\u00fcnl\u0259r verdiyi bir s\u0131ra a\u00e7\u0131qlamalar\u0131 da cavabland\u0131r\u0131b. H\u0259min cavablar\u0131n birba\u015fa v\u0259 ya dolay\u0131s\u0131 il\u0259 Az\u0259rbaycana da aidiyy\u0259ti var. Bir m\u00fcdd\u0259t \u0259vv\u0259l Erm\u0259nistan\u0131n ba\u015f naziri Nikol Pa\u015finyan bildirmi\u015fdi ki, \u0130r\u0259van da&hellip;","_links":{"self":[{"href":"https:\/\/arantv.az\/index.php?rest_route=\/wp\/v2\/posts\/681624"}],"collection":[{"href":"https:\/\/arantv.az\/index.php?rest_route=\/wp\/v2\/posts"}],"about":[{"href":"https:\/\/arantv.az\/index.php?rest_route=\/wp\/v2\/types\/post"}],"author":[{"embeddable":true,"href":"https:\/\/arantv.az\/index.php?rest_route=\/wp\/v2\/users\/2"}],"replies":[{"embeddable":true,"href":"https:\/\/arantv.az\/index.php?rest_route=%2Fwp%2Fv2%2Fcomments&post=681624"}],"version-history":[{"count":0,"href":"https:\/\/arantv.az\/index.php?rest_route=\/wp\/v2\/posts\/681624\/revisions"}],"wp:featuredmedia":[{"embeddable":true,"href":"https:\/\/arantv.az\/index.php?rest_route=\/wp\/v2\/media\/681625"}],"wp:attachment":[{"href":"https:\/\/arantv.az\/index.php?rest_route=%2Fwp%2Fv2%2Fmedia&parent=681624"}],"wp:term":[{"taxonomy":"category","embeddable":true,"href":"https:\/\/arantv.az\/index.php?rest_route=%2Fwp%2Fv2%2Fcategories&post=681624"},{"taxonomy":"post_tag","embeddable":true,"href":"https:\/\/arantv.az\/index.php?rest_route=%2Fwp%2Fv2%2Ftags&post=681624"}],"curies":[{"name":"wp","href":"https:\/\/api.w.org\/{rel}","templated":true}]}}