{"id":681627,"date":"2024-01-19T18:21:49","date_gmt":"2024-01-19T14:21:49","guid":{"rendered":"https:\/\/arantv.az\/?p=681627"},"modified":"2024-01-19T18:21:49","modified_gmt":"2024-01-19T14:21:49","slug":"mikayil-cabbarov-cinin-cgtn-europe-televiziya-kanalina-musahib%c9%99-verib-foto","status":"publish","type":"post","link":"https:\/\/arantv.az\/?p=681627","title":{"rendered":"Mikay\u0131l Cabbarov \u00c7inin \u201cCGTN Europe\u201d televiziya kanal\u0131na m\u00fcsahib\u0259 verib &#8211; FOTO"},"content":{"rendered":"<p>\u0130qtisadiyyat naziri Mikay\u0131l Cabbarov\u00a0Davos \u0130qtisadi Forumu \u00e7\u0259r\u00e7iv\u0259sind\u0259 \u00c7inin \u201cCGTN Europe\u201d televiziya kanal\u0131na m\u00fcsahib\u0259 verib.<\/p>\n<p>O, bu bar\u0259d\u0259 \u00f6z \u201cX\u201d hesab\u0131nda payla\u015f\u0131m edib.<\/p>\n<p>\u201cAz\u0259rbaycanda qlobal reall\u0131qlara uy\u011fun dayan\u0131ql\u0131 iqtisadiyyat\u0131n d\u0259st\u0259kl\u0259nm\u0259si, b\u0259rpaolunan enerjiy\u0259 ke\u00e7idin t\u0259min edilm\u0259si v\u0259 COP29-un Az\u0259rbaycanda ke\u00e7irilm\u0259si istiqam\u0259tind\u0259 realla\u015fd\u0131r\u0131lan t\u0259dbirl\u0259r diqq\u0259t\u0259 \u00e7atd\u0131r\u0131ld\u0131, h\u0259m\u00e7inin Az\u0259rbaycan v\u0259 \u00c7in Xalq Respublikas\u0131 aras\u0131nda ticar\u0259t v\u0259 investisiya \u0259laq\u0259l\u0259rinin y\u00fcks\u0259l\u0259n x\u0259tt \u00fczr\u0259 inki\u015faf etdiyi vur\u011fuland\u0131\u201d, &#8211; dey\u0259 nazir qeyd edib.<\/p>\n<div>\n<div class=\"twitter-tweet twitter-tweet-rendered\"><iframe id=\"twitter-widget-0\" class=\"\" title=\"X Post\" src=\"https:\/\/platform.twitter.com\/embed\/Tweet.html?creatorScreenName=oxuaz&amp;dnt=false&amp;embedId=twitter-widget-0&amp;features=eyJ0ZndfdGltZWxpbmVfbGlzdCI6eyJidWNrZXQiOltdLCJ2ZXJzaW9uIjpudWxsfSwidGZ3X2ZvbGxvd2VyX2NvdW50X3N1bnNldCI6eyJidWNrZXQiOnRydWUsInZlcnNpb24iOm51bGx9LCJ0ZndfdHdlZXRfZWRpdF9iYWNrZW5kIjp7ImJ1Y2tldCI6Im9uIiwidmVyc2lvbiI6bnVsbH0sInRmd19yZWZzcmNfc2Vzc2lvbiI6eyJidWNrZXQiOiJvbiIsInZlcnNpb24iOm51bGx9LCJ0ZndfZm9zbnJfc29mdF9pbnRlcnZlbnRpb25zX2VuYWJsZWQiOnsiYnVja2V0Ijoib24iLCJ2ZXJzaW9uIjpudWxsfSwidGZ3X21peGVkX21lZGlhXzE1ODk3Ijp7ImJ1Y2tldCI6InRyZWF0bWVudCIsInZlcnNpb24iOm51bGx9LCJ0ZndfZXhwZXJpbWVudHNfY29va2llX2V4cGlyYXRpb24iOnsiYnVja2V0IjoxMjA5NjAwLCJ2ZXJzaW9uIjpudWxsfSwidGZ3X3Nob3dfYmlyZHdhdGNoX3Bpdm90c19lbmFibGVkIjp7ImJ1Y2tldCI6Im9uIiwidmVyc2lvbiI6bnVsbH0sInRmd19kdXBsaWNhdGVfc2NyaWJlc190b19zZXR0aW5ncyI6eyJidWNrZXQiOiJvbiIsInZlcnNpb24iOm51bGx9LCJ0ZndfdXNlX3Byb2ZpbGVfaW1hZ2Vfc2hhcGVfZW5hYmxlZCI6eyJidWNrZXQiOiJvbiIsInZlcnNpb24iOm51bGx9LCJ0ZndfdmlkZW9faGxzX2R5bmFtaWNfbWFuaWZlc3RzXzE1MDgyIjp7ImJ1Y2tldCI6InRydWVfYml0cmF0ZSIsInZlcnNpb24iOm51bGx9LCJ0ZndfbGVnYWN5X3RpbWVsaW5lX3N1bnNldCI6eyJidWNrZXQiOnRydWUsInZlcnNpb24iOm51bGx9LCJ0ZndfdHdlZXRfZWRpdF9mcm9udGVuZCI6eyJidWNrZXQiOiJvbiIsInZlcnNpb24iOm51bGx9fQ%3D%3D&amp;frame=false&amp;hideCard=false&amp;hideThread=false&amp;id=1748344010773528596&amp;lang=en&amp;origin=https%3A%2F%2Foxu.az%2Feconomy%2F828601&amp;sessionId=d2836856b4323badfec7e357890bd0d4f02f9f43&amp;siteScreenName=oxuaz&amp;theme=light&amp;widgetsVersion=2615f7e52b7e0%3A1702314776716&amp;width=550px\" frameborder=\"0\" scrolling=\"no\" allowfullscreen=\"allowfullscreen\" data-tweet-id=\"1748344010773528596\" data-mce-fragment=\"1\"><\/iframe><\/div>\n<\/div>\n<p>&nbsp;<\/p>\n","protected":false},"excerpt":{"rendered":"<p>\u0130qtisadiyyat naziri Mikay\u0131l Cabbarov\u00a0Davos \u0130qtisadi Forumu \u00e7\u0259r\u00e7iv\u0259sind\u0259 \u00c7inin \u201cCGTN Europe\u201d televiziya kanal\u0131na m\u00fcsahib\u0259 verib. O, bu bar\u0259d\u0259 \u00f6z \u201cX\u201d hesab\u0131nda payla\u015f\u0131m edib. \u201cAz\u0259rbaycanda qlobal reall\u0131qlara uy\u011fun dayan\u0131ql\u0131 iqtisadiyyat\u0131n d\u0259st\u0259kl\u0259nm\u0259si, b\u0259rpaolunan enerjiy\u0259 ke\u00e7idin t\u0259min edilm\u0259si v\u0259 COP29-un Az\u0259rbaycanda ke\u00e7irilm\u0259si istiqam\u0259tind\u0259 realla\u015fd\u0131r\u0131lan t\u0259dbirl\u0259r diqq\u0259t\u0259 \u00e7atd\u0131r\u0131ld\u0131, h\u0259m\u00e7inin Az\u0259rbaycan v\u0259 \u00c7in Xalq Respublikas\u0131 aras\u0131nda ticar\u0259t v\u0259 investisiya \u0259laq\u0259l\u0259rinin y\u00fcks\u0259l\u0259n x\u0259tt \u00fczr\u0259 inki\u015faf etdiyi vur\u011fuland\u0131\u201d, &#8211; dey\u0259 nazir qeyd edib. &nbsp;<\/p>\n","protected":false},"author":2,"featured_media":681628,"comment_status":"closed","ping_status":"closed","sticky":false,"template":"","format":"standard","meta":{"om_disable_all_campaigns":false,"_monsterinsights_skip_tracking":false,"_monsterinsights_sitenote_active":false,"_monsterinsights_sitenote_note":"","_monsterinsights_sitenote_category":0},"categories":[19],"tags":[],"aioseo_notices":[],"gutentor_comment":0,"rttpg_featured_image_url":{"full":["https:\/\/arantv.az\/wp-content\/uploads\/2024\/01\/1bee3ed8-33ea-4456-ac5f-ae687fb0e61d-1-2.jpg",620,413,false],"landscape":["https:\/\/arantv.az\/wp-content\/uploads\/2024\/01\/1bee3ed8-33ea-4456-ac5f-ae687fb0e61d-1-2.jpg",620,413,false],"portraits":["https:\/\/arantv.az\/wp-content\/uploads\/2024\/01\/1bee3ed8-33ea-4456-ac5f-ae687fb0e61d-1-2.jpg",620,413,false],"thumbnail":["https:\/\/arantv.az\/wp-content\/uploads\/2024\/01\/1bee3ed8-33ea-4456-ac5f-ae687fb0e61d-1-2-500x280.jpg",500,280,true],"medium":["https:\/\/arantv.az\/wp-content\/uploads\/2024\/01\/1bee3ed8-33ea-4456-ac5f-ae687fb0e61d-1-2-548x365.jpg",548,365,true],"large":["https:\/\/arantv.az\/wp-content\/uploads\/2024\/01\/1bee3ed8-33ea-4456-ac5f-ae687fb0e61d-1-2.jpg",620,413,false],"1536x1536":["https:\/\/arantv.az\/wp-content\/uploads\/2024\/01\/1bee3ed8-33ea-4456-ac5f-ae687fb0e61d-1-2.jpg",620,413,false],"2048x2048":["https:\/\/arantv.az\/wp-content\/uploads\/2024\/01\/1bee3ed8-33ea-4456-ac5f-ae687fb0e61d-1-2.jpg",620,413,false],"post-thumbnail":["https:\/\/arantv.az\/wp-content\/uploads\/2024\/01\/1bee3ed8-33ea-4456-ac5f-ae687fb0e61d-1-2-240x172.jpg",240,172,true],"advps-thumb-one":["https:\/\/arantv.az\/wp-content\/uploads\/2024\/01\/1bee3ed8-33ea-4456-ac5f-ae687fb0e61d-1-2.jpg",620,413,false]},"rttpg_author":{"display_name":"V\u00fcsal Rafiqo\u011flu","author_link":"https:\/\/arantv.az\/?author=2"},"rttpg_comment":0,"rttpg_category":"<a href=\"https:\/\/arantv.az\/?cat=19\" rel=\"category\">G\u00fcnd\u0259m<\/a>","rttpg_excerpt":"\u0130qtisadiyyat naziri Mikay\u0131l Cabbarov\u00a0Davos \u0130qtisadi Forumu \u00e7\u0259r\u00e7iv\u0259sind\u0259 \u00c7inin \u201cCGTN Europe\u201d televiziya kanal\u0131na m\u00fcsahib\u0259 verib. O, bu bar\u0259d\u0259 \u00f6z \u201cX\u201d hesab\u0131nda payla\u015f\u0131m edib. \u201cAz\u0259rbaycanda qlobal reall\u0131qlara uy\u011fun dayan\u0131ql\u0131 iqtisadiyyat\u0131n d\u0259st\u0259kl\u0259nm\u0259si, b\u0259rpaolunan enerjiy\u0259 ke\u00e7idin t\u0259min edilm\u0259si v\u0259 COP29-un Az\u0259rbaycanda ke\u00e7irilm\u0259si istiqam\u0259tind\u0259 realla\u015fd\u0131r\u0131lan t\u0259dbirl\u0259r diqq\u0259t\u0259 \u00e7atd\u0131r\u0131ld\u0131, h\u0259m\u00e7inin Az\u0259rbaycan v\u0259 \u00c7in Xalq Respublikas\u0131 aras\u0131nda ticar\u0259t v\u0259 investisiya \u0259laq\u0259l\u0259rinin y\u00fcks\u0259l\u0259n&hellip;","_links":{"self":[{"href":"https:\/\/arantv.az\/index.php?rest_route=\/wp\/v2\/posts\/681627"}],"collection":[{"href":"https:\/\/arantv.az\/index.php?rest_route=\/wp\/v2\/posts"}],"about":[{"href":"https:\/\/arantv.az\/index.php?rest_route=\/wp\/v2\/types\/post"}],"author":[{"embeddable":true,"href":"https:\/\/arantv.az\/index.php?rest_route=\/wp\/v2\/users\/2"}],"replies":[{"embeddable":true,"href":"https:\/\/arantv.az\/index.php?rest_route=%2Fwp%2Fv2%2Fcomments&post=681627"}],"version-history":[{"count":0,"href":"https:\/\/arantv.az\/index.php?rest_route=\/wp\/v2\/posts\/681627\/revisions"}],"wp:featuredmedia":[{"embeddable":true,"href":"https:\/\/arantv.az\/index.php?rest_route=\/wp\/v2\/media\/681628"}],"wp:attachment":[{"href":"https:\/\/arantv.az\/index.php?rest_route=%2Fwp%2Fv2%2Fmedia&parent=681627"}],"wp:term":[{"taxonomy":"category","embeddable":true,"href":"https:\/\/arantv.az\/index.php?rest_route=%2Fwp%2Fv2%2Fcategories&post=681627"},{"taxonomy":"post_tag","embeddable":true,"href":"https:\/\/arantv.az\/index.php?rest_route=%2Fwp%2Fv2%2Ftags&post=681627"}],"curies":[{"name":"wp","href":"https:\/\/api.w.org\/{rel}","templated":true}]}}