{"id":682024,"date":"2024-01-20T19:22:32","date_gmt":"2024-01-20T15:22:32","guid":{"rendered":"https:\/\/arantv.az\/?p=682024"},"modified":"2024-01-20T19:22:32","modified_gmt":"2024-01-20T15:22:32","slug":"moskvada-20-yanvar-s%c9%99hidl%c9%99rinin-xatir%c9%99si-anilib-foto","status":"publish","type":"post","link":"https:\/\/arantv.az\/?p=682024","title":{"rendered":"Moskvada 20 Yanvar \u015f\u0259hidl\u0259rinin xatir\u0259si an\u0131l\u0131b &#8211; FOTO"},"content":{"rendered":"<p>Az\u0259rbaycan\u0131n Rusiyan\u0131n paytaxt\u0131 Moskvadak\u0131 s\u0259firliyind\u0259 20 Yanvar faci\u0259sinin 34-c\u00fc ild\u00f6n\u00fcm\u00fcn\u0259 h\u0259sr olunmu\u015f t\u0259dbir ke\u00e7irilib.<\/p>\n<p>\u201cReport\u201dun Rusiya b\u00fcrosu x\u0259b\u0259r verir ki, \u0259vv\u0259lc\u0259 Az\u0259rbayan\u0131n Rusiyadak\u0131 s\u0259firi Polad B\u00fclb\u00fclo\u011flu, s\u0259firliyin v\u0259 Heyd\u0259r \u018fliyev Fondunun Rusiyadak\u0131 n\u00fcmay\u0259nd\u0259liyinin \u0259m\u0259kda\u015flar\u0131, T\u00fcrkiy\u0259nin Rusiyadak\u0131 s\u0259firi Tanju Bilgi\u00e7, Moskvada akkredit\u0259 olunmu\u015f dig\u0259r diplomatik missiyalar\u0131n diplomatlar\u0131, yerli ictimaiyy\u0259tin, Rusiyan\u0131n Az\u0259rbaycanl\u0131 G\u0259ncl\u0259r Birliyinin (RAGB) v\u0259 diasporumuzun n\u00fcmay\u0259nd\u0259l\u0259ri \u00dcmummilli Lider Heyd\u0259r \u018fliyevin s\u0259firliyin binas\u0131ndak\u0131 barelyefi, 20 Yanvar faci\u0259si qurbanlar\u0131n\u0131n xatir\u0259sin\u0259 h\u0259sr edilmi\u015f bannerin \u00f6n\u00fcn\u0259 g\u00fcl d\u0259st\u0259l\u0259ri qoyaraq, \u015f\u0259hidl\u0259rin xatir\u0259sini ehtiramla yad edibl\u0259r.<\/p>\n<p>T\u0259dbird\u0259 \u00e7\u0131x\u0131\u015f ed\u0259n Polad B\u00fclb\u00fclo\u011flu bildirib ki, bu g\u00fcn xalq\u0131m\u0131z 34 il \u0259vv\u0259l V\u0259t\u0259nimizin azadl\u0131\u011f\u0131 v\u0259 m\u00fcst\u0259qilliyi u\u011frunda canlar\u0131ndan ke\u00e7mi\u015f \u015f\u0259hidl\u0259rin xatir\u0259sini yad edir. 1990-c\u0131 il yanvar\u0131n 19-dan 20-n\u0259 ke\u00e7\u0259n gec\u0259 ba\u015fda Mixail Qorba\u00e7ov olmaqla, SSR\u0130 r\u0259hb\u0259rliyinin g\u00f6st\u0259ri\u015fi il\u0259 sovet ordusunun b\u00f6lm\u0259l\u0259ri Bak\u0131ya soxularaq, dinc \u0259halini k\u00fctl\u0259vi \u015f\u0259kild\u0259 q\u0259tl\u0259 yetiribl\u0259r. Bu hadis\u0259l\u0259r Az\u0259rbaycan tarixin\u0259 \u0259b\u0259di olaraq \u201cQara Yanvar&#8221; kimi daxil olub:<\/p>\n<p>\u201cSSR\u0130 r\u0259hb\u0259rliyinin Az\u0259rbaycan xalq\u0131na qar\u015f\u0131 ayr\u0131se\u00e7kilik siyas\u0259tin\u0259, indiki Erm\u0259nistan \u0259razil\u0259rind\u0259ki tarixi torpaqlar\u0131m\u0131zdan y\u00fcz minl\u0259rl\u0259 az\u0259rbaycanl\u0131n\u0131n deportasiyasa olunmas\u0131na, Erm\u0259nistan\u0131n Az\u0259rbaycana qar\u015f\u0131 \u0259sass\u0131z \u0259razi iddialar\u0131na etiraz ed\u0259n geni\u015f xalq k\u00fctl\u0259sin\u0259 qar\u015f\u0131 sovet ordusunun iri h\u0259rbi hiss\u0259l\u0259rinin yeridilm\u0259si d\u0259h\u015f\u0259tli faci\u0259y\u0259 s\u0259b\u0259b oldu\u201d.<\/p>\n<p>Bak\u0131da \u0259n amans\u0131z aksiyalar n\u0259tic\u0259sind\u0259 c\u0259mi bir gec\u0259d\u0259 onlarla g\u00fcnahs\u0131z insan \u015f\u0259hid olub, xeyli sakin a\u011f\u0131r yaralan\u0131b, bir ne\u00e7\u0259 n\u0259f\u0259r is\u0259 itkin d\u00fc\u015f\u00fcb.<\/p>\n<p>P.B\u00fclb\u00fclo\u011flu diqq\u0259t\u0259 \u00e7atd\u0131r\u0131b ki, 1990-c\u0131 il yanvar\u0131n 21-d\u0259 \u00dcmummilli Lider Heyd\u0259r \u018fliyev ail\u0259 \u00fczvl\u0259ri il\u0259 birlikd\u0259 Az\u0259rbaycan\u0131n Moskvadak\u0131 daimi n\u00fcmay\u0259nd\u0259liyinin binas\u0131na g\u0259l\u0259r\u0259k, m\u0259tbuat konfrans\u0131 ke\u00e7irib, ba\u015f vermi\u015f v\u0259h\u015filikl\u0259ri k\u0259skin \u015f\u0259kild\u0259 pisl\u0259y\u0259r\u0259k, bunlar\u0131 dinc \u0259haliy\u0259 qar\u015f\u0131 terror adland\u0131r\u0131b. Ulu \u00d6nd\u0259r Az\u0259rbaycan xalq\u0131 il\u0259 h\u0259mr\u0259y oldu\u011funu n\u00fcmayi\u015f etdir\u0259r\u0259k, hadis\u0259nin t\u0259\u015f\u0259bb\u00fcskarlar\u0131 v\u0259 icra\u00e7\u0131lar\u0131n\u0131n c\u0259zaland\u0131r\u0131lmas\u0131n\u0131 t\u0259l\u0259b edib.<\/p>\n<p>S\u0259fir x\u00fcsusil\u0259 vur\u011fulay\u0131b ki, 1994-c\u00fc ilin fevral\u0131nda Milli M\u0259clisin n\u00f6vb\u0259d\u0259nk\u0259nar iclas\u0131nda Heyd\u0259r \u018fliyev \u00f6lk\u0259 r\u0259hb\u0259rliyin\u0259 qay\u0131d\u0131\u015f\u0131ndan sonra 1990-c\u0131 il yanvar\u0131n 20-d\u0259 g\u00fcnahs\u0131z insanlar\u0131n v\u0259h\u015fic\u0259sin\u0259 q\u0259tl\u0259 yetirilm\u0259si h\u0259rbi t\u0259cav\u00fcz v\u0259 cinay\u0259t kimi qiym\u0259tl\u0259ndirilib, 1994-c\u00fc ilin mart\u0131nda \u201c1990-c\u0131 il yanvar\u0131n 20-d\u0259 Bak\u0131da t\u00f6r\u0259dilmi\u015f faci\u0259li hadis\u0259l\u0259r haqq\u0131nda\u201d Q\u0259rar q\u0259bul edilib, 20 Yanvar Az\u0259rbaycanda Milli H\u00fczn G\u00fcn\u00fc elan edilib.<\/p>\n<p>T\u0259dbirin sonunda \u015f\u0259hidl\u0259rin xatir\u0259sin\u0259 ehsan verilib.<\/p>\n<p>&nbsp;<\/p>\n<div class=\"gallery\">\n<div class=\"gallery-i\"><img src=\"https:\/\/cdn.oxu.az\/uploads\/W1siZiIsIjIwMjQvMDEvMjAvMTkvMTMvMDAvMDA1Mjg4ZmYtNWIxZS00OWQxLWEzMTAtM2RhYzUwNTIwOTQwL0ZvdG9KZXQgKDQpLmpwZyJdLFsicCIsImVuY29kZSIsImpwZyIsIi1xdWFsaXR5IDgwIl0sWyJwIiwidGh1bWIiLCI1OTB4NTkwXHUwMDNlIl1d?sha=69ae31afffe02d3b\" alt=\"\" \/><\/p>\n<div class=\"gallery-i-caption\"><\/div>\n<\/div>\n<div class=\"gallery-i\"><img src=\"https:\/\/cdn.oxu.az\/uploads\/W1siZiIsIjIwMjQvMDEvMjAvMTkvMTMvMzUvMTg5OGE2OWUtOWNmZS00N2JiLWE4YTctNDZjYmIxMjhkYTM2L0ZvdG9KZXQgKDUpLmpwZyJdLFsicCIsImVuY29kZSIsImpwZyIsIi1xdWFsaXR5IDgwIl0sWyJwIiwidGh1bWIiLCI1OTB4NTkwXHUwMDNlIl1d?sha=1ba524661545a459\" alt=\"\" \/><\/p>\n<div class=\"gallery-i-caption\"><\/div>\n<\/div>\n<div class=\"gallery-i\"><img src=\"https:\/\/cdn.oxu.az\/uploads\/W1siZiIsIjIwMjQvMDEvMjAvMTkvMTUvMDAvMzY3NzVjMTYtNjNjMy00NDI3LThlNDYtZGRlNTc5ZDY4NTc2L0ZvdG9KZXQgKDYpLmpwZyJdLFsicCIsImVuY29kZSIsImpwZyIsIi1xdWFsaXR5IDgwIl0sWyJwIiwidGh1bWIiLCI1OTB4NTkwXHUwMDNlIl1d?sha=dfcd7548f00fd0f6\" alt=\"\" \/><\/p>\n<div class=\"gallery-i-caption\"><\/div>\n<\/div>\n<div class=\"gallery-i\"><img src=\"https:\/\/cdn.oxu.az\/uploads\/W1siZiIsIjIwMjQvMDEvMjAvMTkvMTUvNDUvZjM5M2Y5ZjYtOGY0MS00ZWQ5LWEzY2YtZjZmYTBmYTJhOWJmL0ZvdG9KZXQgKDcpLmpwZyJdLFsicCIsImVuY29kZSIsImpwZyIsIi1xdWFsaXR5IDgwIl0sWyJwIiwidGh1bWIiLCI1OTB4NTkwXHUwMDNlIl1d?sha=79a803cdc26ddc4a\" alt=\"\" \/><\/p>\n<div class=\"gallery-i-caption\"><\/div>\n<\/div>\n<div class=\"gallery-i\"><img src=\"https:\/\/cdn.oxu.az\/uploads\/W1siZiIsIjIwMjQvMDEvMjAvMTkvMTYvMjkvZjFkZTJhZjYtMThkNy00ZTIxLTg1ZmItY2FlZTY2YjJhZTAxL0ZvdG9KZXQgKDgpLmpwZyJdLFsicCIsImVuY29kZSIsImpwZyIsIi1xdWFsaXR5IDgwIl0sWyJwIiwidGh1bWIiLCI1OTB4NTkwXHUwMDNlIl1d?sha=e9e3dbd30f5d19da\" alt=\"\" \/><\/p>\n<div class=\"gallery-i-caption\"><\/div>\n<\/div>\n<div class=\"gallery-i\"><img src=\"https:\/\/cdn.oxu.az\/uploads\/W1siZiIsIjIwMjQvMDEvMjAvMTkvMTcvMDYvNGFiYzU5M2EtZDBmYS00ZmZmLWFlMGEtN2I2NzA2NzZiMTVlL0ZvdG9KZXQgKDkpLmpwZyJdLFsicCIsImVuY29kZSIsImpwZyIsIi1xdWFsaXR5IDgwIl0sWyJwIiwidGh1bWIiLCI1OTB4NTkwXHUwMDNlIl1d?sha=d4e15b04f9db192b\" alt=\"\" \/><\/p>\n<div class=\"gallery-i-caption\"><\/div>\n<\/div>\n<div class=\"gallery-i\"><img src=\"https:\/\/cdn.oxu.az\/uploads\/W1siZiIsIjIwMjQvMDEvMjAvMTkvMTcvNDIvODEzMjU4MTgtYzM0My00MzFlLWJmNGItNjM1OWU4YWRiYTAzL0ZvdG9KZXQgKDEwKS5qcGciXSxbInAiLCJlbmNvZGUiLCJqcGciLCItcXVhbGl0eSA4MCJdLFsicCIsInRodW1iIiwiNTkweDU5MFx1MDAzZSJdXQ?sha=520cfc2aba84d1be\" alt=\"\" \/><\/p>\n<div class=\"gallery-i-caption\"><\/div>\n<\/div>\n<div class=\"gallery-i\"><img src=\"https:\/\/cdn.oxu.az\/uploads\/W1siZiIsIjIwMjQvMDEvMjAvMTkvMTgvMTMvNzU2MGY3NTAtZDUwMi00Y2M1LTk0YjAtNjkzNjI5MWQyYjIzL0ZvdG9KZXQgKDExKS5qcGciXSxbInAiLCJlbmNvZGUiLCJqcGciLCItcXVhbGl0eSA4MCJdLFsicCIsInRodW1iIiwiNTkweDU5MFx1MDAzZSJdXQ?sha=fbc2f26c529747cd\" alt=\"\" \/><\/div>\n<\/div>\n","protected":false},"excerpt":{"rendered":"<p>Az\u0259rbaycan\u0131n Rusiyan\u0131n paytaxt\u0131 Moskvadak\u0131 s\u0259firliyind\u0259 20 Yanvar faci\u0259sinin 34-c\u00fc ild\u00f6n\u00fcm\u00fcn\u0259 h\u0259sr olunmu\u015f t\u0259dbir ke\u00e7irilib. \u201cReport\u201dun Rusiya b\u00fcrosu x\u0259b\u0259r verir ki, \u0259vv\u0259lc\u0259 Az\u0259rbayan\u0131n Rusiyadak\u0131 s\u0259firi Polad B\u00fclb\u00fclo\u011flu, s\u0259firliyin v\u0259 Heyd\u0259r \u018fliyev Fondunun Rusiyadak\u0131 n\u00fcmay\u0259nd\u0259liyinin \u0259m\u0259kda\u015flar\u0131, T\u00fcrkiy\u0259nin Rusiyadak\u0131 s\u0259firi Tanju Bilgi\u00e7, Moskvada akkredit\u0259 olunmu\u015f dig\u0259r diplomatik missiyalar\u0131n diplomatlar\u0131, yerli ictimaiyy\u0259tin, Rusiyan\u0131n Az\u0259rbaycanl\u0131 G\u0259ncl\u0259r Birliyinin (RAGB) v\u0259 diasporumuzun n\u00fcmay\u0259nd\u0259l\u0259ri \u00dcmummilli Lider Heyd\u0259r \u018fliyevin s\u0259firliyin binas\u0131ndak\u0131 barelyefi, 20 Yanvar faci\u0259si qurbanlar\u0131n\u0131n xatir\u0259sin\u0259 h\u0259sr edilmi\u015f bannerin \u00f6n\u00fcn\u0259 g\u00fcl d\u0259st\u0259l\u0259ri qoyaraq, \u015f\u0259hidl\u0259rin xatir\u0259sini ehtiramla yad edibl\u0259r. T\u0259dbird\u0259 \u00e7\u0131x\u0131\u015f ed\u0259n Polad B\u00fclb\u00fclo\u011flu bildirib ki, bu g\u00fcn xalq\u0131m\u0131z&hellip;<\/p>\n","protected":false},"author":2,"featured_media":682033,"comment_status":"closed","ping_status":"closed","sticky":false,"template":"","format":"standard","meta":{"om_disable_all_campaigns":false,"_monsterinsights_skip_tracking":false,"_monsterinsights_sitenote_active":false,"_monsterinsights_sitenote_note":"","_monsterinsights_sitenote_category":0},"categories":[4],"tags":[],"aioseo_notices":[],"gutentor_comment":0,"rttpg_featured_image_url":{"full":["https:\/\/arantv.az\/wp-content\/uploads\/2024\/01\/FotoJet-3-11.jpg",620,413,false],"landscape":["https:\/\/arantv.az\/wp-content\/uploads\/2024\/01\/FotoJet-3-11.jpg",620,413,false],"portraits":["https:\/\/arantv.az\/wp-content\/uploads\/2024\/01\/FotoJet-3-11.jpg",620,413,false],"thumbnail":["https:\/\/arantv.az\/wp-content\/uploads\/2024\/01\/FotoJet-3-11-500x280.jpg",500,280,true],"medium":["https:\/\/arantv.az\/wp-content\/uploads\/2024\/01\/FotoJet-3-11-548x365.jpg",548,365,true],"large":["https:\/\/arantv.az\/wp-content\/uploads\/2024\/01\/FotoJet-3-11.jpg",620,413,false],"1536x1536":["https:\/\/arantv.az\/wp-content\/uploads\/2024\/01\/FotoJet-3-11.jpg",620,413,false],"2048x2048":["https:\/\/arantv.az\/wp-content\/uploads\/2024\/01\/FotoJet-3-11.jpg",620,413,false],"post-thumbnail":["https:\/\/arantv.az\/wp-content\/uploads\/2024\/01\/FotoJet-3-11-240x172.jpg",240,172,true],"advps-thumb-one":["https:\/\/arantv.az\/wp-content\/uploads\/2024\/01\/FotoJet-3-11.jpg",620,413,false]},"rttpg_author":{"display_name":"V\u00fcsal Rafiqo\u011flu","author_link":"https:\/\/arantv.az\/?author=2"},"rttpg_comment":0,"rttpg_category":"<a href=\"https:\/\/arantv.az\/?cat=4\" rel=\"category\">Siyas\u0259t<\/a>","rttpg_excerpt":"Az\u0259rbaycan\u0131n Rusiyan\u0131n paytaxt\u0131 Moskvadak\u0131 s\u0259firliyind\u0259 20 Yanvar faci\u0259sinin 34-c\u00fc ild\u00f6n\u00fcm\u00fcn\u0259 h\u0259sr olunmu\u015f t\u0259dbir ke\u00e7irilib. \u201cReport\u201dun Rusiya b\u00fcrosu x\u0259b\u0259r verir ki, \u0259vv\u0259lc\u0259 Az\u0259rbayan\u0131n Rusiyadak\u0131 s\u0259firi Polad B\u00fclb\u00fclo\u011flu, s\u0259firliyin v\u0259 Heyd\u0259r \u018fliyev Fondunun Rusiyadak\u0131 n\u00fcmay\u0259nd\u0259liyinin \u0259m\u0259kda\u015flar\u0131, T\u00fcrkiy\u0259nin Rusiyadak\u0131 s\u0259firi Tanju Bilgi\u00e7, Moskvada akkredit\u0259 olunmu\u015f dig\u0259r diplomatik missiyalar\u0131n diplomatlar\u0131, yerli ictimaiyy\u0259tin, Rusiyan\u0131n Az\u0259rbaycanl\u0131 G\u0259ncl\u0259r Birliyinin (RAGB) v\u0259 diasporumuzun&hellip;","_links":{"self":[{"href":"https:\/\/arantv.az\/index.php?rest_route=\/wp\/v2\/posts\/682024"}],"collection":[{"href":"https:\/\/arantv.az\/index.php?rest_route=\/wp\/v2\/posts"}],"about":[{"href":"https:\/\/arantv.az\/index.php?rest_route=\/wp\/v2\/types\/post"}],"author":[{"embeddable":true,"href":"https:\/\/arantv.az\/index.php?rest_route=\/wp\/v2\/users\/2"}],"replies":[{"embeddable":true,"href":"https:\/\/arantv.az\/index.php?rest_route=%2Fwp%2Fv2%2Fcomments&post=682024"}],"version-history":[{"count":0,"href":"https:\/\/arantv.az\/index.php?rest_route=\/wp\/v2\/posts\/682024\/revisions"}],"wp:featuredmedia":[{"embeddable":true,"href":"https:\/\/arantv.az\/index.php?rest_route=\/wp\/v2\/media\/682033"}],"wp:attachment":[{"href":"https:\/\/arantv.az\/index.php?rest_route=%2Fwp%2Fv2%2Fmedia&parent=682024"}],"wp:term":[{"taxonomy":"category","embeddable":true,"href":"https:\/\/arantv.az\/index.php?rest_route=%2Fwp%2Fv2%2Fcategories&post=682024"},{"taxonomy":"post_tag","embeddable":true,"href":"https:\/\/arantv.az\/index.php?rest_route=%2Fwp%2Fv2%2Ftags&post=682024"}],"curies":[{"name":"wp","href":"https:\/\/api.w.org\/{rel}","templated":true}]}}