{"id":682035,"date":"2024-01-20T19:23:21","date_gmt":"2024-01-20T15:23:21","guid":{"rendered":"https:\/\/arantv.az\/?p=682035"},"modified":"2024-01-20T19:23:21","modified_gmt":"2024-01-20T15:23:21","slug":"rusiya-v%c9%99-iran-prezidentl%c9%99ri-turkiy%c9%99y%c9%99-s%c9%99f%c9%99r-ed%c9%99c%c9%99kl%c9%99r","status":"publish","type":"post","link":"https:\/\/arantv.az\/?p=682035","title":{"rendered":"Rusiya v\u0259 \u0130ran prezidentl\u0259ri T\u00fcrkiy\u0259y\u0259 s\u0259f\u0259r ed\u0259c\u0259kl\u0259r"},"content":{"rendered":"<p>T\u00fcrkiy\u0259 hakimiyy\u0259ti Rusiya prezidenti Vladimir Putinin fevral\u0131n 12-d\u0259, \u0130ran prezidenti \u0130brahim R\u0259isinin is\u0259 yanvar\u0131n 24-d\u0259 respublikaya s\u0259f\u0259r ed\u0259 bil\u0259c\u0259yini g\u00f6zl\u0259yir.<\/p>\n<p>H\u0259r\u00e7\u0259nd, Rusiya prezidentinin m\u0259tbuat katibi Dmitri Peskov jurnalistl\u0259r\u0259 bildirib ki, Putinin T\u00fcrkiy\u0259 v\u0259 KXDR-\u0259 s\u0259f\u0259rl\u0259rinin d\u0259qiq tarixl\u0259ri h\u0259l\u0259 m\u00fc\u0259yy\u0259n edilm\u0259yib v\u0259 diplomatik kanallar vasit\u0259sil\u0259 raz\u0131la\u015fd\u0131r\u0131l\u0131r.<\/p>\n<p>R\u0259isinin iki d\u0259f\u0259 t\u0259xir\u0259 sal\u0131nan s\u0259f\u0259ri is\u0259 T\u00fcrkiy\u0259-\u0130ran Y\u00fcks\u0259k S\u0259viyy\u0259li \u018fm\u0259kda\u015fl\u0131q \u015euras\u0131n\u0131n iclas\u0131na t\u0259sad\u00fcf ed\u0259c\u0259k. Onun n\u0259tic\u0259l\u0259rin\u0259 \u0259sas\u0259n 10-a yax\u0131n sazi\u015f v\u0259 memorandumun imzalanmas\u0131 g\u00f6zl\u0259nilir. Bundan \u0259lav\u0259, terrorla m\u00fcbariz\u0259 m\u00f6vzusu v\u0259 Yax\u0131n \u015e\u0259rqd\u0259ki v\u0259ziyy\u0259t m\u00fczakir\u0259 olunacaq.<\/p>\n<p>M\u0259nb\u0259: turkiyegazetesi<\/p>\n","protected":false},"excerpt":{"rendered":"<p>T\u00fcrkiy\u0259 hakimiyy\u0259ti Rusiya prezidenti Vladimir Putinin fevral\u0131n 12-d\u0259, \u0130ran prezidenti \u0130brahim R\u0259isinin is\u0259 yanvar\u0131n 24-d\u0259 respublikaya s\u0259f\u0259r ed\u0259 bil\u0259c\u0259yini g\u00f6zl\u0259yir. H\u0259r\u00e7\u0259nd, Rusiya prezidentinin m\u0259tbuat katibi Dmitri Peskov jurnalistl\u0259r\u0259 bildirib ki, Putinin T\u00fcrkiy\u0259 v\u0259 KXDR-\u0259 s\u0259f\u0259rl\u0259rinin d\u0259qiq tarixl\u0259ri h\u0259l\u0259 m\u00fc\u0259yy\u0259n edilm\u0259yib v\u0259 diplomatik kanallar vasit\u0259sil\u0259 raz\u0131la\u015fd\u0131r\u0131l\u0131r. R\u0259isinin iki d\u0259f\u0259 t\u0259xir\u0259 sal\u0131nan s\u0259f\u0259ri is\u0259 T\u00fcrkiy\u0259-\u0130ran Y\u00fcks\u0259k S\u0259viyy\u0259li \u018fm\u0259kda\u015fl\u0131q \u015euras\u0131n\u0131n iclas\u0131na t\u0259sad\u00fcf ed\u0259c\u0259k. Onun n\u0259tic\u0259l\u0259rin\u0259 \u0259sas\u0259n 10-a yax\u0131n sazi\u015f v\u0259 memorandumun imzalanmas\u0131 g\u00f6zl\u0259nilir. Bundan \u0259lav\u0259, terrorla m\u00fcbariz\u0259 m\u00f6vzusu v\u0259 Yax\u0131n \u015e\u0259rqd\u0259ki v\u0259ziyy\u0259t m\u00fczakir\u0259 olunacaq. M\u0259nb\u0259: turkiyegazetesi<\/p>\n","protected":false},"author":2,"featured_media":682036,"comment_status":"closed","ping_status":"closed","sticky":false,"template":"","format":"standard","meta":{"om_disable_all_campaigns":false,"_monsterinsights_skip_tracking":false,"_monsterinsights_sitenote_active":false,"_monsterinsights_sitenote_note":"","_monsterinsights_sitenote_category":0},"categories":[7],"tags":[],"aioseo_notices":[],"gutentor_comment":0,"rttpg_featured_image_url":{"full":["https:\/\/arantv.az\/wp-content\/uploads\/2024\/01\/FYILlAsXoAIYvJF.jpg",620,413,false],"landscape":["https:\/\/arantv.az\/wp-content\/uploads\/2024\/01\/FYILlAsXoAIYvJF.jpg",620,413,false],"portraits":["https:\/\/arantv.az\/wp-content\/uploads\/2024\/01\/FYILlAsXoAIYvJF.jpg",620,413,false],"thumbnail":["https:\/\/arantv.az\/wp-content\/uploads\/2024\/01\/FYILlAsXoAIYvJF-500x280.jpg",500,280,true],"medium":["https:\/\/arantv.az\/wp-content\/uploads\/2024\/01\/FYILlAsXoAIYvJF-548x365.jpg",548,365,true],"large":["https:\/\/arantv.az\/wp-content\/uploads\/2024\/01\/FYILlAsXoAIYvJF.jpg",620,413,false],"1536x1536":["https:\/\/arantv.az\/wp-content\/uploads\/2024\/01\/FYILlAsXoAIYvJF.jpg",620,413,false],"2048x2048":["https:\/\/arantv.az\/wp-content\/uploads\/2024\/01\/FYILlAsXoAIYvJF.jpg",620,413,false],"post-thumbnail":["https:\/\/arantv.az\/wp-content\/uploads\/2024\/01\/FYILlAsXoAIYvJF-240x172.jpg",240,172,true],"advps-thumb-one":["https:\/\/arantv.az\/wp-content\/uploads\/2024\/01\/FYILlAsXoAIYvJF.jpg",620,413,false]},"rttpg_author":{"display_name":"V\u00fcsal Rafiqo\u011flu","author_link":"https:\/\/arantv.az\/?author=2"},"rttpg_comment":0,"rttpg_category":"<a href=\"https:\/\/arantv.az\/?cat=7\" rel=\"category\">D\u00fcnya<\/a>","rttpg_excerpt":"T\u00fcrkiy\u0259 hakimiyy\u0259ti Rusiya prezidenti Vladimir Putinin fevral\u0131n 12-d\u0259, \u0130ran prezidenti \u0130brahim R\u0259isinin is\u0259 yanvar\u0131n 24-d\u0259 respublikaya s\u0259f\u0259r ed\u0259 bil\u0259c\u0259yini g\u00f6zl\u0259yir. H\u0259r\u00e7\u0259nd, Rusiya prezidentinin m\u0259tbuat katibi Dmitri Peskov jurnalistl\u0259r\u0259 bildirib ki, Putinin T\u00fcrkiy\u0259 v\u0259 KXDR-\u0259 s\u0259f\u0259rl\u0259rinin d\u0259qiq tarixl\u0259ri h\u0259l\u0259 m\u00fc\u0259yy\u0259n edilm\u0259yib v\u0259 diplomatik kanallar vasit\u0259sil\u0259 raz\u0131la\u015fd\u0131r\u0131l\u0131r. R\u0259isinin iki d\u0259f\u0259 t\u0259xir\u0259 sal\u0131nan s\u0259f\u0259ri is\u0259 T\u00fcrkiy\u0259-\u0130ran Y\u00fcks\u0259k S\u0259viyy\u0259li&hellip;","_links":{"self":[{"href":"https:\/\/arantv.az\/index.php?rest_route=\/wp\/v2\/posts\/682035"}],"collection":[{"href":"https:\/\/arantv.az\/index.php?rest_route=\/wp\/v2\/posts"}],"about":[{"href":"https:\/\/arantv.az\/index.php?rest_route=\/wp\/v2\/types\/post"}],"author":[{"embeddable":true,"href":"https:\/\/arantv.az\/index.php?rest_route=\/wp\/v2\/users\/2"}],"replies":[{"embeddable":true,"href":"https:\/\/arantv.az\/index.php?rest_route=%2Fwp%2Fv2%2Fcomments&post=682035"}],"version-history":[{"count":0,"href":"https:\/\/arantv.az\/index.php?rest_route=\/wp\/v2\/posts\/682035\/revisions"}],"wp:featuredmedia":[{"embeddable":true,"href":"https:\/\/arantv.az\/index.php?rest_route=\/wp\/v2\/media\/682036"}],"wp:attachment":[{"href":"https:\/\/arantv.az\/index.php?rest_route=%2Fwp%2Fv2%2Fmedia&parent=682035"}],"wp:term":[{"taxonomy":"category","embeddable":true,"href":"https:\/\/arantv.az\/index.php?rest_route=%2Fwp%2Fv2%2Fcategories&post=682035"},{"taxonomy":"post_tag","embeddable":true,"href":"https:\/\/arantv.az\/index.php?rest_route=%2Fwp%2Fv2%2Ftags&post=682035"}],"curies":[{"name":"wp","href":"https:\/\/api.w.org\/{rel}","templated":true}]}}