{"id":682038,"date":"2024-01-20T19:25:46","date_gmt":"2024-01-20T15:25:46","guid":{"rendered":"https:\/\/arantv.az\/?p=682038"},"modified":"2024-01-20T19:25:46","modified_gmt":"2024-01-20T15:25:46","slug":"xank%c9%99ndi-v%c9%99-lacina-turlar-t%c9%99skil-olunacaq-foto","status":"publish","type":"post","link":"https:\/\/arantv.az\/?p=682038","title":{"rendered":"Xank\u0259ndi v\u0259 La\u00e7\u0131na turlar t\u0259\u015fkil olunacaq? &#8211; FOTO"},"content":{"rendered":"<p>\u00d6t\u0259n ilin sonlar\u0131nda \u015f\u0259xsi avtomobill\u0259rl\u0259 i\u015f\u011faldan azad olunan \u0259razil\u0259r\u0259 s\u0259f\u0259rl\u0259r\u0259 icaz\u0259 verilib. \u00dcmumiyy\u0259tl\u0259, bundan \u00f6nc\u0259 d\u0259, ictimai n\u0259qliyyatla \u201cQaraba\u011f Z\u0259f\u0259r Mar\u015frutlar\u0131\u201d konsepsiyas\u0131 il\u0259 \u201cYolumuz A\u011fdama\u201d, \u201cF\u00fczuli v\u0259 Xocav\u0259nd\u0259\u201d, \u201cYolumuz \u015eu\u015faya\u201d adl\u0131 s\u0259f\u0259rl\u0259r t\u0259\u015fkil olunub v\u0259 maraqla qar\u015f\u0131lan\u0131b. 2023-c\u00fc il dekabr ay\u0131n\u0131n sonundan is\u0259 bu siyah\u0131ya Suqovu\u015fan da \u0259lav\u0259 edilib. Haz\u0131rda insanlar\u0131 maraqland\u0131ran \u0259sas m\u0259qam Xank\u0259ndi v\u0259 La\u00e7\u0131na turlar\u0131n t\u0259\u015fkilidir. Maraql\u0131d\u0131r, \u201cYolumuz La\u00e7\u0131na\u201d, \u201cYolumuz Xank\u0259ndiy\u0259\u201d n\u0259 vaxt realla\u015facaq? El\u0259 bir tur t\u0259\u015fkil edil\u0259 bil\u0259rmi ki, o tura \u015eu\u015fa, La\u00e7\u0131n, Xank\u0259ndi daxil edilsin?<\/p>\n<p><a href=\"https:\/\/kaspi.az\/xankendi-ve-lacina-turlar-teskil-olunacaq?fbclid=IwAR3to4PenzcYQ_Oa3ksIM-Bq3ki7N2eSBHGn_AnMQmBiX1UWjW0vfIQO9Jc\" target=\"_blank\" rel=\"noopener\"><strong>\u201cKaspi\u201d<\/strong>\u00a0<\/a>q\u0259zeti n\u00f6vb\u0259ti m\u0259qal\u0259sind\u0259 bu suallara cavab tapma\u011fa \u00e7al\u0131\u015f\u0131b:<\/p>\n<p><strong>Bu il Xank\u0259ndiy\u0259 tur olacaq?<\/strong><\/p>\n<p><strong><img src=\"https:\/\/cdn.oxu.az\/uploads\/W1siZiIsIjIwMjQvMDEvMjAvMTgvMzcvMzcvYTQ5NTgyZjEtMGNjYi00ZmU1LWEzNjMtNzI1ZWU4N2M0Y2EwL2ExLmpwZyJdLFsicCIsImVuY29kZSIsImpwZyIsIi1xdWFsaXR5IDgwIl0sWyJwIiwidGh1bWIiLCI1OTB4NTkwXHUwMDNlIl1d?sha=888526118787b299\" alt=\"\" \/><\/strong><\/p>\n<p>Mill\u0259t v\u0259kili V\u00fcqar Bayramov \u201cKaspi\u201d q\u0259zetin\u0259 a\u00e7\u0131qlamas\u0131nda bildirib ki, bu ild\u0259n Xank\u0259ndi v\u0259 La\u00e7\u0131na s\u0259f\u0259rl\u0259r t\u0259\u015fkil olunacaq: \u201cM\u0259rh\u0259l\u0259li \u015f\u0259kild\u0259 i\u015f\u011faldan azad olunmu\u015f b\u00fct\u00fcn ya\u015fay\u0131\u015f m\u0259nt\u0259q\u0259l\u0259rind\u0259 m\u0259skunla\u015fma h\u0259yata ke\u00e7iril\u0259c\u0259k, s\u0259f\u0259rl\u0259r t\u0259\u015fkil olunacaq. La\u00e7\u0131nda art\u0131q m\u0259skunla\u015fma ba\u015flay\u0131b. Xank\u0259ndid\u0259 is\u0259 2024-c\u00fc ild\u0259 qay\u0131d\u0131\u015fa start verilm\u0259si n\u0259z\u0259rd\u0259 tutulub. Bu il x\u00fcsusil\u0259 d\u0259 antiterror t\u0259dbirl\u0259ri n\u0259tic\u0259sind\u0259 i\u015f\u011faldan azad olunan \u0259razil\u0259r\u0259 h\u0259m insanlar\u0131m\u0131z\u0131n qay\u0131tmas\u0131n\u0131, h\u0259m d\u0259 turlar\u0131n t\u0259\u015fkil olunmas\u0131n\u0131 m\u00fc\u015fahid\u0259 ed\u0259c\u0259yik\u201d.<\/p>\n<p><img src=\"https:\/\/cdn.oxu.az\/uploads\/W1siZiIsIjIwMjQvMDEvMjAvMTgvMzcvMzgvZWNmMjVhMDMtZWI2Ny00OWZhLTkxOGMtYzIzYzE2NDVjMWZkL2EyLmpwZyJdLFsicCIsImVuY29kZSIsImpwZyIsIi1xdWFsaXR5IDgwIl0sWyJwIiwidGh1bWIiLCI1OTB4NTkwXHUwMDNlIl1d?sha=2bbe4c9cb028c199\" alt=\"\" \/><\/p>\n<p>Mill\u0259t v\u0259kili vur\u011fulay\u0131b ki, Qaraba\u011f\u0131n, el\u0259c\u0259 d\u0259 \u015e\u0259rqi Z\u0259ng\u0259zurun b\u00f6y\u00fck turizm potensial\u0131 var: \u201cM\u0259qs\u0259d h\u0259min potensialdan daha geni\u015f istifad\u0259 etm\u0259kdir. Bu g\u00fcn bu potensialdan tam \u015f\u0259kild\u0259 yararlana bilm\u0259m\u0259yimizin s\u0259b\u0259bi m\u00fc\u0259yy\u0259n \u0259razil\u0259rd\u0259 minalar\u0131n olmas\u0131 v\u0259 b\u0259zi yerl\u0259rin i\u015f\u011fal\u00e7\u0131lar t\u0259r\u0259find\u0259n tamamil\u0259 da\u011f\u0131d\u0131lmas\u0131d\u0131r. Minadan t\u0259mizl\u0259nm\u0259 prosesi davam etdikc\u0259, daha \u00e7ox m\u0259skunla\u015fmalar, turlar m\u00fc\u015fahid\u0259 edilir. S\u00f6zs\u00fcz ki, buna uy\u011fun olaraq infrastrukturun formala\u015fd\u0131r\u0131lmas\u0131 v\u0259 inki\u015faf etdirilm\u0259si d\u0259 vacibdir. Qiym\u0259tl\u0259ndirm\u0259l\u0259r g\u00f6st\u0259rir ki, Qaraba\u011f h\u0259m daxili, h\u0259m d\u0259 g\u0259lm\u0259 turizm\u0259 x\u00fcsusi t\u00f6hf\u0259 ver\u0259 bil\u0259c\u0259k b\u00f6lg\u0259mizdir. Yay, q\u0131\u015f, tarixi, m\u0259d\u0259ni, sa\u011flaml\u0131q turizmi imkanlar\u0131 kifay\u0259t q\u0259d\u0259r geni\u015fdir. Yenid\u0259n qurulan v\u0259 b\u0259rpa edil\u0259n Qaraba\u011f h\u0259m d\u0259 Az\u0259rbaycanda turizmin inki\u015faf\u0131nda lokomotiv\u0259 \u00e7evril\u0259c\u0259k\u201d.<\/p>\n<p><strong>Qaraba\u011fa t\u0259\u015fkil olunan turlara b\u00f6y\u00fck ax\u0131n var<\/strong><\/p>\n<p>Turizm \u015firk\u0259ti r\u0259hb\u0259ri T\u0259rlan Quliyev deyir ki, ikinci Qaraba\u011f m\u00fcharib\u0259sind\u0259n sonra i\u015f\u011faldan azad etdiyimiz torpaqlarda yeni turizm infrastrukturlar\u0131n\u0131n yarad\u0131lmas\u0131, \u015eu\u015fa, A\u011fdam, Suqovu\u015fan kimi istiqam\u0259tl\u0259rd\u0259 real turlar\u0131n h\u0259yata ke\u00e7irilm\u0259si insanlar\u0131n b\u00f6y\u00fck mara\u011f\u0131na s\u0259b\u0259b olub: \u201cPandemiya d\u00f6n\u0259mind\u0259 daxili turizmin inki\u015faf\u0131nda b\u00f6y\u00fck s\u0131\u00e7ray\u0131\u015f oldu. X\u00fcsusil\u0259, Az\u0259rbaycan\u0131n turizm b\u00f6lg\u0259l\u0259rin\u0259 t\u0259\u015fkil olunan mar\u015frutlarla yana\u015f\u0131, Qaraba\u011f b\u00f6lg\u0259sin\u0259 olan s\u0259f\u0259rl\u0259r\u0259 t\u0259l\u0259bat \u00e7oxdur. H\u0259m \u015f\u0259xsi avtomobill\u0259r, h\u0259m ictimai n\u0259qliyyatla t\u0259\u015fkil olunan turlara b\u00f6y\u00fck ax\u0131n var. F\u00fczuli hava liman\u0131n\u0131n tikilm\u0259si, d\u00fc\u015f\u00fcn\u00fcr\u0259m ki, n\u00f6vb\u0259ti hava liman\u0131n\u0131n Xank\u0259ndid\u0259 f\u0259aliyy\u0259t g\u00f6st\u0259rm\u0259si xarici turistl\u0259rin d\u0259 g\u0259lm\u0259sin\u0259 t\u0259kan ver\u0259c\u0259k. Lakin bunun \u00fc\u00e7\u00fcn zaman laz\u0131md\u0131r. Biz haz\u0131rda Qaraba\u011fa s\u0259f\u0259rl\u0259r zaman\u0131 m\u00fc\u0259yy\u0259n edilmi\u015f mar\u015frutlar \u00fczr\u0259 h\u0259r\u0259k\u0259t edirik. Bildiyimiz kimi, orada h\u0259l\u0259 kifay\u0259t q\u0259d\u0259r minadan t\u0259mizl\u0259nm\u0259y\u0259n \u0259razil\u0259r, t\u0259hl\u00fck\u0259l\u0259r, t\u0259l\u0259l\u0259r var. Ona g\u00f6r\u0259 d\u0259 zamanla t\u0259hl\u00fck\u0259sizlik t\u0259dbirl\u0259ri \u0259n y\u00fcks\u0259k h\u0259dd\u0259 \u00e7atd\u0131qca, ist\u0259diyimiz kimi s\u0259f\u0259rl\u0259r t\u0259\u015fkil ed\u0259 bil\u0259c\u0259yik. D\u00f6vl\u0259t Turizm Agentliyinin d\u0259 bununla ba\u011fl\u0131 planlar\u0131 var\u201d.<\/p>\n<p><img src=\"https:\/\/cdn.oxu.az\/uploads\/W1siZiIsIjIwMjQvMDEvMjAvMTgvMzcvMzgvYzVlNTZjZDYtOTlkMC00ODQ5LWIwYjMtYTM3MmI4MmEwMDhmL2EzLmpwZyJdLFsicCIsImVuY29kZSIsImpwZyIsIi1xdWFsaXR5IDgwIl0sWyJwIiwidGh1bWIiLCI1OTB4NTkwXHUwMDNlIl1d?sha=cdad2100888fa494\" alt=\"\" \/><\/p>\n<p><strong>La\u00e7\u0131n v\u0259 Xank\u0259ndiy\u0259 s\u0259f\u0259r etm\u0259k ist\u0259y\u0259nl\u0259r \u00e7oxdur<\/strong><\/p>\n<p>Tur r\u0259hb\u0259ri deyir ki, haz\u0131rda La\u00e7\u0131n v\u0259 Xank\u0259ndin\u0259 s\u0259f\u0259r etm\u0259k ist\u0259y\u0259n insanlar \u00e7oxdur: \u201cOrada bir \u00e7ox turizm ia\u015f\u0259 obyektl\u0259rinin qurulmas\u0131, infrastrukturun yarad\u0131lmas\u0131 il\u0259 ba\u011fl\u0131 suallar g\u0259lir. Qaraba\u011f b\u00f6lg\u0259si da\u011fl\u0131q zonad\u0131r v\u0259 q\u0131\u015f turizmi \u00fc\u00e7\u00fcn \u0259lveri\u015fli imkanlar\u0131 var. Haz\u0131rda q\u0131\u015f turizmi m\u00f6vs\u00fcm\u00fc oldu\u011fu \u00fc\u00e7\u00fcn bu istiqam\u0259tl\u0259r\u0259 s\u0259f\u0259r etm\u0259k insanlar\u0131n mara\u011f\u0131ndad\u0131r. Yeni istiqam\u0259tl\u0259rin a\u00e7\u0131lmas\u0131, orada da q\u0131\u015f turizm kompleksinin yarad\u0131lmas\u0131na biz d\u0259 \u00fcmid edirik, bu da zaman m\u0259s\u0259l\u0259sidir\u201d.<\/p>\n<p><strong>D\u00fcnya s\u0259viyy\u0259sind\u0259 turizm destinasiyas\u0131<\/strong><\/p>\n<p>Turizm m\u00fct\u0259x\u0259ssisi vur\u011fulay\u0131r ki, Qaraba\u011fda da\u011f, xiz\u0259k, haykinq, sa\u011flaml\u0131q turizmini inki\u015faf etdirm\u0259k m\u00fcmk\u00fcnd\u00fcr: \u201cBilirsiniz ki, bu b\u00f6lg\u0259 mineral sularla z\u0259ngindir. Qaraba\u011f \u00f6z t\u0259bi\u0259tin\u0259, tarixin\u0259 g\u00f6r\u0259 d\u00fcnya s\u0259viyy\u0259sind\u0259 turizm destinasiyas\u0131na \u00e7evril\u0259 bil\u0259r. \u00c7\u00fcnki Qaraba\u011f problemi 30 ildir d\u00fcnya ictimaiyy\u0259tinin g\u00f6z\u00fcn\u00fcn \u00f6n\u00fcnd\u0259 idi. Bu g\u00fcn Az\u0259rbaycan d\u00f6vl\u0259tinin yaratd\u0131\u011f\u0131 infrastruktur, oran\u0131n g\u00f6z\u0259ll\u0259\u015fm\u0259si, insanlara yax\u015f\u0131 h\u0259yat \u015f\u0259raitinin yarad\u0131lmas\u0131, dig\u0259r t\u0259r\u0259fd\u0259n d\u0259 turizm destinasiyas\u0131na \u00e7evrilm\u0259si \u00f6lk\u0259mizin d\u00fcnya turizm bazar\u0131nda m\u00f6vqeyini g\u00fccl\u0259ndir\u0259c\u0259k, oraya daha \u00e7ox turistin ax\u0131n etm\u0259sin\u0259 g\u0259tirib \u00e7\u0131xaracaq. Bu, bir n\u00f6v tarixi turizmi xat\u0131rlad\u0131r. \u0130nsanlar maraql\u0131 ke\u00e7mi\u015fi olan regionlara s\u0259yah\u0259t etm\u0259yi sevirl\u0259r. Biz o k\u00fctl\u0259ni c\u0259lb ed\u0259 bil\u0259rik\u201d.<\/p>\n<p>M\u00f6vzu il\u0259 ba\u011fl\u0131 D\u00f6vl\u0259t Turizm Agentliyin\u0259 g\u00f6nd\u0259rdiyimiz sor\u011fuya \u201cH\u0259l\u0259 bu bar\u0259d\u0259 m\u0259lumat yoxdur, m\u0259lumat olanda ictimaiyy\u0259t\u0259 a\u00e7\u0131qlanacaq\u201d, &#8211; dey\u0259 cavab verildi.<\/p>\n","protected":false},"excerpt":{"rendered":"<p>\u00d6t\u0259n ilin sonlar\u0131nda \u015f\u0259xsi avtomobill\u0259rl\u0259 i\u015f\u011faldan azad olunan \u0259razil\u0259r\u0259 s\u0259f\u0259rl\u0259r\u0259 icaz\u0259 verilib. \u00dcmumiyy\u0259tl\u0259, bundan \u00f6nc\u0259 d\u0259, ictimai n\u0259qliyyatla \u201cQaraba\u011f Z\u0259f\u0259r Mar\u015frutlar\u0131\u201d konsepsiyas\u0131 il\u0259 \u201cYolumuz A\u011fdama\u201d, \u201cF\u00fczuli v\u0259 Xocav\u0259nd\u0259\u201d, \u201cYolumuz \u015eu\u015faya\u201d adl\u0131 s\u0259f\u0259rl\u0259r t\u0259\u015fkil olunub v\u0259 maraqla qar\u015f\u0131lan\u0131b. 2023-c\u00fc il dekabr ay\u0131n\u0131n sonundan is\u0259 bu siyah\u0131ya Suqovu\u015fan da \u0259lav\u0259 edilib. Haz\u0131rda insanlar\u0131 maraqland\u0131ran \u0259sas m\u0259qam Xank\u0259ndi v\u0259 La\u00e7\u0131na turlar\u0131n t\u0259\u015fkilidir. Maraql\u0131d\u0131r, \u201cYolumuz La\u00e7\u0131na\u201d, \u201cYolumuz Xank\u0259ndiy\u0259\u201d n\u0259 vaxt realla\u015facaq? El\u0259 bir tur t\u0259\u015fkil edil\u0259 bil\u0259rmi ki, o tura \u015eu\u015fa, La\u00e7\u0131n, Xank\u0259ndi daxil edilsin? \u201cKaspi\u201d\u00a0q\u0259zeti n\u00f6vb\u0259ti m\u0259qal\u0259sind\u0259 bu suallara cavab tapma\u011fa \u00e7al\u0131\u015f\u0131b: Bu&hellip;<\/p>\n","protected":false},"author":2,"featured_media":682039,"comment_status":"closed","ping_status":"closed","sticky":false,"template":"","format":"standard","meta":{"om_disable_all_campaigns":false,"_monsterinsights_skip_tracking":false,"_monsterinsights_sitenote_active":false,"_monsterinsights_sitenote_note":"","_monsterinsights_sitenote_category":0},"categories":[1],"tags":[],"aioseo_notices":[],"gutentor_comment":0,"rttpg_featured_image_url":{"full":["https:\/\/arantv.az\/wp-content\/uploads\/2024\/01\/WhatsApp-Image-2023-10-15-at-03.25.09.jpg",576,457,false],"landscape":["https:\/\/arantv.az\/wp-content\/uploads\/2024\/01\/WhatsApp-Image-2023-10-15-at-03.25.09.jpg",576,457,false],"portraits":["https:\/\/arantv.az\/wp-content\/uploads\/2024\/01\/WhatsApp-Image-2023-10-15-at-03.25.09.jpg",576,457,false],"thumbnail":["https:\/\/arantv.az\/wp-content\/uploads\/2024\/01\/WhatsApp-Image-2023-10-15-at-03.25.09-500x280.jpg",500,280,true],"medium":["https:\/\/arantv.az\/wp-content\/uploads\/2024\/01\/WhatsApp-Image-2023-10-15-at-03.25.09-460x365.jpg",460,365,true],"large":["https:\/\/arantv.az\/wp-content\/uploads\/2024\/01\/WhatsApp-Image-2023-10-15-at-03.25.09.jpg",576,457,false],"1536x1536":["https:\/\/arantv.az\/wp-content\/uploads\/2024\/01\/WhatsApp-Image-2023-10-15-at-03.25.09.jpg",576,457,false],"2048x2048":["https:\/\/arantv.az\/wp-content\/uploads\/2024\/01\/WhatsApp-Image-2023-10-15-at-03.25.09.jpg",576,457,false],"post-thumbnail":["https:\/\/arantv.az\/wp-content\/uploads\/2024\/01\/WhatsApp-Image-2023-10-15-at-03.25.09-240x172.jpg",240,172,true],"advps-thumb-one":["https:\/\/arantv.az\/wp-content\/uploads\/2024\/01\/WhatsApp-Image-2023-10-15-at-03.25.09.jpg",576,457,false]},"rttpg_author":{"display_name":"V\u00fcsal Rafiqo\u011flu","author_link":"https:\/\/arantv.az\/?author=2"},"rttpg_comment":0,"rttpg_category":"<a href=\"https:\/\/arantv.az\/?cat=1\" rel=\"category\">C\u0259miyy\u0259t<\/a>","rttpg_excerpt":"\u00d6t\u0259n ilin sonlar\u0131nda \u015f\u0259xsi avtomobill\u0259rl\u0259 i\u015f\u011faldan azad olunan \u0259razil\u0259r\u0259 s\u0259f\u0259rl\u0259r\u0259 icaz\u0259 verilib. \u00dcmumiyy\u0259tl\u0259, bundan \u00f6nc\u0259 d\u0259, ictimai n\u0259qliyyatla \u201cQaraba\u011f Z\u0259f\u0259r Mar\u015frutlar\u0131\u201d konsepsiyas\u0131 il\u0259 \u201cYolumuz A\u011fdama\u201d, \u201cF\u00fczuli v\u0259 Xocav\u0259nd\u0259\u201d, \u201cYolumuz \u015eu\u015faya\u201d adl\u0131 s\u0259f\u0259rl\u0259r t\u0259\u015fkil olunub v\u0259 maraqla qar\u015f\u0131lan\u0131b. 2023-c\u00fc il dekabr ay\u0131n\u0131n sonundan is\u0259 bu siyah\u0131ya Suqovu\u015fan da \u0259lav\u0259 edilib. Haz\u0131rda insanlar\u0131 maraqland\u0131ran \u0259sas m\u0259qam Xank\u0259ndi&hellip;","_links":{"self":[{"href":"https:\/\/arantv.az\/index.php?rest_route=\/wp\/v2\/posts\/682038"}],"collection":[{"href":"https:\/\/arantv.az\/index.php?rest_route=\/wp\/v2\/posts"}],"about":[{"href":"https:\/\/arantv.az\/index.php?rest_route=\/wp\/v2\/types\/post"}],"author":[{"embeddable":true,"href":"https:\/\/arantv.az\/index.php?rest_route=\/wp\/v2\/users\/2"}],"replies":[{"embeddable":true,"href":"https:\/\/arantv.az\/index.php?rest_route=%2Fwp%2Fv2%2Fcomments&post=682038"}],"version-history":[{"count":0,"href":"https:\/\/arantv.az\/index.php?rest_route=\/wp\/v2\/posts\/682038\/revisions"}],"wp:featuredmedia":[{"embeddable":true,"href":"https:\/\/arantv.az\/index.php?rest_route=\/wp\/v2\/media\/682039"}],"wp:attachment":[{"href":"https:\/\/arantv.az\/index.php?rest_route=%2Fwp%2Fv2%2Fmedia&parent=682038"}],"wp:term":[{"taxonomy":"category","embeddable":true,"href":"https:\/\/arantv.az\/index.php?rest_route=%2Fwp%2Fv2%2Fcategories&post=682038"},{"taxonomy":"post_tag","embeddable":true,"href":"https:\/\/arantv.az\/index.php?rest_route=%2Fwp%2Fv2%2Ftags&post=682038"}],"curies":[{"name":"wp","href":"https:\/\/api.w.org\/{rel}","templated":true}]}}