{"id":682044,"date":"2024-01-20T19:27:16","date_gmt":"2024-01-20T15:27:16","guid":{"rendered":"https:\/\/arantv.az\/?p=682044"},"modified":"2024-01-20T19:27:16","modified_gmt":"2024-01-20T15:27:16","slug":"qalmaqalli-direktor-h%c9%99bs-olundu","status":"publish","type":"post","link":"https:\/\/arantv.az\/?p=682044","title":{"rendered":"Qalmaqall\u0131 direktor h\u0259bs olundu"},"content":{"rendered":"<p>Quba-Xa\u00e7maz Regional Elm v\u0259 T\u0259hsil \u0130dar\u0259sinin sabiq r\u0259isi R\u00fcf\u0259t Malik o\u011flu Hac\u0131yev h\u0259bs edilib.<\/p>\n<p>Bizim.Media-n\u0131n m\u0259lumat\u0131na\u00a0g\u00f6r\u0259, sabiq idar\u0259 r\u0259isi bar\u0259sind\u0259 Korrupsiyaya qar\u015f\u0131 M\u00fcbariz\u0259 Ba\u015f \u0130dar\u0259sind\u0259\u00a0CM-nin 311-ci (r\u00fc\u015fv\u0259t alma) madd\u0259si il\u0259 cinay\u0259t i\u015fi a\u00e7\u0131l\u0131b.<\/p>\n<p>Qeyd ed\u0259k ki, 38 ya\u015fl\u0131 R\u00fcf\u0259t Hac\u0131yev noyabr\u0131n 28-d\u0259 istefa verib. O, istefas\u0131ndan bir ne\u00e7\u0259 g\u00fcn \u0259vv\u0259l Xa\u00e7mazda 4 sayl\u0131 tam orta m\u0259kt\u0259bd\u0259 7-ci sinif \u015fagirdi Nizam Mirz\u0259yevi d\u00f6ym\u0259kl\u0259 g\u00fcnd\u0259mi z\u0259bt etmi\u015fdi.<\/p>\n<p>Bir m\u00fcdd\u0259t \u0259vv\u0259l is\u0259 Xa\u00e7mazda icra ba\u015f\u00e7\u0131s\u0131 Elnur Rzayev iclasda i\u015ftirak ed\u0259n R\u00fcf\u0259t Hac\u0131yev\u0259 \u00a0irad bildir\u0259r\u0259k, stolun \u00fcz\u0259rin\u0259 qoydu\u011fu mobil telefonunu g\u00f6t\u00fcrm\u0259yi ist\u0259s\u0259 d\u0259, t\u0259l\u0259b\u0259 \u0259m\u0259l etm\u0259y\u0259n sabiq r\u0259is iclasdan qovulmu\u015f v\u0259 bununla da daha bir qalmaqal ya\u015fam\u0131\u015fd\u0131.<\/p>\n","protected":false},"excerpt":{"rendered":"<p>Quba-Xa\u00e7maz Regional Elm v\u0259 T\u0259hsil \u0130dar\u0259sinin sabiq r\u0259isi R\u00fcf\u0259t Malik o\u011flu Hac\u0131yev h\u0259bs edilib. Bizim.Media-n\u0131n m\u0259lumat\u0131na\u00a0g\u00f6r\u0259, sabiq idar\u0259 r\u0259isi bar\u0259sind\u0259 Korrupsiyaya qar\u015f\u0131 M\u00fcbariz\u0259 Ba\u015f \u0130dar\u0259sind\u0259\u00a0CM-nin 311-ci (r\u00fc\u015fv\u0259t alma) madd\u0259si il\u0259 cinay\u0259t i\u015fi a\u00e7\u0131l\u0131b. Qeyd ed\u0259k ki, 38 ya\u015fl\u0131 R\u00fcf\u0259t Hac\u0131yev noyabr\u0131n 28-d\u0259 istefa verib. O, istefas\u0131ndan bir ne\u00e7\u0259 g\u00fcn \u0259vv\u0259l Xa\u00e7mazda 4 sayl\u0131 tam orta m\u0259kt\u0259bd\u0259 7-ci sinif \u015fagirdi Nizam Mirz\u0259yevi d\u00f6ym\u0259kl\u0259 g\u00fcnd\u0259mi z\u0259bt etmi\u015fdi. Bir m\u00fcdd\u0259t \u0259vv\u0259l is\u0259 Xa\u00e7mazda icra ba\u015f\u00e7\u0131s\u0131 Elnur Rzayev iclasda i\u015ftirak ed\u0259n R\u00fcf\u0259t Hac\u0131yev\u0259 \u00a0irad bildir\u0259r\u0259k, stolun \u00fcz\u0259rin\u0259 qoydu\u011fu mobil telefonunu g\u00f6t\u00fcrm\u0259yi ist\u0259s\u0259 d\u0259, t\u0259l\u0259b\u0259&hellip;<\/p>\n","protected":false},"author":2,"featured_media":682045,"comment_status":"closed","ping_status":"closed","sticky":false,"template":"","format":"standard","meta":{"om_disable_all_campaigns":false,"_monsterinsights_skip_tracking":false,"_monsterinsights_sitenote_active":false,"_monsterinsights_sitenote_note":"","_monsterinsights_sitenote_category":0},"categories":[1],"tags":[],"aioseo_notices":[],"gutentor_comment":0,"rttpg_featured_image_url":{"full":["https:\/\/arantv.az\/wp-content\/uploads\/2024\/01\/FotoJet-84-1.jpg",620,413,false],"landscape":["https:\/\/arantv.az\/wp-content\/uploads\/2024\/01\/FotoJet-84-1.jpg",620,413,false],"portraits":["https:\/\/arantv.az\/wp-content\/uploads\/2024\/01\/FotoJet-84-1.jpg",620,413,false],"thumbnail":["https:\/\/arantv.az\/wp-content\/uploads\/2024\/01\/FotoJet-84-1-500x280.jpg",500,280,true],"medium":["https:\/\/arantv.az\/wp-content\/uploads\/2024\/01\/FotoJet-84-1-548x365.jpg",548,365,true],"large":["https:\/\/arantv.az\/wp-content\/uploads\/2024\/01\/FotoJet-84-1.jpg",620,413,false],"1536x1536":["https:\/\/arantv.az\/wp-content\/uploads\/2024\/01\/FotoJet-84-1.jpg",620,413,false],"2048x2048":["https:\/\/arantv.az\/wp-content\/uploads\/2024\/01\/FotoJet-84-1.jpg",620,413,false],"post-thumbnail":["https:\/\/arantv.az\/wp-content\/uploads\/2024\/01\/FotoJet-84-1-240x172.jpg",240,172,true],"advps-thumb-one":["https:\/\/arantv.az\/wp-content\/uploads\/2024\/01\/FotoJet-84-1.jpg",620,413,false]},"rttpg_author":{"display_name":"V\u00fcsal Rafiqo\u011flu","author_link":"https:\/\/arantv.az\/?author=2"},"rttpg_comment":0,"rttpg_category":"<a href=\"https:\/\/arantv.az\/?cat=1\" rel=\"category\">C\u0259miyy\u0259t<\/a>","rttpg_excerpt":"Quba-Xa\u00e7maz Regional Elm v\u0259 T\u0259hsil \u0130dar\u0259sinin sabiq r\u0259isi R\u00fcf\u0259t Malik o\u011flu Hac\u0131yev h\u0259bs edilib. Bizim.Media-n\u0131n m\u0259lumat\u0131na\u00a0g\u00f6r\u0259, sabiq idar\u0259 r\u0259isi bar\u0259sind\u0259 Korrupsiyaya qar\u015f\u0131 M\u00fcbariz\u0259 Ba\u015f \u0130dar\u0259sind\u0259\u00a0CM-nin 311-ci (r\u00fc\u015fv\u0259t alma) madd\u0259si il\u0259 cinay\u0259t i\u015fi a\u00e7\u0131l\u0131b. Qeyd ed\u0259k ki, 38 ya\u015fl\u0131 R\u00fcf\u0259t Hac\u0131yev noyabr\u0131n 28-d\u0259 istefa verib. O, istefas\u0131ndan bir ne\u00e7\u0259 g\u00fcn \u0259vv\u0259l Xa\u00e7mazda 4 sayl\u0131 tam orta&hellip;","_links":{"self":[{"href":"https:\/\/arantv.az\/index.php?rest_route=\/wp\/v2\/posts\/682044"}],"collection":[{"href":"https:\/\/arantv.az\/index.php?rest_route=\/wp\/v2\/posts"}],"about":[{"href":"https:\/\/arantv.az\/index.php?rest_route=\/wp\/v2\/types\/post"}],"author":[{"embeddable":true,"href":"https:\/\/arantv.az\/index.php?rest_route=\/wp\/v2\/users\/2"}],"replies":[{"embeddable":true,"href":"https:\/\/arantv.az\/index.php?rest_route=%2Fwp%2Fv2%2Fcomments&post=682044"}],"version-history":[{"count":0,"href":"https:\/\/arantv.az\/index.php?rest_route=\/wp\/v2\/posts\/682044\/revisions"}],"wp:featuredmedia":[{"embeddable":true,"href":"https:\/\/arantv.az\/index.php?rest_route=\/wp\/v2\/media\/682045"}],"wp:attachment":[{"href":"https:\/\/arantv.az\/index.php?rest_route=%2Fwp%2Fv2%2Fmedia&parent=682044"}],"wp:term":[{"taxonomy":"category","embeddable":true,"href":"https:\/\/arantv.az\/index.php?rest_route=%2Fwp%2Fv2%2Fcategories&post=682044"},{"taxonomy":"post_tag","embeddable":true,"href":"https:\/\/arantv.az\/index.php?rest_route=%2Fwp%2Fv2%2Ftags&post=682044"}],"curies":[{"name":"wp","href":"https:\/\/api.w.org\/{rel}","templated":true}]}}