{"id":682048,"date":"2024-01-20T19:28:22","date_gmt":"2024-01-20T15:28:22","guid":{"rendered":"https:\/\/arantv.az\/?p=682048"},"modified":"2024-01-20T19:28:22","modified_gmt":"2024-01-20T15:28:22","slug":"az%c9%99rbaycanin-gurcustandaki-s%c9%99firi-20-yanvar-s%c9%99hidinin-ail%c9%99si-il%c9%99-gorusub-foto","status":"publish","type":"post","link":"https:\/\/arantv.az\/?p=682048","title":{"rendered":"Az\u0259rbaycan\u0131n G\u00fcrc\u00fcstandak\u0131 s\u0259firi 20 Yanvar \u015f\u0259hidinin ail\u0259si il\u0259 g\u00f6r\u00fc\u015f\u00fcb &#8211; FOTO"},"content":{"rendered":"<p>G\u00fcrc\u00fcstan\u0131n Saqareco rayonunun Qara\u00e7\u00f6p k\u0259ndind\u0259 (Yor-Mu\u011fanl\u0131) 20 Yanvar v\u0259 9 Aprel \u015f\u0259hidl\u0259rinin xatir\u0259si ehtiramla yad olunub.<\/p>\n<p>\u201cReport\u201dun yerli b\u00fcrosu x\u0259b\u0259r verir ki, Az\u0259rbaycan\u0131n G\u00fcrc\u00fcstandak\u0131 s\u0259firi Faiq Quliyev, s\u0259firliyin \u0259m\u0259kda\u015flar\u0131, Saqareco rayonunun meri Aftandil Qulika\u015fvili, ictimaiyy\u0259t n\u00fcmay\u0259nd\u0259l\u0259ri, 20 Yanvar \u015f\u0259hidi \u018fl\u0259sg\u0259r Qay\u0131bovun yax\u0131nlar\u0131, m\u0259kt\u0259blil\u0259r yanvar\u0131n 20-d\u0259 Qara\u00e7\u00f6p k\u0259ndind\u0259ki \u201c\u015e\u0259hidlik\u201d memorial\u0131 \u00f6n\u00fcn\u0259 \u0259klil qoyub, g\u00fcl d\u0259st\u0259l\u0259ri d\u00fcz\u00fcbl\u0259r.<\/p>\n<p>\u015e\u0259hidl\u0259rin ruhuna dualar oxunub, m\u0259kt\u0259blil\u0259r 20 Yanvar \u015f\u0259hidl\u0259rin\u0259 h\u0259sr olunan \u015feirl\u0259r s\u00f6yl\u0259yibl\u0259r.<\/p>\n<p>F.Quliyev \u00e7\u0131x\u0131\u015f ed\u0259r\u0259k Az\u0259rbaycan v\u0259 g\u00fcrc\u00fc xalqlar\u0131n\u0131n m\u00fcst\u0259qillik u\u011frundak\u0131 m\u00fcbariz\u0259sind\u0259n, sovet imperiya q\u00fcvv\u0259l\u0259rinin xalqlar\u0131m\u0131z\u0131n m\u00fcbariz\u0259 \u0259zmini q\u0131rmaq \u00fc\u00e7\u00fcn t\u00f6r\u0259tdiyi d\u0259h\u015f\u0259tli cinay\u0259tl\u0259rd\u0259n, v\u0259h\u015filikl\u0259rd\u0259n s\u00f6z a\u00e7\u0131b. O bildirib ki, imperiya q\u00fcvv\u0259l\u0259ri 1989-cu il aprelin 9-da G\u00fcrc\u00fcstanda v\u0259 1990-c\u0131 il yanvar\u0131n 20-d\u0259 Az\u0259rbaycanda q\u0131r\u011f\u0131nlar t\u00f6r\u0259ts\u0259 d\u0259, he\u00e7 n\u0259y\u0259 nail ola bilm\u0259yibl\u0259r. Xalqlar\u0131m\u0131z \u015f\u0259hidl\u0259rin qan\u0131 bahas\u0131na suverenliyini b\u0259rpa edib, m\u00fcst\u0259qil d\u00f6vl\u0259t qurublar.<\/p>\n<p>Diplomat bildirib ki, 20 Yanvar faci\u0259si zaman\u0131 G\u00fcrc\u00fcstandan olan alt\u0131 n\u0259f\u0259r az\u0259rbaycanl\u0131 \u015f\u0259hid olub. Onlardan biri d\u0259 Qara\u00e7\u00f6p k\u0259nd sakini \u018fl\u0259sg\u0259r Yusif o\u011flu Qay\u0131bovdur. Az\u0259rbaycan v\u0259 g\u00fcrc\u00fc xalqlar\u0131 \u00f6z q\u0259hr\u0259manlar\u0131n\u0131 he\u00e7 zaman unutmayacaqlar. Onlar\u0131n \u0259ziz xatir\u0259si daim q\u0259lbimizd\u0259 ya\u015fayacaq.<\/p>\n<p>Mer Aftandil Qulika\u015fvili bu c\u00fcr an\u0131m t\u0259dbirl\u0259rinin ke\u00e7irilm\u0259sini y\u00fcks\u0259k qiym\u0259tl\u0259ndirib. Bildirib ki, q\u0259hr\u0259man \u00f6vladlar\u0131m\u0131z\u0131n qan\u0131 bahas\u0131na qazan\u0131lan m\u00fcst\u0259qillik he\u00e7 bir zaman s\u00fcquta u\u011framayacaq.<\/p>\n<p>Sonra merin n\u00fcmay\u0259nd\u0259si Natiq R\u0259sulov v\u0259 ba\u015fqalar\u0131 \u00e7\u0131x\u0131\u015f ed\u0259r\u0259k Az\u0259rbaycan\u0131n v\u0259 G\u00fcrc\u00fcstan\u0131n m\u00fcst\u0259qillik u\u011frundak\u0131 m\u00fcbariz\u0259sind\u0259n dan\u0131\u015f\u0131blar. Bildirilib ki, \u015f\u0259hidl\u0259rin xatir\u0259si daim q\u0259lbl\u0259rd\u0259 ya\u015fayacaq v\u0259 he\u00e7 zaman unudulmayacaq.<\/p>\n<p>Sonra s\u0259fir F.Quliyev, s\u0259firliyin \u0259m\u0259kda\u015flar\u0131 v\u0259 k\u0259nd a\u011fsaqqallar\u0131 \u015f\u0259hidin do\u011fuldu\u011fu evd\u0259 olub, ail\u0259 \u00fczvl\u0259ri v\u0259 yax\u0131nlar\u0131 il\u0259 g\u00f6r\u00fc\u015f\u00fcbl\u0259r.<\/p>\n<p>G\u00f6r\u00fc\u015fd\u0259 bildirilib ki, ail\u0259nin xahi\u015fi v\u0259 s\u0259firliyin yax\u0131ndan i\u015ftirak\u0131 il\u0259 Bak\u0131n\u0131n N.N\u0259rimanov rayonundak\u0131 \u018fl\u0259sg\u0259r Qay\u0131bov k\u00fc\u00e7\u0259sind\u0259 \u015f\u0259hidin xatir\u0259 l\u00f6vh\u0259si as\u0131l\u0131b.<\/p>\n<p>\u015e\u0259hidin yax\u0131nlar\u0131 v\u0259 ziyal\u0131lar g\u00f6st\u0259ril\u0259n diqq\u0259t v\u0259 qay\u011f\u0131ya g\u00f6r\u0259 minn\u0259tdarl\u0131q edibl\u0259r.<\/p>\n<p>S\u0259firlik ad\u0131ndan \u015f\u0259hidin ail\u0259sin\u0259 \u0259rzaq yard\u0131m\u0131 g\u00f6st\u0259rilib.<\/p>\n<p>Qeyd ed\u0259k ki, \u201c\u015e\u0259hidlik\u201d memorial\u0131 G\u00fcrc\u00fcstan\u0131n m\u00fcst\u0259qilliyi u\u011frunda 1989-cu il aprelin 9-da Tbilisid\u0259 v\u0259 Az\u0259rbaycan\u0131n m\u00fcst\u0259qilliyi u\u011frunda 1990-c\u0131 il yanvar\u0131n 20-d\u0259 canlar\u0131ndan ke\u00e7mi\u015f \u015f\u0259hidl\u0259rin xatir\u0259sin\u0259 ucald\u0131l\u0131b.<\/p>\n<p>Abid\u0259nin m\u00fc\u0259llifi \u0259sl\u0259n Saqarecodan olan Az\u0259rbaycan\u0131n \u018fm\u0259kdar r\u0259ssam\u0131 m\u0259rhum Zahid H\u00fcseynovdur (\u015e\u0259mirli).<\/p>\n<p>Xatir\u0259 kompleksi 1991-ci il yanvar\u0131n 20-d\u0259 a\u00e7\u0131l\u0131b.<\/p>\n<p>&nbsp;<\/p>\n<div class=\"gallery\">\n<div class=\"gallery-i\"><img src=\"https:\/\/cdn.oxu.az\/uploads\/W1siZiIsIjIwMjQvMDEvMjAvMTcvNDUvMzUvYjc0YTAwYjgtMmYzNS00NWE5LWE0YmQtYTI0OGI5NTQ5NTE2LzNkMTRiMjZjLTFjODktMzgxZS05YWNlLWU3ZjQ1ZGY0NTU0Yy5qcGciXSxbInAiLCJlbmNvZGUiLCJqcGciLCItcXVhbGl0eSA4MCJdLFsicCIsInRodW1iIiwiNTkweDU5MFx1MDAzZSJdXQ?sha=2eaad8d6ee267d9b\" alt=\"\" \/><\/p>\n<div class=\"gallery-i-caption\"><\/div>\n<\/div>\n<div class=\"gallery-i\"><img src=\"https:\/\/cdn.oxu.az\/uploads\/W1siZiIsIjIwMjQvMDEvMjAvMTcvNDUvMzUvNWQ1ZjYwOWItZTU1My00Yjk4LThhZDItMTZjMTgyODdmMjBjLzVjZjQzZDEyLTBkMTAtMzEyZC1hNGQxLTM5YzVhMjg2YmU3Zi5qcGciXSxbInAiLCJlbmNvZGUiLCJqcGciLCItcXVhbGl0eSA4MCJdLFsicCIsInRodW1iIiwiNTkweDU5MFx1MDAzZSJdXQ?sha=0a2df764684de2a5\" alt=\"\" \/><\/p>\n<div class=\"gallery-i-caption\"><\/div>\n<\/div>\n<div class=\"gallery-i\"><img src=\"https:\/\/cdn.oxu.az\/uploads\/W1siZiIsIjIwMjQvMDEvMjAvMTcvNDUvMzYvZDExMzhmYjctNmU1ZS00MjFlLTliMGYtM2U2Y2YwOThjM2ZlL2MyMDE3NjhiLTM4OGQtM2RjYS1iNzBiLTdhNTRjYmJmZjJmNy5qcGciXSxbInAiLCJlbmNvZGUiLCJqcGciLCItcXVhbGl0eSA4MCJdLFsicCIsInRodW1iIiwiNTkweDU5MFx1MDAzZSJdXQ?sha=4e877b883ff35a7a\" alt=\"\" \/><\/p>\n<div class=\"gallery-i-caption\"><\/div>\n<\/div>\n<div class=\"gallery-i\"><img src=\"https:\/\/cdn.oxu.az\/uploads\/W1siZiIsIjIwMjQvMDEvMjAvMTcvNDUvMzYvNDA1NTc3MTctOWI1Mi00ZDUzLTkxODYtMWY0YWFmMmQ0NDEwLzUwMTg0NmQxLTBhMzktMzM2NC04ZmE3LTg0MmRmYjkxYzg0Ny5qcGciXSxbInAiLCJlbmNvZGUiLCJqcGciLCItcXVhbGl0eSA4MCJdLFsicCIsInRodW1iIiwiNTkweDU5MFx1MDAzZSJdXQ?sha=e68f91ae3379a38f\" alt=\"\" \/><\/p>\n<div class=\"gallery-i-caption\"><\/div>\n<\/div>\n<div class=\"gallery-i\"><img src=\"https:\/\/cdn.oxu.az\/uploads\/W1siZiIsIjIwMjQvMDEvMjAvMTcvNDUvMzYvMWZlZmEyZjAtOGNmYS00N2M3LThmYTctYzY2ZjQzYjhiYmU3LzI5Y2YzMmU3LTNlYTYtMzYzNy1hNTNiLWU1ZDk5YWYyYmQ4OC5qcGciXSxbInAiLCJlbmNvZGUiLCJqcGciLCItcXVhbGl0eSA4MCJdLFsicCIsInRodW1iIiwiNTkweDU5MFx1MDAzZSJdXQ?sha=c4a24b74ea00d939\" alt=\"\" \/><\/p>\n<div class=\"gallery-i-caption\"><\/div>\n<\/div>\n<div class=\"gallery-i\"><img src=\"https:\/\/cdn.oxu.az\/uploads\/W1siZiIsIjIwMjQvMDEvMjAvMTcvNDUvMzYvYTAyMTQ0MjUtYzI4Ny00NTc2LWJmNjEtM2MxYmNiNjExNDAzLzRlM2I2OGIyLWRmYjItMzJhZC1hMTRmLTk5NGE0NGRhNmY0Yi5qcGciXSxbInAiLCJlbmNvZGUiLCJqcGciLCItcXVhbGl0eSA4MCJdLFsicCIsInRodW1iIiwiNTkweDU5MFx1MDAzZSJdXQ?sha=1ac08c2f340c9816\" alt=\"\" \/><\/p>\n<div class=\"gallery-i-caption\"><\/div>\n<\/div>\n<div class=\"gallery-i\"><img src=\"https:\/\/cdn.oxu.az\/uploads\/W1siZiIsIjIwMjQvMDEvMjAvMTcvNDUvMzYvMGU4Yjk1YmYtNjVlNC00ZjM5LThmMmUtYTE0YmYxNzBhNjUzL2NmNzgxYTIwLTNkY2ItMzU4Yy04YWU2LWRiMjA0MTAwZDRlOC5qcGciXSxbInAiLCJlbmNvZGUiLCJqcGciLCItcXVhbGl0eSA4MCJdLFsicCIsInRodW1iIiwiNTkweDU5MFx1MDAzZSJdXQ?sha=2b7ebde10705016b\" alt=\"\" \/><\/p>\n<div class=\"gallery-i-caption\"><\/div>\n<\/div>\n<div class=\"gallery-i\"><img src=\"https:\/\/cdn.oxu.az\/uploads\/W1siZiIsIjIwMjQvMDEvMjAvMTcvNDUvMzYvOWExYjRiMWMtZGI5Zi00ZDhmLTk4MTYtNjRiOTkzZDczODkyL2I5NDg4YWY0LTcwMzItM2U1OC04MGE1LWQ1Y2MzZTg1YTQzMy5qcGciXSxbInAiLCJlbmNvZGUiLCJqcGciLCItcXVhbGl0eSA4MCJdLFsicCIsInRodW1iIiwiNTkweDU5MFx1MDAzZSJdXQ?sha=fee284ce5173740d\" alt=\"\" \/><\/p>\n<div class=\"gallery-i-caption\"><\/div>\n<\/div>\n<div class=\"gallery-i\"><img src=\"https:\/\/cdn.oxu.az\/uploads\/W1siZiIsIjIwMjQvMDEvMjAvMTcvNDUvMzYvZDI3MGU1MmEtODBmNS00NzM0LWI2NzktNTY5N2JhM2M1MDE0Lzg1Yjc4NjRlLWUyNTctMzlkNy1hNTRkLTliYmFiYjczZjQ0YS5qcGciXSxbInAiLCJlbmNvZGUiLCJqcGciLCItcXVhbGl0eSA4MCJdLFsicCIsInRodW1iIiwiNTkweDU5MFx1MDAzZSJdXQ?sha=941f5a66d2e7500c\" alt=\"\" \/><\/p>\n<div class=\"gallery-i-caption\"><\/div>\n<\/div>\n<div class=\"gallery-i\"><img src=\"https:\/\/cdn.oxu.az\/uploads\/W1siZiIsIjIwMjQvMDEvMjAvMTcvNDUvMzYvN2JiODlkOTQtOWU5Ny00MGJjLWE1ZDEtYWY1Nzg3MWYzZTUyL2NlMzY2ODFiLWMzY2MtM2NmMS05Mzc4LTE2OWQzN2M1MzliNy5qcGciXSxbInAiLCJlbmNvZGUiLCJqcGciLCItcXVhbGl0eSA4MCJdLFsicCIsInRodW1iIiwiNTkweDU5MFx1MDAzZSJdXQ?sha=3b9c633ab7fa914a\" alt=\"\" \/><\/p>\n<div class=\"gallery-i-caption\"><\/div>\n<\/div>\n<div class=\"gallery-i\"><img src=\"https:\/\/cdn.oxu.az\/uploads\/W1siZiIsIjIwMjQvMDEvMjAvMTcvNDUvMzcvNWVjMDc0MTEtNDY1NC00MTM0LTg1ZmYtODUzMTFlYmEyZWJjLzcwOTIyMDdjLTU0MzItMzc3OS04NTQ4LWU5MWI0Njk2YzFlYS5qcGciXSxbInAiLCJlbmNvZGUiLCJqcGciLCItcXVhbGl0eSA4MCJdLFsicCIsInRodW1iIiwiNTkweDU5MFx1MDAzZSJdXQ?sha=92564127d4a9f6fd\" alt=\"\" \/><\/p>\n<div class=\"gallery-i-caption\"><\/div>\n<\/div>\n<div class=\"gallery-i\"><img src=\"https:\/\/cdn.oxu.az\/uploads\/W1siZiIsIjIwMjQvMDEvMjAvMTcvNDUvMzcvMTJiZjVlMTMtM2Q4NC00YTE2LTlhNTAtYmQ5NDM1OTU2YTRkLzJmY2UwNjYzLWU1Y2MtMzFkNC1iZTE0LTIwZDg2NjNjMGU2MS5qcGciXSxbInAiLCJlbmNvZGUiLCJqcGciLCItcXVhbGl0eSA4MCJdLFsicCIsInRodW1iIiwiNTkweDU5MFx1MDAzZSJdXQ?sha=22f3a5e20339af7a\" alt=\"\" \/><\/div>\n<\/div>\n","protected":false},"excerpt":{"rendered":"<p>G\u00fcrc\u00fcstan\u0131n Saqareco rayonunun Qara\u00e7\u00f6p k\u0259ndind\u0259 (Yor-Mu\u011fanl\u0131) 20 Yanvar v\u0259 9 Aprel \u015f\u0259hidl\u0259rinin xatir\u0259si ehtiramla yad olunub. \u201cReport\u201dun yerli b\u00fcrosu x\u0259b\u0259r verir ki, Az\u0259rbaycan\u0131n G\u00fcrc\u00fcstandak\u0131 s\u0259firi Faiq Quliyev, s\u0259firliyin \u0259m\u0259kda\u015flar\u0131, Saqareco rayonunun meri Aftandil Qulika\u015fvili, ictimaiyy\u0259t n\u00fcmay\u0259nd\u0259l\u0259ri, 20 Yanvar \u015f\u0259hidi \u018fl\u0259sg\u0259r Qay\u0131bovun yax\u0131nlar\u0131, m\u0259kt\u0259blil\u0259r yanvar\u0131n 20-d\u0259 Qara\u00e7\u00f6p k\u0259ndind\u0259ki \u201c\u015e\u0259hidlik\u201d memorial\u0131 \u00f6n\u00fcn\u0259 \u0259klil qoyub, g\u00fcl d\u0259st\u0259l\u0259ri d\u00fcz\u00fcbl\u0259r. \u015e\u0259hidl\u0259rin ruhuna dualar oxunub, m\u0259kt\u0259blil\u0259r 20 Yanvar \u015f\u0259hidl\u0259rin\u0259 h\u0259sr olunan \u015feirl\u0259r s\u00f6yl\u0259yibl\u0259r. F.Quliyev \u00e7\u0131x\u0131\u015f ed\u0259r\u0259k Az\u0259rbaycan v\u0259 g\u00fcrc\u00fc xalqlar\u0131n\u0131n m\u00fcst\u0259qillik u\u011frundak\u0131 m\u00fcbariz\u0259sind\u0259n, sovet imperiya q\u00fcvv\u0259l\u0259rinin xalqlar\u0131m\u0131z\u0131n m\u00fcbariz\u0259 \u0259zmini q\u0131rmaq \u00fc\u00e7\u00fcn t\u00f6r\u0259tdiyi d\u0259h\u015f\u0259tli cinay\u0259tl\u0259rd\u0259n, v\u0259h\u015filikl\u0259rd\u0259n s\u00f6z&hellip;<\/p>\n","protected":false},"author":2,"featured_media":682049,"comment_status":"closed","ping_status":"closed","sticky":false,"template":"","format":"standard","meta":{"om_disable_all_campaigns":false,"_monsterinsights_skip_tracking":false,"_monsterinsights_sitenote_active":false,"_monsterinsights_sitenote_note":"","_monsterinsights_sitenote_category":0},"categories":[1],"tags":[],"aioseo_notices":[],"gutentor_comment":0,"rttpg_featured_image_url":{"full":["https:\/\/arantv.az\/wp-content\/uploads\/2024\/01\/eac0d988-ecb0-33d8-9f09-82e9c594a95e_850.jpg",620,413,false],"landscape":["https:\/\/arantv.az\/wp-content\/uploads\/2024\/01\/eac0d988-ecb0-33d8-9f09-82e9c594a95e_850.jpg",620,413,false],"portraits":["https:\/\/arantv.az\/wp-content\/uploads\/2024\/01\/eac0d988-ecb0-33d8-9f09-82e9c594a95e_850.jpg",620,413,false],"thumbnail":["https:\/\/arantv.az\/wp-content\/uploads\/2024\/01\/eac0d988-ecb0-33d8-9f09-82e9c594a95e_850-500x280.jpg",500,280,true],"medium":["https:\/\/arantv.az\/wp-content\/uploads\/2024\/01\/eac0d988-ecb0-33d8-9f09-82e9c594a95e_850-548x365.jpg",548,365,true],"large":["https:\/\/arantv.az\/wp-content\/uploads\/2024\/01\/eac0d988-ecb0-33d8-9f09-82e9c594a95e_850.jpg",620,413,false],"1536x1536":["https:\/\/arantv.az\/wp-content\/uploads\/2024\/01\/eac0d988-ecb0-33d8-9f09-82e9c594a95e_850.jpg",620,413,false],"2048x2048":["https:\/\/arantv.az\/wp-content\/uploads\/2024\/01\/eac0d988-ecb0-33d8-9f09-82e9c594a95e_850.jpg",620,413,false],"post-thumbnail":["https:\/\/arantv.az\/wp-content\/uploads\/2024\/01\/eac0d988-ecb0-33d8-9f09-82e9c594a95e_850-240x172.jpg",240,172,true],"advps-thumb-one":["https:\/\/arantv.az\/wp-content\/uploads\/2024\/01\/eac0d988-ecb0-33d8-9f09-82e9c594a95e_850.jpg",620,413,false]},"rttpg_author":{"display_name":"V\u00fcsal Rafiqo\u011flu","author_link":"https:\/\/arantv.az\/?author=2"},"rttpg_comment":0,"rttpg_category":"<a href=\"https:\/\/arantv.az\/?cat=1\" rel=\"category\">C\u0259miyy\u0259t<\/a>","rttpg_excerpt":"G\u00fcrc\u00fcstan\u0131n Saqareco rayonunun Qara\u00e7\u00f6p k\u0259ndind\u0259 (Yor-Mu\u011fanl\u0131) 20 Yanvar v\u0259 9 Aprel \u015f\u0259hidl\u0259rinin xatir\u0259si ehtiramla yad olunub. \u201cReport\u201dun yerli b\u00fcrosu x\u0259b\u0259r verir ki, Az\u0259rbaycan\u0131n G\u00fcrc\u00fcstandak\u0131 s\u0259firi Faiq Quliyev, s\u0259firliyin \u0259m\u0259kda\u015flar\u0131, Saqareco rayonunun meri Aftandil Qulika\u015fvili, ictimaiyy\u0259t n\u00fcmay\u0259nd\u0259l\u0259ri, 20 Yanvar \u015f\u0259hidi \u018fl\u0259sg\u0259r Qay\u0131bovun yax\u0131nlar\u0131, m\u0259kt\u0259blil\u0259r yanvar\u0131n 20-d\u0259 Qara\u00e7\u00f6p k\u0259ndind\u0259ki \u201c\u015e\u0259hidlik\u201d memorial\u0131 \u00f6n\u00fcn\u0259 \u0259klil qoyub, g\u00fcl d\u0259st\u0259l\u0259ri d\u00fcz\u00fcbl\u0259r.&hellip;","_links":{"self":[{"href":"https:\/\/arantv.az\/index.php?rest_route=\/wp\/v2\/posts\/682048"}],"collection":[{"href":"https:\/\/arantv.az\/index.php?rest_route=\/wp\/v2\/posts"}],"about":[{"href":"https:\/\/arantv.az\/index.php?rest_route=\/wp\/v2\/types\/post"}],"author":[{"embeddable":true,"href":"https:\/\/arantv.az\/index.php?rest_route=\/wp\/v2\/users\/2"}],"replies":[{"embeddable":true,"href":"https:\/\/arantv.az\/index.php?rest_route=%2Fwp%2Fv2%2Fcomments&post=682048"}],"version-history":[{"count":0,"href":"https:\/\/arantv.az\/index.php?rest_route=\/wp\/v2\/posts\/682048\/revisions"}],"wp:featuredmedia":[{"embeddable":true,"href":"https:\/\/arantv.az\/index.php?rest_route=\/wp\/v2\/media\/682049"}],"wp:attachment":[{"href":"https:\/\/arantv.az\/index.php?rest_route=%2Fwp%2Fv2%2Fmedia&parent=682048"}],"wp:term":[{"taxonomy":"category","embeddable":true,"href":"https:\/\/arantv.az\/index.php?rest_route=%2Fwp%2Fv2%2Fcategories&post=682048"},{"taxonomy":"post_tag","embeddable":true,"href":"https:\/\/arantv.az\/index.php?rest_route=%2Fwp%2Fv2%2Ftags&post=682048"}],"curies":[{"name":"wp","href":"https:\/\/api.w.org\/{rel}","templated":true}]}}