{"id":682090,"date":"2024-01-20T20:51:51","date_gmt":"2024-01-20T16:51:51","guid":{"rendered":"https:\/\/arantv.az\/?p=682090"},"modified":"2024-01-20T20:51:51","modified_gmt":"2024-01-20T16:51:51","slug":"makron-sindromu-boyuk-gorunm%c9%99k-ist%c9%99y%c9%99n-siyas%c9%99t-cirtdani","status":"publish","type":"post","link":"https:\/\/arantv.az\/?p=682090","title":{"rendered":"Makron sindromu: B\u00f6y\u00fck g\u00f6r\u00fcnm\u0259k ist\u0259y\u0259n siyas\u0259t c\u0131rtdan\u0131"},"content":{"rendered":"<p>Fransa Senat\u0131n\u0131n, Avropa Parlamentinin, m\u00fcxt\u0259lif avropal\u0131 siyas\u0259t\u00e7il\u0259rin v\u0259 s. Az\u0259rbaycanla ba\u011fl\u0131 tutduqlar\u0131 q\u0259r\u0259zli, isterik m\u00f6vqe t\u0259sad\u00fcfi deyil. B\u00fct\u00fcn bu b\u0259yanatlar\u0131n, q\u0259tnam\u0259l\u0259rin, a\u00e7\u0131qlamalar\u0131n v\u0259 davran\u0131\u015flar\u0131n s\u0259b\u0259bl\u0259ri var.<\/p>\n<p>Fransa Senat\u0131n\u0131n Az\u0259rbaycana qar\u015f\u0131 sanksiyalar t\u0259l\u0259b ed\u0259n q\u0259tnam\u0259si, Avropa Parlamentinin Bak\u0131n\u0131n &#8220;c\u0259zaland\u0131r\u0131lmas\u0131&#8221;n\u0131n ist\u0259nildiyi b\u0259yanat\u0131, fransal\u0131 senatorlar\u0131n, merl\u0259rin, siyas\u0259t\u00e7il\u0259rin b\u0259yanatlar\u0131 birm\u0259nal\u0131 olaraq Az\u0259rbaycanla qar\u015f\u0131durman\u0131n yeni s\u0259viyy\u0259y\u0259 da\u015f\u0131nmas\u0131d\u0131r. Yax\u0131n vaxtlarda Avropa Parlamenti v\u0259 Fransa il\u0259 \u00f6lk\u0259miz aras\u0131nda m\u00fcnasib\u0259tl\u0259rin normallla\u015faca\u011f\u0131ndan dan\u0131\u015fma\u011fa bel\u0259, d\u0259ym\u0259z.<\/p>\n<p>Hadis\u0259l\u0259rin m\u0259cras\u0131n\u0131 v\u0259 indiki v\u0259ziyy\u0259tin m\u0259zmununu n\u0259z\u0259r\u0259 alsaq, yax\u0131n perspektivd\u0259 n\u0259l\u0259rin ba\u015f ver\u0259c\u0259yi maraql\u0131d\u0131r.<\/p>\n<p>Fransa Senat\u0131ndak\u0131 s\u0259sverm\u0259, daha do\u011frusu, vakxanaliya bir s\u0131ra m\u0259qamlara ayd\u0131nl\u0131q g\u0259tirdi. S\u00f6z yox, Erm\u0259nistan\u0131n tam d\u0259st\u0259kl\u0259ndiyi v\u0259 Az\u0259rbaycana qar\u015f\u0131 \u0259razi iddialar\u0131n\u0131n normal say\u0131laraq \u00f6lk\u0259miz\u0259 sanksiyalar\u0131n t\u0259tbiqinin ist\u0259nildiyi s\u0259n\u0259d \u0259slind\u0259 prezident Emmanuel Makronun birba\u015fa g\u00f6st\u0259ri\u015fi il\u0259 realla\u015fm\u0131\u015f prosesin m\u0259ntiqi n\u0259tic\u0259sidir.<\/p>\n<p>H\u0259min proses Avropa \u0130ttifaq\u0131 Siyasi \u015euras\u0131n\u0131n \u0130spaniyan\u0131n Qranada \u015f\u0259h\u0259rind\u0259 ke\u00e7irilmi\u015f sammitind\u0259 ba\u015flanm\u0131\u015fd\u0131. Xat\u0131rladaq ki, h\u0259min sammitd\u0259 Az\u0259rbaycan, Erm\u0259nistan v\u0259 Avropa \u0130ttifaq\u0131 format\u0131n\u0131 Fransa prezidenti Emmanuel Makron &#8220;geni\u015fl\u0259ndirm\u0259y\u0259&#8221; \u00e7al\u0131\u015fm\u0131\u015f, m\u00fczakir\u0259l\u0259r\u0259 Almaniyan\u0131n ba\u015f naziri Olaf \u015eoltsu da qataraq &#8220;be\u015ft\u0259r\u0259fli format&#8221;\u0131 realla\u015fd\u0131rma\u011fa \u00e7al\u0131\u015fm\u0131\u015fd\u0131.<\/p>\n<p>Lakin Az\u0259rbaycan bu sammit\u0259 qat\u0131lmad\u0131 v\u0259 Fransan\u0131n da vasit\u0259\u00e7ilik, habel\u0259 Az\u0259rbaycanla Erm\u0259nistan aras\u0131nda s\u00fclh sazi\u015finin imzalanmas\u0131 il\u0259 ba\u011fl\u0131 prosesd\u0259 moderatorluq niyy\u0259ti pu\u00e7 oldu.<\/p>\n<p>Fransa Senat\u0131ndak\u0131 m\u0259lum q\u0259tnam\u0259 il\u0259 ba\u011fl\u0131 m\u00fczakir\u0259 v\u0259 s\u0259sverm\u0259 zaman\u0131 orada Erm\u0259nistan\u0131n s\u0259firi il\u0259 yana\u015f\u0131, Xank\u0259ndind\u0259ki sabiq separat\u00e7\u0131 rejimin &#8220;n\u00fcmay\u0259nd\u0259si&#8221; d\u0259 vard\u0131.<\/p>\n<p>Bu is\u0259 bir Erm\u0259nistan\u0131n hakimiyy\u0259t dair\u0259l\u0259rinin ger\u00e7\u0259k niyy\u0259tl\u0259rin\u0259 ayd\u0131nl\u0131q g\u0259tirir.<\/p>\n<p>Erm\u0259nistan\u0131n ba\u015f naziri Nikol Pa\u015finyan v\u0259 komandas\u0131 Az\u0259rbaycanla s\u00fclh sazi\u015fini imzalamaqda maraql\u0131 olduqlar\u0131n\u0131, \u015f\u0259rti d\u00f6vl\u0259t s\u0259rh\u0259dinin demarkasiyas\u0131 v\u0259 delimitasiyas\u0131 prosesin\u0259 m\u00fcmk\u00fcn q\u0259d\u0259r tez ba\u015flamaq ist\u0259dikl\u0259rini, Az\u0259rbaycan\u0131n \u0259razi b\u00fct\u00fcnl\u00fcy\u00fcn\u00fc v\u0259 s\u0259rh\u0259d toxunulmazl\u0131\u011f\u0131n\u0131 tan\u0131d\u0131qlar\u0131n\u0131 deyirl\u0259r.<\/p>\n<p>Lakin Erm\u0259nistan s\u0259firinin Senatadak\u0131 m\u00fczakir\u0259l\u0259r\u0259 qat\u0131lmas\u0131 \u0130r\u0259van\u0131n \u0259slind\u0259, Az\u0259rbaycana qar\u015f\u0131 \u0259razi iddialar\u0131ndan \u0259l \u00e7\u0259km\u0259diyini s\u00fcbut edir.<\/p>\n<p>Bundan ba\u015fqa, Erm\u0259nistan\u0131n X\u0130N ba\u015f\u00e7\u0131s\u0131n\u0131n v\u0259 parlament spikerinin b\u0259yanatlar\u0131 da bunu g\u00f6st\u0259rir.<\/p>\n<p>Fransa prezidenti Emmanuel Makron Erm\u0259nistan vasit\u0259sio\u0259 C\u0259nubi Qafqazda m\u00f6hk\u0259ml\u0259nm\u0259 v\u0259 prosesl\u0259r\u0259 birba\u015fa m\u00fcdaxil\u0259 imkanlar\u0131 \u0259ld\u0259 etm\u0259k, habel\u0259 Az\u0259rbaycanla Erm\u0259nistan aras\u0131nda s\u00fclh sazi\u015finin imzalanmas\u0131na mane olmaq niyy\u0259tind\u0259dir.<\/p>\n<p>R\u0259smi Bak\u0131 is\u0259 Parisin destruktiv v\u0259 aqressiv niyy\u0259tl\u0259rinin qar\u015f\u0131s\u0131n\u0131 almaq, Fransan\u0131n planlar\u0131n\u0131 neytralla\u015fd\u0131rmaq m\u0259cburiyy\u0259tind\u0259dir.<\/p>\n<p>\u00dcmumiyy\u0259tl\u0259, Fransa Senat\u0131 il\u0259 Avropa Parlamentinin b\u0259yanatlar\u0131, q\u0259tnam\u0259l\u0259ri v\u0259 a\u00e7\u0131qlamalar\u0131 idiotizm t\u0259siri ba\u011f\u0131\u015flay\u0131r.<\/p>\n<p>H\u0259min s\u0259n\u0259dl\u0259rd\u0259 &#8220;Az\u0259rbaycandan zorla qovulmu\u015f qaraba\u011fl\u0131 erm\u0259nil\u0259rin qay\u0131d\u0131\u015f\u0131n\u0131n v\u0259 t\u0259hl\u00fck\u0259sizliyinin t\u0259minat\u0131&#8221; ist\u0259nilir.<\/p>\n<p>Qaraba\u011fl\u0131 erm\u0259nil\u0259r zorla \u00e7\u0131xar\u0131lmay\u0131b v\u0259 h\u0259l\u0259 indiy\u0259d\u0259k bir n\u0259f\u0259r olsun bel\u0259, qaraba\u011fl\u0131 erm\u0259ni bunu dem\u0259yib. Tam \u0259ksin\u0259, onlar\u0131n istisnas\u0131z olaraq ham\u0131s\u0131 Az\u0259rbaycan\u0131 k\u00f6n\u00fcll\u00fc t\u0259rk ed\u0259r\u0259k Erm\u0259nistana yolland\u0131qlar\u0131n\u0131 s\u00f6yl\u0259yibl\u0259r.<\/p>\n<p>Beyn\u0259lxalq m\u00fc\u015fahid\u0259\u00e7il\u0259r, BMT missiyas\u0131, habel\u0259 Avropa \u0130ttifaq\u0131n\u0131n Erm\u0259nistandak\u0131 m\u00fc\u015fahid\u0259-monitorinq missiyas\u0131n\u0131n m\u0259nsublar\u0131 da qaraba\u011fl\u0131 erm\u0259nil\u0259r\u0259 qar\u015f\u0131 h\u0259r hans\u0131 t\u0259qib v\u0259 zorak\u0131l\u0131q fakt\u0131n\u0131 qeyd\u0259 almay\u0131blar.<\/p>\n<p>Az\u0259rbaycan bu \u015f\u0259xsl\u0259rin geri qay\u0131d\u0131\u015f\u0131 il\u0259 ba\u011fl\u0131 he\u00e7 bir problem olmad\u0131\u011f\u0131n\u0131 d\u0259f\u0259l\u0259rl\u0259 b\u0259yan edib v\u0259 indi d\u0259 deyir. Bir \u015f\u0259rtl\u0259: h\u0259min erm\u0259nil\u0259r m\u00fctl\u0259q \u015f\u0259kild\u0259 Az\u0259rbaycan pasportu almal\u0131, \u00f6lk\u0259mizin v\u0259t\u0259nda\u015fl\u0131\u011f\u0131n\u0131 q\u0259bul etm\u0259lidirl\u0259r.<\/p>\n<p>Prosesin alternativ h\u0259lli yoxdur, \u00e7\u00fcnki he\u00e7 bir \u00f6lk\u0259, o c\u00fcml\u0259d\u0259n Az\u0259rbaycan, \u0259razisind\u0259 on minl\u0259rl\u0259 qanunsuz miqrant\u0131n kompakt \u015f\u0259kild\u0259 ya\u015famas\u0131n\u0131, \u00fcst\u0259lik ya\u015famaqla kifay\u0259tl\u0259nm\u0259y\u0259r\u0259k &#8220;m\u00fcst\u0259qillik&#8221; elan etm\u0259l\u0259ri v\u0259 m\u0259rk\u0259zi hakimiyy\u0259t\u0259 tabe olmamalar\u0131 il\u0259 bar\u0131\u015fa bilm\u0259z.<\/p>\n<p>Avropa \u0130ttifaq\u0131n\u0131n he\u00e7 bir \u00f6lk\u0259sind\u0259 bu, ola bilm\u0259zs\u0259, n\u0259 \u00fc\u00e7\u00fcn Az\u0259rbaycan qar\u015f\u0131s\u0131nda bel\u0259 marazmatik t\u0259l\u0259b s\u0259sl\u0259ndirilm\u0259lidir ki&#8230;<\/p>\n<p>\u018fslind\u0259, h\u0259r \u015fey daha sad\u0259dir.<\/p>\n<p>Az\u0259rbaycan \u0259razil\u0259rinin 20 faizinin erm\u0259ni i\u015f\u011fal\u0131nda oldu\u011fu 30 il \u0259rzind\u0259 Fransa v\u0259 Avropa \u0130ttifaq\u015f\u0131 ba\u015f ver\u0259nl\u0259ri soyuqqanl\u0131l\u0131qla, laqeydlikl\u0259 m\u00fc\u015fahid\u0259 edirdi. \u00c7\u00fcnki kollektiv Q\u0259rb ilk \u0259vv\u0259l Sovetl\u0259r Birliyinin da\u011f\u0131lmas\u0131n\u0131 h\u0259zz\u0259 izl\u0259di, daha sonra postsovet m\u0259kan\u0131ndak\u0131 qanl\u0131 toqqu\u015fmalar\u0131 seyr etdi. \u00c7\u00fcnki b\u00fct\u00fcn bunlar Q\u0259rbin maraqlar\u0131na tam cavab verirdi: qanl\u0131 toqqu\u015fmalar v\u0259 m\u00fcnaqi\u015f\u0259l\u0259rl\u0259, sava\u015flarla v\u0259 m\u00fcharib\u0259l\u0259rl\u0259 z\u0259ifl\u0259mi\u015f \u0259razil\u0259r t\u0259bii ehtiyatlarla \u00e7ox z\u0259ngin oldu\u011fundan Q\u0259rb o \u0259razil\u0259rd\u0259 sava\u015flarda, m\u00fcnaqi\u015f\u0259l\u0259rd\u0259 z\u0259ifl\u0259mi\u015f \u00f6lk\u0259l\u0259ri asanl\u0131qla n\u0259zar\u0259t alt\u0131na alaca\u011f\u0131na \u015f\u00fcbh\u0259 etmirdi.<\/p>\n<p>C\u0259nubi Qafqaz da Q\u0259rbin birba\u015fa maraq dair\u0259sind\u0259 idi. Maraqlar\u0131n\u0131n t\u0259minat\u0131 \u00fc\u00e7\u00fcn Q\u0259rb\u0259 b\u00f6lg\u0259mizin k\u00fctl\u0259vi qar\u015f\u0131durmalar v\u0259 m\u00fcnaqi\u015f\u0259 oca\u011f\u0131 kimi qalmas\u0131 g\u0259r\u0259kdi: m\u0259s\u0259l\u0259 sonradan he\u00e7 bir halda s\u00fclh sazi\u015finin imzalananmamas\u0131 il\u0259 ba\u011fl\u0131 idi. Bel\u0259 olard\u0131sa, Q\u0259rb \u00f6lk\u0259l\u0259ri C\u0259nubi Qafqaza asanl\u0131qla, triumfal y\u00fcr\u00fc\u015fl\u0259 yeriy\u0259cc\u0259k, t\u0259bii ehtiyatlar\u0131 tam n\u0259zar\u0259t\u0259 g\u00f6t\u00fcr\u0259c\u0259kdil\u0259r.<\/p>\n<p>F\u0259q\u0259t, kollektiv Q\u0259rb a\u011fl\u0131na da g\u0259tir\u0259 bilm\u0259zdi ki, Az\u0259rbaycan g\u00fccl\u0259n\u0259c\u0259k, 30 illik erm\u0259ni i\u015f\u011fal\u0131na v\u0259 qaraba\u011fl\u0131 erm\u0259nil\u0259rin separatizmi tarix\u0259 qovu\u015facaq. Bundan ba\u015fqa, Az\u0259rbaycan enerjida\u015f\u0131y\u0131c\u0131lar\u0131n\u0131n Avropa v\u0259 d\u00fcnya bazarlar\u0131na n\u0259qlind\u0259 \u00e7ox \u00f6n\u0259mli loqistik qov\u015fa\u011fa \u00e7evril\u0259c\u0259k, Avropa \u0130ttifaq\u0131na ild\u0259 20 milyard kubmetr olmaq \u015f\u0259rtil\u0259 15 il \u0259rzind\u0259 t\u0259bii qaz sat\u0131\u015f\u0131 il\u0259 ba\u011fl\u0131 anla\u015fma imzalayacaq.<\/p>\n<p>B\u00fct\u00fcn bunlara nail olan Az\u0259rbaycan\u0131n m\u00fcst\u0259qil, tam suveren xarici siyas\u0259t y\u00fcr\u00fctm\u0259si is\u0259 t\u0259bii ki, kollektiv Q\u0259rbi ifrat d\u0259r\u0259c\u0259d\u0259 q\u0131c\u0131qland\u0131r\u0131r.<\/p>\n<p>Fransan\u0131n v\u0259 \u00fcmumiyy\u0259tl\u0259, Q\u0259rbd\u0259ki bir s\u0131ra \u00f6lk\u0259l\u0259rin Bak\u0131ya q\u0259r\u0259zli, h\u0259tta d\u00fc\u015fm\u0259n\u00e7ilik s\u0259viyy\u0259sind\u0259ki m\u00fcnasib\u0259tinin d\u0259 \u0259sas v\u0259sil\u0259l\u0259ri budur. Erm\u0259nistana tam v\u0259 total d\u0259st\u0259k ver\u0259n Fransan\u0131n b\u00f6lg\u0259mizl\u0259 ba\u011fl\u0131 y\u00fcr\u00fctd\u00fcy\u00fc siyas\u0259tin m\u0259zmunu demokratiya, b\u0259h\u0259ri d\u0259y\u0259rl\u0259r, humanizm v\u0259 ya beyn\u0259lxalq h\u00fcququn aliliyi yox, s\u0131rf merkantil maraqlard\u0131r.<\/p>\n<p>Neokolonializm, irq\u00e7ilik, islamofobiya, antisemitizm v\u0259 ksenofobiya kimi b\u0259lalar\u0131 c\u0259miyy\u0259tind\u0259 g\u00f6rm\u0259k ist\u0259m\u0259y\u0259n Fransa geosiyasi liderlik iddias\u0131ndad\u0131r.<\/p>\n<p>Halbuki aynaya baxarsa, n\u0259h\u0259ngi yox, \u0259ld\u0259n d\u00fc\u015f\u0259r\u0259k c\u0131rtdana \u00e7evrilm\u0259kd\u0259 olan siyasi orqanizmi g\u00f6r\u0259r.<\/p>\n<p>El\u00e7in Al\u0131o\u011flu<\/p>\n","protected":false},"excerpt":{"rendered":"<p>Fransa Senat\u0131n\u0131n, Avropa Parlamentinin, m\u00fcxt\u0259lif avropal\u0131 siyas\u0259t\u00e7il\u0259rin v\u0259 s. Az\u0259rbaycanla ba\u011fl\u0131 tutduqlar\u0131 q\u0259r\u0259zli, isterik m\u00f6vqe t\u0259sad\u00fcfi deyil. B\u00fct\u00fcn bu b\u0259yanatlar\u0131n, q\u0259tnam\u0259l\u0259rin, a\u00e7\u0131qlamalar\u0131n v\u0259 davran\u0131\u015flar\u0131n s\u0259b\u0259bl\u0259ri var. Fransa Senat\u0131n\u0131n Az\u0259rbaycana qar\u015f\u0131 sanksiyalar t\u0259l\u0259b ed\u0259n q\u0259tnam\u0259si, Avropa Parlamentinin Bak\u0131n\u0131n &#8220;c\u0259zaland\u0131r\u0131lmas\u0131&#8221;n\u0131n ist\u0259nildiyi b\u0259yanat\u0131, fransal\u0131 senatorlar\u0131n, merl\u0259rin, siyas\u0259t\u00e7il\u0259rin b\u0259yanatlar\u0131 birm\u0259nal\u0131 olaraq Az\u0259rbaycanla qar\u015f\u0131durman\u0131n yeni s\u0259viyy\u0259y\u0259 da\u015f\u0131nmas\u0131d\u0131r. Yax\u0131n vaxtlarda Avropa Parlamenti v\u0259 Fransa il\u0259 \u00f6lk\u0259miz aras\u0131nda m\u00fcnasib\u0259tl\u0259rin normallla\u015faca\u011f\u0131ndan dan\u0131\u015fma\u011fa bel\u0259, d\u0259ym\u0259z. Hadis\u0259l\u0259rin m\u0259cras\u0131n\u0131 v\u0259 indiki v\u0259ziyy\u0259tin m\u0259zmununu n\u0259z\u0259r\u0259 alsaq, yax\u0131n perspektivd\u0259 n\u0259l\u0259rin ba\u015f ver\u0259c\u0259yi maraql\u0131d\u0131r. Fransa Senat\u0131ndak\u0131 s\u0259sverm\u0259, daha do\u011frusu, vakxanaliya bir s\u0131ra m\u0259qamlara ayd\u0131nl\u0131q&hellip;<\/p>\n","protected":false},"author":2,"featured_media":682092,"comment_status":"closed","ping_status":"closed","sticky":false,"template":"","format":"standard","meta":{"om_disable_all_campaigns":false,"_monsterinsights_skip_tracking":false,"_monsterinsights_sitenote_active":false,"_monsterinsights_sitenote_note":"","_monsterinsights_sitenote_category":0},"categories":[19],"tags":[],"aioseo_notices":[],"gutentor_comment":0,"rttpg_featured_image_url":{"full":["https:\/\/arantv.az\/wp-content\/uploads\/2024\/01\/d4cd91e8170574337021004935910284525.jpg",975,540,false],"landscape":["https:\/\/arantv.az\/wp-content\/uploads\/2024\/01\/d4cd91e8170574337021004935910284525.jpg",975,540,false],"portraits":["https:\/\/arantv.az\/wp-content\/uploads\/2024\/01\/d4cd91e8170574337021004935910284525.jpg",975,540,false],"thumbnail":["https:\/\/arantv.az\/wp-content\/uploads\/2024\/01\/d4cd91e8170574337021004935910284525-500x280.jpg",500,280,true],"medium":["https:\/\/arantv.az\/wp-content\/uploads\/2024\/01\/d4cd91e8170574337021004935910284525-660x365.jpg",660,365,true],"large":["https:\/\/arantv.az\/wp-content\/uploads\/2024\/01\/d4cd91e8170574337021004935910284525-840x465.jpg",640,354,true],"1536x1536":["https:\/\/arantv.az\/wp-content\/uploads\/2024\/01\/d4cd91e8170574337021004935910284525.jpg",975,540,false],"2048x2048":["https:\/\/arantv.az\/wp-content\/uploads\/2024\/01\/d4cd91e8170574337021004935910284525.jpg",975,540,false],"post-thumbnail":["https:\/\/arantv.az\/wp-content\/uploads\/2024\/01\/d4cd91e8170574337021004935910284525-240x172.jpg",240,172,true],"advps-thumb-one":["https:\/\/arantv.az\/wp-content\/uploads\/2024\/01\/d4cd91e8170574337021004935910284525.jpg",975,540,false]},"rttpg_author":{"display_name":"V\u00fcsal Rafiqo\u011flu","author_link":"https:\/\/arantv.az\/?author=2"},"rttpg_comment":0,"rttpg_category":"<a href=\"https:\/\/arantv.az\/?cat=19\" rel=\"category\">G\u00fcnd\u0259m<\/a>","rttpg_excerpt":"Fransa Senat\u0131n\u0131n, Avropa Parlamentinin, m\u00fcxt\u0259lif avropal\u0131 siyas\u0259t\u00e7il\u0259rin v\u0259 s. Az\u0259rbaycanla ba\u011fl\u0131 tutduqlar\u0131 q\u0259r\u0259zli, isterik m\u00f6vqe t\u0259sad\u00fcfi deyil. B\u00fct\u00fcn bu b\u0259yanatlar\u0131n, q\u0259tnam\u0259l\u0259rin, a\u00e7\u0131qlamalar\u0131n v\u0259 davran\u0131\u015flar\u0131n s\u0259b\u0259bl\u0259ri var. Fransa Senat\u0131n\u0131n Az\u0259rbaycana qar\u015f\u0131 sanksiyalar t\u0259l\u0259b ed\u0259n q\u0259tnam\u0259si, Avropa Parlamentinin Bak\u0131n\u0131n &#8220;c\u0259zaland\u0131r\u0131lmas\u0131&#8221;n\u0131n ist\u0259nildiyi b\u0259yanat\u0131, fransal\u0131 senatorlar\u0131n, merl\u0259rin, siyas\u0259t\u00e7il\u0259rin b\u0259yanatlar\u0131 birm\u0259nal\u0131 olaraq Az\u0259rbaycanla qar\u015f\u0131durman\u0131n yeni s\u0259viyy\u0259y\u0259 da\u015f\u0131nmas\u0131d\u0131r. Yax\u0131n vaxtlarda Avropa&hellip;","_links":{"self":[{"href":"https:\/\/arantv.az\/index.php?rest_route=\/wp\/v2\/posts\/682090"}],"collection":[{"href":"https:\/\/arantv.az\/index.php?rest_route=\/wp\/v2\/posts"}],"about":[{"href":"https:\/\/arantv.az\/index.php?rest_route=\/wp\/v2\/types\/post"}],"author":[{"embeddable":true,"href":"https:\/\/arantv.az\/index.php?rest_route=\/wp\/v2\/users\/2"}],"replies":[{"embeddable":true,"href":"https:\/\/arantv.az\/index.php?rest_route=%2Fwp%2Fv2%2Fcomments&post=682090"}],"version-history":[{"count":0,"href":"https:\/\/arantv.az\/index.php?rest_route=\/wp\/v2\/posts\/682090\/revisions"}],"wp:featuredmedia":[{"embeddable":true,"href":"https:\/\/arantv.az\/index.php?rest_route=\/wp\/v2\/media\/682092"}],"wp:attachment":[{"href":"https:\/\/arantv.az\/index.php?rest_route=%2Fwp%2Fv2%2Fmedia&parent=682090"}],"wp:term":[{"taxonomy":"category","embeddable":true,"href":"https:\/\/arantv.az\/index.php?rest_route=%2Fwp%2Fv2%2Fcategories&post=682090"},{"taxonomy":"post_tag","embeddable":true,"href":"https:\/\/arantv.az\/index.php?rest_route=%2Fwp%2Fv2%2Ftags&post=682090"}],"curies":[{"name":"wp","href":"https:\/\/api.w.org\/{rel}","templated":true}]}}