{"id":682118,"date":"2024-01-20T21:13:01","date_gmt":"2024-01-20T17:13:01","guid":{"rendered":"https:\/\/arantv.az\/?p=682118"},"modified":"2024-01-20T21:13:01","modified_gmt":"2024-01-20T17:13:01","slug":"olk%c9%99mizin-davamli-v%c9%99-dayaniqli-inkisafi-t%c9%99min-edilib-2","status":"publish","type":"post","link":"https:\/\/arantv.az\/?p=682118","title":{"rendered":"\u00d6LK\u018fM\u0130Z\u0130N DAVAMLI V\u018f DAYANIQLI \u0130NK\u0130\u015eAFI T\u018fM\u0130N ED\u0130L\u0130B"},"content":{"rendered":"<div class=\"x11i5rnm xat24cr x1mh8g0r x1vvkbs xtlvy1s x126k92a\">\n<div dir=\"auto\">\n<p>B\u0259rd\u0259d\u0259 se\u00e7icil\u0259r il\u0259 g\u00f6r\u00fc\u015f ke\u00e7irilib<\/p>\n<\/div>\n<\/div>\n<div class=\"x11i5rnm xat24cr x1mh8g0r x1vvkbs xtlvy1s x126k92a\">\n<div dir=\"auto\">2024-c\u00fc il fevral\u0131n 7-d\u0259 \u00f6lk\u0259mizd\u0259 ke\u00e7iril\u0259c\u0259k prezident se\u00e7kil\u0259ri il\u0259 \u0259laq\u0259dar Yeni Az\u0259rbaycan Partiyas\u0131 t\u0259r\u0259find\u0259n namiz\u0259dliyi ir\u0259li s\u00fcr\u00fclm\u00fc\u015f \u0130lham Heyd\u0259r o\u011flu \u018fliyevin se\u00e7kiqaba\u011f\u0131 t\u0259\u015fviqat kompaniyas\u0131 \u00e7\u0259r\u00e7iv\u0259sind\u0259 yanvar\u0131n 19-da YAP B\u0259rd\u0259 rayon t\u0259\u015fkilat\u0131nda v\u0259 Mustafaa\u011fal\u0131 k\u0259ndind\u0259 se\u00e7icil\u0259r il\u0259 g\u00f6r\u00fc\u015f ke\u00e7irilib.<\/div>\n<\/div>\n<div class=\"x11i5rnm xat24cr x1mh8g0r x1vvkbs xtlvy1s x126k92a\">\n<div dir=\"auto\">\u018fvv\u0259lc\u0259 Ulu \u00d6nd\u0259r Heyd\u0259r \u018fliyevin v\u0259 torpaqlar\u0131m\u0131z\u0131n \u0259razi b\u00fct\u00f6vl\u00fcy\u00fc u\u011frunda h\u0259lak olmu\u015f \u015f\u0259hidl\u0259rimizin \u0259ziz xatir\u0259si bir d\u0259qiq\u0259lik s\u00fckutla yad edilib. D\u00f6vl\u0259t Himni s\u0259sl\u0259ndirilib. C\u0259nab \u0130lham \u018fliyevin r\u0259hb\u0259rliyi d\u00f6vr\u00fcnd\u0259 \u0259ld\u0259 olunan u\u011furlarla ba\u011fl\u0131 YAP M\u0259rk\u0259zi Se\u00e7ki Q\u0259rargah\u0131n\u0131n haz\u0131rlad\u0131\u011f\u0131 video \u00e7arx izl\u0259nib.<\/div>\n<\/div>\n<div class=\"x11i5rnm xat24cr x1mh8g0r x1vvkbs xtlvy1s x126k92a\">\n<div dir=\"auto\">G\u00f6r\u00fc\u015fd\u0259 YAP B\u0259rd\u0259 rayon t\u0259\u015fkilat\u0131n\u0131n s\u0259dri Faq\u0259t \u015eadlinskaya, Milli M\u0259clisin deputat\u0131 Fatma Y\u0131ld\u0131r\u0131m, t\u0259\u015fviqat qrupunun \u00fczvl\u0259ri Qas\u0131m Hac\u0131yev, Aq\u015fin Hac\u0131zad\u0259, \u015f\u0259hid Asif Ab\u0131\u015fovun anas\u0131 \u0130sb\u0259t H\u0259t\u0259mova, \u015f\u0259hid F\u0259xri Q\u0259ribzad\u0259nin anas\u0131 Mehpar\u0259 Q\u0259ribova, Birinci Qaraba\u011f m\u00fcharib\u0259si i\u015ftirak\u00e7\u0131s\u0131 G\u0259ray \u018fs\u0259dov, h\u0259m\u00e7inin se\u00e7icil\u0259r Aid\u0259 h\u0259kim, M\u00fcr\u015f\u00fcd Mikay\u0131lov, Aliy\u0259 M\u0259mm\u0259dova \u00e7\u0131x\u0131\u015f edibl\u0259r.<\/div>\n<\/div>\n<div class=\"x11i5rnm xat24cr x1mh8g0r x1vvkbs xtlvy1s x126k92a\">\n<div dir=\"auto\">Natiql\u0259r bildiribl\u0259r ki, son 20 ild\u0259 \u00f6lk\u0259mizd\u0259 h\u0259r bir sah\u0259d\u0259 k\u00f6kl\u00fc d\u0259yi\u015fiklikl\u0259r h\u0259yata ke\u00e7irilib. Prezident \u0130lham \u018fliyevin h\u0259yata ke\u00e7irdiyi d\u00fc\u015f\u00fcn\u00fclm\u00fc\u015f u\u011furlu siyas\u0259t n\u0259tic\u0259sind\u0259 \u00f6lk\u0259mizin davaml\u0131 v\u0259 dayan\u0131ql\u0131 inki\u015faf\u0131 t\u0259min edilib.<\/div>\n<\/div>\n<div class=\"x11i5rnm xat24cr x1mh8g0r x1vvkbs xtlvy1s x126k92a\">\n<div dir=\"auto\">M\u00fcz\u0259ff\u0259r Ali Ba\u015f Komandan \u0130lham \u018fliyevin d\u00fc\u015f\u00fcn\u00fclm\u00fc\u015f v\u0259 q\u0259tiyy\u0259tli siyas\u0259ti say\u0259sind\u0259 Az\u0259rbaycan\u0131n \u00f6z \u0259razi b\u00fct\u00f6vl\u00fcy\u00fcn\u00fc 44 g\u00fcn \u0259rzind\u0259 b\u0259rpa etdiyi v\u0259 bununla da yeni reall\u0131qlar\u0131n yarand\u0131\u011f\u0131 s\u00f6yl\u0259nilib.<\/div>\n<\/div>\n<div class=\"x11i5rnm xat24cr x1mh8g0r x1vvkbs xtlvy1s x126k92a\">\n<div dir=\"auto\">T\u0259\u015fviqat qrupunun \u00fczvl\u0259ri Az\u0259rbaycan\u0131n c\u0259nab \u0130lham \u018fliyevin h\u0259yata ke\u00e7irdiyi u\u011furlu siyas\u0259t n\u0259tic\u0259sind\u0259 bundan sonra da inki\u015faf ed\u0259c\u0259yin\u0259 v\u0259 daha g\u00fccl\u00fc \u00f6lk\u0259y\u0259 \u00e7evril\u0259c\u0259yin\u0259 \u0259minlik ifad\u0259 edib, se\u00e7icil\u0259ri c\u0259nab \u0130lham \u018fliyevin \u0259traf\u0131nda s\u0131x birl\u0259\u015fm\u0259y\u0259 \u00e7a\u011f\u0131r\u0131blar.<\/div>\n<\/div>\n<div class=\"x11i5rnm xat24cr x1mh8g0r x1vvkbs xtlvy1s x126k92a\">\n<div dir=\"auto\">G\u00f6r\u00fc\u015f Yeni Az\u0259rbaycan Partiyas\u0131n\u0131n Himninin s\u0259sl\u0259ndirilm\u0259si il\u0259 yekunla\u015f\u0131b.<\/div>\n<\/div>\n<div class=\"x11i5rnm xat24cr x1mh8g0r x1vvkbs xtlvy1s x126k92a\">\n<div dir=\"auto\">Qeyd ed\u0259k ki, h\u0259min g\u00fcn se\u00e7icil\u0259rl\u0259 f\u0259rdi g\u00f6r\u00fc\u015fl\u0259r d\u0259 ke\u00e7irilib, o c\u00fcml\u0259d\u0259n Mustafaa\u011fal\u0131 k\u0259ndind\u0259n \u015f\u0259hid As\u0259f \u018fsg\u0259rovun ail\u0259si ziyar\u0259t olunub.<\/div>\n<div dir=\"auto\"><img loading=\"lazy\" class=\"alignnone size-full wp-image-682096\" src=\"https:\/\/arantv.az\/wp-content\/uploads\/2024\/01\/thumb-35.jpg\" alt=\"\" width=\"360\" height=\"239\" \/>\u00a0<img loading=\"lazy\" class=\"alignnone size-medium wp-image-682097\" src=\"https:\/\/arantv.az\/wp-content\/uploads\/2024\/01\/thumb-36.jpg\" alt=\"\" width=\"188\" height=\"120\" \/>\u00a0<img loading=\"lazy\" class=\"alignnone size-medium wp-image-682099\" src=\"https:\/\/arantv.az\/wp-content\/uploads\/2024\/01\/thumb-37.jpg\" alt=\"\" width=\"188\" height=\"120\" \/>\u00a0<img loading=\"lazy\" class=\"alignnone size-medium wp-image-682100\" src=\"https:\/\/arantv.az\/wp-content\/uploads\/2024\/01\/thumb-38.jpg\" alt=\"\" width=\"188\" height=\"120\" \/>\u00a0<img loading=\"lazy\" class=\"alignnone size-medium wp-image-682101\" src=\"https:\/\/arantv.az\/wp-content\/uploads\/2024\/01\/thumb-39.jpg\" alt=\"\" width=\"188\" height=\"120\" \/>\u00a0<img loading=\"lazy\" class=\"alignnone size-medium wp-image-682102\" src=\"https:\/\/arantv.az\/wp-content\/uploads\/2024\/01\/thumb-40.jpg\" alt=\"\" width=\"188\" height=\"120\" \/>\u00a0<img loading=\"lazy\" class=\"alignnone size-medium wp-image-682103\" src=\"https:\/\/arantv.az\/wp-content\/uploads\/2024\/01\/thumb-41.jpg\" alt=\"\" width=\"188\" height=\"120\" \/>\u00a0<img loading=\"lazy\" class=\"alignnone size-medium wp-image-682104\" src=\"https:\/\/arantv.az\/wp-content\/uploads\/2024\/01\/thumb-42.jpg\" alt=\"\" width=\"188\" height=\"120\" \/>\u00a0<img loading=\"lazy\" class=\"alignnone size-medium wp-image-682105\" src=\"https:\/\/arantv.az\/wp-content\/uploads\/2024\/01\/thumb-43.jpg\" alt=\"\" width=\"188\" height=\"120\" \/>\u00a0<img loading=\"lazy\" class=\"alignnone size-medium wp-image-682106\" src=\"https:\/\/arantv.az\/wp-content\/uploads\/2024\/01\/thumb-44.jpg\" alt=\"\" width=\"188\" height=\"120\" \/>\u00a0<img loading=\"lazy\" class=\"alignnone size-medium wp-image-682107\" src=\"https:\/\/arantv.az\/wp-content\/uploads\/2024\/01\/thumb-45.jpg\" alt=\"\" width=\"188\" height=\"120\" \/>\u00a0<img loading=\"lazy\" class=\"alignnone size-medium wp-image-682108\" src=\"https:\/\/arantv.az\/wp-content\/uploads\/2024\/01\/thumb-46.jpg\" alt=\"\" width=\"188\" height=\"120\" \/>\u00a0<img loading=\"lazy\" class=\"alignnone size-medium wp-image-682109\" src=\"https:\/\/arantv.az\/wp-content\/uploads\/2024\/01\/thumb-47.jpg\" alt=\"\" width=\"188\" height=\"120\" \/>\u00a0<img loading=\"lazy\" class=\"alignnone size-medium wp-image-682110\" src=\"https:\/\/arantv.az\/wp-content\/uploads\/2024\/01\/thumb-48.jpg\" alt=\"\" width=\"188\" height=\"120\" \/>\u00a0<img loading=\"lazy\" class=\"alignnone size-medium wp-image-682111\" src=\"https:\/\/arantv.az\/wp-content\/uploads\/2024\/01\/thumb-49.jpg\" alt=\"\" width=\"188\" height=\"120\" \/>\u00a0<img loading=\"lazy\" class=\"alignnone size-medium wp-image-682112\" src=\"https:\/\/arantv.az\/wp-content\/uploads\/2024\/01\/thumb-50.jpg\" alt=\"\" width=\"188\" height=\"120\" \/>\u00a0<img loading=\"lazy\" class=\"alignnone size-medium wp-image-682113\" src=\"https:\/\/arantv.az\/wp-content\/uploads\/2024\/01\/thumb-51.jpg\" alt=\"\" width=\"188\" height=\"120\" \/>\u00a0<img loading=\"lazy\" class=\"alignnone size-medium wp-image-682114\" src=\"https:\/\/arantv.az\/wp-content\/uploads\/2024\/01\/thumb-52.jpg\" alt=\"\" width=\"188\" height=\"120\" \/><\/div>\n<\/div>\n","protected":false},"excerpt":{"rendered":"<p>B\u0259rd\u0259d\u0259 se\u00e7icil\u0259r il\u0259 g\u00f6r\u00fc\u015f ke\u00e7irilib 2024-c\u00fc il fevral\u0131n 7-d\u0259 \u00f6lk\u0259mizd\u0259 ke\u00e7iril\u0259c\u0259k prezident se\u00e7kil\u0259ri il\u0259 \u0259laq\u0259dar Yeni Az\u0259rbaycan Partiyas\u0131 t\u0259r\u0259find\u0259n namiz\u0259dliyi ir\u0259li s\u00fcr\u00fclm\u00fc\u015f \u0130lham Heyd\u0259r o\u011flu \u018fliyevin se\u00e7kiqaba\u011f\u0131 t\u0259\u015fviqat kompaniyas\u0131 \u00e7\u0259r\u00e7iv\u0259sind\u0259 yanvar\u0131n 19-da YAP B\u0259rd\u0259 rayon t\u0259\u015fkilat\u0131nda v\u0259 Mustafaa\u011fal\u0131 k\u0259ndind\u0259 se\u00e7icil\u0259r il\u0259 g\u00f6r\u00fc\u015f ke\u00e7irilib. \u018fvv\u0259lc\u0259 Ulu \u00d6nd\u0259r Heyd\u0259r \u018fliyevin v\u0259 torpaqlar\u0131m\u0131z\u0131n \u0259razi b\u00fct\u00f6vl\u00fcy\u00fc u\u011frunda h\u0259lak olmu\u015f \u015f\u0259hidl\u0259rimizin \u0259ziz xatir\u0259si bir d\u0259qiq\u0259lik s\u00fckutla yad edilib. D\u00f6vl\u0259t Himni s\u0259sl\u0259ndirilib. C\u0259nab \u0130lham \u018fliyevin r\u0259hb\u0259rliyi d\u00f6vr\u00fcnd\u0259 \u0259ld\u0259 olunan u\u011furlarla ba\u011fl\u0131 YAP M\u0259rk\u0259zi Se\u00e7ki Q\u0259rargah\u0131n\u0131n haz\u0131rlad\u0131\u011f\u0131 video \u00e7arx izl\u0259nib. G\u00f6r\u00fc\u015fd\u0259 YAP B\u0259rd\u0259 rayon t\u0259\u015fkilat\u0131n\u0131n s\u0259dri Faq\u0259t&hellip;<\/p>\n","protected":false},"author":2,"featured_media":682096,"comment_status":"closed","ping_status":"closed","sticky":false,"template":"","format":"standard","meta":{"om_disable_all_campaigns":false,"_monsterinsights_skip_tracking":false,"_monsterinsights_sitenote_active":false,"_monsterinsights_sitenote_note":"","_monsterinsights_sitenote_category":0},"categories":[2],"tags":[],"aioseo_notices":[],"gutentor_comment":0,"rttpg_featured_image_url":{"full":["https:\/\/arantv.az\/wp-content\/uploads\/2024\/01\/thumb-35.jpg",360,239,false],"landscape":["https:\/\/arantv.az\/wp-content\/uploads\/2024\/01\/thumb-35.jpg",360,239,false],"portraits":["https:\/\/arantv.az\/wp-content\/uploads\/2024\/01\/thumb-35.jpg",360,239,false],"thumbnail":["https:\/\/arantv.az\/wp-content\/uploads\/2024\/01\/thumb-35.jpg",360,239,false],"medium":["https:\/\/arantv.az\/wp-content\/uploads\/2024\/01\/thumb-35.jpg",360,239,false],"large":["https:\/\/arantv.az\/wp-content\/uploads\/2024\/01\/thumb-35.jpg",360,239,false],"1536x1536":["https:\/\/arantv.az\/wp-content\/uploads\/2024\/01\/thumb-35.jpg",360,239,false],"2048x2048":["https:\/\/arantv.az\/wp-content\/uploads\/2024\/01\/thumb-35.jpg",360,239,false],"post-thumbnail":["https:\/\/arantv.az\/wp-content\/uploads\/2024\/01\/thumb-35-240x172.jpg",240,172,true],"advps-thumb-one":["https:\/\/arantv.az\/wp-content\/uploads\/2024\/01\/thumb-35.jpg",360,239,false]},"rttpg_author":{"display_name":"V\u00fcsal Rafiqo\u011flu","author_link":"https:\/\/arantv.az\/?author=2"},"rttpg_comment":0,"rttpg_category":"<a href=\"https:\/\/arantv.az\/?cat=2\" rel=\"category\">Region X\u0259b\u0259rl\u0259ri<\/a>","rttpg_excerpt":"B\u0259rd\u0259d\u0259 se\u00e7icil\u0259r il\u0259 g\u00f6r\u00fc\u015f ke\u00e7irilib 2024-c\u00fc il fevral\u0131n 7-d\u0259 \u00f6lk\u0259mizd\u0259 ke\u00e7iril\u0259c\u0259k prezident se\u00e7kil\u0259ri il\u0259 \u0259laq\u0259dar Yeni Az\u0259rbaycan Partiyas\u0131 t\u0259r\u0259find\u0259n namiz\u0259dliyi ir\u0259li s\u00fcr\u00fclm\u00fc\u015f \u0130lham Heyd\u0259r o\u011flu \u018fliyevin se\u00e7kiqaba\u011f\u0131 t\u0259\u015fviqat kompaniyas\u0131 \u00e7\u0259r\u00e7iv\u0259sind\u0259 yanvar\u0131n 19-da YAP B\u0259rd\u0259 rayon t\u0259\u015fkilat\u0131nda v\u0259 Mustafaa\u011fal\u0131 k\u0259ndind\u0259 se\u00e7icil\u0259r il\u0259 g\u00f6r\u00fc\u015f ke\u00e7irilib. \u018fvv\u0259lc\u0259 Ulu \u00d6nd\u0259r Heyd\u0259r \u018fliyevin v\u0259 torpaqlar\u0131m\u0131z\u0131n \u0259razi b\u00fct\u00f6vl\u00fcy\u00fc u\u011frunda h\u0259lak olmu\u015f&hellip;","_links":{"self":[{"href":"https:\/\/arantv.az\/index.php?rest_route=\/wp\/v2\/posts\/682118"}],"collection":[{"href":"https:\/\/arantv.az\/index.php?rest_route=\/wp\/v2\/posts"}],"about":[{"href":"https:\/\/arantv.az\/index.php?rest_route=\/wp\/v2\/types\/post"}],"author":[{"embeddable":true,"href":"https:\/\/arantv.az\/index.php?rest_route=\/wp\/v2\/users\/2"}],"replies":[{"embeddable":true,"href":"https:\/\/arantv.az\/index.php?rest_route=%2Fwp%2Fv2%2Fcomments&post=682118"}],"version-history":[{"count":0,"href":"https:\/\/arantv.az\/index.php?rest_route=\/wp\/v2\/posts\/682118\/revisions"}],"wp:featuredmedia":[{"embeddable":true,"href":"https:\/\/arantv.az\/index.php?rest_route=\/wp\/v2\/media\/682096"}],"wp:attachment":[{"href":"https:\/\/arantv.az\/index.php?rest_route=%2Fwp%2Fv2%2Fmedia&parent=682118"}],"wp:term":[{"taxonomy":"category","embeddable":true,"href":"https:\/\/arantv.az\/index.php?rest_route=%2Fwp%2Fv2%2Fcategories&post=682118"},{"taxonomy":"post_tag","embeddable":true,"href":"https:\/\/arantv.az\/index.php?rest_route=%2Fwp%2Fv2%2Ftags&post=682118"}],"curies":[{"name":"wp","href":"https:\/\/api.w.org\/{rel}","templated":true}]}}