{"id":682125,"date":"2024-01-20T21:24:11","date_gmt":"2024-01-20T17:24:11","guid":{"rendered":"https:\/\/arantv.az\/?p=682125"},"modified":"2024-01-20T21:24:11","modified_gmt":"2024-01-20T17:24:11","slug":"italiyanin-bas-naziri-turkiy%c9%99y%c9%99-s%c9%99f%c9%99r-edib","status":"publish","type":"post","link":"https:\/\/arantv.az\/?p=682125","title":{"rendered":"\u0130taliyan\u0131n ba\u015f naziri T\u00fcrkiy\u0259y\u0259 s\u0259f\u0259r edib"},"content":{"rendered":"<p>\u0130taliyan\u0131n ba\u015f naziri Corcia Meloni T\u00fcrkiy\u0259y\u0259 r\u0259smi s\u0259f\u0259r\u0259 g\u0259lib.<\/p>\n<p>H\u00f6kum\u0259t ba\u015f\u00e7\u0131s\u0131 T\u00fcrkiy\u0259 Prezidenti R\u0259c\u0259b Tayyib \u018frdo\u011fanla g\u00f6r\u00fc\u015f\u00fcb.<\/p>\n<p>M\u0259lumata g\u00f6r\u0259, dan\u0131\u015f\u0131qlar d\u00f6vl\u0259t r\u0259hb\u0259rinin Vahdettin iqam\u0259tgah\u0131nda ba\u015f tutub.<\/p>\n<p>G\u00f6r\u00fc\u015f\u00fcn m\u0259tbuata qapal\u0131 ke\u00e7irildiyi bildirilib.<\/p>\n<p>M\u0259nb\u0259: Haber Global<\/p>\n","protected":false},"excerpt":{"rendered":"<p>\u0130taliyan\u0131n ba\u015f naziri Corcia Meloni T\u00fcrkiy\u0259y\u0259 r\u0259smi s\u0259f\u0259r\u0259 g\u0259lib. H\u00f6kum\u0259t ba\u015f\u00e7\u0131s\u0131 T\u00fcrkiy\u0259 Prezidenti R\u0259c\u0259b Tayyib \u018frdo\u011fanla g\u00f6r\u00fc\u015f\u00fcb. M\u0259lumata g\u00f6r\u0259, dan\u0131\u015f\u0131qlar d\u00f6vl\u0259t r\u0259hb\u0259rinin Vahdettin iqam\u0259tgah\u0131nda ba\u015f tutub. G\u00f6r\u00fc\u015f\u00fcn m\u0259tbuata qapal\u0131 ke\u00e7irildiyi bildirilib. M\u0259nb\u0259: Haber Global<\/p>\n","protected":false},"author":2,"featured_media":682126,"comment_status":"closed","ping_status":"closed","sticky":false,"template":"","format":"standard","meta":{"om_disable_all_campaigns":false,"_monsterinsights_skip_tracking":false,"_monsterinsights_sitenote_active":false,"_monsterinsights_sitenote_note":"","_monsterinsights_sitenote_category":0},"categories":[7],"tags":[],"aioseo_notices":[],"gutentor_comment":0,"rttpg_featured_image_url":{"full":["https:\/\/arantv.az\/wp-content\/uploads\/2024\/01\/D\u00a1D\u00bdD\u00b8D\u00bcD\u00beDo-N_DoN_D\u00b0D\u00bdD\u00b0-2024-01-20-205030.jpg",620,413,false],"landscape":["https:\/\/arantv.az\/wp-content\/uploads\/2024\/01\/D\u00a1D\u00bdD\u00b8D\u00bcD\u00beDo-N_DoN_D\u00b0D\u00bdD\u00b0-2024-01-20-205030.jpg",620,413,false],"portraits":["https:\/\/arantv.az\/wp-content\/uploads\/2024\/01\/D\u00a1D\u00bdD\u00b8D\u00bcD\u00beDo-N_DoN_D\u00b0D\u00bdD\u00b0-2024-01-20-205030.jpg",620,413,false],"thumbnail":["https:\/\/arantv.az\/wp-content\/uploads\/2024\/01\/D\u00a1D\u00bdD\u00b8D\u00bcD\u00beDo-N_DoN_D\u00b0D\u00bdD\u00b0-2024-01-20-205030-500x280.jpg",500,280,true],"medium":["https:\/\/arantv.az\/wp-content\/uploads\/2024\/01\/D\u00a1D\u00bdD\u00b8D\u00bcD\u00beDo-N_DoN_D\u00b0D\u00bdD\u00b0-2024-01-20-205030-548x365.jpg",548,365,true],"large":["https:\/\/arantv.az\/wp-content\/uploads\/2024\/01\/D\u00a1D\u00bdD\u00b8D\u00bcD\u00beDo-N_DoN_D\u00b0D\u00bdD\u00b0-2024-01-20-205030.jpg",620,413,false],"1536x1536":["https:\/\/arantv.az\/wp-content\/uploads\/2024\/01\/D\u00a1D\u00bdD\u00b8D\u00bcD\u00beDo-N_DoN_D\u00b0D\u00bdD\u00b0-2024-01-20-205030.jpg",620,413,false],"2048x2048":["https:\/\/arantv.az\/wp-content\/uploads\/2024\/01\/D\u00a1D\u00bdD\u00b8D\u00bcD\u00beDo-N_DoN_D\u00b0D\u00bdD\u00b0-2024-01-20-205030.jpg",620,413,false],"post-thumbnail":["https:\/\/arantv.az\/wp-content\/uploads\/2024\/01\/D\u00a1D\u00bdD\u00b8D\u00bcD\u00beDo-N_DoN_D\u00b0D\u00bdD\u00b0-2024-01-20-205030-240x172.jpg",240,172,true],"advps-thumb-one":["https:\/\/arantv.az\/wp-content\/uploads\/2024\/01\/D\u00a1D\u00bdD\u00b8D\u00bcD\u00beDo-N_DoN_D\u00b0D\u00bdD\u00b0-2024-01-20-205030.jpg",620,413,false]},"rttpg_author":{"display_name":"V\u00fcsal Rafiqo\u011flu","author_link":"https:\/\/arantv.az\/?author=2"},"rttpg_comment":0,"rttpg_category":"<a href=\"https:\/\/arantv.az\/?cat=7\" rel=\"category\">D\u00fcnya<\/a>","rttpg_excerpt":"\u0130taliyan\u0131n ba\u015f naziri Corcia Meloni T\u00fcrkiy\u0259y\u0259 r\u0259smi s\u0259f\u0259r\u0259 g\u0259lib. H\u00f6kum\u0259t ba\u015f\u00e7\u0131s\u0131 T\u00fcrkiy\u0259 Prezidenti R\u0259c\u0259b Tayyib \u018frdo\u011fanla g\u00f6r\u00fc\u015f\u00fcb. M\u0259lumata g\u00f6r\u0259, dan\u0131\u015f\u0131qlar d\u00f6vl\u0259t r\u0259hb\u0259rinin Vahdettin iqam\u0259tgah\u0131nda ba\u015f tutub. G\u00f6r\u00fc\u015f\u00fcn m\u0259tbuata qapal\u0131 ke\u00e7irildiyi bildirilib. M\u0259nb\u0259: Haber Global","_links":{"self":[{"href":"https:\/\/arantv.az\/index.php?rest_route=\/wp\/v2\/posts\/682125"}],"collection":[{"href":"https:\/\/arantv.az\/index.php?rest_route=\/wp\/v2\/posts"}],"about":[{"href":"https:\/\/arantv.az\/index.php?rest_route=\/wp\/v2\/types\/post"}],"author":[{"embeddable":true,"href":"https:\/\/arantv.az\/index.php?rest_route=\/wp\/v2\/users\/2"}],"replies":[{"embeddable":true,"href":"https:\/\/arantv.az\/index.php?rest_route=%2Fwp%2Fv2%2Fcomments&post=682125"}],"version-history":[{"count":0,"href":"https:\/\/arantv.az\/index.php?rest_route=\/wp\/v2\/posts\/682125\/revisions"}],"wp:featuredmedia":[{"embeddable":true,"href":"https:\/\/arantv.az\/index.php?rest_route=\/wp\/v2\/media\/682126"}],"wp:attachment":[{"href":"https:\/\/arantv.az\/index.php?rest_route=%2Fwp%2Fv2%2Fmedia&parent=682125"}],"wp:term":[{"taxonomy":"category","embeddable":true,"href":"https:\/\/arantv.az\/index.php?rest_route=%2Fwp%2Fv2%2Fcategories&post=682125"},{"taxonomy":"post_tag","embeddable":true,"href":"https:\/\/arantv.az\/index.php?rest_route=%2Fwp%2Fv2%2Ftags&post=682125"}],"curies":[{"name":"wp","href":"https:\/\/api.w.org\/{rel}","templated":true}]}}