{"id":682128,"date":"2024-01-20T21:25:21","date_gmt":"2024-01-20T17:25:21","guid":{"rendered":"https:\/\/arantv.az\/?p=682128"},"modified":"2024-01-20T21:25:21","modified_gmt":"2024-01-20T17:25:21","slug":"siyasi-m%c9%99hbus-h%c9%99bsxanasina-cevril%c9%99n-erm%c9%99nistan-t%c9%99hlil","status":"publish","type":"post","link":"https:\/\/arantv.az\/?p=682128","title":{"rendered":"Siyasi m\u0259hbus h\u0259bsxanas\u0131na \u00e7evril\u0259n Erm\u0259nistan &#8211; T\u018fHL\u0130L"},"content":{"rendered":"<p>Hesablamalara v\u0259 hesabatlara g\u00f6r\u0259, bu g\u00fcn Erm\u0259nistanda saxta v\u0259 uydurma ittihamlarla 50-d\u0259n \u00e7ox \u015f\u0259xs siyasi m\u0259hbus kimi h\u0259bsxanalarda yat\u0131r. Ba\u015f nazir Nikol Pa\u015finyan siyasi g\u00fcc\u00fcnd\u0259n, \u00e7\u0259kisind\u0259n qorxdu\u011fu, hakimiyy\u0259tin\u0259 qar\u015f\u0131 t\u0259hl\u00fck\u0259 sayd\u0131\u011f\u0131 \u015f\u0259xsl\u0259ri m\u00fcxt\u0259lif b\u0259han\u0259l\u0259rl\u0259 h\u0259bs\u0259 g\u00f6nd\u0259rir. Son d\u00f6vrl\u0259rd\u0259 h\u0259tta sosial \u015f\u0259b\u0259k\u0259l\u0259rd\u0259 hakim partiyan\u0131 t\u0259nqid ed\u0259n \u015f\u0259xsl\u0259rin d\u0259 t\u0259qib edildiyi m\u0259lumdur. Erm\u0259ni m\u00fcxalif\u0259ti etiraf edir ki, \u201cM\u00fclki m\u00fcqavil\u0259\u201d h\u00f6kum\u0259ti d\u00f6vr\u00fcnd\u0259 \u00f6lk\u0259d\u0259 siyasi m\u0259hbus say\u0131 rekord s\u0259viyy\u0259y\u0259 \u00e7at\u0131b. Apar\u0131lan sor\u011fular da i\u015fin ciddiliyind\u0259n x\u0259b\u0259r verir. Respondentl\u0259rin 49.2 faizi Erm\u0259nistanda kifay\u0259t q\u0259d\u0259r siyasi m\u0259hbusun oldu\u011funu bildirib. R\u0259yi soru\u015fulanlar\u0131n 20.1 faizi is\u0259 bu suala cavab verm\u0259kd\u0259 \u00e7\u0259tinlik \u00e7\u0259kib.<\/p>\n<p><a href=\"https:\/\/kaspi.az\/siyasi-mehbus-hebsxanasina-cevrilen-ermenistan?fbclid=IwAR3E6sEmSujZTbP9BnVNfOjYBLrhA5iEOjl3e19aDPJdkfAia3qUy5s4SrE\" target=\"_blank\" rel=\"noopener\"><strong>\u201cKaspi\u201d<\/strong><\/a>\u00a0q\u0259zetinin m\u00f6vzu il\u0259 ba\u011fl\u0131 m\u0259qal\u0259sini t\u0259qdim edirik:<\/p>\n<p><strong>Q\u0259rbin ikili standart\u0131<\/strong><\/p>\n<p>Maraql\u0131d\u0131r ki, insan h\u00fcquqlar\u0131n\u0131 qorumaqdan d\u0259m vuran bir s\u0131ra beyn\u0259lxalq t\u0259\u015fkilatlar buna g\u00f6z yumur, t\u0259nqidi fikir s\u0259sl\u0259ndirm\u0259kd\u0259n vaz ke\u00e7irl\u0259r. Bu is\u0259, h\u0259r zaman oldu\u011fu kimi, Q\u0259rbin iki\u00fczl\u00fc siyas\u0259tind\u0259n x\u0259b\u0259r verir. Az\u0259rbaycanda cinay\u0259t \u0259m\u0259li s\u00fcbuta yetirilmi\u015f \u015f\u0259xsin h\u0259bsi zaman\u0131 b\u0259yanatlar yayan bu strukturlar ad\u0259ti \u00fczr\u0259 insan h\u00fcquqlar\u0131ndan moiz\u0259l\u0259r oxuyur, m\u00fcxt\u0259lif platformalara hesabatlar g\u00f6nd\u0259rirl\u0259r. Erm\u0259nistana g\u0259ldikd\u0259 is\u0259, a\u011f\u0131zlar\u0131na su alm\u0131\u015f bal\u0131\u011fa d\u00f6n\u00fcrl\u0259r. D\u0259f\u0259l\u0259rl\u0259 erm\u0259ni m\u00fcxalif\u0259ti m\u00fcxt\u0259lif strukturlara m\u00fcraci\u0259t ets\u0259 d\u0259, c\u0259mi bir d\u0259f\u0259 &#8211; Avropa Xalq Partiyas\u0131 \u201cRespublika\u00e7\u0131lar\u201d partiyas\u0131n\u0131n s\u0259dr m\u00fcavini Armen A\u015fotyan\u0131n siyasi m\u0259hbus oldu\u011fu v\u0259 azadl\u0131\u011f\u0131n\u0131n vacibliyi bar\u0259d\u0259 b\u0259yanat s\u0259sl\u0259ndirib.<\/p>\n<p>Erm\u0259nistanda h\u0259bsxana h\u0259yat\u0131 ya\u015fayan v\u0259 siyasi prosesl\u0259r\u0259 d\u0259mir barmaql\u0131qlar arxas\u0131ndan baxan b\u0259zi siyasi m\u0259hbuslar\u0131n kim oldu\u011funu n\u0259z\u0259rd\u0259n ke\u00e7ir\u0259k.<\/p>\n<p><strong>Yuxar\u0131dan hans\u0131 \u0259mr g\u0259ls\u0259, icra olunacaq<\/strong><\/p>\n<p>Erm\u0259nistan\u0131n sabiq t\u0259hsil naziri, \u201cRespublika\u00e7\u0131lar\u201d partiyas\u0131n\u0131n s\u0259dr m\u00fcavini Armen A\u015fotyan haz\u0131rk\u0131 h\u00f6kum\u0259ti s\u0259rt t\u0259nqidl\u0259ri il\u0259 m\u0259\u015fhurdur. El\u0259 bu s\u0259b\u0259bd\u0259n d\u0259 uzun m\u00fcdd\u0259t t\u0259qibl\u0259r\u0259 m\u0259ruz qal\u0131b. Ax\u0131rda s\u0259bir kasas\u0131 dolan Pa\u015finyan Armenin h\u0259bsi \u00fc\u00e7\u00fcn d\u00fcym\u0259ni bas\u0131b. D\u0259f\u0259l\u0259rl\u0259 apelyasiya \u015fikay\u0259ti verils\u0259 d\u0259, siyas\u0259t\u00e7i azadl\u0131\u011f\u0131na qovu\u015fa bilmir. Onun hans\u0131 m\u00fcdd\u0259t\u0259 h\u0259bsd\u0259 qalaca\u011f\u0131 i\u015fi aparan hakim\u0259 d\u0259 m\u0259lum deyil. Y\u0259ni yuxar\u0131dan hans\u0131 \u0259mr g\u0259ls\u0259, icra olunacaq.<\/p>\n<p>Vanadzor marz\u0131n\u0131n ke\u00e7mi\u015f meri Mamikon Aslanyan da ba\u015f nazirin q\u0259z\u0259bin\u0259 tu\u015f g\u0259l\u0259nl\u0259rd\u0259ndir. Ke\u00e7iril\u0259n yerli se\u00e7kil\u0259rd\u0259 qalib g\u0259ls\u0259 d\u0259, ke\u00e7mi\u015f mer s\u0259lahiyy\u0259tl\u0259rind\u0259n sui-istifad\u0259 v\u0259 v\u0259zif\u0259 saxtakarl\u0131\u011f\u0131 b\u0259han\u0259si il\u0259 h\u0259bs edilib. Aslanyan\u0131 d\u0259st\u0259kl\u0259y\u0259n blok se\u00e7kil\u0259rd\u0259 45 faiz s\u0259s toplayaraq, hakim partiyan\u0131n namiz\u0259dini \u00fcst\u0259l\u0259yib. Yerli icra strukturlar\u0131n\u0131 \u0259l\u0259 ke\u00e7irm\u0259yi qar\u015f\u0131s\u0131na m\u0259qs\u0259d qoyan \u201cM\u00fclki m\u00fcqavil\u0259\u201d \u00fc\u00e7\u00fcn is\u0259 bu, yeni bir \u0259ng\u0259l idi. 2022-ci ilin 15 dekabr tarixind\u0259 Aslanyan saxlan\u0131l\u0131b. Dekabr\u0131n 16-da onun iki ay m\u00fcdd\u0259tin\u0259 h\u0259bs edilm\u0259sin\u0259 q\u0259rar verilib. Sonradan is\u0259 bu h\u0259bs m\u00fcdd\u0259ti uzad\u0131l\u0131b.<\/p>\n<p><strong>Siyasi f\u0259aliyy\u0259t\u0259 qay\u0131tmaq q\u0259rar\u0131n\u0131n c\u0259zas\u0131<\/strong><\/p>\n<p>\u0130r\u0259van\u0131n ke\u00e7mi\u015f meri Albert Bazeyan da siyasi f\u0259aliyy\u0259t\u0259 qay\u0131tmaq q\u0259rar\u0131n\u0131n c\u0259zas\u0131n\u0131 \u00e7\u0259kir. Onun bu q\u0259rar\u0131 hakimiyy\u0259tin xo\u015funa g\u0259lm\u0259yib. Ke\u00e7mi\u015f s\u0259hra komandiri bir qrup \u015f\u0259xsl\u0259 birlikd\u0259 h\u00f6kum\u0259t \u00fczvl\u0259rin\u0259 qar\u015f\u0131 zorak\u0131l\u0131q aksiyalar\u0131 t\u0259\u015fkil etm\u0259kd\u0259 ittiham olunur. Bu qrup dedikd\u0259 \u201cS\u0259lib\u00e7il\u0259r\u201d ictimai t\u0259\u015fkilat\u0131na istinad edilir ki, mediaya s\u0131zan m\u0259lumata g\u00f6r\u0259, onun \u00fczvl\u0259rind\u0259n biri Bazeyan \u0259leyhin\u0259 ifad\u0259 verib. Axtar\u0131\u015f zaman\u0131 ke\u00e7mi\u015f merin \u00fcz\u0259rind\u0259 he\u00e7 n\u0259 tap\u0131lmay\u0131b, lakin h\u0259bs m\u00fcdd\u0259ti uzad\u0131l\u0131b.<\/p>\n<p><strong>H\u0259rbi \u00e7evrili\u015f qorxusu<\/strong><\/p>\n<p>2020-ci ilin yay aylar\u0131nda Tavu\u015f istiqam\u0259tind\u0259 Az\u0259rbaycana qar\u015f\u0131 t\u0259xribata birba\u015fa r\u0259hb\u0259rlik etmi\u015f general-mayor Yuri Xa\u00e7aturov, eyni zamanda Xocal\u0131 faci\u0259sind\u0259 i\u015ftirak ed\u0259n c\u0259lladlardan biridir. Xa\u00e7aturovun h\u0259bsin\u0259 \u0259sas s\u0259b\u0259b is\u0259, Pa\u015finyan\u0131n ordu vasit\u0259sil\u0259 \u00f6lk\u0259d\u0259 \u00e7evrili\u015f c\u0259hdind\u0259n qorxmas\u0131 olub. General\u0131n c\u0259miyy\u0259td\u0259ki n\u00fcfuzu, zabitl\u0259r aras\u0131nda h\u00f6rm\u0259ti hakim komandan\u0131 bel\u0259 bir \u00fcsula \u0259l atma\u011fa vadar edib. Erm\u0259nistan Silahl\u0131 Q\u00fcvv\u0259l\u0259rinin 3-c\u00fc ordu korpusunun ke\u00e7mi\u015f komandan\u0131na qar\u015f\u0131 k\u00fclli miqdarda m\u0259nims\u0259m\u0259 v\u0259 s\u0259hl\u0259nkarl\u0131q n\u0259tic\u0259sind\u0259 a\u011f\u0131r n\u0259tic\u0259l\u0259r\u0259 s\u0259b\u0259b olan v\u0259zif\u0259 s\u0259lahiyy\u0259tl\u0259rind\u0259n sui-istifad\u0259 madd\u0259l\u0259ri il\u0259 ittiham ir\u0259li s\u00fcr\u00fcl\u00fcb.<\/p>\n<p>Atas\u0131ndan siyasi arena v\u0259r\u0259s\u0259liyi alan v\u0259 siyas\u0259t\u0259 at\u0131lan Levon K\u00f6\u00e7\u0259ryan da q\u0131sa m\u00fcdd\u0259t\u0259 siyasi m\u0259hbus olma\u011fa \u201cnail olub\u201d. \u0130r\u0259vanda ke\u00e7iril\u0259n mitinqd\u0259 polis\u0259 h\u00fccum etm\u0259k ittiham\u0131 il\u0259 h\u0259bs\u0259 at\u0131lan K\u00f6\u00e7\u0259ryan siyasi f\u0259aliyy\u0259t\u0259 qo\u015fuldu\u011fu g\u00fcnd\u0259n hakim partiyan\u0131n h\u0259d\u0259fin\u0259 \u00e7evrilmi\u015fdi. \u018fslind\u0259 is\u0259 Pa\u015finyan\u0131n \u0259sas h\u0259d\u0259fi Robert K\u00f6\u00e7\u0259ryan idi v\u0259 onun siyasi bax\u0131\u015flar\u0131na, hakimiyy\u0259t\u0259 m\u00fcnasib\u0259tin\u0259, a\u00e7\u0131qlamalar\u0131na g\u00f6r\u0259, korrupsiya ittiham\u0131 il\u0259 cinay\u0259t i\u015fi a\u00e7\u0131lm\u0131\u015fd\u0131. Levon da atas\u0131n\u0131n yolu il\u0259 getm\u0259k q\u0259rar\u0131na g\u0259ldiyi \u00fc\u00e7\u00fcn q\u0259z\u0259b oxlar\u0131na tu\u015f g\u0259lmi\u015fdi. Sonradan onun h\u0259bs m\u00fcdd\u0259ti ba\u015fa \u00e7atd\u0131 v\u0259 aktiv siyas\u0259t\u0259 qo\u015fuldu. Haz\u0131rda Erm\u0259nistan parlamentind\u0259 t\u0259msil olunur.<\/p>\n<p><strong>Siyah\u0131da ba\u015fqa kiml\u0259r var?<\/strong><\/p>\n<p>Yuxar\u0131da sadalananlardan \u0259lav\u0259, Erm\u0259nistandak\u0131 siyasi m\u0259hbuslar siyah\u0131s\u0131na professor Arman Car\u00e7yan\u0131, Avetik \u00c7alabyan\u0131, Narek Malyan\u0131, Hrant Baqratyan\u0131, Qarnik \u0130saqulyan\u0131, Tatevik Virabyan\u0131, Avetik \u0130\u015fxanyan\u0131 da \u0259lav\u0259 etm\u0259k olar. G\u00f6r\u00fcnd\u00fcy\u00fc kimi, hakim partiya erm\u0259ni m\u00fcxalif\u0259tind\u0259n v\u0259 siyasi f\u0259allardan ciddi \u015f\u0259kild\u0259 qorxdu\u011fu \u00fc\u00e7\u00fcn adi bir sosial \u015f\u0259b\u0259k\u0259 payla\u015f\u0131m\u0131na g\u00f6r\u0259, m\u00fcxt\u0259lif ittihamlarla onlar\u0131 h\u0259bs\u0259 atmaqdan \u00e7\u0259kinmir.<\/p>\n<p>Bu gedi\u015fl\u0259 2024-c\u00fc il Erm\u0259nistanda daha s\u0259rt ke\u00e7\u0259c\u0259k. Pa\u015finyan h\u00f6kum\u0259ti varl\u0131\u011f\u0131n\u0131 qorumaq \u00fc\u00e7\u00fcn repressiya v\u0259 t\u0259zyiql\u0259ri k\u0259skin art\u0131rmal\u0131 olacaq.<\/p>\n","protected":false},"excerpt":{"rendered":"<p>Hesablamalara v\u0259 hesabatlara g\u00f6r\u0259, bu g\u00fcn Erm\u0259nistanda saxta v\u0259 uydurma ittihamlarla 50-d\u0259n \u00e7ox \u015f\u0259xs siyasi m\u0259hbus kimi h\u0259bsxanalarda yat\u0131r. Ba\u015f nazir Nikol Pa\u015finyan siyasi g\u00fcc\u00fcnd\u0259n, \u00e7\u0259kisind\u0259n qorxdu\u011fu, hakimiyy\u0259tin\u0259 qar\u015f\u0131 t\u0259hl\u00fck\u0259 sayd\u0131\u011f\u0131 \u015f\u0259xsl\u0259ri m\u00fcxt\u0259lif b\u0259han\u0259l\u0259rl\u0259 h\u0259bs\u0259 g\u00f6nd\u0259rir. Son d\u00f6vrl\u0259rd\u0259 h\u0259tta sosial \u015f\u0259b\u0259k\u0259l\u0259rd\u0259 hakim partiyan\u0131 t\u0259nqid ed\u0259n \u015f\u0259xsl\u0259rin d\u0259 t\u0259qib edildiyi m\u0259lumdur. Erm\u0259ni m\u00fcxalif\u0259ti etiraf edir ki, \u201cM\u00fclki m\u00fcqavil\u0259\u201d h\u00f6kum\u0259ti d\u00f6vr\u00fcnd\u0259 \u00f6lk\u0259d\u0259 siyasi m\u0259hbus say\u0131 rekord s\u0259viyy\u0259y\u0259 \u00e7at\u0131b. Apar\u0131lan sor\u011fular da i\u015fin ciddiliyind\u0259n x\u0259b\u0259r verir. Respondentl\u0259rin 49.2 faizi Erm\u0259nistanda kifay\u0259t q\u0259d\u0259r siyasi m\u0259hbusun oldu\u011funu bildirib. R\u0259yi soru\u015fulanlar\u0131n 20.1 faizi is\u0259 bu suala&hellip;<\/p>\n","protected":false},"author":2,"featured_media":682129,"comment_status":"closed","ping_status":"closed","sticky":false,"template":"","format":"standard","meta":{"om_disable_all_campaigns":false,"_monsterinsights_skip_tracking":false,"_monsterinsights_sitenote_active":false,"_monsterinsights_sitenote_note":"","_monsterinsights_sitenote_category":0},"categories":[4],"tags":[],"aioseo_notices":[],"gutentor_comment":0,"rttpg_featured_image_url":{"full":["https:\/\/arantv.az\/wp-content\/uploads\/2024\/01\/FotoJet-6-9.jpg",620,413,false],"landscape":["https:\/\/arantv.az\/wp-content\/uploads\/2024\/01\/FotoJet-6-9.jpg",620,413,false],"portraits":["https:\/\/arantv.az\/wp-content\/uploads\/2024\/01\/FotoJet-6-9.jpg",620,413,false],"thumbnail":["https:\/\/arantv.az\/wp-content\/uploads\/2024\/01\/FotoJet-6-9-500x280.jpg",500,280,true],"medium":["https:\/\/arantv.az\/wp-content\/uploads\/2024\/01\/FotoJet-6-9-548x365.jpg",548,365,true],"large":["https:\/\/arantv.az\/wp-content\/uploads\/2024\/01\/FotoJet-6-9.jpg",620,413,false],"1536x1536":["https:\/\/arantv.az\/wp-content\/uploads\/2024\/01\/FotoJet-6-9.jpg",620,413,false],"2048x2048":["https:\/\/arantv.az\/wp-content\/uploads\/2024\/01\/FotoJet-6-9.jpg",620,413,false],"post-thumbnail":["https:\/\/arantv.az\/wp-content\/uploads\/2024\/01\/FotoJet-6-9-240x172.jpg",240,172,true],"advps-thumb-one":["https:\/\/arantv.az\/wp-content\/uploads\/2024\/01\/FotoJet-6-9.jpg",620,413,false]},"rttpg_author":{"display_name":"V\u00fcsal Rafiqo\u011flu","author_link":"https:\/\/arantv.az\/?author=2"},"rttpg_comment":0,"rttpg_category":"<a href=\"https:\/\/arantv.az\/?cat=4\" rel=\"category\">Siyas\u0259t<\/a>","rttpg_excerpt":"Hesablamalara v\u0259 hesabatlara g\u00f6r\u0259, bu g\u00fcn Erm\u0259nistanda saxta v\u0259 uydurma ittihamlarla 50-d\u0259n \u00e7ox \u015f\u0259xs siyasi m\u0259hbus kimi h\u0259bsxanalarda yat\u0131r. Ba\u015f nazir Nikol Pa\u015finyan siyasi g\u00fcc\u00fcnd\u0259n, \u00e7\u0259kisind\u0259n qorxdu\u011fu, hakimiyy\u0259tin\u0259 qar\u015f\u0131 t\u0259hl\u00fck\u0259 sayd\u0131\u011f\u0131 \u015f\u0259xsl\u0259ri m\u00fcxt\u0259lif b\u0259han\u0259l\u0259rl\u0259 h\u0259bs\u0259 g\u00f6nd\u0259rir. Son d\u00f6vrl\u0259rd\u0259 h\u0259tta sosial \u015f\u0259b\u0259k\u0259l\u0259rd\u0259 hakim partiyan\u0131 t\u0259nqid ed\u0259n \u015f\u0259xsl\u0259rin d\u0259 t\u0259qib edildiyi m\u0259lumdur. Erm\u0259ni m\u00fcxalif\u0259ti etiraf edir ki,&hellip;","_links":{"self":[{"href":"https:\/\/arantv.az\/index.php?rest_route=\/wp\/v2\/posts\/682128"}],"collection":[{"href":"https:\/\/arantv.az\/index.php?rest_route=\/wp\/v2\/posts"}],"about":[{"href":"https:\/\/arantv.az\/index.php?rest_route=\/wp\/v2\/types\/post"}],"author":[{"embeddable":true,"href":"https:\/\/arantv.az\/index.php?rest_route=\/wp\/v2\/users\/2"}],"replies":[{"embeddable":true,"href":"https:\/\/arantv.az\/index.php?rest_route=%2Fwp%2Fv2%2Fcomments&post=682128"}],"version-history":[{"count":0,"href":"https:\/\/arantv.az\/index.php?rest_route=\/wp\/v2\/posts\/682128\/revisions"}],"wp:featuredmedia":[{"embeddable":true,"href":"https:\/\/arantv.az\/index.php?rest_route=\/wp\/v2\/media\/682129"}],"wp:attachment":[{"href":"https:\/\/arantv.az\/index.php?rest_route=%2Fwp%2Fv2%2Fmedia&parent=682128"}],"wp:term":[{"taxonomy":"category","embeddable":true,"href":"https:\/\/arantv.az\/index.php?rest_route=%2Fwp%2Fv2%2Fcategories&post=682128"},{"taxonomy":"post_tag","embeddable":true,"href":"https:\/\/arantv.az\/index.php?rest_route=%2Fwp%2Fv2%2Ftags&post=682128"}],"curies":[{"name":"wp","href":"https:\/\/api.w.org\/{rel}","templated":true}]}}