{"id":682140,"date":"2024-01-21T11:21:20","date_gmt":"2024-01-21T07:21:20","guid":{"rendered":"https:\/\/arantv.az\/?p=682140"},"modified":"2024-01-21T11:21:20","modified_gmt":"2024-01-21T07:21:20","slug":"nazirlik-cinay%c9%99t-tor%c9%99tmis-14-n%c9%99f%c9%99r-ot%c9%99n-il-olk%c9%99miz%c9%99-ekstradisiya-olunub","status":"publish","type":"post","link":"https:\/\/arantv.az\/?p=682140","title":{"rendered":"Nazirlik: Cinay\u0259t t\u00f6r\u0259tmi\u015f 14 n\u0259f\u0259r \u00f6t\u0259n il \u00f6lk\u0259miz\u0259 ekstradisiya olunub"},"content":{"rendered":"<p>\u00d6lk\u0259mizd\u0259 sabitliyin v\u0259 t\u0259hl\u00fck\u0259sizliyin m\u00f6hk\u0259ml\u0259ndirilm\u0259si, cinay\u0259tkarl\u0131qla m\u00fcbariz\u0259nin g\u00fccl\u0259ndirilm\u0259si, \u015f\u0259xsi m\u00fclkiyy\u0259tin qorunmas\u0131 \u00fczr\u0259 \u00f6n\u0259mli t\u0259dbirl\u0259r g\u00f6r\u00fcl\u00fcr. T\u0259kc\u0259 2023-c\u00fc il \u0259rzind\u0259 14 n\u0259f\u0259r B\u00f6y\u00fck Britaniyadan, Almaniyadan, Pol\u015fadan, Belarusdan, Moldovadan, habel\u0259 tranzit \u00fc\u00e7\u00fcn Avropa \u00f6lk\u0259l\u0259rind\u0259n raz\u0131l\u0131q \u0259ld\u0259 edil\u0259r\u0259k\u00a0Ukraynadan \u00f6lk\u0259miz\u0259 ekstradisiya olunub.<\/p>\n<p>Bu bar\u0259d\u0259 \u018fdliyy\u0259 Nazirliyi M\u0259tbuat xidm\u0259ti m\u0259lumat yay\u0131b.<\/p>\n<p>Qeyd edilir ki, bu sah\u0259d\u0259 beyn\u0259lxalq \u0259m\u0259kda\u015fl\u0131\u011fa m\u00fch\u00fcm \u0259h\u0259miyy\u0259t veril\u0259r\u0259k \u018fdliyy\u0259 Nazirliyi t\u0259r\u0259find\u0259n m\u00fcxt\u0259lif \u00f6lk\u0259l\u0259rl\u0259 ikit\u0259r\u0259fli m\u00fcqavil\u0259l\u0259r v\u0259 \u00e7oxt\u0259r\u0259fli konvensiyalar \u00fczr\u0259 cinay\u0259t t\u00f6r\u0259tmi\u015f \u015f\u0259xsl\u0259rin t\u0259slim edilm\u0259si (ekstradisiya) sah\u0259sind\u0259 s\u0259m\u0259r\u0259li qar\u015f\u0131l\u0131ql\u0131 f\u0259aliyy\u0259t h\u0259yata ke\u00e7irilir, eyni zamanda m\u00fcvafiq m\u00fcqavil\u0259 olmad\u0131\u011f\u0131 t\u0259qdird\u0259 qar\u015f\u0131l\u0131ql\u0131q prinsipin\u0259 \u0259sas\u0259n t\u0259dbirl\u0259r g\u00f6r\u00fcl\u00fcr.<\/p>\n<p>H\u0259m\u00e7inin paytaxtda v\u0259 b\u00f6lg\u0259l\u0259rd\u0259 beyn\u0259lxalq standartlara uy\u011fun yeni penitensiar kompleksl\u0259r in\u015fa olunur. \u018fn yenisi is\u0259 yanvar\u0131n 16-da L\u0259nk\u0259randa istifad\u0259y\u0259 verilib v\u0259 d\u00f6vl\u0259t ba\u015f\u00e7\u0131s\u0131 penitensiar kompleksd\u0259 yarad\u0131lm\u0131\u015f m\u00fcasir \u015f\u0259raitl\u0259 tan\u0131\u015f olub. M\u0259hkumlar\u0131n v\u0259 t\u0259qsirl\u0259ndiril\u0259n \u015f\u0259xsl\u0259rin h\u00fcquqlar\u0131n\u0131n qorunmas\u0131na, onlar\u0131n saxlanma \u015f\u0259raitinin m\u00fcasirl\u0259\u015fdirilm\u0259sin\u0259 xidm\u0259t ed\u0259n bu t\u0259dbirl\u0259rin n\u0259tic\u0259sidir ki, \u00f6lk\u0259miz\u0259 m\u00fcnasib\u0259td\u0259 ekstradisiya il\u0259 ba\u011fl\u0131 m\u00fcsb\u0259t q\u0259rarlar q\u0259bul edilir v\u0259 bununla c\u0259zan\u0131n lab\u00fcdl\u00fcy\u00fc prinsipi t\u0259min edilir.<\/p>\n","protected":false},"excerpt":{"rendered":"<p>\u00d6lk\u0259mizd\u0259 sabitliyin v\u0259 t\u0259hl\u00fck\u0259sizliyin m\u00f6hk\u0259ml\u0259ndirilm\u0259si, cinay\u0259tkarl\u0131qla m\u00fcbariz\u0259nin g\u00fccl\u0259ndirilm\u0259si, \u015f\u0259xsi m\u00fclkiyy\u0259tin qorunmas\u0131 \u00fczr\u0259 \u00f6n\u0259mli t\u0259dbirl\u0259r g\u00f6r\u00fcl\u00fcr. T\u0259kc\u0259 2023-c\u00fc il \u0259rzind\u0259 14 n\u0259f\u0259r B\u00f6y\u00fck Britaniyadan, Almaniyadan, Pol\u015fadan, Belarusdan, Moldovadan, habel\u0259 tranzit \u00fc\u00e7\u00fcn Avropa \u00f6lk\u0259l\u0259rind\u0259n raz\u0131l\u0131q \u0259ld\u0259 edil\u0259r\u0259k\u00a0Ukraynadan \u00f6lk\u0259miz\u0259 ekstradisiya olunub. Bu bar\u0259d\u0259 \u018fdliyy\u0259 Nazirliyi M\u0259tbuat xidm\u0259ti m\u0259lumat yay\u0131b. Qeyd edilir ki, bu sah\u0259d\u0259 beyn\u0259lxalq \u0259m\u0259kda\u015fl\u0131\u011fa m\u00fch\u00fcm \u0259h\u0259miyy\u0259t veril\u0259r\u0259k \u018fdliyy\u0259 Nazirliyi t\u0259r\u0259find\u0259n m\u00fcxt\u0259lif \u00f6lk\u0259l\u0259rl\u0259 ikit\u0259r\u0259fli m\u00fcqavil\u0259l\u0259r v\u0259 \u00e7oxt\u0259r\u0259fli konvensiyalar \u00fczr\u0259 cinay\u0259t t\u00f6r\u0259tmi\u015f \u015f\u0259xsl\u0259rin t\u0259slim edilm\u0259si (ekstradisiya) sah\u0259sind\u0259 s\u0259m\u0259r\u0259li qar\u015f\u0131l\u0131ql\u0131 f\u0259aliyy\u0259t h\u0259yata ke\u00e7irilir, eyni zamanda m\u00fcvafiq m\u00fcqavil\u0259 olmad\u0131\u011f\u0131 t\u0259qdird\u0259 qar\u015f\u0131l\u0131ql\u0131q prinsipin\u0259 \u0259sas\u0259n t\u0259dbirl\u0259r g\u00f6r\u00fcl\u00fcr.&hellip;<\/p>\n","protected":false},"author":2,"featured_media":682141,"comment_status":"closed","ping_status":"closed","sticky":false,"template":"","format":"standard","meta":{"om_disable_all_campaigns":false,"_monsterinsights_skip_tracking":false,"_monsterinsights_sitenote_active":false,"_monsterinsights_sitenote_note":"","_monsterinsights_sitenote_category":0},"categories":[1],"tags":[],"aioseo_notices":[],"gutentor_comment":0,"rttpg_featured_image_url":{"full":["https:\/\/arantv.az\/wp-content\/uploads\/2024\/01\/244bbc71-15d2-33b6-b3fa-9fd718badd2e_850.jpg",620,413,false],"landscape":["https:\/\/arantv.az\/wp-content\/uploads\/2024\/01\/244bbc71-15d2-33b6-b3fa-9fd718badd2e_850.jpg",620,413,false],"portraits":["https:\/\/arantv.az\/wp-content\/uploads\/2024\/01\/244bbc71-15d2-33b6-b3fa-9fd718badd2e_850.jpg",620,413,false],"thumbnail":["https:\/\/arantv.az\/wp-content\/uploads\/2024\/01\/244bbc71-15d2-33b6-b3fa-9fd718badd2e_850-500x280.jpg",500,280,true],"medium":["https:\/\/arantv.az\/wp-content\/uploads\/2024\/01\/244bbc71-15d2-33b6-b3fa-9fd718badd2e_850-548x365.jpg",548,365,true],"large":["https:\/\/arantv.az\/wp-content\/uploads\/2024\/01\/244bbc71-15d2-33b6-b3fa-9fd718badd2e_850.jpg",620,413,false],"1536x1536":["https:\/\/arantv.az\/wp-content\/uploads\/2024\/01\/244bbc71-15d2-33b6-b3fa-9fd718badd2e_850.jpg",620,413,false],"2048x2048":["https:\/\/arantv.az\/wp-content\/uploads\/2024\/01\/244bbc71-15d2-33b6-b3fa-9fd718badd2e_850.jpg",620,413,false],"post-thumbnail":["https:\/\/arantv.az\/wp-content\/uploads\/2024\/01\/244bbc71-15d2-33b6-b3fa-9fd718badd2e_850-240x172.jpg",240,172,true],"advps-thumb-one":["https:\/\/arantv.az\/wp-content\/uploads\/2024\/01\/244bbc71-15d2-33b6-b3fa-9fd718badd2e_850.jpg",620,413,false]},"rttpg_author":{"display_name":"V\u00fcsal Rafiqo\u011flu","author_link":"https:\/\/arantv.az\/?author=2"},"rttpg_comment":0,"rttpg_category":"<a href=\"https:\/\/arantv.az\/?cat=1\" rel=\"category\">C\u0259miyy\u0259t<\/a>","rttpg_excerpt":"\u00d6lk\u0259mizd\u0259 sabitliyin v\u0259 t\u0259hl\u00fck\u0259sizliyin m\u00f6hk\u0259ml\u0259ndirilm\u0259si, cinay\u0259tkarl\u0131qla m\u00fcbariz\u0259nin g\u00fccl\u0259ndirilm\u0259si, \u015f\u0259xsi m\u00fclkiyy\u0259tin qorunmas\u0131 \u00fczr\u0259 \u00f6n\u0259mli t\u0259dbirl\u0259r g\u00f6r\u00fcl\u00fcr. T\u0259kc\u0259 2023-c\u00fc il \u0259rzind\u0259 14 n\u0259f\u0259r B\u00f6y\u00fck Britaniyadan, Almaniyadan, Pol\u015fadan, Belarusdan, Moldovadan, habel\u0259 tranzit \u00fc\u00e7\u00fcn Avropa \u00f6lk\u0259l\u0259rind\u0259n raz\u0131l\u0131q \u0259ld\u0259 edil\u0259r\u0259k\u00a0Ukraynadan \u00f6lk\u0259miz\u0259 ekstradisiya olunub. Bu bar\u0259d\u0259 \u018fdliyy\u0259 Nazirliyi M\u0259tbuat xidm\u0259ti m\u0259lumat yay\u0131b. Qeyd edilir ki, bu sah\u0259d\u0259 beyn\u0259lxalq \u0259m\u0259kda\u015fl\u0131\u011fa m\u00fch\u00fcm \u0259h\u0259miyy\u0259t&hellip;","_links":{"self":[{"href":"https:\/\/arantv.az\/index.php?rest_route=\/wp\/v2\/posts\/682140"}],"collection":[{"href":"https:\/\/arantv.az\/index.php?rest_route=\/wp\/v2\/posts"}],"about":[{"href":"https:\/\/arantv.az\/index.php?rest_route=\/wp\/v2\/types\/post"}],"author":[{"embeddable":true,"href":"https:\/\/arantv.az\/index.php?rest_route=\/wp\/v2\/users\/2"}],"replies":[{"embeddable":true,"href":"https:\/\/arantv.az\/index.php?rest_route=%2Fwp%2Fv2%2Fcomments&post=682140"}],"version-history":[{"count":0,"href":"https:\/\/arantv.az\/index.php?rest_route=\/wp\/v2\/posts\/682140\/revisions"}],"wp:featuredmedia":[{"embeddable":true,"href":"https:\/\/arantv.az\/index.php?rest_route=\/wp\/v2\/media\/682141"}],"wp:attachment":[{"href":"https:\/\/arantv.az\/index.php?rest_route=%2Fwp%2Fv2%2Fmedia&parent=682140"}],"wp:term":[{"taxonomy":"category","embeddable":true,"href":"https:\/\/arantv.az\/index.php?rest_route=%2Fwp%2Fv2%2Fcategories&post=682140"},{"taxonomy":"post_tag","embeddable":true,"href":"https:\/\/arantv.az\/index.php?rest_route=%2Fwp%2Fv2%2Ftags&post=682140"}],"curies":[{"name":"wp","href":"https:\/\/api.w.org\/{rel}","templated":true}]}}