{"id":682151,"date":"2024-01-21T11:24:13","date_gmt":"2024-01-21T07:24:13","guid":{"rendered":"https:\/\/arantv.az\/?p=682151"},"modified":"2024-01-21T11:24:13","modified_gmt":"2024-01-21T07:24:13","slug":"20-yanvar-faci%c9%99sinin-p%c9%99rd%c9%99arxasi-video","status":"publish","type":"post","link":"https:\/\/arantv.az\/?p=682151","title":{"rendered":"20 Yanvar faci\u0259sinin p\u0259rd\u0259arxas\u0131 &#8211; V\u0130DEO"},"content":{"rendered":"<p>20 Yanvar faci\u0259sin\u0259 \u015fahidlik etmi\u015f fotoqraf Mirnaib H\u0259s\u0259no\u011flu Baku TV-y\u0259 dan\u0131\u015f\u0131b.<\/p>\n<p>O ill\u0259rd\u0259 fotoqraf kimi \u00e7al\u0131\u015fan M.H\u0259s\u0259no\u011flu h\u0259min g\u00fcnl\u0259ri bel\u0259 xat\u0131rlad\u0131\u011f\u0131n\u0131 deyir:<\/p>\n<p>\u201c\u0130ndiki Prezident Aparat\u0131n\u0131n qar\u015f\u0131s\u0131nda insanlar mitinq edir, \u015f\u00fcarlar s\u0259sl\u0259ndirirdil\u0259r. Gec\u0259 saat 11-\u0259 kimi h\u0259min meydanda oldum. Daha sonra ev\u0259 getdim. Saat 1-in yar\u0131s\u0131nda qon\u015fulardan biri g\u0259ldi ki, rus qo\u015funlar\u0131 art\u0131q \u015f\u0259h\u0259r\u0259 giribl\u0259r, at\u0259\u015f s\u0259sl\u0259ri e\u015fidilir. Hava yeni i\u015f\u0131qlanma\u011fa ba\u015flayanda g\u0259lib g\u00f6rd\u00fcm ki, divarlara \u201cfa\u015fist\u201d yaz\u0131l\u0131r, Mixail Qorba\u00e7ovun \u015f\u0259kli \u00e7\u0259kilir. Orada \u00e7a\u011f\u0131r\u0131\u015f etdil\u0259r ki, fotoqraf laz\u0131md\u0131r. M\u0259n iki n\u0259f\u0259rl\u0259 birlikd\u0259 \u201cSema\u015fko\u201dya t\u0259r\u0259f getdim\u201d.<\/p>\n<p>20 Yanvar h\u0259qiq\u0259tl\u0259rinin d\u00fcnyaya \u00e7atd\u0131r\u0131lmas\u0131ndan dan\u0131\u015fan fotoqraf h\u0259mkarlar\u0131n\u0131n bu i\u015fd\u0259 x\u00fcsusi rolu oldu\u011funu vur\u011fulay\u0131b:<\/p>\n<p>\u201cOleq Litvin t\u0259cili yard\u0131m g\u0259lib insanlar\u0131n meyitini g\u00f6t\u00fcrm\u0259mi\u015f h\u0259min fotolar\u0131 \u00e7\u0259kmi\u015fdi. H\u00fcseyn H\u00fcseynzad\u0259 v\u0259 F\u0259rid \u018f\u015fr\u0259fo\u011flu is\u0259 \u015f\u0259xsi avtomobill\u0259ri il\u0259 b\u00fct\u00fcn \u015f\u0259h\u0259ri g\u0259zib vurulan ma\u015f\u0131nlar\u0131, da\u011f\u0131lan yerl\u0259ri \u00e7\u0259kmi\u015fdi\u201d.<\/p>\n<p>Daha \u0259trafl\u0131 videos\u00fcjetd\u0259:<\/p>\n<div><iframe loading=\"lazy\" title=\"YouTube video player\" src=\"https:\/\/www.youtube.com\/embed\/O7FDOtypoXk?si=BF1LXoyoTPtkGMTn\" width=\"560\" height=\"315\" frameborder=\"0\" allowfullscreen=\"allowfullscreen\" data-mce-fragment=\"1\"><\/iframe><\/div>\n<p>&nbsp;<\/p>\n","protected":false},"excerpt":{"rendered":"<p>20 Yanvar faci\u0259sin\u0259 \u015fahidlik etmi\u015f fotoqraf Mirnaib H\u0259s\u0259no\u011flu Baku TV-y\u0259 dan\u0131\u015f\u0131b. O ill\u0259rd\u0259 fotoqraf kimi \u00e7al\u0131\u015fan M.H\u0259s\u0259no\u011flu h\u0259min g\u00fcnl\u0259ri bel\u0259 xat\u0131rlad\u0131\u011f\u0131n\u0131 deyir: \u201c\u0130ndiki Prezident Aparat\u0131n\u0131n qar\u015f\u0131s\u0131nda insanlar mitinq edir, \u015f\u00fcarlar s\u0259sl\u0259ndirirdil\u0259r. Gec\u0259 saat 11-\u0259 kimi h\u0259min meydanda oldum. Daha sonra ev\u0259 getdim. Saat 1-in yar\u0131s\u0131nda qon\u015fulardan biri g\u0259ldi ki, rus qo\u015funlar\u0131 art\u0131q \u015f\u0259h\u0259r\u0259 giribl\u0259r, at\u0259\u015f s\u0259sl\u0259ri e\u015fidilir. Hava yeni i\u015f\u0131qlanma\u011fa ba\u015flayanda g\u0259lib g\u00f6rd\u00fcm ki, divarlara \u201cfa\u015fist\u201d yaz\u0131l\u0131r, Mixail Qorba\u00e7ovun \u015f\u0259kli \u00e7\u0259kilir. Orada \u00e7a\u011f\u0131r\u0131\u015f etdil\u0259r ki, fotoqraf laz\u0131md\u0131r. M\u0259n iki n\u0259f\u0259rl\u0259 birlikd\u0259 \u201cSema\u015fko\u201dya t\u0259r\u0259f getdim\u201d. 20 Yanvar h\u0259qiq\u0259tl\u0259rinin d\u00fcnyaya \u00e7atd\u0131r\u0131lmas\u0131ndan dan\u0131\u015fan&hellip;<\/p>\n","protected":false},"author":2,"featured_media":682152,"comment_status":"closed","ping_status":"closed","sticky":false,"template":"","format":"standard","meta":{"om_disable_all_campaigns":false,"_monsterinsights_skip_tracking":false,"_monsterinsights_sitenote_active":false,"_monsterinsights_sitenote_note":"","_monsterinsights_sitenote_category":0},"categories":[1],"tags":[],"aioseo_notices":[],"gutentor_comment":0,"rttpg_featured_image_url":{"full":["https:\/\/arantv.az\/wp-content\/uploads\/2024\/01\/FotoJet-1-14.jpg",620,413,false],"landscape":["https:\/\/arantv.az\/wp-content\/uploads\/2024\/01\/FotoJet-1-14.jpg",620,413,false],"portraits":["https:\/\/arantv.az\/wp-content\/uploads\/2024\/01\/FotoJet-1-14.jpg",620,413,false],"thumbnail":["https:\/\/arantv.az\/wp-content\/uploads\/2024\/01\/FotoJet-1-14-500x280.jpg",500,280,true],"medium":["https:\/\/arantv.az\/wp-content\/uploads\/2024\/01\/FotoJet-1-14-548x365.jpg",548,365,true],"large":["https:\/\/arantv.az\/wp-content\/uploads\/2024\/01\/FotoJet-1-14.jpg",620,413,false],"1536x1536":["https:\/\/arantv.az\/wp-content\/uploads\/2024\/01\/FotoJet-1-14.jpg",620,413,false],"2048x2048":["https:\/\/arantv.az\/wp-content\/uploads\/2024\/01\/FotoJet-1-14.jpg",620,413,false],"post-thumbnail":["https:\/\/arantv.az\/wp-content\/uploads\/2024\/01\/FotoJet-1-14-240x172.jpg",240,172,true],"advps-thumb-one":["https:\/\/arantv.az\/wp-content\/uploads\/2024\/01\/FotoJet-1-14.jpg",620,413,false]},"rttpg_author":{"display_name":"V\u00fcsal Rafiqo\u011flu","author_link":"https:\/\/arantv.az\/?author=2"},"rttpg_comment":0,"rttpg_category":"<a href=\"https:\/\/arantv.az\/?cat=1\" rel=\"category\">C\u0259miyy\u0259t<\/a>","rttpg_excerpt":"20 Yanvar faci\u0259sin\u0259 \u015fahidlik etmi\u015f fotoqraf Mirnaib H\u0259s\u0259no\u011flu Baku TV-y\u0259 dan\u0131\u015f\u0131b. O ill\u0259rd\u0259 fotoqraf kimi \u00e7al\u0131\u015fan M.H\u0259s\u0259no\u011flu h\u0259min g\u00fcnl\u0259ri bel\u0259 xat\u0131rlad\u0131\u011f\u0131n\u0131 deyir: \u201c\u0130ndiki Prezident Aparat\u0131n\u0131n qar\u015f\u0131s\u0131nda insanlar mitinq edir, \u015f\u00fcarlar s\u0259sl\u0259ndirirdil\u0259r. Gec\u0259 saat 11-\u0259 kimi h\u0259min meydanda oldum. Daha sonra ev\u0259 getdim. Saat 1-in yar\u0131s\u0131nda qon\u015fulardan biri g\u0259ldi ki, rus qo\u015funlar\u0131 art\u0131q \u015f\u0259h\u0259r\u0259 giribl\u0259r, at\u0259\u015f&hellip;","_links":{"self":[{"href":"https:\/\/arantv.az\/index.php?rest_route=\/wp\/v2\/posts\/682151"}],"collection":[{"href":"https:\/\/arantv.az\/index.php?rest_route=\/wp\/v2\/posts"}],"about":[{"href":"https:\/\/arantv.az\/index.php?rest_route=\/wp\/v2\/types\/post"}],"author":[{"embeddable":true,"href":"https:\/\/arantv.az\/index.php?rest_route=\/wp\/v2\/users\/2"}],"replies":[{"embeddable":true,"href":"https:\/\/arantv.az\/index.php?rest_route=%2Fwp%2Fv2%2Fcomments&post=682151"}],"version-history":[{"count":0,"href":"https:\/\/arantv.az\/index.php?rest_route=\/wp\/v2\/posts\/682151\/revisions"}],"wp:featuredmedia":[{"embeddable":true,"href":"https:\/\/arantv.az\/index.php?rest_route=\/wp\/v2\/media\/682152"}],"wp:attachment":[{"href":"https:\/\/arantv.az\/index.php?rest_route=%2Fwp%2Fv2%2Fmedia&parent=682151"}],"wp:term":[{"taxonomy":"category","embeddable":true,"href":"https:\/\/arantv.az\/index.php?rest_route=%2Fwp%2Fv2%2Fcategories&post=682151"},{"taxonomy":"post_tag","embeddable":true,"href":"https:\/\/arantv.az\/index.php?rest_route=%2Fwp%2Fv2%2Ftags&post=682151"}],"curies":[{"name":"wp","href":"https:\/\/api.w.org\/{rel}","templated":true}]}}