{"id":682206,"date":"2024-01-21T14:55:41","date_gmt":"2024-01-21T10:55:41","guid":{"rendered":"https:\/\/arantv.az\/?p=682206"},"modified":"2024-01-21T14:55:41","modified_gmt":"2024-01-21T10:55:41","slug":"fransa-senatinin-komik-q%c9%99tnam%c9%99si-t%c9%99hlil-foto","status":"publish","type":"post","link":"https:\/\/arantv.az\/?p=682206","title":{"rendered":"Fransa Senat\u0131n\u0131n komik q\u0259tnam\u0259si &#8211; T\u018fHL\u0130L + FOTO"},"content":{"rendered":"<p>BMT T\u015e-nin be\u015f daimi \u00fczv\u00fcnd\u0259n biri &#8211; Fransan\u0131n d\u00fcnyadak\u0131 yeri v\u0259 n\u00fcfuzunun haz\u0131rk\u0131 durumu Quterre\u015fin tarixi etiraf\u0131n\u0131n \u0259yani s\u00fcbutudur. Bu \u00f6lk\u0259nin beyn\u0259lxalq h\u00fcquqa v\u0259 \u00f6z\u00fcn\u00fcn imza atd\u0131\u011f\u0131 s\u0259n\u0259dl\u0259r\u0259 qar\u015f\u0131 n\u00fcmayi\u015f etdirdiyi say\u011f\u0131s\u0131zl\u0131q onun d\u00fcnyadak\u0131 yerinin ba\u015fl\u0131ca g\u00f6st\u0259ricisidir.<\/p>\n<p>BMT-nin ba\u015f katibi Antonio Quterre\u015fin diqq\u0259t\u00e7\u0259k\u0259n etiraf\u0131 d\u00fcnyan\u0131n geosiyasi m\u00fcst\u0259visind\u0259ki ger\u00e7\u0259k m\u0259nz\u0259r\u0259y\u0259 verilmi\u015f obyektiv qiym\u0259t oldu: \u201cB\u0259zi \u00f6lk\u0259l\u0259rin siyasi prosesl\u0259r\u0259 t\u0259siri BMT T\u0259hl\u00fck\u0259sizlik \u015euras\u0131n\u0131n daimi \u00fczvl\u0259rinin malik olduqlar\u0131 h\u00f6rm\u0259td\u0259n daha \u00e7oxdur\u201d. Quterre\u015f ba\u015fa d\u00fc\u015f\u00fcb ki, \u201cT\u00fcrkiy\u0259, \u0130srail, \u0130ran kimi d\u00f6vl\u0259tl\u0259rin d\u00fcnyaya t\u0259sir imkanlar\u0131 AB\u015e, Fransa, B\u00f6y\u00fck Britaniya, \u00c7in v\u0259 Rusiyan\u0131n n\u00fcfuzunu \u00fcst\u0259l\u0259yir\u201d. BMT ba\u015f katibinin bu etiraf\u0131 reall\u0131\u011f\u0131 \u0259ks etdirir, ancaq n\u0259d\u0259n qaynaqland\u0131\u011f\u0131na dair izah\u0131 vermir: T\u015e-nin daimi \u00fczvl\u0259rinin h\u00f6rm\u0259td\u0259n d\u00fc\u015fm\u0259l\u0259rinin s\u0259b\u0259bi onlar\u0131n \u00f6zl\u0259ri v\u0259 t\u0259tbiq etdikl\u0259ri ikili standartlard\u0131r.<\/p>\n<p><a href=\"https:\/\/kaspi.az\/fransa-senatinin-komik-qetnamesi-t-hlil?fbclid=IwAR3Ca8orbxZgc6cWmkZzS_wgigaX1FKB3YplX9e91t3-R2uYfhxhQUlKux8\" target=\"_blank\" rel=\"noopener\"><strong>\u201cKaspi\u201d<\/strong><\/a>\u00a0q\u0259zetinin m\u00f6vzu il\u0259 ba\u011fl\u0131 m\u0259qal\u0259sini t\u0259qdim edirik:<\/p>\n<p><strong>H\u00f6rm\u0259td\u0259n d\u00fc\u015fm\u00fc\u015fl\u0259rd\u0259n biri<\/strong><\/p>\n<p>BMT T\u015e-nin be\u015f daimi \u00fczv\u00fcnd\u0259n biri &#8211; Fransan\u0131n d\u00fcnyadak\u0131 yeri v\u0259 n\u00fcfuzunun haz\u0131rk\u0131 durumu Quterre\u015fin tarixi etiraf\u0131n\u0131n \u0259yani s\u00fcbutudur. Bu \u00f6lk\u0259nin beyn\u0259lxalq h\u00fcquqa v\u0259 \u00f6z\u00fcn\u00fcn imza atd\u0131\u011f\u0131 s\u0259n\u0259dl\u0259r\u0259 qar\u015f\u0131 n\u00fcmayi\u015f etdirdiyi say\u011f\u0131s\u0131zl\u0131q onun d\u00fcnyadak\u0131 yerinin ba\u015fl\u0131ca g\u00f6st\u0259ricisidir. N\u00fcv\u0259 silah\u0131na malik bir d\u00f6vl\u0259tin Afrikan\u0131n inki\u015fafdan qalm\u0131\u015f xammal \u00f6lk\u0259l\u0259rind\u0259n s\u0131x\u0131\u015fd\u0131r\u0131l\u0131b biab\u0131rcas\u0131na qovulmas\u0131 onun ba\u015f\u0131nda duran r\u0259hb\u0259rliyinin sahib oldu\u011fu qeyri-ciddi imic v\u0259 reputasiyan\u0131n m\u0259ntiqi sonlu\u011fudur. Bel\u0259 g\u00f6r\u00fcn\u00fcr ki, Fransa haz\u0131rk\u0131 siyasi q\u00fcvv\u0259nin hakimiyy\u0259td\u0259 oldu\u011fu d\u00f6vrd\u0259 bu girdabdan qurtula, yenid\u0259n ciddilik imicini b\u0259rpa ed\u0259 bilm\u0259y\u0259c\u0259k. T\u0259\u0259ss\u00fcf ki, b\u00f6lg\u0259mizd\u0259n co\u011frafi uzaql\u0131\u011f\u0131na, Qafqazda he\u00e7 bir tarixi t\u0259sir \u0259n\u0259n\u0259sin\u0259 malik olmamas\u0131na baxmayaraq, Fransan\u0131n d\u00fc\u015fd\u00fcy\u00fc r\u0259zil v\u0259ziyy\u0259t bu v\u0259 ya dig\u0259r \u015f\u0259kild\u0259 \u00f6lk\u0259mizin g\u00fcnd\u0259mind\u0259 d\u0259 yer al\u0131r. S\u0259b\u0259b is\u0259 birdir: Parisin Az\u0259rbaycana qar\u015f\u0131 \u0259sass\u0131z v\u0259 m\u0259nas\u0131z q\u0259r\u0259zi.<\/p>\n<p><img src=\"https:\/\/cdn.oxu.az\/uploads\/W1siZiIsIjIwMjQvMDEvMjEvMDkvMzAvMDIvODU4YTkwZjgtYjg5Ni00MDZhLWJlMjItY2YxZTQxMTBkZGZkLzZmRExOd2RPM1hsa2I1Q0VWU0VvVTlmbWRGRnkxWjMzcXZmbG5TNzMuanBnIl0sWyJwIiwiZW5jb2RlIiwianBnIiwiLXF1YWxpdHkgODAiXSxbInAiLCJ0aHVtYiIsIjU5MHg1OTBcdTAwM2UiXV0?sha=478f67e35417b4ae\" alt=\"\" \/><\/p>\n<p><strong>M\u0259\u011flubiyy\u0259tin \u00e7\u0259tin h\u0259zmi<\/strong><\/p>\n<p>Ba\u015fa \u00e7atan h\u0259ft\u0259 Fransa Senat\u0131 Az\u0259rbaycana qar\u015f\u0131 n\u00f6vb\u0259ti, \u0259sas\u0131nda he\u00e7 bir h\u00fcquqi, tarixi v\u0259 reall\u0131\u011f\u0131 \u0259ks etdir\u0259n arqumentin olmad\u0131\u011f\u0131 m\u0259ntiqsiz v\u0259 kinli add\u0131m\u0131n\u0131 at\u0131b. Qanunverici orqan\u0131n yuxar\u0131 palatas\u0131 q\u0259bul etdiyi q\u0259tnam\u0259d\u0259 Az\u0259rbaycan\u0131n beyn\u0259lxalq birlik, o c\u00fcml\u0259d\u0259n Fransan\u0131n \u00f6z\u00fcn\u00fcn d\u0259 tan\u0131d\u0131\u011f\u0131 suveren \u0259razisind\u0259 h\u0259yata ke\u00e7irdiyi antiterror \u0259m\u0259liyyat\u0131n\u0131 pisl\u0259yir, eyni zamanda, \u0259razi b\u00fct\u00f6vl\u00fcy\u00fc prinsipini d\u0259st\u0259kl\u0259yir. Bizim deyil, Erm\u0259nistan\u0131n. Yaranm\u0131\u015f maraql\u0131 m\u0259nz\u0259r\u0259, y\u0259ni Erm\u0259nistan\u0131n \u00f6z\u00fcn\u00fcn Az\u0259rbaycan\u0131n \u0259razi b\u00fct\u00f6vl\u00fcy\u00fcn\u00fc tan\u0131mas\u0131 reall\u0131\u011f\u0131nda Fransan\u0131n erm\u0259nil\u0259r\u0259 g\u00f6r\u0259 bizim torpaq b\u00fct\u00fcnl\u00fcy\u00fcm\u00fcz\u00fc \u015f\u00fcbh\u0259 alt\u0131na almas\u0131, bu komik q\u0259tnam\u0259nin ger\u00e7\u0259k mahiyy\u0259tini a\u00e7\u0131r. Y\u0259ni\u00a0Fransa Senat\u0131nda t\u0259msil olunan qanunvericil\u0259r bu q\u0259d\u0259rmi savads\u0131z, m\u0259lumats\u0131z v\u0259 qeyri-ciddidirl\u0259r? G\u00fcman ki, yox. Bu, sad\u0259c\u0259 olaraq h\u0259m 44 g\u00fcnl\u00fck m\u00fcharib\u0259d\u0259, h\u0259m d\u0259 sonrak\u0131 \u00fc\u00e7 il \u0259rzind\u0259 geosiyasi m\u00fcbariz\u0259d\u0259 Erm\u0259nistanla birlikd\u0259 Fransan\u0131n da Az\u0259rbaycana ac\u0131nacaql\u0131 m\u0259\u011flubiyy\u0259tinin etiraf\u0131 v\u0259 h\u0259zm edil\u0259 bilinm\u0259m\u0259sinin s\u00fcbutudur. Nec\u0259 y\u0259ni? Beyn\u0259lxalq h\u00fcquq v\u0259 prinsipl\u0259ri tapdala, tarixi inkar et, ger\u00e7\u0259kliyi n\u0259z\u0259r\u0259 alma, h\u0259tta co\u011frafiyaya bel\u0259 zidd get v\u0259 a\u011fl\u0131na g\u0259l\u0259n q\u0259rar\u0131 q\u0259bul et, n\u0259dir ki, erm\u0259nil\u0259ri sevirs\u0259n v\u0259 bizd\u0259n xo\u015fun g\u0259lmir? B\u00fct\u00fcn bunlardan sonra BMT-nin ba\u015f katibi nec\u0259 \u015fikay\u0259tl\u0259nm\u0259sin ki, T\u015e-nin \u00fczv\u00fc olan Fransa h\u00f6rm\u0259td\u0259n d\u00fc\u015f\u00fcb?<\/p>\n<p><img src=\"https:\/\/cdn.oxu.az\/uploads\/W1siZiIsIjIwMjQvMDEvMjEvMDkvMzAvMDIvNGM2YzM1N2ItYjIyOC00NDIwLWIyNmQtZmYwNmM0Yjc3ZDM3L2tDckh1ZHQyTTBmT0FLd0F1cjlWMkh1MEhUc0lCQ0Y0YThRbnlwcVcuanBnIl0sWyJwIiwiZW5jb2RlIiwianBnIiwiLXF1YWxpdHkgODAiXSxbInAiLCJ0aHVtYiIsIjU5MHg1OTBcdTAwM2UiXV0?sha=7e7d49210ad5e237\" alt=\"\" \/><\/p>\n<p><strong>S\u00fclh\u0259 n\u00f6vb\u0259ti t\u0259hdid<\/strong><\/p>\n<p>Fransa Senat\u0131n\u0131n son q\u0259tnam\u0259sinin Erm\u0259nistanla Az\u0259rbaycan aras\u0131nda imzalana bil\u0259c\u0259k yekun s\u00fclh s\u0259n\u0259din\u0259 qar\u015f\u0131 y\u00f6n\u0259ldiyi ayd\u0131nd\u0131r. Fransa son \u00fc\u00e7 ild\u0259 bunu ilk d\u0259f\u0259 deyil edir. \u015earl Mi\u015felin moderatorlu\u011fu il\u0259 Praqada ke\u00e7\u0259n g\u00f6r\u00fc\u015fd\u0259 Pa\u015finyan\u0131n Az\u0259rbaycan\u0131n \u0259razi b\u00fct\u00f6vl\u00fcy\u00fcn\u00fc tan\u0131mas\u0131ndan sonra Makronun verdiyi q\u0259fil \u0259sass\u0131z b\u0259yanatlarla m\u00fcmk\u00fcn s\u00fclh\u00fcn qar\u015f\u0131s\u0131n\u0131 almas\u0131ndan \u00e7ox zaman \u00f6tm\u0259yib. Paris s\u0131n\u0131q-salxaq h\u0259rbi texnikas\u0131n\u0131 Erm\u0259nistana g\u00f6nd\u0259rm\u0259kl\u0259 a\u00e7\u0131q \u015f\u0259kild\u0259 n\u00fcmayi\u015f etdirir ki, b\u00f6lg\u0259d\u0259 yekun s\u00fclh\u00fcn b\u0259rq\u0259rar olmas\u0131nda n\u0259inki maraql\u0131 deyil, \u00fcst\u0259lik, h\u0259r vasit\u0259 il\u0259 onun qar\u015f\u0131s\u0131n\u0131 alma\u011fa \u00e7al\u0131\u015facaq.<\/p>\n<p>Fransan\u0131n erm\u0259ni inad\u0131n\u0131n \u0259sas\u0131nda Parisin \u00f6z\u00fcn\u00fc zorla b\u00f6lg\u0259y\u0259 p\u0259r\u00e7iml\u0259m\u0259k niyy\u0259ti durur. Bunun Parisd\u0259kil\u0259rin a\u011f\u0131llar\u0131na g\u0259l\u0259n \u0259n rahat v\u0259 g\u00f6r\u00fcn\u00fcr, onlar \u00fc\u00e7\u00fcn m\u0259qbul yolu Az\u0259rbaycana qar\u015f\u0131 q\u0259r\u0259zli m\u00f6vqe tutmaqla, guya erm\u0259nil\u0259rin q\u0259lbin\u0259 girm\u0259kdir. Ancaq, nec\u0259 dey\u0259rl\u0259r, m\u0259h\u0259bb\u0259t \u00f6z yerind\u0259, m\u0259d\u0259 is\u0259 bo\u015fdur. Fransan\u0131n Qafqaza girm\u0259si \u00fc\u00e7\u00fcn buradan kimins\u0259 \u00e7\u0131xmas\u0131 laz\u0131md\u0131r. S\u00f6hb\u0259t Erm\u0259nistandan gedirs\u0259, dem\u0259li, s\u0131x\u0131\u015fd\u0131r\u0131lan Rusiyad\u0131r. Senat\u0131n q\u0259bul etdiyi m\u0259nas\u0131z v\u0259 g\u00fcl\u00fcnc q\u0259tnam\u0259l\u0259ri t\u0259r\u0259zinin bir, Erm\u0259nistan\u0131n Rusiya il\u0259 m\u00f6vcud ticar\u0259t d\u00f6vriyy\u0259sini is\u0259 ikinci g\u00f6z\u00fcn\u0259 qoysaq, hans\u0131 a\u011f\u0131r g\u0259l\u0259r? Cavab verm\u0259y\u0259 ehtiyac yoxdur &#8211; son \u00fc\u00e7 ild\u0259 Parisl\u0259 \u0130r\u0259van aras\u0131ndak\u0131 iqtisadi \u0259laq\u0259l\u0259rin Rusiyan\u0131n b\u00f6lg\u0259d\u0259ki n\u00fcfuzuna t\u0259sir nisb\u0259tind\u0259n dan\u0131\u015fmaq g\u00fcl\u00fcnc olard\u0131. \u018fn az\u0131 ona g\u00f6r\u0259 ki, bu \u0259laq\u0259l\u0259rd\u0259 he\u00e7 bir \u0259h\u0259miyy\u0259tli art\u0131m n\u0259z\u0259r\u0259 \u00e7arpm\u0131r. Senat\u0131n son anti-Az\u0259rbaycan q\u0259tnam\u0259sind\u0259ki \u201carqument\u201dl\u0259rin t\u0259b\u0259ss\u00fcm do\u011furmas\u0131n\u0131n s\u0259b\u0259bi d\u0259 el\u0259 budur. M\u0259\u011flubiyy\u0259tin h\u0259zm prosesinin \u00e7\u0259tinliyi v\u0259 yet\u0259rli d\u0259lill\u0259rin olmamas\u0131 Fransa qanunvericil\u0259rinin bel\u0259 komik v\u0259ziyy\u0259t\u0259 d\u00fc\u015fm\u0259l\u0259rinin ba\u015fl\u0131ca g\u00fcnahkar\u0131d\u0131r.<\/p>\n<p><strong>Erm\u0259nil\u0259rd\u0259n daha \u00e7ox erm\u0259ni olan frans\u0131zlar<\/strong><\/p>\n<p>Frans\u0131zlar\u0131n erm\u0259nil\u0259rd\u0259n daha \u00e7ox erm\u0259ni g\u00f6r\u00fcnm\u0259k ist\u0259kl\u0259ri \u0259ndaz\u0259ni o q\u0259d\u0259r a\u015f\u0131b ki, h\u0259qiq\u0259t\u0259n d\u0259 erm\u0259nil\u0259r kimi d\u00fc\u015f\u00fcnm\u0259y\u0259 ba\u015flay\u0131blar. Senat\u0131n q\u0259bul etdiyi s\u0259n\u0259dl\u0259rin m\u00fc\u0259llifl\u0259ri erm\u0259nil\u0259r olmasa da, istisna deyil ki, erm\u0259nil\u0259\u015fmi\u015f frans\u0131zlard\u0131r. Q\u0259tnam\u0259y\u0259 g\u00f6zucu n\u0259z\u0259r yetirm\u0259k bu q\u0259na\u0259t\u0259 g\u0259lm\u0259k \u00fc\u00e7\u00fcn kifay\u0259tdir. Fransal\u0131 qanunvericil\u0259r orta statistik erm\u0259ni kimi d\u00fc\u015f\u00fcnm\u0259y\u0259, saxta statistikaya, tarixi \u015fi\u015firtm\u0259 v\u0259 feti\u015f\u0259 alud\u0259 olma\u011fa ba\u015flay\u0131blar:<\/p>\n<p>&#8211; Fransa sentyabr\u0131n 19-20-d\u0259 Az\u0259rbaycan\u0131n \u201cArtsax\u201dda h\u0259yata ke\u00e7irdiyi \u201caqressiya\u201dn\u0131 pisl\u0259yir;<\/p>\n<p>&#8211; Fransa Az\u0259rbaycan\u0131 erm\u0259nil\u0259rin qay\u0131tmaq h\u00fcquqlar\u0131na, onlar\u0131n t\u0259hl\u00fck\u0259sizliyi v\u0259 rifahlar\u0131na t\u0259minat verm\u0259y\u0259 \u00e7a\u011f\u0131r\u0131r;<\/p>\n<p>&#8211; \u201cDa\u011fl\u0131q Qaraba\u011f\u201d\u0131n \u201csiyasi liderl\u0259ri\u201dnin h\u0259bsini pisl\u0259yir;<\/p>\n<p>&#8211; Dini v\u0259 m\u0259d\u0259ni irsin v\u0259ziyy\u0259tinin yoxlan\u0131lmas\u0131 \u00fc\u00e7\u00fcn UNESCO-nun regiona s\u0259f\u0259r etm\u0259sini vacib say\u0131r;<\/p>\n<p>&#8211; V\u0259 \u0259n g\u00fclm\u0259lisi: Fransa Az\u0259rbaycan neft v\u0259 qaz\u0131n\u0131n Avropaya ixrac\u0131na embarqo t\u0259tbiq edilm\u0259sini ist\u0259yir.<\/p>\n<p>Fransa Senat\u0131n\u0131n q\u0259tnam\u0259sind\u0259n ir\u0259li g\u0259l\u0259n iddialar\u0131 cavabs\u0131z da buraxmaq olar, ancaq h\u0259r halda:<\/p>\n<p>&#8211; \u201cArtsax\u201d harad\u0131r v\u0259 hans\u0131sa x\u0259rit\u0259d\u0259, beyn\u0259lxalq s\u0259n\u0259dd\u0259 \u0259ks olunubmu, onu Erm\u0259nistan\u0131n \u00f6z\u00fc d\u0259 daxil olmaqla kims\u0259 tan\u0131y\u0131bm\u0131?<\/p>\n<p>&#8211; Fransa erm\u0259nil\u0259rin hans\u0131 qay\u0131tmaq h\u00fcququndan, bu h\u00fcquqa \u201cverilm\u0259li\u201d olan z\u0259man\u0259td\u0259n dan\u0131\u015f\u0131r ki, Az\u0259rbaycan Prezidenti h\u0259l\u0259 k\u00f6n\u00fcll\u00fc k\u00f6\u00e7d\u0259n \u0259vv\u0259l d\u0259f\u0259l\u0259rl\u0259 bu t\u0259minat\u0131 s\u0259sl\u0259ndirib? Qaraba\u011fdan ged\u0259n erm\u0259nil\u0259rin \u00f6zl\u0259ri etiraf edirl\u0259r ki, onlara \u00f6z \u201cliderl\u0259ri\u201d t\u0259r\u0259find\u0259n z\u0259ng olub v\u0259 \u201cevl\u0259rinizi t\u0259rk edin\u201d g\u00f6st\u0259ri\u015fi verilib. Fransa b\u0259lk\u0259 bu t\u0259minat\u0131 ba\u015fqa \u00fcnvandan ist\u0259sin?<\/p>\n<p>&#8211; Separat\u00e7\u0131l\u0131q, terror, b\u00f6l\u00fcc\u00fcl\u00fck, soyq\u0131r\u0131m\u0131, q\u0259tll\u0259rl\u0259 h\u0259rbi-kriminal xuntan\u0131n ba\u015f\u0131na g\u0259lmi\u015f \u015f\u0259xsl\u0259r siyasi leksikonda n\u0259 vaxtdan \u201csiyasi liderl\u0259r\u201d hesab olunma\u011fa ba\u015flay\u0131blar?<\/p>\n<p>&#8211; Az\u0259rbaycan UNESCO-nu d\u0259f\u0259l\u0259rl\u0259 i\u015f\u011fal b\u00f6lg\u0259sin\u0259 d\u0259v\u0259t ed\u0259nd\u0259 senatorlar niy\u0259 susurdular?<\/p>\n<p>&#8211; Az\u0259rbaycan neft v\u0259 qaz\u0131na embarqo arzusunda olan fransal\u0131 senatorlar n\u0259d\u0259n X\u0259z\u0259r d\u0259nizind\u0259 enerji da\u015f\u0131y\u0131c\u0131lar\u0131n\u0131n hasilat\u0131 il\u0259 m\u0259\u015f\u011ful olan frans\u0131z neft-qaz n\u0259h\u0259ngini v\u0259t\u0259n\u0259 geri \u00e7a\u011f\u0131rm\u0131rlar?<\/p>\n<p>N\u0259 is\u0259. Komik Senat&#8230;<\/p>\n","protected":false},"excerpt":{"rendered":"<p>BMT T\u015e-nin be\u015f daimi \u00fczv\u00fcnd\u0259n biri &#8211; Fransan\u0131n d\u00fcnyadak\u0131 yeri v\u0259 n\u00fcfuzunun haz\u0131rk\u0131 durumu Quterre\u015fin tarixi etiraf\u0131n\u0131n \u0259yani s\u00fcbutudur. Bu \u00f6lk\u0259nin beyn\u0259lxalq h\u00fcquqa v\u0259 \u00f6z\u00fcn\u00fcn imza atd\u0131\u011f\u0131 s\u0259n\u0259dl\u0259r\u0259 qar\u015f\u0131 n\u00fcmayi\u015f etdirdiyi say\u011f\u0131s\u0131zl\u0131q onun d\u00fcnyadak\u0131 yerinin ba\u015fl\u0131ca g\u00f6st\u0259ricisidir. BMT-nin ba\u015f katibi Antonio Quterre\u015fin diqq\u0259t\u00e7\u0259k\u0259n etiraf\u0131 d\u00fcnyan\u0131n geosiyasi m\u00fcst\u0259visind\u0259ki ger\u00e7\u0259k m\u0259nz\u0259r\u0259y\u0259 verilmi\u015f obyektiv qiym\u0259t oldu: \u201cB\u0259zi \u00f6lk\u0259l\u0259rin siyasi prosesl\u0259r\u0259 t\u0259siri BMT T\u0259hl\u00fck\u0259sizlik \u015euras\u0131n\u0131n daimi \u00fczvl\u0259rinin malik olduqlar\u0131 h\u00f6rm\u0259td\u0259n daha \u00e7oxdur\u201d. Quterre\u015f ba\u015fa d\u00fc\u015f\u00fcb ki, \u201cT\u00fcrkiy\u0259, \u0130srail, \u0130ran kimi d\u00f6vl\u0259tl\u0259rin d\u00fcnyaya t\u0259sir imkanlar\u0131 AB\u015e, Fransa, B\u00f6y\u00fck Britaniya, \u00c7in v\u0259 Rusiyan\u0131n n\u00fcfuzunu \u00fcst\u0259l\u0259yir\u201d. BMT&hellip;<\/p>\n","protected":false},"author":2,"featured_media":682207,"comment_status":"closed","ping_status":"closed","sticky":false,"template":"","format":"standard","meta":{"om_disable_all_campaigns":false,"_monsterinsights_skip_tracking":false,"_monsterinsights_sitenote_active":false,"_monsterinsights_sitenote_note":"","_monsterinsights_sitenote_category":0},"categories":[4],"tags":[],"aioseo_notices":[],"gutentor_comment":0,"rttpg_featured_image_url":{"full":["https:\/\/arantv.az\/wp-content\/uploads\/2024\/01\/urJzZWp42dFVYbYAEOOk62mmTJ7O1Pfve11iu7Kp.jpg",620,413,false],"landscape":["https:\/\/arantv.az\/wp-content\/uploads\/2024\/01\/urJzZWp42dFVYbYAEOOk62mmTJ7O1Pfve11iu7Kp.jpg",620,413,false],"portraits":["https:\/\/arantv.az\/wp-content\/uploads\/2024\/01\/urJzZWp42dFVYbYAEOOk62mmTJ7O1Pfve11iu7Kp.jpg",620,413,false],"thumbnail":["https:\/\/arantv.az\/wp-content\/uploads\/2024\/01\/urJzZWp42dFVYbYAEOOk62mmTJ7O1Pfve11iu7Kp-500x280.jpg",500,280,true],"medium":["https:\/\/arantv.az\/wp-content\/uploads\/2024\/01\/urJzZWp42dFVYbYAEOOk62mmTJ7O1Pfve11iu7Kp-548x365.jpg",548,365,true],"large":["https:\/\/arantv.az\/wp-content\/uploads\/2024\/01\/urJzZWp42dFVYbYAEOOk62mmTJ7O1Pfve11iu7Kp.jpg",620,413,false],"1536x1536":["https:\/\/arantv.az\/wp-content\/uploads\/2024\/01\/urJzZWp42dFVYbYAEOOk62mmTJ7O1Pfve11iu7Kp.jpg",620,413,false],"2048x2048":["https:\/\/arantv.az\/wp-content\/uploads\/2024\/01\/urJzZWp42dFVYbYAEOOk62mmTJ7O1Pfve11iu7Kp.jpg",620,413,false],"post-thumbnail":["https:\/\/arantv.az\/wp-content\/uploads\/2024\/01\/urJzZWp42dFVYbYAEOOk62mmTJ7O1Pfve11iu7Kp-240x172.jpg",240,172,true],"advps-thumb-one":["https:\/\/arantv.az\/wp-content\/uploads\/2024\/01\/urJzZWp42dFVYbYAEOOk62mmTJ7O1Pfve11iu7Kp.jpg",620,413,false]},"rttpg_author":{"display_name":"V\u00fcsal Rafiqo\u011flu","author_link":"https:\/\/arantv.az\/?author=2"},"rttpg_comment":0,"rttpg_category":"<a href=\"https:\/\/arantv.az\/?cat=4\" rel=\"category\">Siyas\u0259t<\/a>","rttpg_excerpt":"BMT T\u015e-nin be\u015f daimi \u00fczv\u00fcnd\u0259n biri &#8211; Fransan\u0131n d\u00fcnyadak\u0131 yeri v\u0259 n\u00fcfuzunun haz\u0131rk\u0131 durumu Quterre\u015fin tarixi etiraf\u0131n\u0131n \u0259yani s\u00fcbutudur. Bu \u00f6lk\u0259nin beyn\u0259lxalq h\u00fcquqa v\u0259 \u00f6z\u00fcn\u00fcn imza atd\u0131\u011f\u0131 s\u0259n\u0259dl\u0259r\u0259 qar\u015f\u0131 n\u00fcmayi\u015f etdirdiyi say\u011f\u0131s\u0131zl\u0131q onun d\u00fcnyadak\u0131 yerinin ba\u015fl\u0131ca g\u00f6st\u0259ricisidir. BMT-nin ba\u015f katibi Antonio Quterre\u015fin diqq\u0259t\u00e7\u0259k\u0259n etiraf\u0131 d\u00fcnyan\u0131n geosiyasi m\u00fcst\u0259visind\u0259ki ger\u00e7\u0259k m\u0259nz\u0259r\u0259y\u0259 verilmi\u015f obyektiv qiym\u0259t oldu: \u201cB\u0259zi \u00f6lk\u0259l\u0259rin&hellip;","_links":{"self":[{"href":"https:\/\/arantv.az\/index.php?rest_route=\/wp\/v2\/posts\/682206"}],"collection":[{"href":"https:\/\/arantv.az\/index.php?rest_route=\/wp\/v2\/posts"}],"about":[{"href":"https:\/\/arantv.az\/index.php?rest_route=\/wp\/v2\/types\/post"}],"author":[{"embeddable":true,"href":"https:\/\/arantv.az\/index.php?rest_route=\/wp\/v2\/users\/2"}],"replies":[{"embeddable":true,"href":"https:\/\/arantv.az\/index.php?rest_route=%2Fwp%2Fv2%2Fcomments&post=682206"}],"version-history":[{"count":0,"href":"https:\/\/arantv.az\/index.php?rest_route=\/wp\/v2\/posts\/682206\/revisions"}],"wp:featuredmedia":[{"embeddable":true,"href":"https:\/\/arantv.az\/index.php?rest_route=\/wp\/v2\/media\/682207"}],"wp:attachment":[{"href":"https:\/\/arantv.az\/index.php?rest_route=%2Fwp%2Fv2%2Fmedia&parent=682206"}],"wp:term":[{"taxonomy":"category","embeddable":true,"href":"https:\/\/arantv.az\/index.php?rest_route=%2Fwp%2Fv2%2Fcategories&post=682206"},{"taxonomy":"post_tag","embeddable":true,"href":"https:\/\/arantv.az\/index.php?rest_route=%2Fwp%2Fv2%2Ftags&post=682206"}],"curies":[{"name":"wp","href":"https:\/\/api.w.org\/{rel}","templated":true}]}}