{"id":682209,"date":"2024-01-21T14:56:41","date_gmt":"2024-01-21T10:56:41","guid":{"rendered":"https:\/\/arantv.az\/?p=682209"},"modified":"2024-01-21T14:56:41","modified_gmt":"2024-01-21T10:56:41","slug":"agdamda-mina-partlayib-x%c9%99sar%c9%99t-alan-var","status":"publish","type":"post","link":"https:\/\/arantv.az\/?p=682209","title":{"rendered":"A\u011fdamda mina partlay\u0131b, x\u0259sar\u0259t alan var"},"content":{"rendered":"<p>Yanvar\u0131n 21-d\u0259 saat 13:30 rad\u0259l\u0259rind\u0259 A\u011fdam rayonu \u0259razisind\u0259 mina partlay\u0131\u015f\u0131 il\u0259 ba\u011fl\u0131 polis\u0259 m\u0259lumat daxil olub.<\/p>\n<p>Bu bar\u0259d\u0259 Daxili \u0130\u015fl\u0259r Nazirliyinin M\u0259tbuat Xidm\u0259ti m\u0259lumat yay\u0131b.<\/p>\n<p>Bildirilib ki,\u00a0A\u011fcab\u0259di rayon sakini 1980-ci il t\u0259v\u0259ll\u00fcdl\u00fc Faiq S\u0259yyad o\u011flu Ab\u0131\u015fov\u00a0aya\u011f\u0131ndan x\u0259sar\u0259t al\u0131b. Faiq Ab\u0131\u015fov polis \u0259m\u0259kda\u015flar\u0131 t\u0259r\u0259find\u0259n\u00a0x\u0259st\u0259xanaya t\u0259xliy\u0259 edilib.<\/p>\n<p>Faktla ba\u011fl\u0131 ara\u015fd\u0131rma apar\u0131l\u0131r.<\/p>\n","protected":false},"excerpt":{"rendered":"<p>Yanvar\u0131n 21-d\u0259 saat 13:30 rad\u0259l\u0259rind\u0259 A\u011fdam rayonu \u0259razisind\u0259 mina partlay\u0131\u015f\u0131 il\u0259 ba\u011fl\u0131 polis\u0259 m\u0259lumat daxil olub. Bu bar\u0259d\u0259 Daxili \u0130\u015fl\u0259r Nazirliyinin M\u0259tbuat Xidm\u0259ti m\u0259lumat yay\u0131b. Bildirilib ki,\u00a0A\u011fcab\u0259di rayon sakini 1980-ci il t\u0259v\u0259ll\u00fcdl\u00fc Faiq S\u0259yyad o\u011flu Ab\u0131\u015fov\u00a0aya\u011f\u0131ndan x\u0259sar\u0259t al\u0131b. Faiq Ab\u0131\u015fov polis \u0259m\u0259kda\u015flar\u0131 t\u0259r\u0259find\u0259n\u00a0x\u0259st\u0259xanaya t\u0259xliy\u0259 edilib. Faktla ba\u011fl\u0131 ara\u015fd\u0131rma apar\u0131l\u0131r.<\/p>\n","protected":false},"author":2,"featured_media":348410,"comment_status":"closed","ping_status":"closed","sticky":false,"template":"","format":"standard","meta":{"om_disable_all_campaigns":false,"_monsterinsights_skip_tracking":false,"_monsterinsights_sitenote_active":false,"_monsterinsights_sitenote_note":"","_monsterinsights_sitenote_category":0},"categories":[5],"tags":[],"aioseo_notices":[],"gutentor_comment":0,"rttpg_featured_image_url":{"full":["https:\/\/arantv.az\/wp-content\/uploads\/2021\/06\/mina_0985.jpg",800,600,false],"landscape":["https:\/\/arantv.az\/wp-content\/uploads\/2021\/06\/mina_0985.jpg",800,600,false],"portraits":["https:\/\/arantv.az\/wp-content\/uploads\/2021\/06\/mina_0985.jpg",800,600,false],"thumbnail":["https:\/\/arantv.az\/wp-content\/uploads\/2021\/06\/mina_0985-500x280.jpg",500,280,true],"medium":["https:\/\/arantv.az\/wp-content\/uploads\/2021\/06\/mina_0985-487x365.jpg",487,365,true],"large":["https:\/\/arantv.az\/wp-content\/uploads\/2021\/06\/mina_0985.jpg",640,480,false],"1536x1536":["https:\/\/arantv.az\/wp-content\/uploads\/2021\/06\/mina_0985.jpg",800,600,false],"2048x2048":["https:\/\/arantv.az\/wp-content\/uploads\/2021\/06\/mina_0985.jpg",800,600,false],"post-thumbnail":["https:\/\/arantv.az\/wp-content\/uploads\/2021\/06\/mina_0985-240x172.jpg",240,172,true],"advps-thumb-one":["https:\/\/arantv.az\/wp-content\/uploads\/2021\/06\/mina_0985.jpg",800,600,false]},"rttpg_author":{"display_name":"V\u00fcsal Rafiqo\u011flu","author_link":"https:\/\/arantv.az\/?author=2"},"rttpg_comment":0,"rttpg_category":"<a href=\"https:\/\/arantv.az\/?cat=5\" rel=\"category\">Hadis\u0259<\/a>","rttpg_excerpt":"Yanvar\u0131n 21-d\u0259 saat 13:30 rad\u0259l\u0259rind\u0259 A\u011fdam rayonu \u0259razisind\u0259 mina partlay\u0131\u015f\u0131 il\u0259 ba\u011fl\u0131 polis\u0259 m\u0259lumat daxil olub. Bu bar\u0259d\u0259 Daxili \u0130\u015fl\u0259r Nazirliyinin M\u0259tbuat Xidm\u0259ti m\u0259lumat yay\u0131b. Bildirilib ki,\u00a0A\u011fcab\u0259di rayon sakini 1980-ci il t\u0259v\u0259ll\u00fcdl\u00fc Faiq S\u0259yyad o\u011flu Ab\u0131\u015fov\u00a0aya\u011f\u0131ndan x\u0259sar\u0259t al\u0131b. Faiq Ab\u0131\u015fov polis \u0259m\u0259kda\u015flar\u0131 t\u0259r\u0259find\u0259n\u00a0x\u0259st\u0259xanaya t\u0259xliy\u0259 edilib. Faktla ba\u011fl\u0131 ara\u015fd\u0131rma apar\u0131l\u0131r.","_links":{"self":[{"href":"https:\/\/arantv.az\/index.php?rest_route=\/wp\/v2\/posts\/682209"}],"collection":[{"href":"https:\/\/arantv.az\/index.php?rest_route=\/wp\/v2\/posts"}],"about":[{"href":"https:\/\/arantv.az\/index.php?rest_route=\/wp\/v2\/types\/post"}],"author":[{"embeddable":true,"href":"https:\/\/arantv.az\/index.php?rest_route=\/wp\/v2\/users\/2"}],"replies":[{"embeddable":true,"href":"https:\/\/arantv.az\/index.php?rest_route=%2Fwp%2Fv2%2Fcomments&post=682209"}],"version-history":[{"count":0,"href":"https:\/\/arantv.az\/index.php?rest_route=\/wp\/v2\/posts\/682209\/revisions"}],"wp:featuredmedia":[{"embeddable":true,"href":"https:\/\/arantv.az\/index.php?rest_route=\/wp\/v2\/media\/348410"}],"wp:attachment":[{"href":"https:\/\/arantv.az\/index.php?rest_route=%2Fwp%2Fv2%2Fmedia&parent=682209"}],"wp:term":[{"taxonomy":"category","embeddable":true,"href":"https:\/\/arantv.az\/index.php?rest_route=%2Fwp%2Fv2%2Fcategories&post=682209"},{"taxonomy":"post_tag","embeddable":true,"href":"https:\/\/arantv.az\/index.php?rest_route=%2Fwp%2Fv2%2Ftags&post=682209"}],"curies":[{"name":"wp","href":"https:\/\/api.w.org\/{rel}","templated":true}]}}