{"id":682251,"date":"2024-01-21T20:37:13","date_gmt":"2024-01-21T16:37:13","guid":{"rendered":"https:\/\/arantv.az\/?p=682251"},"modified":"2024-01-21T20:37:13","modified_gmt":"2024-01-21T16:37:13","slug":"bil%c9%99suvar-sakinl%c9%99ri-iki-%c9%99d%c9%99d-ov-tuf%c9%99ngini-konullu-olaraq-polis%c9%99-t%c9%99hvil-veribl%c9%99r","status":"publish","type":"post","link":"https:\/\/arantv.az\/?p=682251","title":{"rendered":"Bil\u0259suvar sakinl\u0259ri iki \u0259d\u0259d ov t\u00fcf\u0259ngini k\u00f6n\u00fcll\u00fc olaraq polis\u0259 t\u0259hvil veribl\u0259r"},"content":{"rendered":"<p>Bil\u0259suvar Rayon Polis \u015e\u00f6b\u0259sinin \u0259m\u0259kda\u015flar\u0131 t\u0259r\u0259find\u0259n qanunsuz saxlan\u0131lan silah-sursat\u0131n a\u015fkar edil\u0259r\u0259k g\u00f6t\u00fcr\u00fclm\u0259si v\u0259 ya k\u00f6n\u00fcll\u00fc t\u0259hvil verilm\u0259si m\u0259qs\u0259dil\u0259 \u0259m\u0259liyyat-profilaktiki t\u0259dbirl\u0259r davam etdirilir.<\/p>\n<p>Bu bar\u0259d\u0259 Daxili \u0130\u015fl\u0259r Nazirliyinin M\u0259tbuat Xidm\u0259tinin L\u0259nk\u0259ran regional qrupu m\u0259lumat yay\u0131b.<\/p>\n<p>Bildirilib ki, ke\u00e7iril\u0259n n\u00f6vb\u0259ti profilaktiki t\u0259dbirl\u0259r n\u0259tic\u0259sind\u0259 rayon sakinl\u0259ri qanunsuz olaraq saxlad\u0131qlar\u0131 2 \u0259d\u0259d ov t\u00fcf\u0259ngini k\u00f6n\u00fcll\u00fc olaraq polis\u0259 t\u0259hvil veribl\u0259r.<\/p>\n<p>Bu istiqam\u0259td\u0259 t\u0259dbirl\u0259r davam etdirilir.<\/p>\n","protected":false},"excerpt":{"rendered":"<p>Bil\u0259suvar Rayon Polis \u015e\u00f6b\u0259sinin \u0259m\u0259kda\u015flar\u0131 t\u0259r\u0259find\u0259n qanunsuz saxlan\u0131lan silah-sursat\u0131n a\u015fkar edil\u0259r\u0259k g\u00f6t\u00fcr\u00fclm\u0259si v\u0259 ya k\u00f6n\u00fcll\u00fc t\u0259hvil verilm\u0259si m\u0259qs\u0259dil\u0259 \u0259m\u0259liyyat-profilaktiki t\u0259dbirl\u0259r davam etdirilir. Bu bar\u0259d\u0259 Daxili \u0130\u015fl\u0259r Nazirliyinin M\u0259tbuat Xidm\u0259tinin L\u0259nk\u0259ran regional qrupu m\u0259lumat yay\u0131b. Bildirilib ki, ke\u00e7iril\u0259n n\u00f6vb\u0259ti profilaktiki t\u0259dbirl\u0259r n\u0259tic\u0259sind\u0259 rayon sakinl\u0259ri qanunsuz olaraq saxlad\u0131qlar\u0131 2 \u0259d\u0259d ov t\u00fcf\u0259ngini k\u00f6n\u00fcll\u00fc olaraq polis\u0259 t\u0259hvil veribl\u0259r. Bu istiqam\u0259td\u0259 t\u0259dbirl\u0259r davam etdirilir.<\/p>\n","protected":false},"author":2,"featured_media":682252,"comment_status":"closed","ping_status":"closed","sticky":false,"template":"","format":"standard","meta":{"om_disable_all_campaigns":false,"_monsterinsights_skip_tracking":false,"_monsterinsights_sitenote_active":false,"_monsterinsights_sitenote_note":"","_monsterinsights_sitenote_category":0},"categories":[5],"tags":[],"aioseo_notices":[],"gutentor_comment":0,"rttpg_featured_image_url":{"full":["https:\/\/arantv.az\/wp-content\/uploads\/2024\/01\/751c4eb7-1585-4418-b4fa-03c5c78303eb.jpg",620,413,false],"landscape":["https:\/\/arantv.az\/wp-content\/uploads\/2024\/01\/751c4eb7-1585-4418-b4fa-03c5c78303eb.jpg",620,413,false],"portraits":["https:\/\/arantv.az\/wp-content\/uploads\/2024\/01\/751c4eb7-1585-4418-b4fa-03c5c78303eb.jpg",620,413,false],"thumbnail":["https:\/\/arantv.az\/wp-content\/uploads\/2024\/01\/751c4eb7-1585-4418-b4fa-03c5c78303eb-500x280.jpg",500,280,true],"medium":["https:\/\/arantv.az\/wp-content\/uploads\/2024\/01\/751c4eb7-1585-4418-b4fa-03c5c78303eb-548x365.jpg",548,365,true],"large":["https:\/\/arantv.az\/wp-content\/uploads\/2024\/01\/751c4eb7-1585-4418-b4fa-03c5c78303eb.jpg",620,413,false],"1536x1536":["https:\/\/arantv.az\/wp-content\/uploads\/2024\/01\/751c4eb7-1585-4418-b4fa-03c5c78303eb.jpg",620,413,false],"2048x2048":["https:\/\/arantv.az\/wp-content\/uploads\/2024\/01\/751c4eb7-1585-4418-b4fa-03c5c78303eb.jpg",620,413,false],"post-thumbnail":["https:\/\/arantv.az\/wp-content\/uploads\/2024\/01\/751c4eb7-1585-4418-b4fa-03c5c78303eb-240x172.jpg",240,172,true],"advps-thumb-one":["https:\/\/arantv.az\/wp-content\/uploads\/2024\/01\/751c4eb7-1585-4418-b4fa-03c5c78303eb.jpg",620,413,false]},"rttpg_author":{"display_name":"V\u00fcsal Rafiqo\u011flu","author_link":"https:\/\/arantv.az\/?author=2"},"rttpg_comment":0,"rttpg_category":"<a href=\"https:\/\/arantv.az\/?cat=5\" rel=\"category\">Hadis\u0259<\/a>","rttpg_excerpt":"Bil\u0259suvar Rayon Polis \u015e\u00f6b\u0259sinin \u0259m\u0259kda\u015flar\u0131 t\u0259r\u0259find\u0259n qanunsuz saxlan\u0131lan silah-sursat\u0131n a\u015fkar edil\u0259r\u0259k g\u00f6t\u00fcr\u00fclm\u0259si v\u0259 ya k\u00f6n\u00fcll\u00fc t\u0259hvil verilm\u0259si m\u0259qs\u0259dil\u0259 \u0259m\u0259liyyat-profilaktiki t\u0259dbirl\u0259r davam etdirilir. Bu bar\u0259d\u0259 Daxili \u0130\u015fl\u0259r Nazirliyinin M\u0259tbuat Xidm\u0259tinin L\u0259nk\u0259ran regional qrupu m\u0259lumat yay\u0131b. Bildirilib ki, ke\u00e7iril\u0259n n\u00f6vb\u0259ti profilaktiki t\u0259dbirl\u0259r n\u0259tic\u0259sind\u0259 rayon sakinl\u0259ri qanunsuz olaraq saxlad\u0131qlar\u0131 2 \u0259d\u0259d ov t\u00fcf\u0259ngini k\u00f6n\u00fcll\u00fc olaraq polis\u0259 t\u0259hvil veribl\u0259r.&hellip;","_links":{"self":[{"href":"https:\/\/arantv.az\/index.php?rest_route=\/wp\/v2\/posts\/682251"}],"collection":[{"href":"https:\/\/arantv.az\/index.php?rest_route=\/wp\/v2\/posts"}],"about":[{"href":"https:\/\/arantv.az\/index.php?rest_route=\/wp\/v2\/types\/post"}],"author":[{"embeddable":true,"href":"https:\/\/arantv.az\/index.php?rest_route=\/wp\/v2\/users\/2"}],"replies":[{"embeddable":true,"href":"https:\/\/arantv.az\/index.php?rest_route=%2Fwp%2Fv2%2Fcomments&post=682251"}],"version-history":[{"count":0,"href":"https:\/\/arantv.az\/index.php?rest_route=\/wp\/v2\/posts\/682251\/revisions"}],"wp:featuredmedia":[{"embeddable":true,"href":"https:\/\/arantv.az\/index.php?rest_route=\/wp\/v2\/media\/682252"}],"wp:attachment":[{"href":"https:\/\/arantv.az\/index.php?rest_route=%2Fwp%2Fv2%2Fmedia&parent=682251"}],"wp:term":[{"taxonomy":"category","embeddable":true,"href":"https:\/\/arantv.az\/index.php?rest_route=%2Fwp%2Fv2%2Fcategories&post=682251"},{"taxonomy":"post_tag","embeddable":true,"href":"https:\/\/arantv.az\/index.php?rest_route=%2Fwp%2Fv2%2Ftags&post=682251"}],"curies":[{"name":"wp","href":"https:\/\/api.w.org\/{rel}","templated":true}]}}